{"id":62501,"date":"2022-09-26T07:30:55","date_gmt":"2022-09-26T05:30:55","guid":{"rendered":"https:\/\/vosgesinfo.fr\/remiremontinfo\/2022\/09\/saint-maurice-y-a-141-ans-traces-de-charles-hubler\/"},"modified":"2022-09-26T07:30:55","modified_gmt":"2022-09-26T05:30:55","slug":"saint-maurice-y-a-141-ans-traces-de-charles-hubler","status":"publish","type":"post","link":"https:\/\/vosgesinfo.fr\/remiremontinfo\/2022\/09\/saint-maurice-y-a-141-ans-traces-de-charles-hubler\/","title":{"rendered":"Saint-Maurice : il y a 141 ans&#8230; sur les traces de Charles Hubler"},"content":{"rendered":"\n<h2><span style=\"font-size: 12pt;\"><strong><span style=\"color: #000000;\">Il y a un peu plus d\u2019une semaine,<\/span><span style=\"color: #000000;\"> Rigollet Thierry et Laplaze Pierre accueillaient \u00e0 Saint-Maurice-Sur- Moselle les descendants de Charles Hubler, pour un petit p\u00e8lerinage sur les traces de leur a\u00efeul. <\/span><span style=\"color: #000000;\">L\u2019occasion pour la mairie de revenir sur l\u2019histoire de ce personnage important de l\u2019histoire communale\u00a0: <\/span><\/strong><\/span><\/h2>\n<p><span style=\"color: #000000;\">Charles Hubler, n\u00e9 le 8 Mars 1843 \u00e0 Saint-Maurice-Sur-Moselle fut Maire de la commune de 1881 \u00e0 1907, soit 26 ann\u00e9es de mandat au service des Fremis. Il \u00e9tait le fils de M. Jean-Nicolas Hubler et de Mme Marie-Th\u00e9r\u00e8se Marchal. Son p\u00e8re \u00e9tait garde forestier et habitait dans la Maison Foresti\u00e8re du \u00ab\u00a0Plein des Loges\u00a0\u00bb au-dessus de la Vall\u00e9e des Charbonniers, aux abords de l\u2019ancienne route des Charbonniers. Il a \u00e9t\u00e9 retrouv\u00e9 mort \u00e0 l\u2019\u00e2ge de 36 ans dans le ruisseau de la goutte du Forges au-dessus la Maison Foresti\u00e8re du \u00ab\u00a0Plein des Loges\u00a0\u00bb.\u00a0<\/span><\/p>\n<p><span style=\"color: #000000;\">Pour ce qui est de son fils, M. Charles Hubler s\u2019est mari\u00e9 le 17 septembre 1863 \u00e0 l\u2019\u00e2ge de 20 ans, toujours dans la localit\u00e9. Il a uni sa destin\u00e9e \u00e0 celle de Mme Anne-Catherine Grisvard. Ils ont eu 8 enfants : Marie-Anna, Charles-Joseph, Marie-C\u00e9lina, Charles-Jules, Charles-Jules-Joseph, Charles-Albert, Marie-C\u00e9lina et Jeanne-Th\u00e9r\u00e8se. Sur les 8 enfants, 5 d\u00e9c\u00e9d\u00e8rent avant l\u2019\u00e2ge de 4 ans. Durant son long mandat de Maire, il fut \u00e0 l\u2019origine de quelques investissements au niveau de l\u2019\u00e9glise \u00ab Notre Dame Des Neiges \u00bb mais aussi de la Caserne des Pompiers d\u2019apr\u00e8s les archives communales :<\/span><\/p>\n<p><span style=\"color: #000000;\">\u2022 1883 : Installation des horloges et du m\u00e9canisme pour 2 400 F aupr\u00e8s de la Maison Cugumus de Nancy, <\/span><\/p>\n<p><span style=\"color: #000000;\">\u2022 1890 : Finalisation de l\u2019installation des Grandes Orgues comprenant petit et grand orgue, buffet, soufflet, console et les 76 tuyaux en fa\u00e7ade. A cet effet, les figures situ\u00e9s sur les deux piliers soutenant la tribune repr\u00e9sentant les \u00e9lus du Conseil Municipal de l\u2019\u00e9poque, dont M. Hubler Charles. <\/span><\/p>\n<p><span style=\"color: #000000;\">\u2022 1901 : Achat d\u2019une pompe \u00e0 incendie pour la Caserne des Pompiers.<\/span><\/p>\n<p><span style=\"color: #000000;\">Parall\u00e8lement \u00e0 son mandat d\u2019\u00e9lu en qualit\u00e9 de Maire, M. Charles Hubler \u00e9tait N\u00e9gociant en bois puis Directeur Textile aux Etablissements Burner : Tissage de la Grande Goutte ainsi qu\u2019\u00e0 la Filature du Pont de la Scierie. En plus de sa fonction de Maire et de son emploi de Directeur relat\u00e9s ci-dessus, M. Charles Hubler \u00e9tait : <\/span><\/p>\n<p><span style=\"color: #000000;\">\u2022 Membre de la Chambre Consultative des Arts et Manufactures de l\u2019arrondissement de Remiremont, <\/span><\/p>\n<p><span style=\"color: #000000;\">\u2022 Pr\u00e9sident d\u2019honneur de l\u2019Alliance D\u00e9mocratique R\u00e9publicaine de Saint-Maurice-Sur-Moselle, <\/span><\/p>\n<p><span style=\"color: #000000;\">\u2022 Minist\u00e8re public aupr\u00e8s du Tribunal de simple police du canton de Le Thillot. <\/span><\/p>\n<p><span style=\"color: #000000;\">Apr\u00e8s de longs \u00e9changes sur les nombreuses recherches r\u00e9alis\u00e9es par la famille Hubler, sur l\u2019historique de la commune de Saint-Maurice-Sur-Moselle, M. Thierry Rigollet et Pierre Laplaze, effectuaient une visite de la Mairie \u00e0 cette \u00ab d\u00e9l\u00e9gation \u00bb familiale enchant\u00e9e de voir ou travaillait leur arri\u00e8re, arri\u00e8re, arri\u00e8re-grand-p\u00e8re. Une fois sous le porche de la Mairie, c\u2019\u00e9tait au tour de l\u2019\u00e9glise et notamment la tribune avec les Grandes Orgues ainsi que l\u2019horlogerie d\u2019\u00eatre visit\u00e9s. Puis, les \u00e9diles ainsi que les \u00ab visiteurs du jour \u00bb toujours aussi enjou\u00e9s, allaient au Domino pour voir la superbe pompe datant de 1901 avec le registre du march\u00e9 d\u2019achat appos\u00e9 sur un pupitre situ\u00e9 \u00e0 c\u00f4t\u00e9 de la pompe. En fin de matin\u00e9e, ils d\u00e9couvraient \u00e9galement la Maison Foresti\u00e8re du \u00ab Plain des Loges \u00bb ou r\u00e9sidaient Jean-Nicolas Hubler ainsi que l\u2019ancien Tissage de la Grande Goutte et la Filature du Pont de la Scierie. <\/span><\/p>\n<p><em><span style=\"color: #000000;\">Source\u00a0: Mairie de Saint-Maurice-sur-Moselle <\/span><\/em><\/p>\n","protected":false},"excerpt":{"rendered":"<p>Il y a un peu plus d\u2019une semaine, Rigollet Thierry et Laplaze Pierre accueillaient \u00e0 Saint-Maurice-Sur- Moselle les descendants de [&hellip;]<\/p>\n","protected":false},"author":407,"featured_media":62502,"comment_status":"open","ping_status":"open","sticky":false,"template":"","format":"standard","meta":{"footnotes":""},"categories":[26,86,37,39],"tags":[75,73,32],"class_list":["post-62501","post","type-post","status-publish","format-standard","has-post-thumbnail","hentry","category-a-la-une","category-histoire","category-le-thillot-son-canton","category-saint-maurice-moselle","tag-histoire","tag-saint-maurice","tag-vosges"],"acf":[],"yoast_head":"<!-- This site is optimized with the Yoast SEO plugin v22.5 - https:\/\/yoast.com\/wordpress\/plugins\/seo\/ -->\n<title>Saint-Maurice : il y a 141 ans... sur les traces de Charles Hubler - Remiremont Info<\/title>\n<meta name=\"robots\" content=\"index, follow, max-snippet:-1, max-image-preview:large, max-video-preview:-1\" \/>\n<link rel=\"canonical\" href=\"https:\/\/vosgesinfo.fr\/remiremontinfo\/2022\/09\/saint-maurice-y-a-141-ans-traces-de-charles-hubler\/\" \/>\n<meta name=\"twitter:card\" content=\"summary_large_image\" \/>\n<meta name=\"twitter:title\" content=\"Saint-Maurice : il y a 141 ans... sur les traces de Charles Hubler - Remiremont Info\" \/>\n<meta name=\"twitter:description\" content=\"Il y a un peu plus d\u2019une semaine, Rigollet Thierry et Laplaze Pierre accueillaient \u00e0 Saint-Maurice-Sur- Moselle les descendants de [&hellip;]\" \/>\n<meta name=\"twitter:image\" content=\"https:\/\/vosgesinfo.fr\/app\/uploads\/sites\/5\/2024\/09\/202209308043109-5732560876765463-2377841155608091745-n1.jpg\" \/>\n<meta name=\"twitter:creator\" content=\"@VosgesInfo88\" \/>\n<meta name=\"twitter:site\" content=\"@VosgesInfo88\" \/>\n<meta name=\"twitter:label1\" content=\"\u00c9crit par\" \/>\n\t<meta name=\"twitter:data1\" content=\"C D\" \/>\n\t<meta name=\"twitter:label2\" content=\"Dur\u00e9e de lecture estim\u00e9e\" \/>\n\t<meta name=\"twitter:data2\" content=\"3 minutes\" \/>\n<script type=\"application\/ld+json\" class=\"yoast-schema-graph\">{\"@context\":\"https:\/\/schema.org\",\"@graph\":[{\"@type\":\"Article\",\"@id\":\"https:\/\/vosgesinfo.fr\/remiremontinfo\/2022\/09\/saint-maurice-y-a-141-ans-traces-de-charles-hubler\/#article\",\"isPartOf\":{\"@id\":\"https:\/\/vosgesinfo.fr\/remiremontinfo\/2022\/09\/saint-maurice-y-a-141-ans-traces-de-charles-hubler\/\"},\"author\":{\"name\":\"C D\",\"@id\":\"https:\/\/vosgesinfo.fr\/remiremontinfo\/#\/schema\/person\/3bfd164d5218a185b1db68655a265316\"},\"headline\":\"Saint-Maurice : il y a 141 ans&#8230; sur les traces de Charles Hubler\",\"datePublished\":\"2022-09-26T05:30:55+00:00\",\"dateModified\":\"2022-09-26T05:30:55+00:00\",\"mainEntityOfPage\":{\"@id\":\"https:\/\/vosgesinfo.fr\/remiremontinfo\/2022\/09\/saint-maurice-y-a-141-ans-traces-de-charles-hubler\/\"},\"wordCount\":608,\"commentCount\":0,\"publisher\":{\"@id\":\"https:\/\/vosgesinfo.fr\/remiremontinfo\/#organization\"},\"image\":{\"@id\":\"https:\/\/vosgesinfo.fr\/remiremontinfo\/2022\/09\/saint-maurice-y-a-141-ans-traces-de-charles-hubler\/#primaryimage\"},\"thumbnailUrl\":\"https:\/\/vosgesinfo.fr\/app\/uploads\/sites\/5\/2024\/09\/202209308043109-5732560876765463-2377841155608091745-n1.jpg\",\"keywords\":[\"Histoire\",\"Saint-Maurice\",\"Vosges\"],\"articleSection\":[\"A la Une\",\"Histoire\",\"Le Thillot &amp; son canton\",\"Saint-Maurice\/Moselle\"],\"inLanguage\":\"fr-FR\",\"potentialAction\":[{\"@type\":\"CommentAction\",\"name\":\"Comment\",\"target\":[\"https:\/\/vosgesinfo.fr\/remiremontinfo\/2022\/09\/saint-maurice-y-a-141-ans-traces-de-charles-hubler\/#respond\"]}]},{\"@type\":\"WebPage\",\"@id\":\"https:\/\/vosgesinfo.fr\/remiremontinfo\/2022\/09\/saint-maurice-y-a-141-ans-traces-de-charles-hubler\/\",\"url\":\"https:\/\/vosgesinfo.fr\/remiremontinfo\/2022\/09\/saint-maurice-y-a-141-ans-traces-de-charles-hubler\/\",\"name\":\"Saint-Maurice : il y a 141 ans... sur les traces de Charles Hubler - Remiremont Info\",\"isPartOf\":{\"@id\":\"https:\/\/vosgesinfo.fr\/remiremontinfo\/#website\"},\"primaryImageOfPage\":{\"@id\":\"https:\/\/vosgesinfo.fr\/remiremontinfo\/2022\/09\/saint-maurice-y-a-141-ans-traces-de-charles-hubler\/#primaryimage\"},\"image\":{\"@id\":\"https:\/\/vosgesinfo.fr\/remiremontinfo\/2022\/09\/saint-maurice-y-a-141-ans-traces-de-charles-hubler\/#primaryimage\"},\"thumbnailUrl\":\"https:\/\/vosgesinfo.fr\/app\/uploads\/sites\/5\/2024\/09\/202209308043109-5732560876765463-2377841155608091745-n1.jpg\",\"datePublished\":\"2022-09-26T05:30:55+00:00\",\"dateModified\":\"2022-09-26T05:30:55+00:00\",\"breadcrumb\":{\"@id\":\"https:\/\/vosgesinfo.fr\/remiremontinfo\/2022\/09\/saint-maurice-y-a-141-ans-traces-de-charles-hubler\/#breadcrumb\"},\"inLanguage\":\"fr-FR\",\"potentialAction\":[{\"@type\":\"ReadAction\",\"target\":[\"https:\/\/vosgesinfo.fr\/remiremontinfo\/2022\/09\/saint-maurice-y-a-141-ans-traces-de-charles-hubler\/\"]}]},{\"@type\":\"ImageObject\",\"inLanguage\":\"fr-FR\",\"@id\":\"https:\/\/vosgesinfo.fr\/remiremontinfo\/2022\/09\/saint-maurice-y-a-141-ans-traces-de-charles-hubler\/#primaryimage\",\"url\":\"https:\/\/vosgesinfo.fr\/app\/uploads\/sites\/5\/2024\/09\/202209308043109-5732560876765463-2377841155608091745-n1.jpg\",\"contentUrl\":\"https:\/\/vosgesinfo.fr\/app\/uploads\/sites\/5\/2024\/09\/202209308043109-5732560876765463-2377841155608091745-n1.jpg\",\"width\":2048,\"height\":1536},{\"@type\":\"BreadcrumbList\",\"@id\":\"https:\/\/vosgesinfo.fr\/remiremontinfo\/2022\/09\/saint-maurice-y-a-141-ans-traces-de-charles-hubler\/#breadcrumb\",\"itemListElement\":[{\"@type\":\"ListItem\",\"position\":1,\"name\":\"Home\",\"item\":\"https:\/\/vosgesinfo.fr\/remiremontinfo\/\"},{\"@type\":\"ListItem\",\"position\":2,\"name\":\"Saint-Maurice : il y a 141 ans&#8230; sur les traces de Charles Hubler\"}]},{\"@type\":\"WebSite\",\"@id\":\"https:\/\/vosgesinfo.fr\/remiremontinfo\/#website\",\"url\":\"https:\/\/vosgesinfo.fr\/remiremontinfo\/\",\"name\":\"Remiremont Info\",\"description\":\"Toute l&#039;actualit\u00e9 de Remiremont\",\"publisher\":{\"@id\":\"https:\/\/vosgesinfo.fr\/remiremontinfo\/#organization\"},\"alternateName\":\"Toute l'actualit\u00e9 de Remiremont\",\"potentialAction\":[{\"@type\":\"SearchAction\",\"target\":{\"@type\":\"EntryPoint\",\"urlTemplate\":\"https:\/\/vosgesinfo.fr\/remiremontinfo\/?s={search_term_string}\"},\"query-input\":\"required name=search_term_string\"}],\"inLanguage\":\"fr-FR\"},{\"@type\":\"Organization\",\"@id\":\"https:\/\/vosgesinfo.fr\/remiremontinfo\/#organization\",\"name\":\"Remiremont Info\",\"url\":\"https:\/\/vosgesinfo.fr\/remiremontinfo\/\",\"logo\":{\"@type\":\"ImageObject\",\"inLanguage\":\"fr-FR\",\"@id\":\"https:\/\/vosgesinfo.fr\/remiremontinfo\/#\/schema\/logo\/image\/\",\"url\":\"https:\/\/vosgesinfo.fr\/app\/uploads\/sites\/5\/2023\/08\/favicon-remiremontinfo.png\",\"contentUrl\":\"https:\/\/vosgesinfo.fr\/app\/uploads\/sites\/5\/2023\/08\/favicon-remiremontinfo.png\",\"width\":512,\"height\":512,\"caption\":\"Remiremont Info\"},\"image\":{\"@id\":\"https:\/\/vosgesinfo.fr\/remiremontinfo\/#\/schema\/logo\/image\/\"},\"sameAs\":[\"https:\/\/www.facebook.com\/remiremontinfo\",\"https:\/\/x.com\/VosgesInfo88\",\"https:\/\/www.youtube.com\/@vosgesinfo\"]},{\"@type\":\"Person\",\"@id\":\"https:\/\/vosgesinfo.fr\/remiremontinfo\/#\/schema\/person\/3bfd164d5218a185b1db68655a265316\",\"name\":\"C D\",\"image\":{\"@type\":\"ImageObject\",\"inLanguage\":\"fr-FR\",\"@id\":\"https:\/\/vosgesinfo.fr\/remiremontinfo\/#\/schema\/person\/image\/\",\"url\":\"https:\/\/secure.gravatar.com\/avatar\/1f9a70007336511a47468b8f1c66f922b8b7cf617b02a31149ada43893a5d48f?s=96&d=mm&r=g\",\"contentUrl\":\"https:\/\/secure.gravatar.com\/avatar\/1f9a70007336511a47468b8f1c66f922b8b7cf617b02a31149ada43893a5d48f?s=96&d=mm&r=g\",\"caption\":\"C D\"},\"url\":\"https:\/\/vosgesinfo.fr\/remiremontinfo\/author\/cedric-drevet\/\"}]}<\/script>\n<!-- \/ Yoast SEO plugin. -->","yoast_head_json":{"title":"Saint-Maurice : il y a 141 ans... sur les traces de Charles Hubler - Remiremont Info","robots":{"index":"index","follow":"follow","max-snippet":"max-snippet:-1","max-image-preview":"max-image-preview:large","max-video-preview":"max-video-preview:-1"},"canonical":"https:\/\/vosgesinfo.fr\/remiremontinfo\/2022\/09\/saint-maurice-y-a-141-ans-traces-de-charles-hubler\/","twitter_card":"summary_large_image","twitter_title":"Saint-Maurice : il y a 141 ans... sur les traces de Charles Hubler - Remiremont Info","twitter_description":"Il y a un peu plus d\u2019une semaine, Rigollet Thierry et Laplaze Pierre accueillaient \u00e0 Saint-Maurice-Sur- Moselle les descendants de [&hellip;]","twitter_image":"https:\/\/vosgesinfo.fr\/app\/uploads\/sites\/5\/2024\/09\/202209308043109-5732560876765463-2377841155608091745-n1.jpg","twitter_creator":"@VosgesInfo88","twitter_site":"@VosgesInfo88","twitter_misc":{"\u00c9crit par":"C D","Dur\u00e9e de lecture estim\u00e9e":"3 minutes"},"schema":{"@context":"https:\/\/schema.org","@graph":[{"@type":"Article","@id":"https:\/\/vosgesinfo.fr\/remiremontinfo\/2022\/09\/saint-maurice-y-a-141-ans-traces-de-charles-hubler\/#article","isPartOf":{"@id":"https:\/\/vosgesinfo.fr\/remiremontinfo\/2022\/09\/saint-maurice-y-a-141-ans-traces-de-charles-hubler\/"},"author":{"name":"C D","@id":"https:\/\/vosgesinfo.fr\/remiremontinfo\/#\/schema\/person\/3bfd164d5218a185b1db68655a265316"},"headline":"Saint-Maurice : il y a 141 ans&#8230; sur les traces de Charles Hubler","datePublished":"2022-09-26T05:30:55+00:00","dateModified":"2022-09-26T05:30:55+00:00","mainEntityOfPage":{"@id":"https:\/\/vosgesinfo.fr\/remiremontinfo\/2022\/09\/saint-maurice-y-a-141-ans-traces-de-charles-hubler\/"},"wordCount":608,"commentCount":0,"publisher":{"@id":"https:\/\/vosgesinfo.fr\/remiremontinfo\/#organization"},"image":{"@id":"https:\/\/vosgesinfo.fr\/remiremontinfo\/2022\/09\/saint-maurice-y-a-141-ans-traces-de-charles-hubler\/#primaryimage"},"thumbnailUrl":"https:\/\/vosgesinfo.fr\/app\/uploads\/sites\/5\/2024\/09\/202209308043109-5732560876765463-2377841155608091745-n1.jpg","keywords":["Histoire","Saint-Maurice","Vosges"],"articleSection":["A la Une","Histoire","Le Thillot &amp; son canton","Saint-Maurice\/Moselle"],"inLanguage":"fr-FR","potentialAction":[{"@type":"CommentAction","name":"Comment","target":["https:\/\/vosgesinfo.fr\/remiremontinfo\/2022\/09\/saint-maurice-y-a-141-ans-traces-de-charles-hubler\/#respond"]}]},{"@type":"WebPage","@id":"https:\/\/vosgesinfo.fr\/remiremontinfo\/2022\/09\/saint-maurice-y-a-141-ans-traces-de-charles-hubler\/","url":"https:\/\/vosgesinfo.fr\/remiremontinfo\/2022\/09\/saint-maurice-y-a-141-ans-traces-de-charles-hubler\/","name":"Saint-Maurice : il y a 141 ans... sur les traces de Charles Hubler - Remiremont Info","isPartOf":{"@id":"https:\/\/vosgesinfo.fr\/remiremontinfo\/#website"},"primaryImageOfPage":{"@id":"https:\/\/vosgesinfo.fr\/remiremontinfo\/2022\/09\/saint-maurice-y-a-141-ans-traces-de-charles-hubler\/#primaryimage"},"image":{"@id":"https:\/\/vosgesinfo.fr\/remiremontinfo\/2022\/09\/saint-maurice-y-a-141-ans-traces-de-charles-hubler\/#primaryimage"},"thumbnailUrl":"https:\/\/vosgesinfo.fr\/app\/uploads\/sites\/5\/2024\/09\/202209308043109-5732560876765463-2377841155608091745-n1.jpg","datePublished":"2022-09-26T05:30:55+00:00","dateModified":"2022-09-26T05:30:55+00:00","breadcrumb":{"@id":"https:\/\/vosgesinfo.fr\/remiremontinfo\/2022\/09\/saint-maurice-y-a-141-ans-traces-de-charles-hubler\/#breadcrumb"},"inLanguage":"fr-FR","potentialAction":[{"@type":"ReadAction","target":["https:\/\/vosgesinfo.fr\/remiremontinfo\/2022\/09\/saint-maurice-y-a-141-ans-traces-de-charles-hubler\/"]}]},{"@type":"ImageObject","inLanguage":"fr-FR","@id":"https:\/\/vosgesinfo.fr\/remiremontinfo\/2022\/09\/saint-maurice-y-a-141-ans-traces-de-charles-hubler\/#primaryimage","url":"https:\/\/vosgesinfo.fr\/app\/uploads\/sites\/5\/2024\/09\/202209308043109-5732560876765463-2377841155608091745-n1.jpg","contentUrl":"https:\/\/vosgesinfo.fr\/app\/uploads\/sites\/5\/2024\/09\/202209308043109-5732560876765463-2377841155608091745-n1.jpg","width":2048,"height":1536},{"@type":"BreadcrumbList","@id":"https:\/\/vosgesinfo.fr\/remiremontinfo\/2022\/09\/saint-maurice-y-a-141-ans-traces-de-charles-hubler\/#breadcrumb","itemListElement":[{"@type":"ListItem","position":1,"name":"Home","item":"https:\/\/vosgesinfo.fr\/remiremontinfo\/"},{"@type":"ListItem","position":2,"name":"Saint-Maurice : il y a 141 ans&#8230; sur les traces de Charles Hubler"}]},{"@type":"WebSite","@id":"https:\/\/vosgesinfo.fr\/remiremontinfo\/#website","url":"https:\/\/vosgesinfo.fr\/remiremontinfo\/","name":"Remiremont Info","description":"Toute l&#039;actualit\u00e9 de Remiremont","publisher":{"@id":"https:\/\/vosgesinfo.fr\/remiremontinfo\/#organization"},"alternateName":"Toute l'actualit\u00e9 de Remiremont","potentialAction":[{"@type":"SearchAction","target":{"@type":"EntryPoint","urlTemplate":"https:\/\/vosgesinfo.fr\/remiremontinfo\/?s={search_term_string}"},"query-input":"required name=search_term_string"}],"inLanguage":"fr-FR"},{"@type":"Organization","@id":"https:\/\/vosgesinfo.fr\/remiremontinfo\/#organization","name":"Remiremont Info","url":"https:\/\/vosgesinfo.fr\/remiremontinfo\/","logo":{"@type":"ImageObject","inLanguage":"fr-FR","@id":"https:\/\/vosgesinfo.fr\/remiremontinfo\/#\/schema\/logo\/image\/","url":"https:\/\/vosgesinfo.fr\/app\/uploads\/sites\/5\/2023\/08\/favicon-remiremontinfo.png","contentUrl":"https:\/\/vosgesinfo.fr\/app\/uploads\/sites\/5\/2023\/08\/favicon-remiremontinfo.png","width":512,"height":512,"caption":"Remiremont Info"},"image":{"@id":"https:\/\/vosgesinfo.fr\/remiremontinfo\/#\/schema\/logo\/image\/"},"sameAs":["https:\/\/www.facebook.com\/remiremontinfo","https:\/\/x.com\/VosgesInfo88","https:\/\/www.youtube.com\/@vosgesinfo"]},{"@type":"Person","@id":"https:\/\/vosgesinfo.fr\/remiremontinfo\/#\/schema\/person\/3bfd164d5218a185b1db68655a265316","name":"C D","image":{"@type":"ImageObject","inLanguage":"fr-FR","@id":"https:\/\/vosgesinfo.fr\/remiremontinfo\/#\/schema\/person\/image\/","url":"https:\/\/secure.gravatar.com\/avatar\/1f9a70007336511a47468b8f1c66f922b8b7cf617b02a31149ada43893a5d48f?s=96&d=mm&r=g","contentUrl":"https:\/\/secure.gravatar.com\/avatar\/1f9a70007336511a47468b8f1c66f922b8b7cf617b02a31149ada43893a5d48f?s=96&d=mm&r=g","caption":"C D"},"url":"https:\/\/vosgesinfo.fr\/remiremontinfo\/author\/cedric-drevet\/"}]}},"_links":{"self":[{"href":"https:\/\/vosgesinfo.fr\/remiremontinfo\/wp-json\/wp\/v2\/posts\/62501","targetHints":{"allow":["GET"]}}],"collection":[{"href":"https:\/\/vosgesinfo.fr\/remiremontinfo\/wp-json\/wp\/v2\/posts"}],"about":[{"href":"https:\/\/vosgesinfo.fr\/remiremontinfo\/wp-json\/wp\/v2\/types\/post"}],"author":[{"embeddable":true,"href":"https:\/\/vosgesinfo.fr\/remiremontinfo\/wp-json\/wp\/v2\/users\/407"}],"replies":[{"embeddable":true,"href":"https:\/\/vosgesinfo.fr\/remiremontinfo\/wp-json\/wp\/v2\/comments?post=62501"}],"version-history":[{"count":0,"href":"https:\/\/vosgesinfo.fr\/remiremontinfo\/wp-json\/wp\/v2\/posts\/62501\/revisions"}],"wp:featuredmedia":[{"embeddable":true,"href":"https:\/\/vosgesinfo.fr\/remiremontinfo\/wp-json\/wp\/v2\/media\/62502"}],"wp:attachment":[{"href":"https:\/\/vosgesinfo.fr\/remiremontinfo\/wp-json\/wp\/v2\/media?parent=62501"}],"wp:term":[{"taxonomy":"category","embeddable":true,"href":"https:\/\/vosgesinfo.fr\/remiremontinfo\/wp-json\/wp\/v2\/categories?post=62501"},{"taxonomy":"post_tag","embeddable":true,"href":"https:\/\/vosgesinfo.fr\/remiremontinfo\/wp-json\/wp\/v2\/tags?post=62501"}],"curies":[{"name":"wp","href":"https:\/\/api.w.org\/{rel}","templated":true}]}}