{"id":62530,"date":"2022-09-26T07:05:03","date_gmt":"2022-09-26T05:05:03","guid":{"rendered":"https:\/\/vosgesinfo.fr\/remiremontinfo\/2022\/09\/saint-maurice-enfants-realisent-decoration-automnale-village\/"},"modified":"2022-09-26T07:05:03","modified_gmt":"2022-09-26T05:05:03","slug":"saint-maurice-enfants-realisent-decoration-automnale-village","status":"publish","type":"post","link":"https:\/\/vosgesinfo.fr\/remiremontinfo\/2022\/09\/saint-maurice-enfants-realisent-decoration-automnale-village\/","title":{"rendered":"Saint-Maurice : des enfants r\u00e9alisent une d\u00e9coration automnale pour le village"},"content":{"rendered":"<h2 dir=\"auto\"><a href=\"\/2022\/09\/308189847_5735185959836288_2535008034126445611_n.jpg\"><img decoding=\"async\" class=\"alignnone size-large wp-image-354590\" src=\"\/2022\/09\/308189847_5735185959836288_2535008034126445611_n-1024x768.jpg\" alt=\"308189847_5735185959836288_2535008034126445611_n\" width=\"960\" height=\"720\" \/><\/a><\/h2>\n<p><span style=\"font-size: 10pt;\"><em>Photo par la\u00a0<a href=\"https:\/\/www.facebook.com\/profile.php?id=100064321284878\">Mairie de Saint Maurice Sur Moselle<\/a><\/em><\/span><\/p>\n<h2 dir=\"auto\"><span style=\"font-size: 12pt;\"><strong>D&rsquo;ici quelques jours, la travers\u00e9e du village ainsi que le centre bourg de Saint-Maurice-sur-Moselle seront embellis \u00e0 travers une d\u00e9coration automnale en compl\u00e9ment des couleurs\u00a0de saison qu&rsquo;offrent les for\u00eats ! Des d\u00e9corations ont \u00e9t\u00e9 r\u00e9alis\u00e9es par des enfants.\u00a0<\/strong><\/span><\/h2>\n<div dir=\"auto\"><em>\u00ab\u00a0Nous f\u00e9licitons les artistes peintres de la Cr\u00e8che, Halte-Garderie, Cantine et P\u00e9riscolaire !\u00a0\u00bb<\/em>, affirme l&rsquo;\u00e9quipe de la Mairie.\u00a0<em>\u00ab\u00a0Merci \u00e0 toute l&rsquo;\u00e9quipe p\u00e9dagogique de <a class=\"qi72231t nu7423ey n3hqoq4p r86q59rh b3qcqh3k fq87ekyn bdao358l fsf7x5fv rse6dlih s5oniofx m8h3af8h l7ghb35v kjdc1dyq kmwttqpk srn514ro oxkhqvkx rl78xhln nch0832m cr00lzj9 rn8ck1ys s3jn8y49 icdlwmnq cxfqmxzd d1w2l3lo tes86rjd\" tabindex=\"0\" href=\"https:\/\/www.facebook.com\/lafarandole88560?__cft__[0]=AZWVUIlHxvxwVXKl2GbCl1XFhBlZQYRjE-ORjIuWCAGwD-XAO8NpD8db1YSPZEel3WsZJXYwfIXAbCZC5GQHJu9lo7WpiR-U4Bf9lvBv5FTnzDL-bcrEGHLzs6IJHS_6ugxSJxDplqyJK5GjUFNurRv5Io1HhNfLtOnUNqNVV39qrQ&amp;__tn__=-]K-R\"><span class=\"rse6dlih\">La Farandole St Maurice Sur Moselle<\/span><\/a> pour cette belle activit\u00e9 artistique\u00a0\u00bb<\/em>.<\/div>\n","protected":false},"excerpt":{"rendered":"<p>Photo par la\u00a0Mairie de Saint Maurice Sur Moselle D&rsquo;ici quelques jours, la travers\u00e9e du village ainsi que le centre bourg [&hellip;]<\/p>\n","protected":false},"author":407,"featured_media":62531,"comment_status":"open","ping_status":"open","sticky":false,"template":"","format":"standard","meta":{"footnotes":""},"categories":[26,37,39,13],"tags":[344,73,32],"class_list":["post-62530","post","type-post","status-publish","format-standard","has-post-thumbnail","hentry","category-a-la-une","category-le-thillot-son-canton","category-saint-maurice-moselle","category-societe","tag-decoration","tag-saint-maurice","tag-vosges"],"acf":[],"yoast_head":"<!-- This site is optimized with the Yoast SEO plugin v22.5 - https:\/\/yoast.com\/wordpress\/plugins\/seo\/ -->\n<title>Saint-Maurice : des enfants r\u00e9alisent une d\u00e9coration automnale pour le village - Remiremont Info<\/title>\n<meta name=\"robots\" content=\"index, follow, max-snippet:-1, max-image-preview:large, max-video-preview:-1\" \/>\n<link rel=\"canonical\" href=\"https:\/\/vosgesinfo.fr\/remiremontinfo\/2022\/09\/saint-maurice-enfants-realisent-decoration-automnale-village\/\" \/>\n<meta name=\"twitter:card\" content=\"summary_large_image\" \/>\n<meta name=\"twitter:title\" content=\"Saint-Maurice : des enfants r\u00e9alisent une d\u00e9coration automnale pour le village - Remiremont Info\" \/>\n<meta name=\"twitter:description\" content=\"Photo par la\u00a0Mairie de Saint Maurice Sur Moselle D&rsquo;ici quelques jours, la travers\u00e9e du village ainsi que le centre bourg [&hellip;]\" \/>\n<meta name=\"twitter:image\" content=\"https:\/\/vosgesinfo.fr\/app\/uploads\/sites\/5\/2024\/09\/202209308189847-5735185959836288-2535008034126445611-n.jpg\" \/>\n<meta name=\"twitter:creator\" content=\"@VosgesInfo88\" \/>\n<meta name=\"twitter:site\" content=\"@VosgesInfo88\" \/>\n<meta name=\"twitter:label1\" content=\"\u00c9crit par\" \/>\n\t<meta name=\"twitter:data1\" content=\"C D\" \/>\n<script type=\"application\/ld+json\" class=\"yoast-schema-graph\">{\"@context\":\"https:\/\/schema.org\",\"@graph\":[{\"@type\":\"Article\",\"@id\":\"https:\/\/vosgesinfo.fr\/remiremontinfo\/2022\/09\/saint-maurice-enfants-realisent-decoration-automnale-village\/#article\",\"isPartOf\":{\"@id\":\"https:\/\/vosgesinfo.fr\/remiremontinfo\/2022\/09\/saint-maurice-enfants-realisent-decoration-automnale-village\/\"},\"author\":{\"name\":\"C D\",\"@id\":\"https:\/\/vosgesinfo.fr\/remiremontinfo\/#\/schema\/person\/3bfd164d5218a185b1db68655a265316\"},\"headline\":\"Saint-Maurice : des enfants r\u00e9alisent une d\u00e9coration automnale pour le village\",\"datePublished\":\"2022-09-26T05:05:03+00:00\",\"dateModified\":\"2022-09-26T05:05:03+00:00\",\"mainEntityOfPage\":{\"@id\":\"https:\/\/vosgesinfo.fr\/remiremontinfo\/2022\/09\/saint-maurice-enfants-realisent-decoration-automnale-village\/\"},\"wordCount\":106,\"commentCount\":0,\"publisher\":{\"@id\":\"https:\/\/vosgesinfo.fr\/remiremontinfo\/#organization\"},\"image\":{\"@id\":\"https:\/\/vosgesinfo.fr\/remiremontinfo\/2022\/09\/saint-maurice-enfants-realisent-decoration-automnale-village\/#primaryimage\"},\"thumbnailUrl\":\"https:\/\/vosgesinfo.fr\/app\/uploads\/sites\/5\/2024\/09\/202209308189847-5735185959836288-2535008034126445611-n.jpg\",\"keywords\":[\"decoration\",\"Saint-Maurice\",\"Vosges\"],\"articleSection\":[\"A la Une\",\"Le Thillot &amp; son canton\",\"Saint-Maurice\/Moselle\",\"Soci\u00e9t\u00e9\"],\"inLanguage\":\"fr-FR\",\"potentialAction\":[{\"@type\":\"CommentAction\",\"name\":\"Comment\",\"target\":[\"https:\/\/vosgesinfo.fr\/remiremontinfo\/2022\/09\/saint-maurice-enfants-realisent-decoration-automnale-village\/#respond\"]}]},{\"@type\":\"WebPage\",\"@id\":\"https:\/\/vosgesinfo.fr\/remiremontinfo\/2022\/09\/saint-maurice-enfants-realisent-decoration-automnale-village\/\",\"url\":\"https:\/\/vosgesinfo.fr\/remiremontinfo\/2022\/09\/saint-maurice-enfants-realisent-decoration-automnale-village\/\",\"name\":\"Saint-Maurice : des enfants r\u00e9alisent une d\u00e9coration automnale pour le village - Remiremont Info\",\"isPartOf\":{\"@id\":\"https:\/\/vosgesinfo.fr\/remiremontinfo\/#website\"},\"primaryImageOfPage\":{\"@id\":\"https:\/\/vosgesinfo.fr\/remiremontinfo\/2022\/09\/saint-maurice-enfants-realisent-decoration-automnale-village\/#primaryimage\"},\"image\":{\"@id\":\"https:\/\/vosgesinfo.fr\/remiremontinfo\/2022\/09\/saint-maurice-enfants-realisent-decoration-automnale-village\/#primaryimage\"},\"thumbnailUrl\":\"https:\/\/vosgesinfo.fr\/app\/uploads\/sites\/5\/2024\/09\/202209308189847-5735185959836288-2535008034126445611-n.jpg\",\"datePublished\":\"2022-09-26T05:05:03+00:00\",\"dateModified\":\"2022-09-26T05:05:03+00:00\",\"breadcrumb\":{\"@id\":\"https:\/\/vosgesinfo.fr\/remiremontinfo\/2022\/09\/saint-maurice-enfants-realisent-decoration-automnale-village\/#breadcrumb\"},\"inLanguage\":\"fr-FR\",\"potentialAction\":[{\"@type\":\"ReadAction\",\"target\":[\"https:\/\/vosgesinfo.fr\/remiremontinfo\/2022\/09\/saint-maurice-enfants-realisent-decoration-automnale-village\/\"]}]},{\"@type\":\"ImageObject\",\"inLanguage\":\"fr-FR\",\"@id\":\"https:\/\/vosgesinfo.fr\/remiremontinfo\/2022\/09\/saint-maurice-enfants-realisent-decoration-automnale-village\/#primaryimage\",\"url\":\"https:\/\/vosgesinfo.fr\/app\/uploads\/sites\/5\/2024\/09\/202209308189847-5735185959836288-2535008034126445611-n.jpg\",\"contentUrl\":\"https:\/\/vosgesinfo.fr\/app\/uploads\/sites\/5\/2024\/09\/202209308189847-5735185959836288-2535008034126445611-n.jpg\",\"width\":2048,\"height\":1536},{\"@type\":\"BreadcrumbList\",\"@id\":\"https:\/\/vosgesinfo.fr\/remiremontinfo\/2022\/09\/saint-maurice-enfants-realisent-decoration-automnale-village\/#breadcrumb\",\"itemListElement\":[{\"@type\":\"ListItem\",\"position\":1,\"name\":\"Home\",\"item\":\"https:\/\/vosgesinfo.fr\/remiremontinfo\/\"},{\"@type\":\"ListItem\",\"position\":2,\"name\":\"Saint-Maurice : des enfants r\u00e9alisent une d\u00e9coration automnale pour le village\"}]},{\"@type\":\"WebSite\",\"@id\":\"https:\/\/vosgesinfo.fr\/remiremontinfo\/#website\",\"url\":\"https:\/\/vosgesinfo.fr\/remiremontinfo\/\",\"name\":\"Remiremont Info\",\"description\":\"Toute l&#039;actualit\u00e9 de Remiremont\",\"publisher\":{\"@id\":\"https:\/\/vosgesinfo.fr\/remiremontinfo\/#organization\"},\"alternateName\":\"Toute l'actualit\u00e9 de Remiremont\",\"potentialAction\":[{\"@type\":\"SearchAction\",\"target\":{\"@type\":\"EntryPoint\",\"urlTemplate\":\"https:\/\/vosgesinfo.fr\/remiremontinfo\/?s={search_term_string}\"},\"query-input\":\"required name=search_term_string\"}],\"inLanguage\":\"fr-FR\"},{\"@type\":\"Organization\",\"@id\":\"https:\/\/vosgesinfo.fr\/remiremontinfo\/#organization\",\"name\":\"Remiremont Info\",\"url\":\"https:\/\/vosgesinfo.fr\/remiremontinfo\/\",\"logo\":{\"@type\":\"ImageObject\",\"inLanguage\":\"fr-FR\",\"@id\":\"https:\/\/vosgesinfo.fr\/remiremontinfo\/#\/schema\/logo\/image\/\",\"url\":\"https:\/\/vosgesinfo.fr\/app\/uploads\/sites\/5\/2023\/08\/favicon-remiremontinfo.png\",\"contentUrl\":\"https:\/\/vosgesinfo.fr\/app\/uploads\/sites\/5\/2023\/08\/favicon-remiremontinfo.png\",\"width\":512,\"height\":512,\"caption\":\"Remiremont Info\"},\"image\":{\"@id\":\"https:\/\/vosgesinfo.fr\/remiremontinfo\/#\/schema\/logo\/image\/\"},\"sameAs\":[\"https:\/\/www.facebook.com\/remiremontinfo\",\"https:\/\/x.com\/VosgesInfo88\",\"https:\/\/www.youtube.com\/@vosgesinfo\"]},{\"@type\":\"Person\",\"@id\":\"https:\/\/vosgesinfo.fr\/remiremontinfo\/#\/schema\/person\/3bfd164d5218a185b1db68655a265316\",\"name\":\"C D\",\"image\":{\"@type\":\"ImageObject\",\"inLanguage\":\"fr-FR\",\"@id\":\"https:\/\/vosgesinfo.fr\/remiremontinfo\/#\/schema\/person\/image\/\",\"url\":\"https:\/\/secure.gravatar.com\/avatar\/1f9a70007336511a47468b8f1c66f922b8b7cf617b02a31149ada43893a5d48f?s=96&d=mm&r=g\",\"contentUrl\":\"https:\/\/secure.gravatar.com\/avatar\/1f9a70007336511a47468b8f1c66f922b8b7cf617b02a31149ada43893a5d48f?s=96&d=mm&r=g\",\"caption\":\"C D\"},\"url\":\"https:\/\/vosgesinfo.fr\/remiremontinfo\/author\/cedric-drevet\/\"}]}<\/script>\n<!-- \/ Yoast SEO plugin. -->","yoast_head_json":{"title":"Saint-Maurice : des enfants r\u00e9alisent une d\u00e9coration automnale pour le village - Remiremont Info","robots":{"index":"index","follow":"follow","max-snippet":"max-snippet:-1","max-image-preview":"max-image-preview:large","max-video-preview":"max-video-preview:-1"},"canonical":"https:\/\/vosgesinfo.fr\/remiremontinfo\/2022\/09\/saint-maurice-enfants-realisent-decoration-automnale-village\/","twitter_card":"summary_large_image","twitter_title":"Saint-Maurice : des enfants r\u00e9alisent une d\u00e9coration automnale pour le village - Remiremont Info","twitter_description":"Photo par la\u00a0Mairie de Saint Maurice Sur Moselle D&rsquo;ici quelques jours, la travers\u00e9e du village ainsi que le centre bourg [&hellip;]","twitter_image":"https:\/\/vosgesinfo.fr\/app\/uploads\/sites\/5\/2024\/09\/202209308189847-5735185959836288-2535008034126445611-n.jpg","twitter_creator":"@VosgesInfo88","twitter_site":"@VosgesInfo88","twitter_misc":{"\u00c9crit par":"C D"},"schema":{"@context":"https:\/\/schema.org","@graph":[{"@type":"Article","@id":"https:\/\/vosgesinfo.fr\/remiremontinfo\/2022\/09\/saint-maurice-enfants-realisent-decoration-automnale-village\/#article","isPartOf":{"@id":"https:\/\/vosgesinfo.fr\/remiremontinfo\/2022\/09\/saint-maurice-enfants-realisent-decoration-automnale-village\/"},"author":{"name":"C D","@id":"https:\/\/vosgesinfo.fr\/remiremontinfo\/#\/schema\/person\/3bfd164d5218a185b1db68655a265316"},"headline":"Saint-Maurice : des enfants r\u00e9alisent une d\u00e9coration automnale pour le village","datePublished":"2022-09-26T05:05:03+00:00","dateModified":"2022-09-26T05:05:03+00:00","mainEntityOfPage":{"@id":"https:\/\/vosgesinfo.fr\/remiremontinfo\/2022\/09\/saint-maurice-enfants-realisent-decoration-automnale-village\/"},"wordCount":106,"commentCount":0,"publisher":{"@id":"https:\/\/vosgesinfo.fr\/remiremontinfo\/#organization"},"image":{"@id":"https:\/\/vosgesinfo.fr\/remiremontinfo\/2022\/09\/saint-maurice-enfants-realisent-decoration-automnale-village\/#primaryimage"},"thumbnailUrl":"https:\/\/vosgesinfo.fr\/app\/uploads\/sites\/5\/2024\/09\/202209308189847-5735185959836288-2535008034126445611-n.jpg","keywords":["decoration","Saint-Maurice","Vosges"],"articleSection":["A la Une","Le Thillot &amp; son canton","Saint-Maurice\/Moselle","Soci\u00e9t\u00e9"],"inLanguage":"fr-FR","potentialAction":[{"@type":"CommentAction","name":"Comment","target":["https:\/\/vosgesinfo.fr\/remiremontinfo\/2022\/09\/saint-maurice-enfants-realisent-decoration-automnale-village\/#respond"]}]},{"@type":"WebPage","@id":"https:\/\/vosgesinfo.fr\/remiremontinfo\/2022\/09\/saint-maurice-enfants-realisent-decoration-automnale-village\/","url":"https:\/\/vosgesinfo.fr\/remiremontinfo\/2022\/09\/saint-maurice-enfants-realisent-decoration-automnale-village\/","name":"Saint-Maurice : des enfants r\u00e9alisent une d\u00e9coration automnale pour le village - Remiremont Info","isPartOf":{"@id":"https:\/\/vosgesinfo.fr\/remiremontinfo\/#website"},"primaryImageOfPage":{"@id":"https:\/\/vosgesinfo.fr\/remiremontinfo\/2022\/09\/saint-maurice-enfants-realisent-decoration-automnale-village\/#primaryimage"},"image":{"@id":"https:\/\/vosgesinfo.fr\/remiremontinfo\/2022\/09\/saint-maurice-enfants-realisent-decoration-automnale-village\/#primaryimage"},"thumbnailUrl":"https:\/\/vosgesinfo.fr\/app\/uploads\/sites\/5\/2024\/09\/202209308189847-5735185959836288-2535008034126445611-n.jpg","datePublished":"2022-09-26T05:05:03+00:00","dateModified":"2022-09-26T05:05:03+00:00","breadcrumb":{"@id":"https:\/\/vosgesinfo.fr\/remiremontinfo\/2022\/09\/saint-maurice-enfants-realisent-decoration-automnale-village\/#breadcrumb"},"inLanguage":"fr-FR","potentialAction":[{"@type":"ReadAction","target":["https:\/\/vosgesinfo.fr\/remiremontinfo\/2022\/09\/saint-maurice-enfants-realisent-decoration-automnale-village\/"]}]},{"@type":"ImageObject","inLanguage":"fr-FR","@id":"https:\/\/vosgesinfo.fr\/remiremontinfo\/2022\/09\/saint-maurice-enfants-realisent-decoration-automnale-village\/#primaryimage","url":"https:\/\/vosgesinfo.fr\/app\/uploads\/sites\/5\/2024\/09\/202209308189847-5735185959836288-2535008034126445611-n.jpg","contentUrl":"https:\/\/vosgesinfo.fr\/app\/uploads\/sites\/5\/2024\/09\/202209308189847-5735185959836288-2535008034126445611-n.jpg","width":2048,"height":1536},{"@type":"BreadcrumbList","@id":"https:\/\/vosgesinfo.fr\/remiremontinfo\/2022\/09\/saint-maurice-enfants-realisent-decoration-automnale-village\/#breadcrumb","itemListElement":[{"@type":"ListItem","position":1,"name":"Home","item":"https:\/\/vosgesinfo.fr\/remiremontinfo\/"},{"@type":"ListItem","position":2,"name":"Saint-Maurice : des enfants r\u00e9alisent une d\u00e9coration automnale pour le village"}]},{"@type":"WebSite","@id":"https:\/\/vosgesinfo.fr\/remiremontinfo\/#website","url":"https:\/\/vosgesinfo.fr\/remiremontinfo\/","name":"Remiremont Info","description":"Toute l&#039;actualit\u00e9 de Remiremont","publisher":{"@id":"https:\/\/vosgesinfo.fr\/remiremontinfo\/#organization"},"alternateName":"Toute l'actualit\u00e9 de Remiremont","potentialAction":[{"@type":"SearchAction","target":{"@type":"EntryPoint","urlTemplate":"https:\/\/vosgesinfo.fr\/remiremontinfo\/?s={search_term_string}"},"query-input":"required name=search_term_string"}],"inLanguage":"fr-FR"},{"@type":"Organization","@id":"https:\/\/vosgesinfo.fr\/remiremontinfo\/#organization","name":"Remiremont Info","url":"https:\/\/vosgesinfo.fr\/remiremontinfo\/","logo":{"@type":"ImageObject","inLanguage":"fr-FR","@id":"https:\/\/vosgesinfo.fr\/remiremontinfo\/#\/schema\/logo\/image\/","url":"https:\/\/vosgesinfo.fr\/app\/uploads\/sites\/5\/2023\/08\/favicon-remiremontinfo.png","contentUrl":"https:\/\/vosgesinfo.fr\/app\/uploads\/sites\/5\/2023\/08\/favicon-remiremontinfo.png","width":512,"height":512,"caption":"Remiremont Info"},"image":{"@id":"https:\/\/vosgesinfo.fr\/remiremontinfo\/#\/schema\/logo\/image\/"},"sameAs":["https:\/\/www.facebook.com\/remiremontinfo","https:\/\/x.com\/VosgesInfo88","https:\/\/www.youtube.com\/@vosgesinfo"]},{"@type":"Person","@id":"https:\/\/vosgesinfo.fr\/remiremontinfo\/#\/schema\/person\/3bfd164d5218a185b1db68655a265316","name":"C D","image":{"@type":"ImageObject","inLanguage":"fr-FR","@id":"https:\/\/vosgesinfo.fr\/remiremontinfo\/#\/schema\/person\/image\/","url":"https:\/\/secure.gravatar.com\/avatar\/1f9a70007336511a47468b8f1c66f922b8b7cf617b02a31149ada43893a5d48f?s=96&d=mm&r=g","contentUrl":"https:\/\/secure.gravatar.com\/avatar\/1f9a70007336511a47468b8f1c66f922b8b7cf617b02a31149ada43893a5d48f?s=96&d=mm&r=g","caption":"C D"},"url":"https:\/\/vosgesinfo.fr\/remiremontinfo\/author\/cedric-drevet\/"}]}},"_links":{"self":[{"href":"https:\/\/vosgesinfo.fr\/remiremontinfo\/wp-json\/wp\/v2\/posts\/62530","targetHints":{"allow":["GET"]}}],"collection":[{"href":"https:\/\/vosgesinfo.fr\/remiremontinfo\/wp-json\/wp\/v2\/posts"}],"about":[{"href":"https:\/\/vosgesinfo.fr\/remiremontinfo\/wp-json\/wp\/v2\/types\/post"}],"author":[{"embeddable":true,"href":"https:\/\/vosgesinfo.fr\/remiremontinfo\/wp-json\/wp\/v2\/users\/407"}],"replies":[{"embeddable":true,"href":"https:\/\/vosgesinfo.fr\/remiremontinfo\/wp-json\/wp\/v2\/comments?post=62530"}],"version-history":[{"count":0,"href":"https:\/\/vosgesinfo.fr\/remiremontinfo\/wp-json\/wp\/v2\/posts\/62530\/revisions"}],"wp:featuredmedia":[{"embeddable":true,"href":"https:\/\/vosgesinfo.fr\/remiremontinfo\/wp-json\/wp\/v2\/media\/62531"}],"wp:attachment":[{"href":"https:\/\/vosgesinfo.fr\/remiremontinfo\/wp-json\/wp\/v2\/media?parent=62530"}],"wp:term":[{"taxonomy":"category","embeddable":true,"href":"https:\/\/vosgesinfo.fr\/remiremontinfo\/wp-json\/wp\/v2\/categories?post=62530"},{"taxonomy":"post_tag","embeddable":true,"href":"https:\/\/vosgesinfo.fr\/remiremontinfo\/wp-json\/wp\/v2\/tags?post=62530"}],"curies":[{"name":"wp","href":"https:\/\/api.w.org\/{rel}","templated":true}]}}