{"id":62774,"date":"2022-09-30T09:59:56","date_gmt":"2022-09-30T07:59:56","guid":{"rendered":"https:\/\/vosgesinfo.fr\/remiremontinfo\/2022\/09\/fig-trois-jours-de-gourmandises-cote-de-place-marche-a-saint-die\/"},"modified":"2022-09-30T09:59:56","modified_gmt":"2022-09-30T07:59:56","slug":"fig-trois-jours-de-gourmandises-cote-de-place-marche-a-saint-die","status":"publish","type":"post","link":"https:\/\/vosgesinfo.fr\/remiremontinfo\/2022\/09\/fig-trois-jours-de-gourmandises-cote-de-place-marche-a-saint-die\/","title":{"rendered":"FIG \u2013 Trois jours de gourmandises du c\u00f4t\u00e9 de la Place du March\u00e9 \u00e0 Saint-Di\u00e9"},"content":{"rendered":"<h2><strong>Cela fait maintenant plusieurs \u00e9ditions du Festival International de G\u00e9ographie de Saint-Di\u00e9-des-Vosges que le Salon de la Gastronomie a d\u00e9m\u00e9nag\u00e9 de l\u2019Espace Fran\u00e7ois-Mitterrand vers la Place du March\u00e9. Cette 33e \u00e9dition ne fait pas exception, et c\u2019est sous le chapiteau gourmand que le maire Bruno Toussaint a inaugur\u00e9 le Salon sur les coups de 11h ce vendredi matin.<\/strong><\/h2>\n<p>Le Salon de la Gastronomie rassemble cette ann\u00e9e une cinquantaine d\u2019exposants, sous le grand chapiteau mais aussi \u00e0 l\u2019ext\u00e9rieur, dans les petites cabanes en bois que l\u2019on peut \u00e9galement retrouver au march\u00e9 du No\u00ebl. Sur place, les visiteurs auront tout le loisir de retrouver \u2013 et d\u00e9guster \u2013 toutes sortes de mets locaux, r\u00e9gionaux et \u00e9trangers\u00a0: g\u00e2teaux, friandises, fromages, charcuteries, viandes, miels, caf\u00e9s, th\u00e9s, bi\u00e8res, vins\u2026 et bien<\/p>\n","protected":false},"excerpt":{"rendered":"<p>Cela fait maintenant plusieurs \u00e9ditions du Festival International de G\u00e9ographie de Saint-Di\u00e9-des-Vosges que le Salon de la Gastronomie a d\u00e9m\u00e9nag\u00e9 [&hellip;]<\/p>\n","protected":false},"author":407,"featured_media":62775,"comment_status":"open","ping_status":"open","sticky":false,"template":"","format":"standard","meta":{"footnotes":""},"categories":[26,4,18],"tags":[241,4789,32],"class_list":["post-62774","post","type-post","status-publish","format-standard","has-post-thumbnail","hentry","category-a-la-une","category-culture","category-vosges","tag-fig","tag-nourriture","tag-vosges"],"acf":[],"yoast_head":"<!-- This site is optimized with the Yoast SEO plugin v22.5 - https:\/\/yoast.com\/wordpress\/plugins\/seo\/ -->\n<title>FIG \u2013 Trois jours de gourmandises du c\u00f4t\u00e9 de la Place du March\u00e9 \u00e0 Saint-Di\u00e9 - Remiremont Info<\/title>\n<meta name=\"robots\" content=\"index, follow, max-snippet:-1, max-image-preview:large, max-video-preview:-1\" \/>\n<link rel=\"canonical\" href=\"https:\/\/vosgesinfo.fr\/remiremontinfo\/2022\/09\/fig-trois-jours-de-gourmandises-cote-de-place-marche-a-saint-die\/\" \/>\n<meta name=\"twitter:card\" content=\"summary_large_image\" \/>\n<meta name=\"twitter:title\" content=\"FIG \u2013 Trois jours de gourmandises du c\u00f4t\u00e9 de la Place du March\u00e9 \u00e0 Saint-Di\u00e9 - Remiremont Info\" \/>\n<meta name=\"twitter:description\" content=\"Cela fait maintenant plusieurs \u00e9ditions du Festival International de G\u00e9ographie de Saint-Di\u00e9-des-Vosges que le Salon de la Gastronomie a d\u00e9m\u00e9nag\u00e9 [&hellip;]\" \/>\n<meta name=\"twitter:image\" content=\"https:\/\/vosgesinfo.fr\/app\/uploads\/sites\/5\/2024\/09\/202209fig-inauguration-place-gourmandise-3.jpg\" \/>\n<meta name=\"twitter:creator\" content=\"@VosgesInfo88\" \/>\n<meta name=\"twitter:site\" content=\"@VosgesInfo88\" \/>\n<meta name=\"twitter:label1\" content=\"\u00c9crit par\" \/>\n\t<meta name=\"twitter:data1\" content=\"C D\" \/>\n\t<meta name=\"twitter:label2\" content=\"Dur\u00e9e de lecture estim\u00e9e\" \/>\n\t<meta name=\"twitter:data2\" content=\"1 minute\" \/>\n<script type=\"application\/ld+json\" class=\"yoast-schema-graph\">{\"@context\":\"https:\/\/schema.org\",\"@graph\":[{\"@type\":\"Article\",\"@id\":\"https:\/\/vosgesinfo.fr\/remiremontinfo\/2022\/09\/fig-trois-jours-de-gourmandises-cote-de-place-marche-a-saint-die\/#article\",\"isPartOf\":{\"@id\":\"https:\/\/vosgesinfo.fr\/remiremontinfo\/2022\/09\/fig-trois-jours-de-gourmandises-cote-de-place-marche-a-saint-die\/\"},\"author\":{\"name\":\"C D\",\"@id\":\"https:\/\/vosgesinfo.fr\/remiremontinfo\/#\/schema\/person\/3bfd164d5218a185b1db68655a265316\"},\"headline\":\"FIG \u2013 Trois jours de gourmandises du c\u00f4t\u00e9 de la Place du March\u00e9 \u00e0 Saint-Di\u00e9\",\"datePublished\":\"2022-09-30T07:59:56+00:00\",\"dateModified\":\"2022-09-30T07:59:56+00:00\",\"mainEntityOfPage\":{\"@id\":\"https:\/\/vosgesinfo.fr\/remiremontinfo\/2022\/09\/fig-trois-jours-de-gourmandises-cote-de-place-marche-a-saint-die\/\"},\"wordCount\":156,\"commentCount\":0,\"publisher\":{\"@id\":\"https:\/\/vosgesinfo.fr\/remiremontinfo\/#organization\"},\"image\":{\"@id\":\"https:\/\/vosgesinfo.fr\/remiremontinfo\/2022\/09\/fig-trois-jours-de-gourmandises-cote-de-place-marche-a-saint-die\/#primaryimage\"},\"thumbnailUrl\":\"https:\/\/vosgesinfo.fr\/app\/uploads\/sites\/5\/2024\/09\/202209fig-inauguration-place-gourmandise-3.jpg\",\"keywords\":[\"FIG\",\"nourriture\",\"Vosges\"],\"articleSection\":[\"A la Une\",\"Culture\",\"Vosges\"],\"inLanguage\":\"fr-FR\",\"potentialAction\":[{\"@type\":\"CommentAction\",\"name\":\"Comment\",\"target\":[\"https:\/\/vosgesinfo.fr\/remiremontinfo\/2022\/09\/fig-trois-jours-de-gourmandises-cote-de-place-marche-a-saint-die\/#respond\"]}]},{\"@type\":\"WebPage\",\"@id\":\"https:\/\/vosgesinfo.fr\/remiremontinfo\/2022\/09\/fig-trois-jours-de-gourmandises-cote-de-place-marche-a-saint-die\/\",\"url\":\"https:\/\/vosgesinfo.fr\/remiremontinfo\/2022\/09\/fig-trois-jours-de-gourmandises-cote-de-place-marche-a-saint-die\/\",\"name\":\"FIG \u2013 Trois jours de gourmandises du c\u00f4t\u00e9 de la Place du March\u00e9 \u00e0 Saint-Di\u00e9 - Remiremont Info\",\"isPartOf\":{\"@id\":\"https:\/\/vosgesinfo.fr\/remiremontinfo\/#website\"},\"primaryImageOfPage\":{\"@id\":\"https:\/\/vosgesinfo.fr\/remiremontinfo\/2022\/09\/fig-trois-jours-de-gourmandises-cote-de-place-marche-a-saint-die\/#primaryimage\"},\"image\":{\"@id\":\"https:\/\/vosgesinfo.fr\/remiremontinfo\/2022\/09\/fig-trois-jours-de-gourmandises-cote-de-place-marche-a-saint-die\/#primaryimage\"},\"thumbnailUrl\":\"https:\/\/vosgesinfo.fr\/app\/uploads\/sites\/5\/2024\/09\/202209fig-inauguration-place-gourmandise-3.jpg\",\"datePublished\":\"2022-09-30T07:59:56+00:00\",\"dateModified\":\"2022-09-30T07:59:56+00:00\",\"breadcrumb\":{\"@id\":\"https:\/\/vosgesinfo.fr\/remiremontinfo\/2022\/09\/fig-trois-jours-de-gourmandises-cote-de-place-marche-a-saint-die\/#breadcrumb\"},\"inLanguage\":\"fr-FR\",\"potentialAction\":[{\"@type\":\"ReadAction\",\"target\":[\"https:\/\/vosgesinfo.fr\/remiremontinfo\/2022\/09\/fig-trois-jours-de-gourmandises-cote-de-place-marche-a-saint-die\/\"]}]},{\"@type\":\"ImageObject\",\"inLanguage\":\"fr-FR\",\"@id\":\"https:\/\/vosgesinfo.fr\/remiremontinfo\/2022\/09\/fig-trois-jours-de-gourmandises-cote-de-place-marche-a-saint-die\/#primaryimage\",\"url\":\"https:\/\/vosgesinfo.fr\/app\/uploads\/sites\/5\/2024\/09\/202209fig-inauguration-place-gourmandise-3.jpg\",\"contentUrl\":\"https:\/\/vosgesinfo.fr\/app\/uploads\/sites\/5\/2024\/09\/202209fig-inauguration-place-gourmandise-3.jpg\",\"width\":1600,\"height\":1205},{\"@type\":\"BreadcrumbList\",\"@id\":\"https:\/\/vosgesinfo.fr\/remiremontinfo\/2022\/09\/fig-trois-jours-de-gourmandises-cote-de-place-marche-a-saint-die\/#breadcrumb\",\"itemListElement\":[{\"@type\":\"ListItem\",\"position\":1,\"name\":\"Home\",\"item\":\"https:\/\/vosgesinfo.fr\/remiremontinfo\/\"},{\"@type\":\"ListItem\",\"position\":2,\"name\":\"FIG \u2013 Trois jours de gourmandises du c\u00f4t\u00e9 de la Place du March\u00e9 \u00e0 Saint-Di\u00e9\"}]},{\"@type\":\"WebSite\",\"@id\":\"https:\/\/vosgesinfo.fr\/remiremontinfo\/#website\",\"url\":\"https:\/\/vosgesinfo.fr\/remiremontinfo\/\",\"name\":\"Remiremont Info\",\"description\":\"Toute l&#039;actualit\u00e9 de Remiremont\",\"publisher\":{\"@id\":\"https:\/\/vosgesinfo.fr\/remiremontinfo\/#organization\"},\"alternateName\":\"Toute l'actualit\u00e9 de Remiremont\",\"potentialAction\":[{\"@type\":\"SearchAction\",\"target\":{\"@type\":\"EntryPoint\",\"urlTemplate\":\"https:\/\/vosgesinfo.fr\/remiremontinfo\/?s={search_term_string}\"},\"query-input\":\"required name=search_term_string\"}],\"inLanguage\":\"fr-FR\"},{\"@type\":\"Organization\",\"@id\":\"https:\/\/vosgesinfo.fr\/remiremontinfo\/#organization\",\"name\":\"Remiremont Info\",\"url\":\"https:\/\/vosgesinfo.fr\/remiremontinfo\/\",\"logo\":{\"@type\":\"ImageObject\",\"inLanguage\":\"fr-FR\",\"@id\":\"https:\/\/vosgesinfo.fr\/remiremontinfo\/#\/schema\/logo\/image\/\",\"url\":\"https:\/\/vosgesinfo.fr\/app\/uploads\/sites\/5\/2023\/08\/favicon-remiremontinfo.png\",\"contentUrl\":\"https:\/\/vosgesinfo.fr\/app\/uploads\/sites\/5\/2023\/08\/favicon-remiremontinfo.png\",\"width\":512,\"height\":512,\"caption\":\"Remiremont Info\"},\"image\":{\"@id\":\"https:\/\/vosgesinfo.fr\/remiremontinfo\/#\/schema\/logo\/image\/\"},\"sameAs\":[\"https:\/\/www.facebook.com\/remiremontinfo\",\"https:\/\/x.com\/VosgesInfo88\",\"https:\/\/www.youtube.com\/@vosgesinfo\"]},{\"@type\":\"Person\",\"@id\":\"https:\/\/vosgesinfo.fr\/remiremontinfo\/#\/schema\/person\/3bfd164d5218a185b1db68655a265316\",\"name\":\"C D\",\"image\":{\"@type\":\"ImageObject\",\"inLanguage\":\"fr-FR\",\"@id\":\"https:\/\/vosgesinfo.fr\/remiremontinfo\/#\/schema\/person\/image\/\",\"url\":\"https:\/\/secure.gravatar.com\/avatar\/1f9a70007336511a47468b8f1c66f922b8b7cf617b02a31149ada43893a5d48f?s=96&d=mm&r=g\",\"contentUrl\":\"https:\/\/secure.gravatar.com\/avatar\/1f9a70007336511a47468b8f1c66f922b8b7cf617b02a31149ada43893a5d48f?s=96&d=mm&r=g\",\"caption\":\"C D\"},\"url\":\"https:\/\/vosgesinfo.fr\/remiremontinfo\/author\/cedric-drevet\/\"}]}<\/script>\n<!-- \/ Yoast SEO plugin. -->","yoast_head_json":{"title":"FIG \u2013 Trois jours de gourmandises du c\u00f4t\u00e9 de la Place du March\u00e9 \u00e0 Saint-Di\u00e9 - Remiremont Info","robots":{"index":"index","follow":"follow","max-snippet":"max-snippet:-1","max-image-preview":"max-image-preview:large","max-video-preview":"max-video-preview:-1"},"canonical":"https:\/\/vosgesinfo.fr\/remiremontinfo\/2022\/09\/fig-trois-jours-de-gourmandises-cote-de-place-marche-a-saint-die\/","twitter_card":"summary_large_image","twitter_title":"FIG \u2013 Trois jours de gourmandises du c\u00f4t\u00e9 de la Place du March\u00e9 \u00e0 Saint-Di\u00e9 - Remiremont Info","twitter_description":"Cela fait maintenant plusieurs \u00e9ditions du Festival International de G\u00e9ographie de Saint-Di\u00e9-des-Vosges que le Salon de la Gastronomie a d\u00e9m\u00e9nag\u00e9 [&hellip;]","twitter_image":"https:\/\/vosgesinfo.fr\/app\/uploads\/sites\/5\/2024\/09\/202209fig-inauguration-place-gourmandise-3.jpg","twitter_creator":"@VosgesInfo88","twitter_site":"@VosgesInfo88","twitter_misc":{"\u00c9crit par":"C D","Dur\u00e9e de lecture estim\u00e9e":"1 minute"},"schema":{"@context":"https:\/\/schema.org","@graph":[{"@type":"Article","@id":"https:\/\/vosgesinfo.fr\/remiremontinfo\/2022\/09\/fig-trois-jours-de-gourmandises-cote-de-place-marche-a-saint-die\/#article","isPartOf":{"@id":"https:\/\/vosgesinfo.fr\/remiremontinfo\/2022\/09\/fig-trois-jours-de-gourmandises-cote-de-place-marche-a-saint-die\/"},"author":{"name":"C D","@id":"https:\/\/vosgesinfo.fr\/remiremontinfo\/#\/schema\/person\/3bfd164d5218a185b1db68655a265316"},"headline":"FIG \u2013 Trois jours de gourmandises du c\u00f4t\u00e9 de la Place du March\u00e9 \u00e0 Saint-Di\u00e9","datePublished":"2022-09-30T07:59:56+00:00","dateModified":"2022-09-30T07:59:56+00:00","mainEntityOfPage":{"@id":"https:\/\/vosgesinfo.fr\/remiremontinfo\/2022\/09\/fig-trois-jours-de-gourmandises-cote-de-place-marche-a-saint-die\/"},"wordCount":156,"commentCount":0,"publisher":{"@id":"https:\/\/vosgesinfo.fr\/remiremontinfo\/#organization"},"image":{"@id":"https:\/\/vosgesinfo.fr\/remiremontinfo\/2022\/09\/fig-trois-jours-de-gourmandises-cote-de-place-marche-a-saint-die\/#primaryimage"},"thumbnailUrl":"https:\/\/vosgesinfo.fr\/app\/uploads\/sites\/5\/2024\/09\/202209fig-inauguration-place-gourmandise-3.jpg","keywords":["FIG","nourriture","Vosges"],"articleSection":["A la Une","Culture","Vosges"],"inLanguage":"fr-FR","potentialAction":[{"@type":"CommentAction","name":"Comment","target":["https:\/\/vosgesinfo.fr\/remiremontinfo\/2022\/09\/fig-trois-jours-de-gourmandises-cote-de-place-marche-a-saint-die\/#respond"]}]},{"@type":"WebPage","@id":"https:\/\/vosgesinfo.fr\/remiremontinfo\/2022\/09\/fig-trois-jours-de-gourmandises-cote-de-place-marche-a-saint-die\/","url":"https:\/\/vosgesinfo.fr\/remiremontinfo\/2022\/09\/fig-trois-jours-de-gourmandises-cote-de-place-marche-a-saint-die\/","name":"FIG \u2013 Trois jours de gourmandises du c\u00f4t\u00e9 de la Place du March\u00e9 \u00e0 Saint-Di\u00e9 - Remiremont Info","isPartOf":{"@id":"https:\/\/vosgesinfo.fr\/remiremontinfo\/#website"},"primaryImageOfPage":{"@id":"https:\/\/vosgesinfo.fr\/remiremontinfo\/2022\/09\/fig-trois-jours-de-gourmandises-cote-de-place-marche-a-saint-die\/#primaryimage"},"image":{"@id":"https:\/\/vosgesinfo.fr\/remiremontinfo\/2022\/09\/fig-trois-jours-de-gourmandises-cote-de-place-marche-a-saint-die\/#primaryimage"},"thumbnailUrl":"https:\/\/vosgesinfo.fr\/app\/uploads\/sites\/5\/2024\/09\/202209fig-inauguration-place-gourmandise-3.jpg","datePublished":"2022-09-30T07:59:56+00:00","dateModified":"2022-09-30T07:59:56+00:00","breadcrumb":{"@id":"https:\/\/vosgesinfo.fr\/remiremontinfo\/2022\/09\/fig-trois-jours-de-gourmandises-cote-de-place-marche-a-saint-die\/#breadcrumb"},"inLanguage":"fr-FR","potentialAction":[{"@type":"ReadAction","target":["https:\/\/vosgesinfo.fr\/remiremontinfo\/2022\/09\/fig-trois-jours-de-gourmandises-cote-de-place-marche-a-saint-die\/"]}]},{"@type":"ImageObject","inLanguage":"fr-FR","@id":"https:\/\/vosgesinfo.fr\/remiremontinfo\/2022\/09\/fig-trois-jours-de-gourmandises-cote-de-place-marche-a-saint-die\/#primaryimage","url":"https:\/\/vosgesinfo.fr\/app\/uploads\/sites\/5\/2024\/09\/202209fig-inauguration-place-gourmandise-3.jpg","contentUrl":"https:\/\/vosgesinfo.fr\/app\/uploads\/sites\/5\/2024\/09\/202209fig-inauguration-place-gourmandise-3.jpg","width":1600,"height":1205},{"@type":"BreadcrumbList","@id":"https:\/\/vosgesinfo.fr\/remiremontinfo\/2022\/09\/fig-trois-jours-de-gourmandises-cote-de-place-marche-a-saint-die\/#breadcrumb","itemListElement":[{"@type":"ListItem","position":1,"name":"Home","item":"https:\/\/vosgesinfo.fr\/remiremontinfo\/"},{"@type":"ListItem","position":2,"name":"FIG \u2013 Trois jours de gourmandises du c\u00f4t\u00e9 de la Place du March\u00e9 \u00e0 Saint-Di\u00e9"}]},{"@type":"WebSite","@id":"https:\/\/vosgesinfo.fr\/remiremontinfo\/#website","url":"https:\/\/vosgesinfo.fr\/remiremontinfo\/","name":"Remiremont Info","description":"Toute l&#039;actualit\u00e9 de Remiremont","publisher":{"@id":"https:\/\/vosgesinfo.fr\/remiremontinfo\/#organization"},"alternateName":"Toute l'actualit\u00e9 de Remiremont","potentialAction":[{"@type":"SearchAction","target":{"@type":"EntryPoint","urlTemplate":"https:\/\/vosgesinfo.fr\/remiremontinfo\/?s={search_term_string}"},"query-input":"required name=search_term_string"}],"inLanguage":"fr-FR"},{"@type":"Organization","@id":"https:\/\/vosgesinfo.fr\/remiremontinfo\/#organization","name":"Remiremont Info","url":"https:\/\/vosgesinfo.fr\/remiremontinfo\/","logo":{"@type":"ImageObject","inLanguage":"fr-FR","@id":"https:\/\/vosgesinfo.fr\/remiremontinfo\/#\/schema\/logo\/image\/","url":"https:\/\/vosgesinfo.fr\/app\/uploads\/sites\/5\/2023\/08\/favicon-remiremontinfo.png","contentUrl":"https:\/\/vosgesinfo.fr\/app\/uploads\/sites\/5\/2023\/08\/favicon-remiremontinfo.png","width":512,"height":512,"caption":"Remiremont Info"},"image":{"@id":"https:\/\/vosgesinfo.fr\/remiremontinfo\/#\/schema\/logo\/image\/"},"sameAs":["https:\/\/www.facebook.com\/remiremontinfo","https:\/\/x.com\/VosgesInfo88","https:\/\/www.youtube.com\/@vosgesinfo"]},{"@type":"Person","@id":"https:\/\/vosgesinfo.fr\/remiremontinfo\/#\/schema\/person\/3bfd164d5218a185b1db68655a265316","name":"C D","image":{"@type":"ImageObject","inLanguage":"fr-FR","@id":"https:\/\/vosgesinfo.fr\/remiremontinfo\/#\/schema\/person\/image\/","url":"https:\/\/secure.gravatar.com\/avatar\/1f9a70007336511a47468b8f1c66f922b8b7cf617b02a31149ada43893a5d48f?s=96&d=mm&r=g","contentUrl":"https:\/\/secure.gravatar.com\/avatar\/1f9a70007336511a47468b8f1c66f922b8b7cf617b02a31149ada43893a5d48f?s=96&d=mm&r=g","caption":"C D"},"url":"https:\/\/vosgesinfo.fr\/remiremontinfo\/author\/cedric-drevet\/"}]}},"_links":{"self":[{"href":"https:\/\/vosgesinfo.fr\/remiremontinfo\/wp-json\/wp\/v2\/posts\/62774","targetHints":{"allow":["GET"]}}],"collection":[{"href":"https:\/\/vosgesinfo.fr\/remiremontinfo\/wp-json\/wp\/v2\/posts"}],"about":[{"href":"https:\/\/vosgesinfo.fr\/remiremontinfo\/wp-json\/wp\/v2\/types\/post"}],"author":[{"embeddable":true,"href":"https:\/\/vosgesinfo.fr\/remiremontinfo\/wp-json\/wp\/v2\/users\/407"}],"replies":[{"embeddable":true,"href":"https:\/\/vosgesinfo.fr\/remiremontinfo\/wp-json\/wp\/v2\/comments?post=62774"}],"version-history":[{"count":0,"href":"https:\/\/vosgesinfo.fr\/remiremontinfo\/wp-json\/wp\/v2\/posts\/62774\/revisions"}],"wp:featuredmedia":[{"embeddable":true,"href":"https:\/\/vosgesinfo.fr\/remiremontinfo\/wp-json\/wp\/v2\/media\/62775"}],"wp:attachment":[{"href":"https:\/\/vosgesinfo.fr\/remiremontinfo\/wp-json\/wp\/v2\/media?parent=62774"}],"wp:term":[{"taxonomy":"category","embeddable":true,"href":"https:\/\/vosgesinfo.fr\/remiremontinfo\/wp-json\/wp\/v2\/categories?post=62774"},{"taxonomy":"post_tag","embeddable":true,"href":"https:\/\/vosgesinfo.fr\/remiremontinfo\/wp-json\/wp\/v2\/tags?post=62774"}],"curies":[{"name":"wp","href":"https:\/\/api.w.org\/{rel}","templated":true}]}}