{"id":62776,"date":"2022-09-30T10:11:11","date_gmt":"2022-09-30T08:11:11","guid":{"rendered":"https:\/\/vosgesinfo.fr\/remiremontinfo\/2022\/09\/remiremont-rencontre-villes-moyennes-grand-theme-de-jeunesse\/"},"modified":"2022-09-30T10:11:11","modified_gmt":"2022-09-30T08:11:11","slug":"remiremont-rencontre-villes-moyennes-grand-theme-de-jeunesse","status":"publish","type":"post","link":"https:\/\/vosgesinfo.fr\/remiremontinfo\/2022\/09\/remiremont-rencontre-villes-moyennes-grand-theme-de-jeunesse\/","title":{"rendered":"Remiremont\u00a0: une rencontre des villes moyennes du Grand-Est sur le th\u00e8me de la jeunesse"},"content":{"rendered":"<p><a href=\"\/2022\/09\/DSC_0842.jpg\"><img decoding=\"async\" class=\"alignnone size-large wp-image-354955\" src=\"\/2022\/09\/DSC_0842-1024x790.jpg\" alt=\"DSC_0842\" width=\"960\" height=\"741\" \/><\/a><\/p>\n<h2><span style=\"font-size: 12pt;\"><strong><span style=\"color: #000000;\">L<\/span><span style=\"color: #000000;\">a commune de Remiremont, avec le soutien de la R\u00e9gion Grand Est, organise et accueille ce samedi 1er octobre, \u00e0 partir de 9h, au Centre Culturel Gilbert Zaug, une rencontre d\u00e9di\u00e9e aux villes de 5 000 \u00e0 50 000 habitants autour de la Jeunesse. Cette initiative exp\u00e9rimentale rassemblera des \u00e9lus et de nombreux institutionnels.<\/span><\/strong><\/span><\/h2>\n<p><span style=\"color: #000000;\">Cette rencontre prendre l<\/span><span style=\"color: #000000;\">a forme de tables rondes sur les th\u00e9matiques de la Culture, de l\u2019Engagement et de la Communication. Une personnalit\u00e9 d\u2019envergure nationale animera cette rencontre en la personne de Fr\u00e9d\u00e9ric Dabi, directeur de l\u2019IFOP et auteur de l\u2019ouvrage \u00ab\u00a0La Fracture\u00a0\u00bb. <em>\u00ab\u00a0<\/em><\/span><em><span style=\"color: #000000;\">L<\/span><\/em><span style=\"color: #000000;\"><em>\u2019id\u00e9e, c\u2019est d\u2019organiser une journ\u00e9e li\u00e9e aux politiques jeunesse\u00a0\u00bb<\/em>, <\/span><span style=\"color: #000000;\">explique le maire Jean Beno\u00eet Tisserand. <\/span><span style=\"color: #000000;\"><em>\u00ab\u00a0On aura samedi plusieurs communes de Champagne Ardennes, de Lorraine, d\u2019Alsace\u00a0\u00bb.<\/em> <\/span><span style=\"color: #000000;\">U<\/span><span style=\"color: #000000;\">ne vingtaine de communes issues, <\/span><span style=\"color: #000000;\">donc, <\/span><span style=\"color: #000000;\">des trois r\u00e9gions historiques composant le Grand-Es<\/span><span style=\"color: #000000;\">t. Chacun fera la <\/span><span style=\"color: #000000;\">pr\u00e9sentation de projets concernant la jeuness<\/span><span style=\"color: #000000;\">e. L\u2019objectif est de <em>\u00ab t<\/em><\/span><span style=\"color: #000000;\"><em>rouver des id\u00e9es fortes et des d\u00e9marches inspirantes\u00a0\u00bb<\/em>, <\/span><span style=\"color: #000000;\">explique <\/span><span style=\"color: #000000;\">Daniel N\u2019D<\/span><span style=\"color: #000000;\">ao, conseiller municipal. <\/span><span style=\"color: #000000;\">Un grand <\/span><em><span style=\"color: #000000;\">\u00ab\u00a0<\/span><span style=\"color: #000000;\">p<\/span><span style=\"color: #000000;\">artage d\u2019exp\u00e9rience\u00a0\u00bb. \u00ab\u00a0On prend le temps de co-construire cette politique jeunesse\u00a0\u00bb. <\/span><\/em><span style=\"color: #000000;\">Quatre<\/span><span style=\"color: #000000;\"> jeunes talents prim\u00e9s pour leurs initiatives dans les secteurs de l\u2019environnement, de l\u2019art et de l\u2019entreprenariat <\/span><span style=\"color: #000000;\">prendront \u00e9galement la parole. <\/span><\/p>\n<p>&nbsp;<\/p>\n<p>&nbsp;<\/p>\n","protected":false},"excerpt":{"rendered":"<p>La commune de Remiremont, avec le soutien de la R\u00e9gion Grand Est, organise et accueille ce samedi 1er octobre, \u00e0 [&hellip;]<\/p>\n","protected":false},"author":407,"featured_media":62777,"comment_status":"open","ping_status":"open","sticky":false,"template":"","format":"standard","meta":{"footnotes":""},"categories":[26,10,1556,35],"tags":[],"class_list":["post-62776","post","type-post","status-publish","format-standard","has-post-thumbnail","hentry","category-a-la-une","category-politique","category-remiremont-remiremont-son-canton-2","category-remiremont-son-canton"],"acf":[],"yoast_head":"<!-- This site is optimized with the Yoast SEO plugin v22.5 - https:\/\/yoast.com\/wordpress\/plugins\/seo\/ -->\n<title>Remiremont\u00a0: une rencontre des villes moyennes du Grand-Est sur le th\u00e8me de la jeunesse - Remiremont Info<\/title>\n<meta name=\"robots\" content=\"index, follow, max-snippet:-1, max-image-preview:large, max-video-preview:-1\" \/>\n<link rel=\"canonical\" href=\"https:\/\/vosgesinfo.fr\/remiremontinfo\/2022\/09\/remiremont-rencontre-villes-moyennes-grand-theme-de-jeunesse\/\" \/>\n<meta name=\"twitter:card\" content=\"summary_large_image\" \/>\n<meta name=\"twitter:title\" content=\"Remiremont\u00a0: une rencontre des villes moyennes du Grand-Est sur le th\u00e8me de la jeunesse - Remiremont Info\" \/>\n<meta name=\"twitter:description\" content=\"La commune de Remiremont, avec le soutien de la R\u00e9gion Grand Est, organise et accueille ce samedi 1er octobre, \u00e0 [&hellip;]\" \/>\n<meta name=\"twitter:image\" content=\"https:\/\/vosgesinfo.fr\/app\/uploads\/sites\/5\/2024\/09\/202209dsc-0842.jpg\" \/>\n<meta name=\"twitter:creator\" content=\"@VosgesInfo88\" \/>\n<meta name=\"twitter:site\" content=\"@VosgesInfo88\" \/>\n<meta name=\"twitter:label1\" content=\"\u00c9crit par\" \/>\n\t<meta name=\"twitter:data1\" content=\"C D\" \/>\n\t<meta name=\"twitter:label2\" content=\"Dur\u00e9e de lecture estim\u00e9e\" \/>\n\t<meta name=\"twitter:data2\" content=\"1 minute\" \/>\n<script type=\"application\/ld+json\" class=\"yoast-schema-graph\">{\"@context\":\"https:\/\/schema.org\",\"@graph\":[{\"@type\":\"Article\",\"@id\":\"https:\/\/vosgesinfo.fr\/remiremontinfo\/2022\/09\/remiremont-rencontre-villes-moyennes-grand-theme-de-jeunesse\/#article\",\"isPartOf\":{\"@id\":\"https:\/\/vosgesinfo.fr\/remiremontinfo\/2022\/09\/remiremont-rencontre-villes-moyennes-grand-theme-de-jeunesse\/\"},\"author\":{\"name\":\"C D\",\"@id\":\"https:\/\/vosgesinfo.fr\/remiremontinfo\/#\/schema\/person\/3bfd164d5218a185b1db68655a265316\"},\"headline\":\"Remiremont\u00a0: une rencontre des villes moyennes du Grand-Est sur le th\u00e8me de la jeunesse\",\"datePublished\":\"2022-09-30T08:11:11+00:00\",\"dateModified\":\"2022-09-30T08:11:11+00:00\",\"mainEntityOfPage\":{\"@id\":\"https:\/\/vosgesinfo.fr\/remiremontinfo\/2022\/09\/remiremont-rencontre-villes-moyennes-grand-theme-de-jeunesse\/\"},\"wordCount\":244,\"commentCount\":0,\"publisher\":{\"@id\":\"https:\/\/vosgesinfo.fr\/remiremontinfo\/#organization\"},\"image\":{\"@id\":\"https:\/\/vosgesinfo.fr\/remiremontinfo\/2022\/09\/remiremont-rencontre-villes-moyennes-grand-theme-de-jeunesse\/#primaryimage\"},\"thumbnailUrl\":\"https:\/\/vosgesinfo.fr\/app\/uploads\/sites\/5\/2024\/09\/202209dsc-0842.jpg\",\"articleSection\":[\"A la Une\",\"Politique\",\"Remiremont\",\"Remiremont &amp; son canton\"],\"inLanguage\":\"fr-FR\",\"potentialAction\":[{\"@type\":\"CommentAction\",\"name\":\"Comment\",\"target\":[\"https:\/\/vosgesinfo.fr\/remiremontinfo\/2022\/09\/remiremont-rencontre-villes-moyennes-grand-theme-de-jeunesse\/#respond\"]}]},{\"@type\":\"WebPage\",\"@id\":\"https:\/\/vosgesinfo.fr\/remiremontinfo\/2022\/09\/remiremont-rencontre-villes-moyennes-grand-theme-de-jeunesse\/\",\"url\":\"https:\/\/vosgesinfo.fr\/remiremontinfo\/2022\/09\/remiremont-rencontre-villes-moyennes-grand-theme-de-jeunesse\/\",\"name\":\"Remiremont\u00a0: une rencontre des villes moyennes du Grand-Est sur le th\u00e8me de la jeunesse - Remiremont Info\",\"isPartOf\":{\"@id\":\"https:\/\/vosgesinfo.fr\/remiremontinfo\/#website\"},\"primaryImageOfPage\":{\"@id\":\"https:\/\/vosgesinfo.fr\/remiremontinfo\/2022\/09\/remiremont-rencontre-villes-moyennes-grand-theme-de-jeunesse\/#primaryimage\"},\"image\":{\"@id\":\"https:\/\/vosgesinfo.fr\/remiremontinfo\/2022\/09\/remiremont-rencontre-villes-moyennes-grand-theme-de-jeunesse\/#primaryimage\"},\"thumbnailUrl\":\"https:\/\/vosgesinfo.fr\/app\/uploads\/sites\/5\/2024\/09\/202209dsc-0842.jpg\",\"datePublished\":\"2022-09-30T08:11:11+00:00\",\"dateModified\":\"2022-09-30T08:11:11+00:00\",\"breadcrumb\":{\"@id\":\"https:\/\/vosgesinfo.fr\/remiremontinfo\/2022\/09\/remiremont-rencontre-villes-moyennes-grand-theme-de-jeunesse\/#breadcrumb\"},\"inLanguage\":\"fr-FR\",\"potentialAction\":[{\"@type\":\"ReadAction\",\"target\":[\"https:\/\/vosgesinfo.fr\/remiremontinfo\/2022\/09\/remiremont-rencontre-villes-moyennes-grand-theme-de-jeunesse\/\"]}]},{\"@type\":\"ImageObject\",\"inLanguage\":\"fr-FR\",\"@id\":\"https:\/\/vosgesinfo.fr\/remiremontinfo\/2022\/09\/remiremont-rencontre-villes-moyennes-grand-theme-de-jeunesse\/#primaryimage\",\"url\":\"https:\/\/vosgesinfo.fr\/app\/uploads\/sites\/5\/2024\/09\/202209dsc-0842.jpg\",\"contentUrl\":\"https:\/\/vosgesinfo.fr\/app\/uploads\/sites\/5\/2024\/09\/202209dsc-0842.jpg\",\"width\":1600,\"height\":1234},{\"@type\":\"BreadcrumbList\",\"@id\":\"https:\/\/vosgesinfo.fr\/remiremontinfo\/2022\/09\/remiremont-rencontre-villes-moyennes-grand-theme-de-jeunesse\/#breadcrumb\",\"itemListElement\":[{\"@type\":\"ListItem\",\"position\":1,\"name\":\"Home\",\"item\":\"https:\/\/vosgesinfo.fr\/remiremontinfo\/\"},{\"@type\":\"ListItem\",\"position\":2,\"name\":\"Remiremont\u00a0: une rencontre des villes moyennes du Grand-Est sur le th\u00e8me de la jeunesse\"}]},{\"@type\":\"WebSite\",\"@id\":\"https:\/\/vosgesinfo.fr\/remiremontinfo\/#website\",\"url\":\"https:\/\/vosgesinfo.fr\/remiremontinfo\/\",\"name\":\"Remiremont Info\",\"description\":\"Toute l&#039;actualit\u00e9 de Remiremont\",\"publisher\":{\"@id\":\"https:\/\/vosgesinfo.fr\/remiremontinfo\/#organization\"},\"alternateName\":\"Toute l'actualit\u00e9 de Remiremont\",\"potentialAction\":[{\"@type\":\"SearchAction\",\"target\":{\"@type\":\"EntryPoint\",\"urlTemplate\":\"https:\/\/vosgesinfo.fr\/remiremontinfo\/?s={search_term_string}\"},\"query-input\":\"required name=search_term_string\"}],\"inLanguage\":\"fr-FR\"},{\"@type\":\"Organization\",\"@id\":\"https:\/\/vosgesinfo.fr\/remiremontinfo\/#organization\",\"name\":\"Remiremont Info\",\"url\":\"https:\/\/vosgesinfo.fr\/remiremontinfo\/\",\"logo\":{\"@type\":\"ImageObject\",\"inLanguage\":\"fr-FR\",\"@id\":\"https:\/\/vosgesinfo.fr\/remiremontinfo\/#\/schema\/logo\/image\/\",\"url\":\"https:\/\/vosgesinfo.fr\/app\/uploads\/sites\/5\/2023\/08\/favicon-remiremontinfo.png\",\"contentUrl\":\"https:\/\/vosgesinfo.fr\/app\/uploads\/sites\/5\/2023\/08\/favicon-remiremontinfo.png\",\"width\":512,\"height\":512,\"caption\":\"Remiremont Info\"},\"image\":{\"@id\":\"https:\/\/vosgesinfo.fr\/remiremontinfo\/#\/schema\/logo\/image\/\"},\"sameAs\":[\"https:\/\/www.facebook.com\/remiremontinfo\",\"https:\/\/x.com\/VosgesInfo88\",\"https:\/\/www.youtube.com\/@vosgesinfo\"]},{\"@type\":\"Person\",\"@id\":\"https:\/\/vosgesinfo.fr\/remiremontinfo\/#\/schema\/person\/3bfd164d5218a185b1db68655a265316\",\"name\":\"C D\",\"image\":{\"@type\":\"ImageObject\",\"inLanguage\":\"fr-FR\",\"@id\":\"https:\/\/vosgesinfo.fr\/remiremontinfo\/#\/schema\/person\/image\/\",\"url\":\"https:\/\/secure.gravatar.com\/avatar\/1f9a70007336511a47468b8f1c66f922b8b7cf617b02a31149ada43893a5d48f?s=96&d=mm&r=g\",\"contentUrl\":\"https:\/\/secure.gravatar.com\/avatar\/1f9a70007336511a47468b8f1c66f922b8b7cf617b02a31149ada43893a5d48f?s=96&d=mm&r=g\",\"caption\":\"C D\"},\"url\":\"https:\/\/vosgesinfo.fr\/remiremontinfo\/author\/cedric-drevet\/\"}]}<\/script>\n<!-- \/ Yoast SEO plugin. -->","yoast_head_json":{"title":"Remiremont\u00a0: une rencontre des villes moyennes du Grand-Est sur le th\u00e8me de la jeunesse - Remiremont Info","robots":{"index":"index","follow":"follow","max-snippet":"max-snippet:-1","max-image-preview":"max-image-preview:large","max-video-preview":"max-video-preview:-1"},"canonical":"https:\/\/vosgesinfo.fr\/remiremontinfo\/2022\/09\/remiremont-rencontre-villes-moyennes-grand-theme-de-jeunesse\/","twitter_card":"summary_large_image","twitter_title":"Remiremont\u00a0: une rencontre des villes moyennes du Grand-Est sur le th\u00e8me de la jeunesse - Remiremont Info","twitter_description":"La commune de Remiremont, avec le soutien de la R\u00e9gion Grand Est, organise et accueille ce samedi 1er octobre, \u00e0 [&hellip;]","twitter_image":"https:\/\/vosgesinfo.fr\/app\/uploads\/sites\/5\/2024\/09\/202209dsc-0842.jpg","twitter_creator":"@VosgesInfo88","twitter_site":"@VosgesInfo88","twitter_misc":{"\u00c9crit par":"C D","Dur\u00e9e de lecture estim\u00e9e":"1 minute"},"schema":{"@context":"https:\/\/schema.org","@graph":[{"@type":"Article","@id":"https:\/\/vosgesinfo.fr\/remiremontinfo\/2022\/09\/remiremont-rencontre-villes-moyennes-grand-theme-de-jeunesse\/#article","isPartOf":{"@id":"https:\/\/vosgesinfo.fr\/remiremontinfo\/2022\/09\/remiremont-rencontre-villes-moyennes-grand-theme-de-jeunesse\/"},"author":{"name":"C D","@id":"https:\/\/vosgesinfo.fr\/remiremontinfo\/#\/schema\/person\/3bfd164d5218a185b1db68655a265316"},"headline":"Remiremont\u00a0: une rencontre des villes moyennes du Grand-Est sur le th\u00e8me de la jeunesse","datePublished":"2022-09-30T08:11:11+00:00","dateModified":"2022-09-30T08:11:11+00:00","mainEntityOfPage":{"@id":"https:\/\/vosgesinfo.fr\/remiremontinfo\/2022\/09\/remiremont-rencontre-villes-moyennes-grand-theme-de-jeunesse\/"},"wordCount":244,"commentCount":0,"publisher":{"@id":"https:\/\/vosgesinfo.fr\/remiremontinfo\/#organization"},"image":{"@id":"https:\/\/vosgesinfo.fr\/remiremontinfo\/2022\/09\/remiremont-rencontre-villes-moyennes-grand-theme-de-jeunesse\/#primaryimage"},"thumbnailUrl":"https:\/\/vosgesinfo.fr\/app\/uploads\/sites\/5\/2024\/09\/202209dsc-0842.jpg","articleSection":["A la Une","Politique","Remiremont","Remiremont &amp; son canton"],"inLanguage":"fr-FR","potentialAction":[{"@type":"CommentAction","name":"Comment","target":["https:\/\/vosgesinfo.fr\/remiremontinfo\/2022\/09\/remiremont-rencontre-villes-moyennes-grand-theme-de-jeunesse\/#respond"]}]},{"@type":"WebPage","@id":"https:\/\/vosgesinfo.fr\/remiremontinfo\/2022\/09\/remiremont-rencontre-villes-moyennes-grand-theme-de-jeunesse\/","url":"https:\/\/vosgesinfo.fr\/remiremontinfo\/2022\/09\/remiremont-rencontre-villes-moyennes-grand-theme-de-jeunesse\/","name":"Remiremont\u00a0: une rencontre des villes moyennes du Grand-Est sur le th\u00e8me de la jeunesse - Remiremont Info","isPartOf":{"@id":"https:\/\/vosgesinfo.fr\/remiremontinfo\/#website"},"primaryImageOfPage":{"@id":"https:\/\/vosgesinfo.fr\/remiremontinfo\/2022\/09\/remiremont-rencontre-villes-moyennes-grand-theme-de-jeunesse\/#primaryimage"},"image":{"@id":"https:\/\/vosgesinfo.fr\/remiremontinfo\/2022\/09\/remiremont-rencontre-villes-moyennes-grand-theme-de-jeunesse\/#primaryimage"},"thumbnailUrl":"https:\/\/vosgesinfo.fr\/app\/uploads\/sites\/5\/2024\/09\/202209dsc-0842.jpg","datePublished":"2022-09-30T08:11:11+00:00","dateModified":"2022-09-30T08:11:11+00:00","breadcrumb":{"@id":"https:\/\/vosgesinfo.fr\/remiremontinfo\/2022\/09\/remiremont-rencontre-villes-moyennes-grand-theme-de-jeunesse\/#breadcrumb"},"inLanguage":"fr-FR","potentialAction":[{"@type":"ReadAction","target":["https:\/\/vosgesinfo.fr\/remiremontinfo\/2022\/09\/remiremont-rencontre-villes-moyennes-grand-theme-de-jeunesse\/"]}]},{"@type":"ImageObject","inLanguage":"fr-FR","@id":"https:\/\/vosgesinfo.fr\/remiremontinfo\/2022\/09\/remiremont-rencontre-villes-moyennes-grand-theme-de-jeunesse\/#primaryimage","url":"https:\/\/vosgesinfo.fr\/app\/uploads\/sites\/5\/2024\/09\/202209dsc-0842.jpg","contentUrl":"https:\/\/vosgesinfo.fr\/app\/uploads\/sites\/5\/2024\/09\/202209dsc-0842.jpg","width":1600,"height":1234},{"@type":"BreadcrumbList","@id":"https:\/\/vosgesinfo.fr\/remiremontinfo\/2022\/09\/remiremont-rencontre-villes-moyennes-grand-theme-de-jeunesse\/#breadcrumb","itemListElement":[{"@type":"ListItem","position":1,"name":"Home","item":"https:\/\/vosgesinfo.fr\/remiremontinfo\/"},{"@type":"ListItem","position":2,"name":"Remiremont\u00a0: une rencontre des villes moyennes du Grand-Est sur le th\u00e8me de la jeunesse"}]},{"@type":"WebSite","@id":"https:\/\/vosgesinfo.fr\/remiremontinfo\/#website","url":"https:\/\/vosgesinfo.fr\/remiremontinfo\/","name":"Remiremont Info","description":"Toute l&#039;actualit\u00e9 de Remiremont","publisher":{"@id":"https:\/\/vosgesinfo.fr\/remiremontinfo\/#organization"},"alternateName":"Toute l'actualit\u00e9 de Remiremont","potentialAction":[{"@type":"SearchAction","target":{"@type":"EntryPoint","urlTemplate":"https:\/\/vosgesinfo.fr\/remiremontinfo\/?s={search_term_string}"},"query-input":"required name=search_term_string"}],"inLanguage":"fr-FR"},{"@type":"Organization","@id":"https:\/\/vosgesinfo.fr\/remiremontinfo\/#organization","name":"Remiremont Info","url":"https:\/\/vosgesinfo.fr\/remiremontinfo\/","logo":{"@type":"ImageObject","inLanguage":"fr-FR","@id":"https:\/\/vosgesinfo.fr\/remiremontinfo\/#\/schema\/logo\/image\/","url":"https:\/\/vosgesinfo.fr\/app\/uploads\/sites\/5\/2023\/08\/favicon-remiremontinfo.png","contentUrl":"https:\/\/vosgesinfo.fr\/app\/uploads\/sites\/5\/2023\/08\/favicon-remiremontinfo.png","width":512,"height":512,"caption":"Remiremont Info"},"image":{"@id":"https:\/\/vosgesinfo.fr\/remiremontinfo\/#\/schema\/logo\/image\/"},"sameAs":["https:\/\/www.facebook.com\/remiremontinfo","https:\/\/x.com\/VosgesInfo88","https:\/\/www.youtube.com\/@vosgesinfo"]},{"@type":"Person","@id":"https:\/\/vosgesinfo.fr\/remiremontinfo\/#\/schema\/person\/3bfd164d5218a185b1db68655a265316","name":"C D","image":{"@type":"ImageObject","inLanguage":"fr-FR","@id":"https:\/\/vosgesinfo.fr\/remiremontinfo\/#\/schema\/person\/image\/","url":"https:\/\/secure.gravatar.com\/avatar\/1f9a70007336511a47468b8f1c66f922b8b7cf617b02a31149ada43893a5d48f?s=96&d=mm&r=g","contentUrl":"https:\/\/secure.gravatar.com\/avatar\/1f9a70007336511a47468b8f1c66f922b8b7cf617b02a31149ada43893a5d48f?s=96&d=mm&r=g","caption":"C D"},"url":"https:\/\/vosgesinfo.fr\/remiremontinfo\/author\/cedric-drevet\/"}]}},"_links":{"self":[{"href":"https:\/\/vosgesinfo.fr\/remiremontinfo\/wp-json\/wp\/v2\/posts\/62776","targetHints":{"allow":["GET"]}}],"collection":[{"href":"https:\/\/vosgesinfo.fr\/remiremontinfo\/wp-json\/wp\/v2\/posts"}],"about":[{"href":"https:\/\/vosgesinfo.fr\/remiremontinfo\/wp-json\/wp\/v2\/types\/post"}],"author":[{"embeddable":true,"href":"https:\/\/vosgesinfo.fr\/remiremontinfo\/wp-json\/wp\/v2\/users\/407"}],"replies":[{"embeddable":true,"href":"https:\/\/vosgesinfo.fr\/remiremontinfo\/wp-json\/wp\/v2\/comments?post=62776"}],"version-history":[{"count":0,"href":"https:\/\/vosgesinfo.fr\/remiremontinfo\/wp-json\/wp\/v2\/posts\/62776\/revisions"}],"wp:featuredmedia":[{"embeddable":true,"href":"https:\/\/vosgesinfo.fr\/remiremontinfo\/wp-json\/wp\/v2\/media\/62777"}],"wp:attachment":[{"href":"https:\/\/vosgesinfo.fr\/remiremontinfo\/wp-json\/wp\/v2\/media?parent=62776"}],"wp:term":[{"taxonomy":"category","embeddable":true,"href":"https:\/\/vosgesinfo.fr\/remiremontinfo\/wp-json\/wp\/v2\/categories?post=62776"},{"taxonomy":"post_tag","embeddable":true,"href":"https:\/\/vosgesinfo.fr\/remiremontinfo\/wp-json\/wp\/v2\/tags?post=62776"}],"curies":[{"name":"wp","href":"https:\/\/api.w.org\/{rel}","templated":true}]}}