{"id":62798,"date":"2022-10-01T08:49:50","date_gmt":"2022-10-01T06:49:50","guid":{"rendered":"https:\/\/vosgesinfo.fr\/remiremontinfo\/2022\/10\/40-sapeurs-pompiers-mobilises-incendie-a-saint-die-samedi-matin\/"},"modified":"2022-10-01T08:49:50","modified_gmt":"2022-10-01T06:49:50","slug":"40-sapeurs-pompiers-mobilises-incendie-a-saint-die-samedi-matin","status":"publish","type":"post","link":"https:\/\/vosgesinfo.fr\/remiremontinfo\/2022\/10\/40-sapeurs-pompiers-mobilises-incendie-a-saint-die-samedi-matin\/","title":{"rendered":"40 sapeurs-pompiers mobilis\u00e9s sur un incendie \u00e0 Saint-Di\u00e9 ce samedi matin"},"content":{"rendered":"<h2><strong>Il \u00e9tait 7h30 ce samedi matin lorsque 40 sapeurs-pompiers de Saint-Di\u00e9-des-Vosges, Senones, Anould et Epinal, sont intervenus sous le commandement du capitaine Fournier rue de la Gare \u00e0 Saint-Di\u00e9-des-Vosges, o\u00f9 un incendie s\u2019est d\u00e9clar\u00e9 dans un appartement du deuxi\u00e8me \u00e9tage d\u2019un immeuble collectif.<\/strong><\/h2>\n<p>Le feu est rapidement mont\u00e9 jusqu\u2019aux combles du b\u00e2timent, avec une cin\u00e9tique tr\u00e8s verticale. La difficult\u00e9 pour les soldats du feu a \u00e9t\u00e9 d\u2019intervenir, car la petite cour o\u00f9 se trouve l\u2019immeuble n\u2019est pas accessibles aux engins de secours. L\u2019incendie \u00e9tait ma\u00eetris\u00e9 sur les coups de 9h, et aucun bless\u00e9 n\u2019est \u00e0 d\u00e9plorer. Quelques locataires ont \u00e9t\u00e9 incommod\u00e9s par les d\u00e9gagements de fum\u00e9es, mais sans que cela ne n\u00e9cessite des examens m\u00e9dicaux. 11 personnes vont \u00eatre relog\u00e9es.<\/p>\n<p>J.J.<\/p>\n","protected":false},"excerpt":{"rendered":"<p>Il \u00e9tait 7h30 ce samedi matin lorsque 40 sapeurs-pompiers de Saint-Di\u00e9-des-Vosges, Senones, Anould et Epinal, sont intervenus sous le commandement [&hellip;]<\/p>\n","protected":false},"author":407,"featured_media":62799,"comment_status":"open","ping_status":"open","sticky":false,"template":"","format":"standard","meta":{"footnotes":""},"categories":[26,8,18],"tags":[289,2449,32],"class_list":["post-62798","post","type-post","status-publish","format-standard","has-post-thumbnail","hentry","category-a-la-une","category-faits-divers","category-vosges","tag-incendie","tag-saint-die","tag-vosges"],"acf":[],"yoast_head":"<!-- This site is optimized with the Yoast SEO plugin v22.5 - https:\/\/yoast.com\/wordpress\/plugins\/seo\/ -->\n<title>40 sapeurs-pompiers mobilis\u00e9s sur un incendie \u00e0 Saint-Di\u00e9 ce samedi matin - Remiremont Info<\/title>\n<meta name=\"robots\" content=\"index, follow, max-snippet:-1, max-image-preview:large, max-video-preview:-1\" \/>\n<link rel=\"canonical\" href=\"https:\/\/vosgesinfo.fr\/remiremontinfo\/2022\/10\/40-sapeurs-pompiers-mobilises-incendie-a-saint-die-samedi-matin\/\" \/>\n<meta name=\"twitter:card\" content=\"summary_large_image\" \/>\n<meta name=\"twitter:title\" content=\"40 sapeurs-pompiers mobilis\u00e9s sur un incendie \u00e0 Saint-Di\u00e9 ce samedi matin - Remiremont Info\" \/>\n<meta name=\"twitter:description\" content=\"Il \u00e9tait 7h30 ce samedi matin lorsque 40 sapeurs-pompiers de Saint-Di\u00e9-des-Vosges, Senones, Anould et Epinal, sont intervenus sous le commandement [&hellip;]\" \/>\n<meta name=\"twitter:image\" content=\"https:\/\/vosgesinfo.fr\/app\/uploads\/sites\/5\/2024\/09\/202210incendie-rue-de-la-gare-7-1024x771-1.jpg\" \/>\n<meta name=\"twitter:creator\" content=\"@VosgesInfo88\" \/>\n<meta name=\"twitter:site\" content=\"@VosgesInfo88\" \/>\n<meta name=\"twitter:label1\" content=\"\u00c9crit par\" \/>\n\t<meta name=\"twitter:data1\" content=\"C D\" \/>\n\t<meta name=\"twitter:label2\" content=\"Dur\u00e9e de lecture estim\u00e9e\" \/>\n\t<meta name=\"twitter:data2\" content=\"1 minute\" \/>\n<script type=\"application\/ld+json\" class=\"yoast-schema-graph\">{\"@context\":\"https:\/\/schema.org\",\"@graph\":[{\"@type\":\"Article\",\"@id\":\"https:\/\/vosgesinfo.fr\/remiremontinfo\/2022\/10\/40-sapeurs-pompiers-mobilises-incendie-a-saint-die-samedi-matin\/#article\",\"isPartOf\":{\"@id\":\"https:\/\/vosgesinfo.fr\/remiremontinfo\/2022\/10\/40-sapeurs-pompiers-mobilises-incendie-a-saint-die-samedi-matin\/\"},\"author\":{\"name\":\"C D\",\"@id\":\"https:\/\/vosgesinfo.fr\/remiremontinfo\/#\/schema\/person\/3bfd164d5218a185b1db68655a265316\"},\"headline\":\"40 sapeurs-pompiers mobilis\u00e9s sur un incendie \u00e0 Saint-Di\u00e9 ce samedi matin\",\"datePublished\":\"2022-10-01T06:49:50+00:00\",\"dateModified\":\"2022-10-01T06:49:50+00:00\",\"mainEntityOfPage\":{\"@id\":\"https:\/\/vosgesinfo.fr\/remiremontinfo\/2022\/10\/40-sapeurs-pompiers-mobilises-incendie-a-saint-die-samedi-matin\/\"},\"wordCount\":151,\"commentCount\":0,\"publisher\":{\"@id\":\"https:\/\/vosgesinfo.fr\/remiremontinfo\/#organization\"},\"image\":{\"@id\":\"https:\/\/vosgesinfo.fr\/remiremontinfo\/2022\/10\/40-sapeurs-pompiers-mobilises-incendie-a-saint-die-samedi-matin\/#primaryimage\"},\"thumbnailUrl\":\"https:\/\/vosgesinfo.fr\/app\/uploads\/sites\/5\/2024\/09\/202210incendie-rue-de-la-gare-7-1024x771-1.jpg\",\"keywords\":[\"incendie\",\"Saint-Di\u00e9\",\"Vosges\"],\"articleSection\":[\"A la Une\",\"Faits-divers\",\"Vosges\"],\"inLanguage\":\"fr-FR\",\"potentialAction\":[{\"@type\":\"CommentAction\",\"name\":\"Comment\",\"target\":[\"https:\/\/vosgesinfo.fr\/remiremontinfo\/2022\/10\/40-sapeurs-pompiers-mobilises-incendie-a-saint-die-samedi-matin\/#respond\"]}]},{\"@type\":\"WebPage\",\"@id\":\"https:\/\/vosgesinfo.fr\/remiremontinfo\/2022\/10\/40-sapeurs-pompiers-mobilises-incendie-a-saint-die-samedi-matin\/\",\"url\":\"https:\/\/vosgesinfo.fr\/remiremontinfo\/2022\/10\/40-sapeurs-pompiers-mobilises-incendie-a-saint-die-samedi-matin\/\",\"name\":\"40 sapeurs-pompiers mobilis\u00e9s sur un incendie \u00e0 Saint-Di\u00e9 ce samedi matin - Remiremont Info\",\"isPartOf\":{\"@id\":\"https:\/\/vosgesinfo.fr\/remiremontinfo\/#website\"},\"primaryImageOfPage\":{\"@id\":\"https:\/\/vosgesinfo.fr\/remiremontinfo\/2022\/10\/40-sapeurs-pompiers-mobilises-incendie-a-saint-die-samedi-matin\/#primaryimage\"},\"image\":{\"@id\":\"https:\/\/vosgesinfo.fr\/remiremontinfo\/2022\/10\/40-sapeurs-pompiers-mobilises-incendie-a-saint-die-samedi-matin\/#primaryimage\"},\"thumbnailUrl\":\"https:\/\/vosgesinfo.fr\/app\/uploads\/sites\/5\/2024\/09\/202210incendie-rue-de-la-gare-7-1024x771-1.jpg\",\"datePublished\":\"2022-10-01T06:49:50+00:00\",\"dateModified\":\"2022-10-01T06:49:50+00:00\",\"breadcrumb\":{\"@id\":\"https:\/\/vosgesinfo.fr\/remiremontinfo\/2022\/10\/40-sapeurs-pompiers-mobilises-incendie-a-saint-die-samedi-matin\/#breadcrumb\"},\"inLanguage\":\"fr-FR\",\"potentialAction\":[{\"@type\":\"ReadAction\",\"target\":[\"https:\/\/vosgesinfo.fr\/remiremontinfo\/2022\/10\/40-sapeurs-pompiers-mobilises-incendie-a-saint-die-samedi-matin\/\"]}]},{\"@type\":\"ImageObject\",\"inLanguage\":\"fr-FR\",\"@id\":\"https:\/\/vosgesinfo.fr\/remiremontinfo\/2022\/10\/40-sapeurs-pompiers-mobilises-incendie-a-saint-die-samedi-matin\/#primaryimage\",\"url\":\"https:\/\/vosgesinfo.fr\/app\/uploads\/sites\/5\/2024\/09\/202210incendie-rue-de-la-gare-7-1024x771-1.jpg\",\"contentUrl\":\"https:\/\/vosgesinfo.fr\/app\/uploads\/sites\/5\/2024\/09\/202210incendie-rue-de-la-gare-7-1024x771-1.jpg\",\"width\":1024,\"height\":771},{\"@type\":\"BreadcrumbList\",\"@id\":\"https:\/\/vosgesinfo.fr\/remiremontinfo\/2022\/10\/40-sapeurs-pompiers-mobilises-incendie-a-saint-die-samedi-matin\/#breadcrumb\",\"itemListElement\":[{\"@type\":\"ListItem\",\"position\":1,\"name\":\"Home\",\"item\":\"https:\/\/vosgesinfo.fr\/remiremontinfo\/\"},{\"@type\":\"ListItem\",\"position\":2,\"name\":\"40 sapeurs-pompiers mobilis\u00e9s sur un incendie \u00e0 Saint-Di\u00e9 ce samedi matin\"}]},{\"@type\":\"WebSite\",\"@id\":\"https:\/\/vosgesinfo.fr\/remiremontinfo\/#website\",\"url\":\"https:\/\/vosgesinfo.fr\/remiremontinfo\/\",\"name\":\"Remiremont Info\",\"description\":\"Toute l&#039;actualit\u00e9 de Remiremont\",\"publisher\":{\"@id\":\"https:\/\/vosgesinfo.fr\/remiremontinfo\/#organization\"},\"alternateName\":\"Toute l'actualit\u00e9 de Remiremont\",\"potentialAction\":[{\"@type\":\"SearchAction\",\"target\":{\"@type\":\"EntryPoint\",\"urlTemplate\":\"https:\/\/vosgesinfo.fr\/remiremontinfo\/?s={search_term_string}\"},\"query-input\":\"required name=search_term_string\"}],\"inLanguage\":\"fr-FR\"},{\"@type\":\"Organization\",\"@id\":\"https:\/\/vosgesinfo.fr\/remiremontinfo\/#organization\",\"name\":\"Remiremont Info\",\"url\":\"https:\/\/vosgesinfo.fr\/remiremontinfo\/\",\"logo\":{\"@type\":\"ImageObject\",\"inLanguage\":\"fr-FR\",\"@id\":\"https:\/\/vosgesinfo.fr\/remiremontinfo\/#\/schema\/logo\/image\/\",\"url\":\"https:\/\/vosgesinfo.fr\/app\/uploads\/sites\/5\/2023\/08\/favicon-remiremontinfo.png\",\"contentUrl\":\"https:\/\/vosgesinfo.fr\/app\/uploads\/sites\/5\/2023\/08\/favicon-remiremontinfo.png\",\"width\":512,\"height\":512,\"caption\":\"Remiremont Info\"},\"image\":{\"@id\":\"https:\/\/vosgesinfo.fr\/remiremontinfo\/#\/schema\/logo\/image\/\"},\"sameAs\":[\"https:\/\/www.facebook.com\/remiremontinfo\",\"https:\/\/x.com\/VosgesInfo88\",\"https:\/\/www.youtube.com\/@vosgesinfo\"]},{\"@type\":\"Person\",\"@id\":\"https:\/\/vosgesinfo.fr\/remiremontinfo\/#\/schema\/person\/3bfd164d5218a185b1db68655a265316\",\"name\":\"C D\",\"image\":{\"@type\":\"ImageObject\",\"inLanguage\":\"fr-FR\",\"@id\":\"https:\/\/vosgesinfo.fr\/remiremontinfo\/#\/schema\/person\/image\/\",\"url\":\"https:\/\/secure.gravatar.com\/avatar\/1f9a70007336511a47468b8f1c66f922b8b7cf617b02a31149ada43893a5d48f?s=96&d=mm&r=g\",\"contentUrl\":\"https:\/\/secure.gravatar.com\/avatar\/1f9a70007336511a47468b8f1c66f922b8b7cf617b02a31149ada43893a5d48f?s=96&d=mm&r=g\",\"caption\":\"C D\"},\"url\":\"https:\/\/vosgesinfo.fr\/remiremontinfo\/author\/cedric-drevet\/\"}]}<\/script>\n<!-- \/ Yoast SEO plugin. -->","yoast_head_json":{"title":"40 sapeurs-pompiers mobilis\u00e9s sur un incendie \u00e0 Saint-Di\u00e9 ce samedi matin - Remiremont Info","robots":{"index":"index","follow":"follow","max-snippet":"max-snippet:-1","max-image-preview":"max-image-preview:large","max-video-preview":"max-video-preview:-1"},"canonical":"https:\/\/vosgesinfo.fr\/remiremontinfo\/2022\/10\/40-sapeurs-pompiers-mobilises-incendie-a-saint-die-samedi-matin\/","twitter_card":"summary_large_image","twitter_title":"40 sapeurs-pompiers mobilis\u00e9s sur un incendie \u00e0 Saint-Di\u00e9 ce samedi matin - Remiremont Info","twitter_description":"Il \u00e9tait 7h30 ce samedi matin lorsque 40 sapeurs-pompiers de Saint-Di\u00e9-des-Vosges, Senones, Anould et Epinal, sont intervenus sous le commandement [&hellip;]","twitter_image":"https:\/\/vosgesinfo.fr\/app\/uploads\/sites\/5\/2024\/09\/202210incendie-rue-de-la-gare-7-1024x771-1.jpg","twitter_creator":"@VosgesInfo88","twitter_site":"@VosgesInfo88","twitter_misc":{"\u00c9crit par":"C D","Dur\u00e9e de lecture estim\u00e9e":"1 minute"},"schema":{"@context":"https:\/\/schema.org","@graph":[{"@type":"Article","@id":"https:\/\/vosgesinfo.fr\/remiremontinfo\/2022\/10\/40-sapeurs-pompiers-mobilises-incendie-a-saint-die-samedi-matin\/#article","isPartOf":{"@id":"https:\/\/vosgesinfo.fr\/remiremontinfo\/2022\/10\/40-sapeurs-pompiers-mobilises-incendie-a-saint-die-samedi-matin\/"},"author":{"name":"C D","@id":"https:\/\/vosgesinfo.fr\/remiremontinfo\/#\/schema\/person\/3bfd164d5218a185b1db68655a265316"},"headline":"40 sapeurs-pompiers mobilis\u00e9s sur un incendie \u00e0 Saint-Di\u00e9 ce samedi matin","datePublished":"2022-10-01T06:49:50+00:00","dateModified":"2022-10-01T06:49:50+00:00","mainEntityOfPage":{"@id":"https:\/\/vosgesinfo.fr\/remiremontinfo\/2022\/10\/40-sapeurs-pompiers-mobilises-incendie-a-saint-die-samedi-matin\/"},"wordCount":151,"commentCount":0,"publisher":{"@id":"https:\/\/vosgesinfo.fr\/remiremontinfo\/#organization"},"image":{"@id":"https:\/\/vosgesinfo.fr\/remiremontinfo\/2022\/10\/40-sapeurs-pompiers-mobilises-incendie-a-saint-die-samedi-matin\/#primaryimage"},"thumbnailUrl":"https:\/\/vosgesinfo.fr\/app\/uploads\/sites\/5\/2024\/09\/202210incendie-rue-de-la-gare-7-1024x771-1.jpg","keywords":["incendie","Saint-Di\u00e9","Vosges"],"articleSection":["A la Une","Faits-divers","Vosges"],"inLanguage":"fr-FR","potentialAction":[{"@type":"CommentAction","name":"Comment","target":["https:\/\/vosgesinfo.fr\/remiremontinfo\/2022\/10\/40-sapeurs-pompiers-mobilises-incendie-a-saint-die-samedi-matin\/#respond"]}]},{"@type":"WebPage","@id":"https:\/\/vosgesinfo.fr\/remiremontinfo\/2022\/10\/40-sapeurs-pompiers-mobilises-incendie-a-saint-die-samedi-matin\/","url":"https:\/\/vosgesinfo.fr\/remiremontinfo\/2022\/10\/40-sapeurs-pompiers-mobilises-incendie-a-saint-die-samedi-matin\/","name":"40 sapeurs-pompiers mobilis\u00e9s sur un incendie \u00e0 Saint-Di\u00e9 ce samedi matin - Remiremont Info","isPartOf":{"@id":"https:\/\/vosgesinfo.fr\/remiremontinfo\/#website"},"primaryImageOfPage":{"@id":"https:\/\/vosgesinfo.fr\/remiremontinfo\/2022\/10\/40-sapeurs-pompiers-mobilises-incendie-a-saint-die-samedi-matin\/#primaryimage"},"image":{"@id":"https:\/\/vosgesinfo.fr\/remiremontinfo\/2022\/10\/40-sapeurs-pompiers-mobilises-incendie-a-saint-die-samedi-matin\/#primaryimage"},"thumbnailUrl":"https:\/\/vosgesinfo.fr\/app\/uploads\/sites\/5\/2024\/09\/202210incendie-rue-de-la-gare-7-1024x771-1.jpg","datePublished":"2022-10-01T06:49:50+00:00","dateModified":"2022-10-01T06:49:50+00:00","breadcrumb":{"@id":"https:\/\/vosgesinfo.fr\/remiremontinfo\/2022\/10\/40-sapeurs-pompiers-mobilises-incendie-a-saint-die-samedi-matin\/#breadcrumb"},"inLanguage":"fr-FR","potentialAction":[{"@type":"ReadAction","target":["https:\/\/vosgesinfo.fr\/remiremontinfo\/2022\/10\/40-sapeurs-pompiers-mobilises-incendie-a-saint-die-samedi-matin\/"]}]},{"@type":"ImageObject","inLanguage":"fr-FR","@id":"https:\/\/vosgesinfo.fr\/remiremontinfo\/2022\/10\/40-sapeurs-pompiers-mobilises-incendie-a-saint-die-samedi-matin\/#primaryimage","url":"https:\/\/vosgesinfo.fr\/app\/uploads\/sites\/5\/2024\/09\/202210incendie-rue-de-la-gare-7-1024x771-1.jpg","contentUrl":"https:\/\/vosgesinfo.fr\/app\/uploads\/sites\/5\/2024\/09\/202210incendie-rue-de-la-gare-7-1024x771-1.jpg","width":1024,"height":771},{"@type":"BreadcrumbList","@id":"https:\/\/vosgesinfo.fr\/remiremontinfo\/2022\/10\/40-sapeurs-pompiers-mobilises-incendie-a-saint-die-samedi-matin\/#breadcrumb","itemListElement":[{"@type":"ListItem","position":1,"name":"Home","item":"https:\/\/vosgesinfo.fr\/remiremontinfo\/"},{"@type":"ListItem","position":2,"name":"40 sapeurs-pompiers mobilis\u00e9s sur un incendie \u00e0 Saint-Di\u00e9 ce samedi matin"}]},{"@type":"WebSite","@id":"https:\/\/vosgesinfo.fr\/remiremontinfo\/#website","url":"https:\/\/vosgesinfo.fr\/remiremontinfo\/","name":"Remiremont Info","description":"Toute l&#039;actualit\u00e9 de Remiremont","publisher":{"@id":"https:\/\/vosgesinfo.fr\/remiremontinfo\/#organization"},"alternateName":"Toute l'actualit\u00e9 de Remiremont","potentialAction":[{"@type":"SearchAction","target":{"@type":"EntryPoint","urlTemplate":"https:\/\/vosgesinfo.fr\/remiremontinfo\/?s={search_term_string}"},"query-input":"required name=search_term_string"}],"inLanguage":"fr-FR"},{"@type":"Organization","@id":"https:\/\/vosgesinfo.fr\/remiremontinfo\/#organization","name":"Remiremont Info","url":"https:\/\/vosgesinfo.fr\/remiremontinfo\/","logo":{"@type":"ImageObject","inLanguage":"fr-FR","@id":"https:\/\/vosgesinfo.fr\/remiremontinfo\/#\/schema\/logo\/image\/","url":"https:\/\/vosgesinfo.fr\/app\/uploads\/sites\/5\/2023\/08\/favicon-remiremontinfo.png","contentUrl":"https:\/\/vosgesinfo.fr\/app\/uploads\/sites\/5\/2023\/08\/favicon-remiremontinfo.png","width":512,"height":512,"caption":"Remiremont Info"},"image":{"@id":"https:\/\/vosgesinfo.fr\/remiremontinfo\/#\/schema\/logo\/image\/"},"sameAs":["https:\/\/www.facebook.com\/remiremontinfo","https:\/\/x.com\/VosgesInfo88","https:\/\/www.youtube.com\/@vosgesinfo"]},{"@type":"Person","@id":"https:\/\/vosgesinfo.fr\/remiremontinfo\/#\/schema\/person\/3bfd164d5218a185b1db68655a265316","name":"C D","image":{"@type":"ImageObject","inLanguage":"fr-FR","@id":"https:\/\/vosgesinfo.fr\/remiremontinfo\/#\/schema\/person\/image\/","url":"https:\/\/secure.gravatar.com\/avatar\/1f9a70007336511a47468b8f1c66f922b8b7cf617b02a31149ada43893a5d48f?s=96&d=mm&r=g","contentUrl":"https:\/\/secure.gravatar.com\/avatar\/1f9a70007336511a47468b8f1c66f922b8b7cf617b02a31149ada43893a5d48f?s=96&d=mm&r=g","caption":"C D"},"url":"https:\/\/vosgesinfo.fr\/remiremontinfo\/author\/cedric-drevet\/"}]}},"_links":{"self":[{"href":"https:\/\/vosgesinfo.fr\/remiremontinfo\/wp-json\/wp\/v2\/posts\/62798","targetHints":{"allow":["GET"]}}],"collection":[{"href":"https:\/\/vosgesinfo.fr\/remiremontinfo\/wp-json\/wp\/v2\/posts"}],"about":[{"href":"https:\/\/vosgesinfo.fr\/remiremontinfo\/wp-json\/wp\/v2\/types\/post"}],"author":[{"embeddable":true,"href":"https:\/\/vosgesinfo.fr\/remiremontinfo\/wp-json\/wp\/v2\/users\/407"}],"replies":[{"embeddable":true,"href":"https:\/\/vosgesinfo.fr\/remiremontinfo\/wp-json\/wp\/v2\/comments?post=62798"}],"version-history":[{"count":0,"href":"https:\/\/vosgesinfo.fr\/remiremontinfo\/wp-json\/wp\/v2\/posts\/62798\/revisions"}],"wp:featuredmedia":[{"embeddable":true,"href":"https:\/\/vosgesinfo.fr\/remiremontinfo\/wp-json\/wp\/v2\/media\/62799"}],"wp:attachment":[{"href":"https:\/\/vosgesinfo.fr\/remiremontinfo\/wp-json\/wp\/v2\/media?parent=62798"}],"wp:term":[{"taxonomy":"category","embeddable":true,"href":"https:\/\/vosgesinfo.fr\/remiremontinfo\/wp-json\/wp\/v2\/categories?post=62798"},{"taxonomy":"post_tag","embeddable":true,"href":"https:\/\/vosgesinfo.fr\/remiremontinfo\/wp-json\/wp\/v2\/tags?post=62798"}],"curies":[{"name":"wp","href":"https:\/\/api.w.org\/{rel}","templated":true}]}}