{"id":62802,"date":"2022-10-01T09:47:34","date_gmt":"2022-10-01T07:47:34","guid":{"rendered":"https:\/\/vosgesinfo.fr\/remiremontinfo\/2022\/10\/video-larmes-rire-festival-a-se-tordre-de-rire\/"},"modified":"2022-10-01T09:47:34","modified_gmt":"2022-10-01T07:47:34","slug":"video-larmes-rire-festival-a-se-tordre-de-rire","status":"publish","type":"post","link":"https:\/\/vosgesinfo.fr\/remiremontinfo\/2022\/10\/video-larmes-rire-festival-a-se-tordre-de-rire\/","title":{"rendered":"VIDEO \u2013 Les larmes du rire : un festival \u00e0 se tordre de rire !"},"content":{"rendered":"<h2 class=\"abstract\">Les larmes vont encore couler\u00a0! Les Larmes du rire, c\u2019est 11 jours, 13 spectacles et une programmation toujours diversifi\u00e9e. Le top d\u00e9part de l\u2019\u00e9dition 2022 a \u00e9t\u00e9 donn\u00e9 ce vendredi 30 septembre, au centre des congr\u00e8s d\u2019Epinal, avec le duo belge\u00a0<strong>Elastic &amp; Francesca<\/strong>\u00a0qui proposait un spectacle circassien, entre humour performances physiques.<\/h2>\n<p><i><a href=\"https:\/\/epinalinfos.fr\/wp-content\/uploads\/2022\/10\/larmes-du-rire-epinal-24.jpg\" data-featherlight=\"image\"><img decoding=\"async\" class=\"alignleft size-medium wp-image-208582\" src=\"https:\/\/epinalinfos.fr\/wp-content\/uploads\/2022\/10\/larmes-du-rire-epinal-24-340x255.jpg\" alt=\"larmes-du-rire-epinal (24)\" width=\"340\" height=\"255\" \/><\/a>\u00ab\u00a0Aux Larmes du Rire, il y a toujours des nouveaut\u00e9s, mais il y a aussi des artistes fid\u00e8les.\u00a0\u00bb<\/i>\u00a0commente\u00a0la directrice du festival, Isabelle Sartori.<i>\u00a0<\/i>L\u2019humour se veut multiple : burlesque, d\u00e9cal\u00e9 et absurde !\u00a0\u00ab\u00a0Les Larmes du Rire\u00a0\u00bb est un festival de th\u00e9\u00e2tre burlesque organis\u00e9 par la Ville d\u2019Epinal depuis 39 ans. L\u2019\u00e9dition 2022 a d\u00e9but\u00e9 ce vendredi soir au centre des congr\u00e8s d\u2019Epinal.\u00a0En ce d\u00e9but d\u2019automne, Les Larmes du Rire donnent du baume au c\u0153ur avec pas moins de 13 spectacles r\u00e9partis sur 11 jours.<\/p>\n<h3>Le duo belge\u00a0Elastic &amp; Francesca :\u00a0entre humour performances physiques<\/h3>\n<p>Sa programmation est vari\u00e9e avec du\u00a0th\u00e9\u00e2tre d\u00e9cal\u00e9, du th\u00e9\u00e2tre absurde, spectac<\/p>\n","protected":false},"excerpt":{"rendered":"<p>Les larmes vont encore couler\u00a0! Les Larmes du rire, c\u2019est 11 jours, 13 spectacles et une programmation toujours diversifi\u00e9e. Le [&hellip;]<\/p>\n","protected":false},"author":407,"featured_media":62803,"comment_status":"open","ping_status":"open","sticky":false,"template":"","format":"standard","meta":{"footnotes":""},"categories":[26,54,18],"tags":[4762,55,32],"class_list":["post-62802","post","type-post","status-publish","format-standard","has-post-thumbnail","hentry","category-a-la-une","category-loisirs","category-vosges","tag-larmes-du-rire","tag-loisirs","tag-vosges"],"acf":[],"yoast_head":"<!-- This site is optimized with the Yoast SEO plugin v22.5 - https:\/\/yoast.com\/wordpress\/plugins\/seo\/ -->\n<title>VIDEO \u2013 Les larmes du rire : un festival \u00e0 se tordre de rire ! - Remiremont Info<\/title>\n<meta name=\"robots\" content=\"index, follow, max-snippet:-1, max-image-preview:large, max-video-preview:-1\" \/>\n<link rel=\"canonical\" href=\"https:\/\/vosgesinfo.fr\/remiremontinfo\/2022\/10\/video-larmes-rire-festival-a-se-tordre-de-rire\/\" \/>\n<meta name=\"twitter:card\" content=\"summary_large_image\" \/>\n<meta name=\"twitter:title\" content=\"VIDEO \u2013 Les larmes du rire : un festival \u00e0 se tordre de rire ! - Remiremont Info\" \/>\n<meta name=\"twitter:description\" content=\"Les larmes vont encore couler\u00a0! Les Larmes du rire, c\u2019est 11 jours, 13 spectacles et une programmation toujours diversifi\u00e9e. Le [&hellip;]\" \/>\n<meta name=\"twitter:image\" content=\"https:\/\/vosgesinfo.fr\/app\/uploads\/sites\/5\/2024\/09\/202210larmes-du-rire-epinal-17.jpg\" \/>\n<meta name=\"twitter:creator\" content=\"@VosgesInfo88\" \/>\n<meta name=\"twitter:site\" content=\"@VosgesInfo88\" \/>\n<meta name=\"twitter:label1\" content=\"\u00c9crit par\" \/>\n\t<meta name=\"twitter:data1\" content=\"C D\" \/>\n\t<meta name=\"twitter:label2\" content=\"Dur\u00e9e de lecture estim\u00e9e\" \/>\n\t<meta name=\"twitter:data2\" content=\"1 minute\" \/>\n<script type=\"application\/ld+json\" class=\"yoast-schema-graph\">{\"@context\":\"https:\/\/schema.org\",\"@graph\":[{\"@type\":\"Article\",\"@id\":\"https:\/\/vosgesinfo.fr\/remiremontinfo\/2022\/10\/video-larmes-rire-festival-a-se-tordre-de-rire\/#article\",\"isPartOf\":{\"@id\":\"https:\/\/vosgesinfo.fr\/remiremontinfo\/2022\/10\/video-larmes-rire-festival-a-se-tordre-de-rire\/\"},\"author\":{\"name\":\"C D\",\"@id\":\"https:\/\/vosgesinfo.fr\/remiremontinfo\/#\/schema\/person\/3bfd164d5218a185b1db68655a265316\"},\"headline\":\"VIDEO \u2013 Les larmes du rire : un festival \u00e0 se tordre de rire !\",\"datePublished\":\"2022-10-01T07:47:34+00:00\",\"dateModified\":\"2022-10-01T07:47:34+00:00\",\"mainEntityOfPage\":{\"@id\":\"https:\/\/vosgesinfo.fr\/remiremontinfo\/2022\/10\/video-larmes-rire-festival-a-se-tordre-de-rire\/\"},\"wordCount\":188,\"commentCount\":0,\"publisher\":{\"@id\":\"https:\/\/vosgesinfo.fr\/remiremontinfo\/#organization\"},\"image\":{\"@id\":\"https:\/\/vosgesinfo.fr\/remiremontinfo\/2022\/10\/video-larmes-rire-festival-a-se-tordre-de-rire\/#primaryimage\"},\"thumbnailUrl\":\"https:\/\/vosgesinfo.fr\/app\/uploads\/sites\/5\/2024\/09\/202210larmes-du-rire-epinal-17.jpg\",\"keywords\":[\"larmes du rire\",\"Loisirs\",\"Vosges\"],\"articleSection\":[\"A la Une\",\"Loisirs\",\"Vosges\"],\"inLanguage\":\"fr-FR\",\"potentialAction\":[{\"@type\":\"CommentAction\",\"name\":\"Comment\",\"target\":[\"https:\/\/vosgesinfo.fr\/remiremontinfo\/2022\/10\/video-larmes-rire-festival-a-se-tordre-de-rire\/#respond\"]}]},{\"@type\":\"WebPage\",\"@id\":\"https:\/\/vosgesinfo.fr\/remiremontinfo\/2022\/10\/video-larmes-rire-festival-a-se-tordre-de-rire\/\",\"url\":\"https:\/\/vosgesinfo.fr\/remiremontinfo\/2022\/10\/video-larmes-rire-festival-a-se-tordre-de-rire\/\",\"name\":\"VIDEO \u2013 Les larmes du rire : un festival \u00e0 se tordre de rire ! - Remiremont Info\",\"isPartOf\":{\"@id\":\"https:\/\/vosgesinfo.fr\/remiremontinfo\/#website\"},\"primaryImageOfPage\":{\"@id\":\"https:\/\/vosgesinfo.fr\/remiremontinfo\/2022\/10\/video-larmes-rire-festival-a-se-tordre-de-rire\/#primaryimage\"},\"image\":{\"@id\":\"https:\/\/vosgesinfo.fr\/remiremontinfo\/2022\/10\/video-larmes-rire-festival-a-se-tordre-de-rire\/#primaryimage\"},\"thumbnailUrl\":\"https:\/\/vosgesinfo.fr\/app\/uploads\/sites\/5\/2024\/09\/202210larmes-du-rire-epinal-17.jpg\",\"datePublished\":\"2022-10-01T07:47:34+00:00\",\"dateModified\":\"2022-10-01T07:47:34+00:00\",\"breadcrumb\":{\"@id\":\"https:\/\/vosgesinfo.fr\/remiremontinfo\/2022\/10\/video-larmes-rire-festival-a-se-tordre-de-rire\/#breadcrumb\"},\"inLanguage\":\"fr-FR\",\"potentialAction\":[{\"@type\":\"ReadAction\",\"target\":[\"https:\/\/vosgesinfo.fr\/remiremontinfo\/2022\/10\/video-larmes-rire-festival-a-se-tordre-de-rire\/\"]}]},{\"@type\":\"ImageObject\",\"inLanguage\":\"fr-FR\",\"@id\":\"https:\/\/vosgesinfo.fr\/remiremontinfo\/2022\/10\/video-larmes-rire-festival-a-se-tordre-de-rire\/#primaryimage\",\"url\":\"https:\/\/vosgesinfo.fr\/app\/uploads\/sites\/5\/2024\/09\/202210larmes-du-rire-epinal-17.jpg\",\"contentUrl\":\"https:\/\/vosgesinfo.fr\/app\/uploads\/sites\/5\/2024\/09\/202210larmes-du-rire-epinal-17.jpg\",\"width\":800,\"height\":600},{\"@type\":\"BreadcrumbList\",\"@id\":\"https:\/\/vosgesinfo.fr\/remiremontinfo\/2022\/10\/video-larmes-rire-festival-a-se-tordre-de-rire\/#breadcrumb\",\"itemListElement\":[{\"@type\":\"ListItem\",\"position\":1,\"name\":\"Home\",\"item\":\"https:\/\/vosgesinfo.fr\/remiremontinfo\/\"},{\"@type\":\"ListItem\",\"position\":2,\"name\":\"VIDEO \u2013 Les larmes du rire : un festival \u00e0 se tordre de rire !\"}]},{\"@type\":\"WebSite\",\"@id\":\"https:\/\/vosgesinfo.fr\/remiremontinfo\/#website\",\"url\":\"https:\/\/vosgesinfo.fr\/remiremontinfo\/\",\"name\":\"Remiremont Info\",\"description\":\"Toute l&#039;actualit\u00e9 de Remiremont\",\"publisher\":{\"@id\":\"https:\/\/vosgesinfo.fr\/remiremontinfo\/#organization\"},\"alternateName\":\"Toute l'actualit\u00e9 de Remiremont\",\"potentialAction\":[{\"@type\":\"SearchAction\",\"target\":{\"@type\":\"EntryPoint\",\"urlTemplate\":\"https:\/\/vosgesinfo.fr\/remiremontinfo\/?s={search_term_string}\"},\"query-input\":\"required name=search_term_string\"}],\"inLanguage\":\"fr-FR\"},{\"@type\":\"Organization\",\"@id\":\"https:\/\/vosgesinfo.fr\/remiremontinfo\/#organization\",\"name\":\"Remiremont Info\",\"url\":\"https:\/\/vosgesinfo.fr\/remiremontinfo\/\",\"logo\":{\"@type\":\"ImageObject\",\"inLanguage\":\"fr-FR\",\"@id\":\"https:\/\/vosgesinfo.fr\/remiremontinfo\/#\/schema\/logo\/image\/\",\"url\":\"https:\/\/vosgesinfo.fr\/app\/uploads\/sites\/5\/2023\/08\/favicon-remiremontinfo.png\",\"contentUrl\":\"https:\/\/vosgesinfo.fr\/app\/uploads\/sites\/5\/2023\/08\/favicon-remiremontinfo.png\",\"width\":512,\"height\":512,\"caption\":\"Remiremont Info\"},\"image\":{\"@id\":\"https:\/\/vosgesinfo.fr\/remiremontinfo\/#\/schema\/logo\/image\/\"},\"sameAs\":[\"https:\/\/www.facebook.com\/remiremontinfo\",\"https:\/\/x.com\/VosgesInfo88\",\"https:\/\/www.youtube.com\/@vosgesinfo\"]},{\"@type\":\"Person\",\"@id\":\"https:\/\/vosgesinfo.fr\/remiremontinfo\/#\/schema\/person\/3bfd164d5218a185b1db68655a265316\",\"name\":\"C D\",\"image\":{\"@type\":\"ImageObject\",\"inLanguage\":\"fr-FR\",\"@id\":\"https:\/\/vosgesinfo.fr\/remiremontinfo\/#\/schema\/person\/image\/\",\"url\":\"https:\/\/secure.gravatar.com\/avatar\/1f9a70007336511a47468b8f1c66f922b8b7cf617b02a31149ada43893a5d48f?s=96&d=mm&r=g\",\"contentUrl\":\"https:\/\/secure.gravatar.com\/avatar\/1f9a70007336511a47468b8f1c66f922b8b7cf617b02a31149ada43893a5d48f?s=96&d=mm&r=g\",\"caption\":\"C D\"},\"url\":\"https:\/\/vosgesinfo.fr\/remiremontinfo\/author\/cedric-drevet\/\"}]}<\/script>\n<!-- \/ Yoast SEO plugin. -->","yoast_head_json":{"title":"VIDEO \u2013 Les larmes du rire : un festival \u00e0 se tordre de rire ! - Remiremont Info","robots":{"index":"index","follow":"follow","max-snippet":"max-snippet:-1","max-image-preview":"max-image-preview:large","max-video-preview":"max-video-preview:-1"},"canonical":"https:\/\/vosgesinfo.fr\/remiremontinfo\/2022\/10\/video-larmes-rire-festival-a-se-tordre-de-rire\/","twitter_card":"summary_large_image","twitter_title":"VIDEO \u2013 Les larmes du rire : un festival \u00e0 se tordre de rire ! - Remiremont Info","twitter_description":"Les larmes vont encore couler\u00a0! Les Larmes du rire, c\u2019est 11 jours, 13 spectacles et une programmation toujours diversifi\u00e9e. Le [&hellip;]","twitter_image":"https:\/\/vosgesinfo.fr\/app\/uploads\/sites\/5\/2024\/09\/202210larmes-du-rire-epinal-17.jpg","twitter_creator":"@VosgesInfo88","twitter_site":"@VosgesInfo88","twitter_misc":{"\u00c9crit par":"C D","Dur\u00e9e de lecture estim\u00e9e":"1 minute"},"schema":{"@context":"https:\/\/schema.org","@graph":[{"@type":"Article","@id":"https:\/\/vosgesinfo.fr\/remiremontinfo\/2022\/10\/video-larmes-rire-festival-a-se-tordre-de-rire\/#article","isPartOf":{"@id":"https:\/\/vosgesinfo.fr\/remiremontinfo\/2022\/10\/video-larmes-rire-festival-a-se-tordre-de-rire\/"},"author":{"name":"C D","@id":"https:\/\/vosgesinfo.fr\/remiremontinfo\/#\/schema\/person\/3bfd164d5218a185b1db68655a265316"},"headline":"VIDEO \u2013 Les larmes du rire : un festival \u00e0 se tordre de rire !","datePublished":"2022-10-01T07:47:34+00:00","dateModified":"2022-10-01T07:47:34+00:00","mainEntityOfPage":{"@id":"https:\/\/vosgesinfo.fr\/remiremontinfo\/2022\/10\/video-larmes-rire-festival-a-se-tordre-de-rire\/"},"wordCount":188,"commentCount":0,"publisher":{"@id":"https:\/\/vosgesinfo.fr\/remiremontinfo\/#organization"},"image":{"@id":"https:\/\/vosgesinfo.fr\/remiremontinfo\/2022\/10\/video-larmes-rire-festival-a-se-tordre-de-rire\/#primaryimage"},"thumbnailUrl":"https:\/\/vosgesinfo.fr\/app\/uploads\/sites\/5\/2024\/09\/202210larmes-du-rire-epinal-17.jpg","keywords":["larmes du rire","Loisirs","Vosges"],"articleSection":["A la Une","Loisirs","Vosges"],"inLanguage":"fr-FR","potentialAction":[{"@type":"CommentAction","name":"Comment","target":["https:\/\/vosgesinfo.fr\/remiremontinfo\/2022\/10\/video-larmes-rire-festival-a-se-tordre-de-rire\/#respond"]}]},{"@type":"WebPage","@id":"https:\/\/vosgesinfo.fr\/remiremontinfo\/2022\/10\/video-larmes-rire-festival-a-se-tordre-de-rire\/","url":"https:\/\/vosgesinfo.fr\/remiremontinfo\/2022\/10\/video-larmes-rire-festival-a-se-tordre-de-rire\/","name":"VIDEO \u2013 Les larmes du rire : un festival \u00e0 se tordre de rire ! - Remiremont Info","isPartOf":{"@id":"https:\/\/vosgesinfo.fr\/remiremontinfo\/#website"},"primaryImageOfPage":{"@id":"https:\/\/vosgesinfo.fr\/remiremontinfo\/2022\/10\/video-larmes-rire-festival-a-se-tordre-de-rire\/#primaryimage"},"image":{"@id":"https:\/\/vosgesinfo.fr\/remiremontinfo\/2022\/10\/video-larmes-rire-festival-a-se-tordre-de-rire\/#primaryimage"},"thumbnailUrl":"https:\/\/vosgesinfo.fr\/app\/uploads\/sites\/5\/2024\/09\/202210larmes-du-rire-epinal-17.jpg","datePublished":"2022-10-01T07:47:34+00:00","dateModified":"2022-10-01T07:47:34+00:00","breadcrumb":{"@id":"https:\/\/vosgesinfo.fr\/remiremontinfo\/2022\/10\/video-larmes-rire-festival-a-se-tordre-de-rire\/#breadcrumb"},"inLanguage":"fr-FR","potentialAction":[{"@type":"ReadAction","target":["https:\/\/vosgesinfo.fr\/remiremontinfo\/2022\/10\/video-larmes-rire-festival-a-se-tordre-de-rire\/"]}]},{"@type":"ImageObject","inLanguage":"fr-FR","@id":"https:\/\/vosgesinfo.fr\/remiremontinfo\/2022\/10\/video-larmes-rire-festival-a-se-tordre-de-rire\/#primaryimage","url":"https:\/\/vosgesinfo.fr\/app\/uploads\/sites\/5\/2024\/09\/202210larmes-du-rire-epinal-17.jpg","contentUrl":"https:\/\/vosgesinfo.fr\/app\/uploads\/sites\/5\/2024\/09\/202210larmes-du-rire-epinal-17.jpg","width":800,"height":600},{"@type":"BreadcrumbList","@id":"https:\/\/vosgesinfo.fr\/remiremontinfo\/2022\/10\/video-larmes-rire-festival-a-se-tordre-de-rire\/#breadcrumb","itemListElement":[{"@type":"ListItem","position":1,"name":"Home","item":"https:\/\/vosgesinfo.fr\/remiremontinfo\/"},{"@type":"ListItem","position":2,"name":"VIDEO \u2013 Les larmes du rire : un festival \u00e0 se tordre de rire !"}]},{"@type":"WebSite","@id":"https:\/\/vosgesinfo.fr\/remiremontinfo\/#website","url":"https:\/\/vosgesinfo.fr\/remiremontinfo\/","name":"Remiremont Info","description":"Toute l&#039;actualit\u00e9 de Remiremont","publisher":{"@id":"https:\/\/vosgesinfo.fr\/remiremontinfo\/#organization"},"alternateName":"Toute l'actualit\u00e9 de Remiremont","potentialAction":[{"@type":"SearchAction","target":{"@type":"EntryPoint","urlTemplate":"https:\/\/vosgesinfo.fr\/remiremontinfo\/?s={search_term_string}"},"query-input":"required name=search_term_string"}],"inLanguage":"fr-FR"},{"@type":"Organization","@id":"https:\/\/vosgesinfo.fr\/remiremontinfo\/#organization","name":"Remiremont Info","url":"https:\/\/vosgesinfo.fr\/remiremontinfo\/","logo":{"@type":"ImageObject","inLanguage":"fr-FR","@id":"https:\/\/vosgesinfo.fr\/remiremontinfo\/#\/schema\/logo\/image\/","url":"https:\/\/vosgesinfo.fr\/app\/uploads\/sites\/5\/2023\/08\/favicon-remiremontinfo.png","contentUrl":"https:\/\/vosgesinfo.fr\/app\/uploads\/sites\/5\/2023\/08\/favicon-remiremontinfo.png","width":512,"height":512,"caption":"Remiremont Info"},"image":{"@id":"https:\/\/vosgesinfo.fr\/remiremontinfo\/#\/schema\/logo\/image\/"},"sameAs":["https:\/\/www.facebook.com\/remiremontinfo","https:\/\/x.com\/VosgesInfo88","https:\/\/www.youtube.com\/@vosgesinfo"]},{"@type":"Person","@id":"https:\/\/vosgesinfo.fr\/remiremontinfo\/#\/schema\/person\/3bfd164d5218a185b1db68655a265316","name":"C D","image":{"@type":"ImageObject","inLanguage":"fr-FR","@id":"https:\/\/vosgesinfo.fr\/remiremontinfo\/#\/schema\/person\/image\/","url":"https:\/\/secure.gravatar.com\/avatar\/1f9a70007336511a47468b8f1c66f922b8b7cf617b02a31149ada43893a5d48f?s=96&d=mm&r=g","contentUrl":"https:\/\/secure.gravatar.com\/avatar\/1f9a70007336511a47468b8f1c66f922b8b7cf617b02a31149ada43893a5d48f?s=96&d=mm&r=g","caption":"C D"},"url":"https:\/\/vosgesinfo.fr\/remiremontinfo\/author\/cedric-drevet\/"}]}},"_links":{"self":[{"href":"https:\/\/vosgesinfo.fr\/remiremontinfo\/wp-json\/wp\/v2\/posts\/62802","targetHints":{"allow":["GET"]}}],"collection":[{"href":"https:\/\/vosgesinfo.fr\/remiremontinfo\/wp-json\/wp\/v2\/posts"}],"about":[{"href":"https:\/\/vosgesinfo.fr\/remiremontinfo\/wp-json\/wp\/v2\/types\/post"}],"author":[{"embeddable":true,"href":"https:\/\/vosgesinfo.fr\/remiremontinfo\/wp-json\/wp\/v2\/users\/407"}],"replies":[{"embeddable":true,"href":"https:\/\/vosgesinfo.fr\/remiremontinfo\/wp-json\/wp\/v2\/comments?post=62802"}],"version-history":[{"count":0,"href":"https:\/\/vosgesinfo.fr\/remiremontinfo\/wp-json\/wp\/v2\/posts\/62802\/revisions"}],"wp:featuredmedia":[{"embeddable":true,"href":"https:\/\/vosgesinfo.fr\/remiremontinfo\/wp-json\/wp\/v2\/media\/62803"}],"wp:attachment":[{"href":"https:\/\/vosgesinfo.fr\/remiremontinfo\/wp-json\/wp\/v2\/media?parent=62802"}],"wp:term":[{"taxonomy":"category","embeddable":true,"href":"https:\/\/vosgesinfo.fr\/remiremontinfo\/wp-json\/wp\/v2\/categories?post=62802"},{"taxonomy":"post_tag","embeddable":true,"href":"https:\/\/vosgesinfo.fr\/remiremontinfo\/wp-json\/wp\/v2\/tags?post=62802"}],"curies":[{"name":"wp","href":"https:\/\/api.w.org\/{rel}","templated":true}]}}