{"id":62833,"date":"2022-10-01T11:39:25","date_gmt":"2022-10-01T09:39:25","guid":{"rendered":"https:\/\/vosgesinfo.fr\/remiremontinfo\/2022\/10\/quarantaine-de-grand-tetras-etre-relaches-printemps-vosges\/"},"modified":"2022-10-01T11:39:25","modified_gmt":"2022-10-01T09:39:25","slug":"quarantaine-de-grand-tetras-etre-relaches-printemps-vosges","status":"publish","type":"post","link":"https:\/\/vosgesinfo.fr\/remiremontinfo\/2022\/10\/quarantaine-de-grand-tetras-etre-relaches-printemps-vosges\/","title":{"rendered":"Une quarantaine de grand t\u00e9tras vont \u00eatre rel\u00e2ch\u00e9s au printemps dans les Vosges"},"content":{"rendered":"<h2><strong>Une r\u00e9union de pr\u00e9sentation et d\u2019\u00e9change sur le projet de renforcement du grand t\u00e9tras, une esp\u00e8ce menac\u00e9e d\u2019extinction, sur le massif des Vosges s\u2019est tenue ce vendredi 30 septembre \u00e0 la mairie du Valtin.<\/strong><\/h2>\n<p>Cette r\u00e9union, \u00e0 laquelle ont notamment assist\u00e9 le pr\u00e9fet Yves Seguy et le pr\u00e9sident du Parc naturel r\u00e9gional des Ballons des Vosges Laurent Seguin, avait pour objet le rel\u00e2ch\u00e9 de grand t\u00e9tras dans les Vosges au printemps prochain. Une quarantaine de coqs de bruy\u00e8res devraient ainsi \u00eatre captur\u00e9s en Scandinavie, pour ensuite \u00eatre introduits dans le milieu naturel vosgien. Le tout en sachant que le parc de Sainte-Croix a<\/p>\n","protected":false},"excerpt":{"rendered":"<p>Une r\u00e9union de pr\u00e9sentation et d\u2019\u00e9change sur le projet de renforcement du grand t\u00e9tras, une esp\u00e8ce menac\u00e9e d\u2019extinction, sur le [&hellip;]<\/p>\n","protected":false},"author":407,"featured_media":3451,"comment_status":"open","ping_status":"open","sticky":false,"template":"","format":"standard","meta":{"footnotes":""},"categories":[26,7,18],"tags":[2152,4242,32],"class_list":["post-62833","post","type-post","status-publish","format-standard","has-post-thumbnail","hentry","category-a-la-une","category-environnement","category-vosges","tag-animaux","tag-grand-tetras","tag-vosges"],"acf":[],"yoast_head":"<!-- This site is optimized with the Yoast SEO plugin v22.5 - https:\/\/yoast.com\/wordpress\/plugins\/seo\/ -->\n<title>Une quarantaine de grand t\u00e9tras vont \u00eatre rel\u00e2ch\u00e9s au printemps dans les Vosges - Remiremont Info<\/title>\n<meta name=\"robots\" content=\"index, follow, max-snippet:-1, max-image-preview:large, max-video-preview:-1\" \/>\n<link rel=\"canonical\" href=\"https:\/\/vosgesinfo.fr\/remiremontinfo\/2022\/10\/quarantaine-de-grand-tetras-etre-relaches-printemps-vosges\/\" \/>\n<meta name=\"twitter:card\" content=\"summary_large_image\" \/>\n<meta name=\"twitter:title\" content=\"Une quarantaine de grand t\u00e9tras vont \u00eatre rel\u00e2ch\u00e9s au printemps dans les Vosges - Remiremont Info\" \/>\n<meta name=\"twitter:description\" content=\"Une r\u00e9union de pr\u00e9sentation et d\u2019\u00e9change sur le projet de renforcement du grand t\u00e9tras, une esp\u00e8ce menac\u00e9e d\u2019extinction, sur le [&hellip;]\" \/>\n<meta name=\"twitter:image\" content=\"https:\/\/vosgesinfo.fr\/app\/uploads\/sites\/5\/2023\/12\/grand-tetras.jpg\" \/>\n<meta name=\"twitter:creator\" content=\"@VosgesInfo88\" \/>\n<meta name=\"twitter:site\" content=\"@VosgesInfo88\" \/>\n<meta name=\"twitter:label1\" content=\"\u00c9crit par\" \/>\n\t<meta name=\"twitter:data1\" content=\"C D\" \/>\n\t<meta name=\"twitter:label2\" content=\"Dur\u00e9e de lecture estim\u00e9e\" \/>\n\t<meta name=\"twitter:data2\" content=\"1 minute\" \/>\n<script type=\"application\/ld+json\" class=\"yoast-schema-graph\">{\"@context\":\"https:\/\/schema.org\",\"@graph\":[{\"@type\":\"Article\",\"@id\":\"https:\/\/vosgesinfo.fr\/remiremontinfo\/2022\/10\/quarantaine-de-grand-tetras-etre-relaches-printemps-vosges\/#article\",\"isPartOf\":{\"@id\":\"https:\/\/vosgesinfo.fr\/remiremontinfo\/2022\/10\/quarantaine-de-grand-tetras-etre-relaches-printemps-vosges\/\"},\"author\":{\"name\":\"C D\",\"@id\":\"https:\/\/vosgesinfo.fr\/remiremontinfo\/#\/schema\/person\/3bfd164d5218a185b1db68655a265316\"},\"headline\":\"Une quarantaine de grand t\u00e9tras vont \u00eatre rel\u00e2ch\u00e9s au printemps dans les Vosges\",\"datePublished\":\"2022-10-01T09:39:25+00:00\",\"dateModified\":\"2022-10-01T09:39:25+00:00\",\"mainEntityOfPage\":{\"@id\":\"https:\/\/vosgesinfo.fr\/remiremontinfo\/2022\/10\/quarantaine-de-grand-tetras-etre-relaches-printemps-vosges\/\"},\"wordCount\":132,\"commentCount\":0,\"publisher\":{\"@id\":\"https:\/\/vosgesinfo.fr\/remiremontinfo\/#organization\"},\"image\":{\"@id\":\"https:\/\/vosgesinfo.fr\/remiremontinfo\/2022\/10\/quarantaine-de-grand-tetras-etre-relaches-printemps-vosges\/#primaryimage\"},\"thumbnailUrl\":\"https:\/\/vosgesinfo.fr\/app\/uploads\/sites\/5\/2023\/12\/grand-tetras.jpg\",\"keywords\":[\"animaux\",\"grand t\u00e9tras\",\"Vosges\"],\"articleSection\":[\"A la Une\",\"Environnement\",\"Vosges\"],\"inLanguage\":\"fr-FR\",\"potentialAction\":[{\"@type\":\"CommentAction\",\"name\":\"Comment\",\"target\":[\"https:\/\/vosgesinfo.fr\/remiremontinfo\/2022\/10\/quarantaine-de-grand-tetras-etre-relaches-printemps-vosges\/#respond\"]}]},{\"@type\":\"WebPage\",\"@id\":\"https:\/\/vosgesinfo.fr\/remiremontinfo\/2022\/10\/quarantaine-de-grand-tetras-etre-relaches-printemps-vosges\/\",\"url\":\"https:\/\/vosgesinfo.fr\/remiremontinfo\/2022\/10\/quarantaine-de-grand-tetras-etre-relaches-printemps-vosges\/\",\"name\":\"Une quarantaine de grand t\u00e9tras vont \u00eatre rel\u00e2ch\u00e9s au printemps dans les Vosges - Remiremont Info\",\"isPartOf\":{\"@id\":\"https:\/\/vosgesinfo.fr\/remiremontinfo\/#website\"},\"primaryImageOfPage\":{\"@id\":\"https:\/\/vosgesinfo.fr\/remiremontinfo\/2022\/10\/quarantaine-de-grand-tetras-etre-relaches-printemps-vosges\/#primaryimage\"},\"image\":{\"@id\":\"https:\/\/vosgesinfo.fr\/remiremontinfo\/2022\/10\/quarantaine-de-grand-tetras-etre-relaches-printemps-vosges\/#primaryimage\"},\"thumbnailUrl\":\"https:\/\/vosgesinfo.fr\/app\/uploads\/sites\/5\/2023\/12\/grand-tetras.jpg\",\"datePublished\":\"2022-10-01T09:39:25+00:00\",\"dateModified\":\"2022-10-01T09:39:25+00:00\",\"breadcrumb\":{\"@id\":\"https:\/\/vosgesinfo.fr\/remiremontinfo\/2022\/10\/quarantaine-de-grand-tetras-etre-relaches-printemps-vosges\/#breadcrumb\"},\"inLanguage\":\"fr-FR\",\"potentialAction\":[{\"@type\":\"ReadAction\",\"target\":[\"https:\/\/vosgesinfo.fr\/remiremontinfo\/2022\/10\/quarantaine-de-grand-tetras-etre-relaches-printemps-vosges\/\"]}]},{\"@type\":\"ImageObject\",\"inLanguage\":\"fr-FR\",\"@id\":\"https:\/\/vosgesinfo.fr\/remiremontinfo\/2022\/10\/quarantaine-de-grand-tetras-etre-relaches-printemps-vosges\/#primaryimage\",\"url\":\"https:\/\/vosgesinfo.fr\/app\/uploads\/sites\/5\/2023\/12\/grand-tetras.jpg\",\"contentUrl\":\"https:\/\/vosgesinfo.fr\/app\/uploads\/sites\/5\/2023\/12\/grand-tetras.jpg\",\"width\":540,\"height\":358},{\"@type\":\"BreadcrumbList\",\"@id\":\"https:\/\/vosgesinfo.fr\/remiremontinfo\/2022\/10\/quarantaine-de-grand-tetras-etre-relaches-printemps-vosges\/#breadcrumb\",\"itemListElement\":[{\"@type\":\"ListItem\",\"position\":1,\"name\":\"Home\",\"item\":\"https:\/\/vosgesinfo.fr\/remiremontinfo\/\"},{\"@type\":\"ListItem\",\"position\":2,\"name\":\"Une quarantaine de grand t\u00e9tras vont \u00eatre rel\u00e2ch\u00e9s au printemps dans les Vosges\"}]},{\"@type\":\"WebSite\",\"@id\":\"https:\/\/vosgesinfo.fr\/remiremontinfo\/#website\",\"url\":\"https:\/\/vosgesinfo.fr\/remiremontinfo\/\",\"name\":\"Remiremont Info\",\"description\":\"Toute l&#039;actualit\u00e9 de Remiremont\",\"publisher\":{\"@id\":\"https:\/\/vosgesinfo.fr\/remiremontinfo\/#organization\"},\"alternateName\":\"Toute l'actualit\u00e9 de Remiremont\",\"potentialAction\":[{\"@type\":\"SearchAction\",\"target\":{\"@type\":\"EntryPoint\",\"urlTemplate\":\"https:\/\/vosgesinfo.fr\/remiremontinfo\/?s={search_term_string}\"},\"query-input\":\"required name=search_term_string\"}],\"inLanguage\":\"fr-FR\"},{\"@type\":\"Organization\",\"@id\":\"https:\/\/vosgesinfo.fr\/remiremontinfo\/#organization\",\"name\":\"Remiremont Info\",\"url\":\"https:\/\/vosgesinfo.fr\/remiremontinfo\/\",\"logo\":{\"@type\":\"ImageObject\",\"inLanguage\":\"fr-FR\",\"@id\":\"https:\/\/vosgesinfo.fr\/remiremontinfo\/#\/schema\/logo\/image\/\",\"url\":\"https:\/\/vosgesinfo.fr\/app\/uploads\/sites\/5\/2023\/08\/favicon-remiremontinfo.png\",\"contentUrl\":\"https:\/\/vosgesinfo.fr\/app\/uploads\/sites\/5\/2023\/08\/favicon-remiremontinfo.png\",\"width\":512,\"height\":512,\"caption\":\"Remiremont Info\"},\"image\":{\"@id\":\"https:\/\/vosgesinfo.fr\/remiremontinfo\/#\/schema\/logo\/image\/\"},\"sameAs\":[\"https:\/\/www.facebook.com\/remiremontinfo\",\"https:\/\/x.com\/VosgesInfo88\",\"https:\/\/www.youtube.com\/@vosgesinfo\"]},{\"@type\":\"Person\",\"@id\":\"https:\/\/vosgesinfo.fr\/remiremontinfo\/#\/schema\/person\/3bfd164d5218a185b1db68655a265316\",\"name\":\"C D\",\"image\":{\"@type\":\"ImageObject\",\"inLanguage\":\"fr-FR\",\"@id\":\"https:\/\/vosgesinfo.fr\/remiremontinfo\/#\/schema\/person\/image\/\",\"url\":\"https:\/\/secure.gravatar.com\/avatar\/1f9a70007336511a47468b8f1c66f922b8b7cf617b02a31149ada43893a5d48f?s=96&d=mm&r=g\",\"contentUrl\":\"https:\/\/secure.gravatar.com\/avatar\/1f9a70007336511a47468b8f1c66f922b8b7cf617b02a31149ada43893a5d48f?s=96&d=mm&r=g\",\"caption\":\"C D\"},\"url\":\"https:\/\/vosgesinfo.fr\/remiremontinfo\/author\/cedric-drevet\/\"}]}<\/script>\n<!-- \/ Yoast SEO plugin. -->","yoast_head_json":{"title":"Une quarantaine de grand t\u00e9tras vont \u00eatre rel\u00e2ch\u00e9s au printemps dans les Vosges - Remiremont Info","robots":{"index":"index","follow":"follow","max-snippet":"max-snippet:-1","max-image-preview":"max-image-preview:large","max-video-preview":"max-video-preview:-1"},"canonical":"https:\/\/vosgesinfo.fr\/remiremontinfo\/2022\/10\/quarantaine-de-grand-tetras-etre-relaches-printemps-vosges\/","twitter_card":"summary_large_image","twitter_title":"Une quarantaine de grand t\u00e9tras vont \u00eatre rel\u00e2ch\u00e9s au printemps dans les Vosges - Remiremont Info","twitter_description":"Une r\u00e9union de pr\u00e9sentation et d\u2019\u00e9change sur le projet de renforcement du grand t\u00e9tras, une esp\u00e8ce menac\u00e9e d\u2019extinction, sur le [&hellip;]","twitter_image":"https:\/\/vosgesinfo.fr\/app\/uploads\/sites\/5\/2023\/12\/grand-tetras.jpg","twitter_creator":"@VosgesInfo88","twitter_site":"@VosgesInfo88","twitter_misc":{"\u00c9crit par":"C D","Dur\u00e9e de lecture estim\u00e9e":"1 minute"},"schema":{"@context":"https:\/\/schema.org","@graph":[{"@type":"Article","@id":"https:\/\/vosgesinfo.fr\/remiremontinfo\/2022\/10\/quarantaine-de-grand-tetras-etre-relaches-printemps-vosges\/#article","isPartOf":{"@id":"https:\/\/vosgesinfo.fr\/remiremontinfo\/2022\/10\/quarantaine-de-grand-tetras-etre-relaches-printemps-vosges\/"},"author":{"name":"C D","@id":"https:\/\/vosgesinfo.fr\/remiremontinfo\/#\/schema\/person\/3bfd164d5218a185b1db68655a265316"},"headline":"Une quarantaine de grand t\u00e9tras vont \u00eatre rel\u00e2ch\u00e9s au printemps dans les Vosges","datePublished":"2022-10-01T09:39:25+00:00","dateModified":"2022-10-01T09:39:25+00:00","mainEntityOfPage":{"@id":"https:\/\/vosgesinfo.fr\/remiremontinfo\/2022\/10\/quarantaine-de-grand-tetras-etre-relaches-printemps-vosges\/"},"wordCount":132,"commentCount":0,"publisher":{"@id":"https:\/\/vosgesinfo.fr\/remiremontinfo\/#organization"},"image":{"@id":"https:\/\/vosgesinfo.fr\/remiremontinfo\/2022\/10\/quarantaine-de-grand-tetras-etre-relaches-printemps-vosges\/#primaryimage"},"thumbnailUrl":"https:\/\/vosgesinfo.fr\/app\/uploads\/sites\/5\/2023\/12\/grand-tetras.jpg","keywords":["animaux","grand t\u00e9tras","Vosges"],"articleSection":["A la Une","Environnement","Vosges"],"inLanguage":"fr-FR","potentialAction":[{"@type":"CommentAction","name":"Comment","target":["https:\/\/vosgesinfo.fr\/remiremontinfo\/2022\/10\/quarantaine-de-grand-tetras-etre-relaches-printemps-vosges\/#respond"]}]},{"@type":"WebPage","@id":"https:\/\/vosgesinfo.fr\/remiremontinfo\/2022\/10\/quarantaine-de-grand-tetras-etre-relaches-printemps-vosges\/","url":"https:\/\/vosgesinfo.fr\/remiremontinfo\/2022\/10\/quarantaine-de-grand-tetras-etre-relaches-printemps-vosges\/","name":"Une quarantaine de grand t\u00e9tras vont \u00eatre rel\u00e2ch\u00e9s au printemps dans les Vosges - Remiremont Info","isPartOf":{"@id":"https:\/\/vosgesinfo.fr\/remiremontinfo\/#website"},"primaryImageOfPage":{"@id":"https:\/\/vosgesinfo.fr\/remiremontinfo\/2022\/10\/quarantaine-de-grand-tetras-etre-relaches-printemps-vosges\/#primaryimage"},"image":{"@id":"https:\/\/vosgesinfo.fr\/remiremontinfo\/2022\/10\/quarantaine-de-grand-tetras-etre-relaches-printemps-vosges\/#primaryimage"},"thumbnailUrl":"https:\/\/vosgesinfo.fr\/app\/uploads\/sites\/5\/2023\/12\/grand-tetras.jpg","datePublished":"2022-10-01T09:39:25+00:00","dateModified":"2022-10-01T09:39:25+00:00","breadcrumb":{"@id":"https:\/\/vosgesinfo.fr\/remiremontinfo\/2022\/10\/quarantaine-de-grand-tetras-etre-relaches-printemps-vosges\/#breadcrumb"},"inLanguage":"fr-FR","potentialAction":[{"@type":"ReadAction","target":["https:\/\/vosgesinfo.fr\/remiremontinfo\/2022\/10\/quarantaine-de-grand-tetras-etre-relaches-printemps-vosges\/"]}]},{"@type":"ImageObject","inLanguage":"fr-FR","@id":"https:\/\/vosgesinfo.fr\/remiremontinfo\/2022\/10\/quarantaine-de-grand-tetras-etre-relaches-printemps-vosges\/#primaryimage","url":"https:\/\/vosgesinfo.fr\/app\/uploads\/sites\/5\/2023\/12\/grand-tetras.jpg","contentUrl":"https:\/\/vosgesinfo.fr\/app\/uploads\/sites\/5\/2023\/12\/grand-tetras.jpg","width":540,"height":358},{"@type":"BreadcrumbList","@id":"https:\/\/vosgesinfo.fr\/remiremontinfo\/2022\/10\/quarantaine-de-grand-tetras-etre-relaches-printemps-vosges\/#breadcrumb","itemListElement":[{"@type":"ListItem","position":1,"name":"Home","item":"https:\/\/vosgesinfo.fr\/remiremontinfo\/"},{"@type":"ListItem","position":2,"name":"Une quarantaine de grand t\u00e9tras vont \u00eatre rel\u00e2ch\u00e9s au printemps dans les Vosges"}]},{"@type":"WebSite","@id":"https:\/\/vosgesinfo.fr\/remiremontinfo\/#website","url":"https:\/\/vosgesinfo.fr\/remiremontinfo\/","name":"Remiremont Info","description":"Toute l&#039;actualit\u00e9 de Remiremont","publisher":{"@id":"https:\/\/vosgesinfo.fr\/remiremontinfo\/#organization"},"alternateName":"Toute l'actualit\u00e9 de Remiremont","potentialAction":[{"@type":"SearchAction","target":{"@type":"EntryPoint","urlTemplate":"https:\/\/vosgesinfo.fr\/remiremontinfo\/?s={search_term_string}"},"query-input":"required name=search_term_string"}],"inLanguage":"fr-FR"},{"@type":"Organization","@id":"https:\/\/vosgesinfo.fr\/remiremontinfo\/#organization","name":"Remiremont Info","url":"https:\/\/vosgesinfo.fr\/remiremontinfo\/","logo":{"@type":"ImageObject","inLanguage":"fr-FR","@id":"https:\/\/vosgesinfo.fr\/remiremontinfo\/#\/schema\/logo\/image\/","url":"https:\/\/vosgesinfo.fr\/app\/uploads\/sites\/5\/2023\/08\/favicon-remiremontinfo.png","contentUrl":"https:\/\/vosgesinfo.fr\/app\/uploads\/sites\/5\/2023\/08\/favicon-remiremontinfo.png","width":512,"height":512,"caption":"Remiremont Info"},"image":{"@id":"https:\/\/vosgesinfo.fr\/remiremontinfo\/#\/schema\/logo\/image\/"},"sameAs":["https:\/\/www.facebook.com\/remiremontinfo","https:\/\/x.com\/VosgesInfo88","https:\/\/www.youtube.com\/@vosgesinfo"]},{"@type":"Person","@id":"https:\/\/vosgesinfo.fr\/remiremontinfo\/#\/schema\/person\/3bfd164d5218a185b1db68655a265316","name":"C D","image":{"@type":"ImageObject","inLanguage":"fr-FR","@id":"https:\/\/vosgesinfo.fr\/remiremontinfo\/#\/schema\/person\/image\/","url":"https:\/\/secure.gravatar.com\/avatar\/1f9a70007336511a47468b8f1c66f922b8b7cf617b02a31149ada43893a5d48f?s=96&d=mm&r=g","contentUrl":"https:\/\/secure.gravatar.com\/avatar\/1f9a70007336511a47468b8f1c66f922b8b7cf617b02a31149ada43893a5d48f?s=96&d=mm&r=g","caption":"C D"},"url":"https:\/\/vosgesinfo.fr\/remiremontinfo\/author\/cedric-drevet\/"}]}},"_links":{"self":[{"href":"https:\/\/vosgesinfo.fr\/remiremontinfo\/wp-json\/wp\/v2\/posts\/62833","targetHints":{"allow":["GET"]}}],"collection":[{"href":"https:\/\/vosgesinfo.fr\/remiremontinfo\/wp-json\/wp\/v2\/posts"}],"about":[{"href":"https:\/\/vosgesinfo.fr\/remiremontinfo\/wp-json\/wp\/v2\/types\/post"}],"author":[{"embeddable":true,"href":"https:\/\/vosgesinfo.fr\/remiremontinfo\/wp-json\/wp\/v2\/users\/407"}],"replies":[{"embeddable":true,"href":"https:\/\/vosgesinfo.fr\/remiremontinfo\/wp-json\/wp\/v2\/comments?post=62833"}],"version-history":[{"count":0,"href":"https:\/\/vosgesinfo.fr\/remiremontinfo\/wp-json\/wp\/v2\/posts\/62833\/revisions"}],"wp:featuredmedia":[{"embeddable":true,"href":"https:\/\/vosgesinfo.fr\/remiremontinfo\/wp-json\/wp\/v2\/media\/3451"}],"wp:attachment":[{"href":"https:\/\/vosgesinfo.fr\/remiremontinfo\/wp-json\/wp\/v2\/media?parent=62833"}],"wp:term":[{"taxonomy":"category","embeddable":true,"href":"https:\/\/vosgesinfo.fr\/remiremontinfo\/wp-json\/wp\/v2\/categories?post=62833"},{"taxonomy":"post_tag","embeddable":true,"href":"https:\/\/vosgesinfo.fr\/remiremontinfo\/wp-json\/wp\/v2\/tags?post=62833"}],"curies":[{"name":"wp","href":"https:\/\/api.w.org\/{rel}","templated":true}]}}