{"id":62966,"date":"2022-10-05T09:28:28","date_gmt":"2022-10-05T07:28:28","guid":{"rendered":"https:\/\/vosgesinfo.fr\/remiremontinfo\/2022\/10\/remiremont-demonstration-dengazonnement-cimetiere\/"},"modified":"2022-10-05T09:28:28","modified_gmt":"2022-10-05T07:28:28","slug":"remiremont-demonstration-dengazonnement-cimetiere","status":"publish","type":"post","link":"https:\/\/vosgesinfo.fr\/remiremontinfo\/2022\/10\/remiremont-demonstration-dengazonnement-cimetiere\/","title":{"rendered":"Remiremont : d\u00e9monstration d&rsquo;engazonnement au cimeti\u00e8re"},"content":{"rendered":"\n<h3><span style=\"font-size: 12pt;\"><strong><span style=\"color: #000000;\">Une op\u00e9ration<\/span><span style=\"color: #000000;\"> de v\u00e9g\u00e9talisation <\/span><span style=\"color: #000000;\">a lieu ce mercredi matin au cimeti\u00e8re de Remiremont. Depuis 9h30 environ, il est proc\u00e9d\u00e9 \u00e0 <\/span><span style=\"color: #000000;\">l&rsquo;engazonnement d\u2019<\/span><span style=\"color: #000000;\">une all\u00e9e, par le moyen de la technique dite d\u2019\u00ab\u00a0hydroseeding\u00a0\u00bb. Une d\u00e9monstration \u00e0 laquelle ont \u00e9t\u00e9 invit\u00e9s des repr\u00e9sentant<\/span><span style=\"color: #000000;\">s<\/span><span style=\"color: #000000;\"> de nombreuses communes de la r\u00e9gion, parmi lesquelles Uxegney, Rupt-sur-Moselle, Xertigny, le Val d\u2019Ajol, ou encore Ferdrupt. <\/span><\/strong><\/span><\/h3>\n<p><span style=\"color: #000000;\">Depuis le 6 f\u00e9vrier 2014, la loi \u00abL<\/span><span style=\"color: #000000;\">abb\u00e9<\/span><span style=\"color: #000000;\">\u00bb encadre l\u2019utilisation des produits phytosanitaires sur l\u2019ensemble du territoire national <\/span><span style=\"color: #000000;\">fran\u00e7ais. <\/span>Elle concerne<span style=\"color: #000000;\"> l\u2019entretien des <\/span><span style=\"color: #000000;\">e<\/span><span style=\"color: #000000;\">spaces <\/span><span style=\"color: #000000;\">v<\/span><span style=\"color: #000000;\">erts, les voiries, les promenades et les for\u00eats, ouverts au public. Depuis le 1er juillet 2022, cette loi interdit l\u2019utilisation des produits phytosanitaires entre autres dans les cimeti\u00e8res, les \u00e9tablissements publics, de sant\u00e9, et les \u00e9tablissements sportifs. Ces nouvelles restrictions impactent directement l\u2019organisation des structures publiques et des collectivit\u00e9s, qui doivent compl\u00e8tement red\u00e9finir la gestion de leurs <\/span><span style=\"color: #000000;\">e<\/span><span style=\"color: #000000;\">spaces <\/span><span style=\"color: #000000;\">v<\/span><span style=\"color: #000000;\">erts. <\/span><\/p>\n<p><span style=\"color: #000000;\">Depuis <\/span><span style=\"color: #000000;\">trois<\/span><span style=\"color: #000000;\"> ans, la ville de Remiremont <\/span><span style=\"color: #000000;\">a un partenariat avec<\/span><span style=\"color: #000000;\"> l\u2019entreprise D<\/span><span style=\"color: #000000;\">eevert<\/span><span style=\"color: #000000;\"> pour l\u2019engazonnement des zones stabilis\u00e9es de son cimeti\u00e8re. <\/span><span style=\"color: #000000;\">C\u2019est \u00e0 dire les zones des sols o\u00f9 se trouve un m\u00e9lange de graviers, de sables et de liant, en une ou plusieurs couches. <\/span><span style=\"color: #000000;\">Sur les quelque 50 000 m\u00e8tres carr\u00e9 du cimeti\u00e8re, environ un cinqui\u00e8me a \u00e9t\u00e9 gazonn\u00e9 de cette mani\u00e8re. <\/span><span style=\"color: #000000;\">Pr\u00e9curseur sur cette technique <\/span><span style=\"color: #000000;\">d\u2019<\/span><span style=\"color: #000000;\">hydroseeding, la ville accueille <\/span><span style=\"color: #000000;\">ce<\/span><span style=\"color: #000000;\"> mercredi <\/span><span style=\"color: #000000;\">des repr\u00e9sentants de <\/span><span style=\"color: #000000;\">D<\/span><span style=\"color: #000000;\">eevert<\/span><span style=\"color: #000000;\">, ainsi que <\/span><span style=\"color: #000000;\">deux<\/span><span style=\"color: #000000;\"> fournisseurs : DLF, <\/span><span style=\"color: #000000;\">pour les <\/span><span style=\"color: #000000;\">semences de gazon et E<\/span><span style=\"color: #000000;\">urotex, pour l\u2019<\/span><span style=\"color: #000000;\">hydroseeding. <\/span><span style=\"color: #000000;\">L\u2019objectif est<\/span><span style=\"color: #000000;\"> de pr\u00e9senter les modalit\u00e9s d\u2019application de cette technique et ses avantages, lors de celle-ci elle r\u00e9alisera l\u2019engazonnement d\u2019une zone.<\/span><\/p>\n<p><span style=\"color: #000000;\">L<\/span><span style=\"color: #000000;\">\u2019ensemble des Pr\u00e9sidents des Communaut\u00e9s de Communes du 88 et du 70 ont \u00e9t\u00e9 invit\u00e9s, ainsi que plus de 175 \u00e9lus communaux, <\/span><span style=\"color: #000000;\">affirme l\u2019entreprise Deevert. <\/span><span style=\"color: #000000;\">L\u2019objectif est promouvoir cette technique, et d\u2019accompagner les collectivit\u00e9s dans cette transition tant sur le point technique que dans la formation de leurs \u00e9quipes. <\/span><span style=\"color: #000000;\">C\u2019est l\u2019une des pistes et des possibilit\u00e9s concernant la d\u00e9marche \u00ab\u00a0z\u00e9ro phyto\u00a0\u00bb. <em>\u00ab\u00a0On \u00e9tait plut\u00f4t pr\u00e9curseur dans le domaine\u00a0\u00bb<\/em>, affirme <\/span><span style=\"color: #000000;\">Fr\u00e9d\u00e9ric Simon, Adjoint au Maire en charge du D\u00e9veloppement Durable et des Espaces naturels. <em>\u00ab\u00a0<\/em><\/span><em><span style=\"color: #000000;\">La ville de Remiremont s\u2019est int\u00e9gr\u00e9e dans cette d\u00e9marche depuis 2017\u00a0\u00bb. <\/span><\/em><\/p>\n\n<p>&nbsp;<\/p>\n","protected":false},"excerpt":{"rendered":"<p>Une op\u00e9ration de v\u00e9g\u00e9talisation a lieu ce mercredi matin au cimeti\u00e8re de Remiremont. Depuis 9h30 environ, il est proc\u00e9d\u00e9 \u00e0 [&hellip;]<\/p>\n","protected":false},"author":407,"featured_media":62967,"comment_status":"open","ping_status":"open","sticky":false,"template":"","format":"standard","meta":{"footnotes":""},"categories":[26,7,1556,35],"tags":[3761,4811,4812,4813,44,32,4814],"class_list":["post-62966","post","type-post","status-publish","format-standard","has-post-thumbnail","hentry","category-a-la-une","category-environnement","category-remiremont-remiremont-son-canton-2","category-remiremont-son-canton","tag-cimetiere","tag-engazonnement","tag-gazon","tag-herbe","tag-remiremont","tag-vosges","tag-zero-phyto"],"acf":[],"yoast_head":"<!-- This site is optimized with the Yoast SEO plugin v22.5 - https:\/\/yoast.com\/wordpress\/plugins\/seo\/ -->\n<title>Remiremont : d\u00e9monstration d&#039;engazonnement au cimeti\u00e8re - Remiremont Info<\/title>\n<meta name=\"robots\" content=\"index, follow, max-snippet:-1, max-image-preview:large, max-video-preview:-1\" \/>\n<link rel=\"canonical\" href=\"https:\/\/vosgesinfo.fr\/remiremontinfo\/2022\/10\/remiremont-demonstration-dengazonnement-cimetiere\/\" \/>\n<meta name=\"twitter:card\" content=\"summary_large_image\" \/>\n<meta name=\"twitter:title\" content=\"Remiremont : d\u00e9monstration d&#039;engazonnement au cimeti\u00e8re - Remiremont Info\" \/>\n<meta name=\"twitter:description\" content=\"Une op\u00e9ration de v\u00e9g\u00e9talisation a lieu ce mercredi matin au cimeti\u00e8re de Remiremont. Depuis 9h30 environ, il est proc\u00e9d\u00e9 \u00e0 [&hellip;]\" \/>\n<meta name=\"twitter:image\" content=\"https:\/\/vosgesinfo.fr\/app\/uploads\/sites\/5\/2024\/09\/202210dsc-1283.jpg\" \/>\n<meta name=\"twitter:creator\" content=\"@VosgesInfo88\" \/>\n<meta name=\"twitter:site\" content=\"@VosgesInfo88\" \/>\n<meta name=\"twitter:label1\" content=\"\u00c9crit par\" \/>\n\t<meta name=\"twitter:data1\" content=\"C D\" \/>\n\t<meta name=\"twitter:label2\" content=\"Dur\u00e9e de lecture estim\u00e9e\" \/>\n\t<meta name=\"twitter:data2\" content=\"2 minutes\" \/>\n<script type=\"application\/ld+json\" class=\"yoast-schema-graph\">{\"@context\":\"https:\/\/schema.org\",\"@graph\":[{\"@type\":\"Article\",\"@id\":\"https:\/\/vosgesinfo.fr\/remiremontinfo\/2022\/10\/remiremont-demonstration-dengazonnement-cimetiere\/#article\",\"isPartOf\":{\"@id\":\"https:\/\/vosgesinfo.fr\/remiremontinfo\/2022\/10\/remiremont-demonstration-dengazonnement-cimetiere\/\"},\"author\":{\"name\":\"C D\",\"@id\":\"https:\/\/vosgesinfo.fr\/remiremontinfo\/#\/schema\/person\/3bfd164d5218a185b1db68655a265316\"},\"headline\":\"Remiremont : d\u00e9monstration d&rsquo;engazonnement au cimeti\u00e8re\",\"datePublished\":\"2022-10-05T07:28:28+00:00\",\"dateModified\":\"2022-10-05T07:28:28+00:00\",\"mainEntityOfPage\":{\"@id\":\"https:\/\/vosgesinfo.fr\/remiremontinfo\/2022\/10\/remiremont-demonstration-dengazonnement-cimetiere\/\"},\"wordCount\":437,\"commentCount\":0,\"publisher\":{\"@id\":\"https:\/\/vosgesinfo.fr\/remiremontinfo\/#organization\"},\"image\":{\"@id\":\"https:\/\/vosgesinfo.fr\/remiremontinfo\/2022\/10\/remiremont-demonstration-dengazonnement-cimetiere\/#primaryimage\"},\"thumbnailUrl\":\"https:\/\/vosgesinfo.fr\/app\/uploads\/sites\/5\/2024\/09\/202210dsc-1283.jpg\",\"keywords\":[\"cimeti\u00e8re\",\"engazonnement\",\"gazon\",\"herbe\",\"remiremont\",\"Vosges\",\"z\u00e9ro phyto\"],\"articleSection\":[\"A la Une\",\"Environnement\",\"Remiremont\",\"Remiremont &amp; son canton\"],\"inLanguage\":\"fr-FR\",\"potentialAction\":[{\"@type\":\"CommentAction\",\"name\":\"Comment\",\"target\":[\"https:\/\/vosgesinfo.fr\/remiremontinfo\/2022\/10\/remiremont-demonstration-dengazonnement-cimetiere\/#respond\"]}]},{\"@type\":\"WebPage\",\"@id\":\"https:\/\/vosgesinfo.fr\/remiremontinfo\/2022\/10\/remiremont-demonstration-dengazonnement-cimetiere\/\",\"url\":\"https:\/\/vosgesinfo.fr\/remiremontinfo\/2022\/10\/remiremont-demonstration-dengazonnement-cimetiere\/\",\"name\":\"Remiremont : d\u00e9monstration d'engazonnement au cimeti\u00e8re - Remiremont Info\",\"isPartOf\":{\"@id\":\"https:\/\/vosgesinfo.fr\/remiremontinfo\/#website\"},\"primaryImageOfPage\":{\"@id\":\"https:\/\/vosgesinfo.fr\/remiremontinfo\/2022\/10\/remiremont-demonstration-dengazonnement-cimetiere\/#primaryimage\"},\"image\":{\"@id\":\"https:\/\/vosgesinfo.fr\/remiremontinfo\/2022\/10\/remiremont-demonstration-dengazonnement-cimetiere\/#primaryimage\"},\"thumbnailUrl\":\"https:\/\/vosgesinfo.fr\/app\/uploads\/sites\/5\/2024\/09\/202210dsc-1283.jpg\",\"datePublished\":\"2022-10-05T07:28:28+00:00\",\"dateModified\":\"2022-10-05T07:28:28+00:00\",\"breadcrumb\":{\"@id\":\"https:\/\/vosgesinfo.fr\/remiremontinfo\/2022\/10\/remiremont-demonstration-dengazonnement-cimetiere\/#breadcrumb\"},\"inLanguage\":\"fr-FR\",\"potentialAction\":[{\"@type\":\"ReadAction\",\"target\":[\"https:\/\/vosgesinfo.fr\/remiremontinfo\/2022\/10\/remiremont-demonstration-dengazonnement-cimetiere\/\"]}]},{\"@type\":\"ImageObject\",\"inLanguage\":\"fr-FR\",\"@id\":\"https:\/\/vosgesinfo.fr\/remiremontinfo\/2022\/10\/remiremont-demonstration-dengazonnement-cimetiere\/#primaryimage\",\"url\":\"https:\/\/vosgesinfo.fr\/app\/uploads\/sites\/5\/2024\/09\/202210dsc-1283.jpg\",\"contentUrl\":\"https:\/\/vosgesinfo.fr\/app\/uploads\/sites\/5\/2024\/09\/202210dsc-1283.jpg\",\"width\":1600,\"height\":1267},{\"@type\":\"BreadcrumbList\",\"@id\":\"https:\/\/vosgesinfo.fr\/remiremontinfo\/2022\/10\/remiremont-demonstration-dengazonnement-cimetiere\/#breadcrumb\",\"itemListElement\":[{\"@type\":\"ListItem\",\"position\":1,\"name\":\"Home\",\"item\":\"https:\/\/vosgesinfo.fr\/remiremontinfo\/\"},{\"@type\":\"ListItem\",\"position\":2,\"name\":\"Remiremont : d\u00e9monstration d&rsquo;engazonnement au cimeti\u00e8re\"}]},{\"@type\":\"WebSite\",\"@id\":\"https:\/\/vosgesinfo.fr\/remiremontinfo\/#website\",\"url\":\"https:\/\/vosgesinfo.fr\/remiremontinfo\/\",\"name\":\"Remiremont Info\",\"description\":\"Toute l&#039;actualit\u00e9 de Remiremont\",\"publisher\":{\"@id\":\"https:\/\/vosgesinfo.fr\/remiremontinfo\/#organization\"},\"alternateName\":\"Toute l'actualit\u00e9 de Remiremont\",\"potentialAction\":[{\"@type\":\"SearchAction\",\"target\":{\"@type\":\"EntryPoint\",\"urlTemplate\":\"https:\/\/vosgesinfo.fr\/remiremontinfo\/?s={search_term_string}\"},\"query-input\":\"required name=search_term_string\"}],\"inLanguage\":\"fr-FR\"},{\"@type\":\"Organization\",\"@id\":\"https:\/\/vosgesinfo.fr\/remiremontinfo\/#organization\",\"name\":\"Remiremont Info\",\"url\":\"https:\/\/vosgesinfo.fr\/remiremontinfo\/\",\"logo\":{\"@type\":\"ImageObject\",\"inLanguage\":\"fr-FR\",\"@id\":\"https:\/\/vosgesinfo.fr\/remiremontinfo\/#\/schema\/logo\/image\/\",\"url\":\"https:\/\/vosgesinfo.fr\/app\/uploads\/sites\/5\/2023\/08\/favicon-remiremontinfo.png\",\"contentUrl\":\"https:\/\/vosgesinfo.fr\/app\/uploads\/sites\/5\/2023\/08\/favicon-remiremontinfo.png\",\"width\":512,\"height\":512,\"caption\":\"Remiremont Info\"},\"image\":{\"@id\":\"https:\/\/vosgesinfo.fr\/remiremontinfo\/#\/schema\/logo\/image\/\"},\"sameAs\":[\"https:\/\/www.facebook.com\/remiremontinfo\",\"https:\/\/x.com\/VosgesInfo88\",\"https:\/\/www.youtube.com\/@vosgesinfo\"]},{\"@type\":\"Person\",\"@id\":\"https:\/\/vosgesinfo.fr\/remiremontinfo\/#\/schema\/person\/3bfd164d5218a185b1db68655a265316\",\"name\":\"C D\",\"image\":{\"@type\":\"ImageObject\",\"inLanguage\":\"fr-FR\",\"@id\":\"https:\/\/vosgesinfo.fr\/remiremontinfo\/#\/schema\/person\/image\/\",\"url\":\"https:\/\/secure.gravatar.com\/avatar\/1f9a70007336511a47468b8f1c66f922b8b7cf617b02a31149ada43893a5d48f?s=96&d=mm&r=g\",\"contentUrl\":\"https:\/\/secure.gravatar.com\/avatar\/1f9a70007336511a47468b8f1c66f922b8b7cf617b02a31149ada43893a5d48f?s=96&d=mm&r=g\",\"caption\":\"C D\"},\"url\":\"https:\/\/vosgesinfo.fr\/remiremontinfo\/author\/cedric-drevet\/\"}]}<\/script>\n<!-- \/ Yoast SEO plugin. -->","yoast_head_json":{"title":"Remiremont : d\u00e9monstration d'engazonnement au cimeti\u00e8re - Remiremont Info","robots":{"index":"index","follow":"follow","max-snippet":"max-snippet:-1","max-image-preview":"max-image-preview:large","max-video-preview":"max-video-preview:-1"},"canonical":"https:\/\/vosgesinfo.fr\/remiremontinfo\/2022\/10\/remiremont-demonstration-dengazonnement-cimetiere\/","twitter_card":"summary_large_image","twitter_title":"Remiremont : d\u00e9monstration d'engazonnement au cimeti\u00e8re - Remiremont Info","twitter_description":"Une op\u00e9ration de v\u00e9g\u00e9talisation a lieu ce mercredi matin au cimeti\u00e8re de Remiremont. Depuis 9h30 environ, il est proc\u00e9d\u00e9 \u00e0 [&hellip;]","twitter_image":"https:\/\/vosgesinfo.fr\/app\/uploads\/sites\/5\/2024\/09\/202210dsc-1283.jpg","twitter_creator":"@VosgesInfo88","twitter_site":"@VosgesInfo88","twitter_misc":{"\u00c9crit par":"C D","Dur\u00e9e de lecture estim\u00e9e":"2 minutes"},"schema":{"@context":"https:\/\/schema.org","@graph":[{"@type":"Article","@id":"https:\/\/vosgesinfo.fr\/remiremontinfo\/2022\/10\/remiremont-demonstration-dengazonnement-cimetiere\/#article","isPartOf":{"@id":"https:\/\/vosgesinfo.fr\/remiremontinfo\/2022\/10\/remiremont-demonstration-dengazonnement-cimetiere\/"},"author":{"name":"C D","@id":"https:\/\/vosgesinfo.fr\/remiremontinfo\/#\/schema\/person\/3bfd164d5218a185b1db68655a265316"},"headline":"Remiremont : d\u00e9monstration d&rsquo;engazonnement au cimeti\u00e8re","datePublished":"2022-10-05T07:28:28+00:00","dateModified":"2022-10-05T07:28:28+00:00","mainEntityOfPage":{"@id":"https:\/\/vosgesinfo.fr\/remiremontinfo\/2022\/10\/remiremont-demonstration-dengazonnement-cimetiere\/"},"wordCount":437,"commentCount":0,"publisher":{"@id":"https:\/\/vosgesinfo.fr\/remiremontinfo\/#organization"},"image":{"@id":"https:\/\/vosgesinfo.fr\/remiremontinfo\/2022\/10\/remiremont-demonstration-dengazonnement-cimetiere\/#primaryimage"},"thumbnailUrl":"https:\/\/vosgesinfo.fr\/app\/uploads\/sites\/5\/2024\/09\/202210dsc-1283.jpg","keywords":["cimeti\u00e8re","engazonnement","gazon","herbe","remiremont","Vosges","z\u00e9ro phyto"],"articleSection":["A la Une","Environnement","Remiremont","Remiremont &amp; son canton"],"inLanguage":"fr-FR","potentialAction":[{"@type":"CommentAction","name":"Comment","target":["https:\/\/vosgesinfo.fr\/remiremontinfo\/2022\/10\/remiremont-demonstration-dengazonnement-cimetiere\/#respond"]}]},{"@type":"WebPage","@id":"https:\/\/vosgesinfo.fr\/remiremontinfo\/2022\/10\/remiremont-demonstration-dengazonnement-cimetiere\/","url":"https:\/\/vosgesinfo.fr\/remiremontinfo\/2022\/10\/remiremont-demonstration-dengazonnement-cimetiere\/","name":"Remiremont : d\u00e9monstration d'engazonnement au cimeti\u00e8re - Remiremont Info","isPartOf":{"@id":"https:\/\/vosgesinfo.fr\/remiremontinfo\/#website"},"primaryImageOfPage":{"@id":"https:\/\/vosgesinfo.fr\/remiremontinfo\/2022\/10\/remiremont-demonstration-dengazonnement-cimetiere\/#primaryimage"},"image":{"@id":"https:\/\/vosgesinfo.fr\/remiremontinfo\/2022\/10\/remiremont-demonstration-dengazonnement-cimetiere\/#primaryimage"},"thumbnailUrl":"https:\/\/vosgesinfo.fr\/app\/uploads\/sites\/5\/2024\/09\/202210dsc-1283.jpg","datePublished":"2022-10-05T07:28:28+00:00","dateModified":"2022-10-05T07:28:28+00:00","breadcrumb":{"@id":"https:\/\/vosgesinfo.fr\/remiremontinfo\/2022\/10\/remiremont-demonstration-dengazonnement-cimetiere\/#breadcrumb"},"inLanguage":"fr-FR","potentialAction":[{"@type":"ReadAction","target":["https:\/\/vosgesinfo.fr\/remiremontinfo\/2022\/10\/remiremont-demonstration-dengazonnement-cimetiere\/"]}]},{"@type":"ImageObject","inLanguage":"fr-FR","@id":"https:\/\/vosgesinfo.fr\/remiremontinfo\/2022\/10\/remiremont-demonstration-dengazonnement-cimetiere\/#primaryimage","url":"https:\/\/vosgesinfo.fr\/app\/uploads\/sites\/5\/2024\/09\/202210dsc-1283.jpg","contentUrl":"https:\/\/vosgesinfo.fr\/app\/uploads\/sites\/5\/2024\/09\/202210dsc-1283.jpg","width":1600,"height":1267},{"@type":"BreadcrumbList","@id":"https:\/\/vosgesinfo.fr\/remiremontinfo\/2022\/10\/remiremont-demonstration-dengazonnement-cimetiere\/#breadcrumb","itemListElement":[{"@type":"ListItem","position":1,"name":"Home","item":"https:\/\/vosgesinfo.fr\/remiremontinfo\/"},{"@type":"ListItem","position":2,"name":"Remiremont : d\u00e9monstration d&rsquo;engazonnement au cimeti\u00e8re"}]},{"@type":"WebSite","@id":"https:\/\/vosgesinfo.fr\/remiremontinfo\/#website","url":"https:\/\/vosgesinfo.fr\/remiremontinfo\/","name":"Remiremont Info","description":"Toute l&#039;actualit\u00e9 de Remiremont","publisher":{"@id":"https:\/\/vosgesinfo.fr\/remiremontinfo\/#organization"},"alternateName":"Toute l'actualit\u00e9 de Remiremont","potentialAction":[{"@type":"SearchAction","target":{"@type":"EntryPoint","urlTemplate":"https:\/\/vosgesinfo.fr\/remiremontinfo\/?s={search_term_string}"},"query-input":"required name=search_term_string"}],"inLanguage":"fr-FR"},{"@type":"Organization","@id":"https:\/\/vosgesinfo.fr\/remiremontinfo\/#organization","name":"Remiremont Info","url":"https:\/\/vosgesinfo.fr\/remiremontinfo\/","logo":{"@type":"ImageObject","inLanguage":"fr-FR","@id":"https:\/\/vosgesinfo.fr\/remiremontinfo\/#\/schema\/logo\/image\/","url":"https:\/\/vosgesinfo.fr\/app\/uploads\/sites\/5\/2023\/08\/favicon-remiremontinfo.png","contentUrl":"https:\/\/vosgesinfo.fr\/app\/uploads\/sites\/5\/2023\/08\/favicon-remiremontinfo.png","width":512,"height":512,"caption":"Remiremont Info"},"image":{"@id":"https:\/\/vosgesinfo.fr\/remiremontinfo\/#\/schema\/logo\/image\/"},"sameAs":["https:\/\/www.facebook.com\/remiremontinfo","https:\/\/x.com\/VosgesInfo88","https:\/\/www.youtube.com\/@vosgesinfo"]},{"@type":"Person","@id":"https:\/\/vosgesinfo.fr\/remiremontinfo\/#\/schema\/person\/3bfd164d5218a185b1db68655a265316","name":"C D","image":{"@type":"ImageObject","inLanguage":"fr-FR","@id":"https:\/\/vosgesinfo.fr\/remiremontinfo\/#\/schema\/person\/image\/","url":"https:\/\/secure.gravatar.com\/avatar\/1f9a70007336511a47468b8f1c66f922b8b7cf617b02a31149ada43893a5d48f?s=96&d=mm&r=g","contentUrl":"https:\/\/secure.gravatar.com\/avatar\/1f9a70007336511a47468b8f1c66f922b8b7cf617b02a31149ada43893a5d48f?s=96&d=mm&r=g","caption":"C D"},"url":"https:\/\/vosgesinfo.fr\/remiremontinfo\/author\/cedric-drevet\/"}]}},"_links":{"self":[{"href":"https:\/\/vosgesinfo.fr\/remiremontinfo\/wp-json\/wp\/v2\/posts\/62966","targetHints":{"allow":["GET"]}}],"collection":[{"href":"https:\/\/vosgesinfo.fr\/remiremontinfo\/wp-json\/wp\/v2\/posts"}],"about":[{"href":"https:\/\/vosgesinfo.fr\/remiremontinfo\/wp-json\/wp\/v2\/types\/post"}],"author":[{"embeddable":true,"href":"https:\/\/vosgesinfo.fr\/remiremontinfo\/wp-json\/wp\/v2\/users\/407"}],"replies":[{"embeddable":true,"href":"https:\/\/vosgesinfo.fr\/remiremontinfo\/wp-json\/wp\/v2\/comments?post=62966"}],"version-history":[{"count":0,"href":"https:\/\/vosgesinfo.fr\/remiremontinfo\/wp-json\/wp\/v2\/posts\/62966\/revisions"}],"wp:featuredmedia":[{"embeddable":true,"href":"https:\/\/vosgesinfo.fr\/remiremontinfo\/wp-json\/wp\/v2\/media\/62967"}],"wp:attachment":[{"href":"https:\/\/vosgesinfo.fr\/remiremontinfo\/wp-json\/wp\/v2\/media?parent=62966"}],"wp:term":[{"taxonomy":"category","embeddable":true,"href":"https:\/\/vosgesinfo.fr\/remiremontinfo\/wp-json\/wp\/v2\/categories?post=62966"},{"taxonomy":"post_tag","embeddable":true,"href":"https:\/\/vosgesinfo.fr\/remiremontinfo\/wp-json\/wp\/v2\/tags?post=62966"}],"curies":[{"name":"wp","href":"https:\/\/api.w.org\/{rel}","templated":true}]}}