{"id":62986,"date":"2022-10-05T09:38:45","date_gmt":"2022-10-05T07:38:45","guid":{"rendered":"https:\/\/vosgesinfo.fr\/remiremontinfo\/2022\/10\/rencontre-franco-allemande-de-cors-alpes-a-bresse-ventron-cornimont\/"},"modified":"2022-10-05T09:38:45","modified_gmt":"2022-10-05T07:38:45","slug":"rencontre-franco-allemande-de-cors-alpes-a-bresse-ventron-cornimont","status":"publish","type":"post","link":"https:\/\/vosgesinfo.fr\/remiremontinfo\/2022\/10\/rencontre-franco-allemande-de-cors-alpes-a-bresse-ventron-cornimont\/","title":{"rendered":"Rencontre Franco-Allemande de cors des Alpes \u00e0 La Bresse, Ventron et Cornimont"},"content":{"rendered":"\n<h2><span style=\"font-size: 12pt;\"><strong>La musique ne connait pas les fronti\u00e8res&#8230; L&rsquo;histoire \u00e0 li\u00e9, dans les souffrances de la guerre nos villages et Pforfheim o\u00f9 les hommes \u00e9taient d\u00e9port\u00e9s. Depuis de nombreuses ann\u00e9es, diverses rencontres, \u00e9changes ont permis de cr\u00e9er, renforcer des liens amicaux entre nos pays.<\/strong><\/span><\/h2>\n<p>Madame Bernhilde Starck Pr\u00e9sidente de l&rsquo;association Amiti\u00e9 Franco-Allemande s&rsquo;est beaucoup investi pour cela. Elle est \u00e0 l&rsquo;origine de ce partenariat entre les deux groupes des Alpes. Il y a un an, le groupe Cors et Accords \u00e9tait accueilli par Alphonfreunde \u00e0\u00a0 Bauschlott et Pforzheim. Avant de se quitter il a \u00e9t\u00e9 convenu de se retrouver dans les Vosges. Cette rencontre aura lieu les 15 et 16 octobre prochain.<\/p>\n<p>Dans le programme, il est pr\u00e9vu que les deux groupes donneront trois aubades de cors des Alpes:<\/p>\n<p>-samedi 15 octobre \u00e0 16 heures 30, \u00e0 l&rsquo;\u00e9glise de La Bresse<\/p>\n<p>-Samedi 15 octobre \u00e0 18 heures 30, Place de la mairie \u00e0 Ventron<\/p>\n<p>-Dimanche 16 octobre \u00e0 11 heures, Salle des f\u00eates \u00e0 Cornimont. Allocutions et vin d&rsquo;honneur.<\/p>\n<p>Plusieurs collectivit\u00e9s ont apport\u00e9 leur soutien \u00e0 ce projet de rencontre. Qu&rsquo;elles en soient vivement remerci\u00e9es.<\/p>\n<p>Le cor des Alpes sur notre site\u00a0:\u00a0<a href=\"http:\/\/corsetaccords88.e-monsite.com\/\" target=\"_blank\" data-saferedirecturl=\"https:\/\/www.google.com\/url?q=http:\/\/corsetaccords88.e-monsite.com&amp;source=gmail&amp;ust=1665045409700000&amp;usg=AOvVaw2b7bjK8NzhNmIkSXuWfZL7\" rel=\"noopener\">http:\/\/corsetaccords88.e-<wbr \/>monsite.com<\/a><\/p>\n<p><span style=\"font-size: 10pt;\"><em>Source : Communiqu\u00e9 de Cors et Accords 88<\/em><\/span><\/p>\n<p style=\"text-align: center;\"><a href=\"\/2022\/10\/cc.jpg\"><img decoding=\"async\" class=\"alignnone size-full wp-image-355315\" src=\"\/2022\/10\/cc.jpg\" alt=\"cc\" width=\"665\" height=\"941\" \/><\/a><\/p>\n","protected":false},"excerpt":{"rendered":"<p>La musique ne connait pas les fronti\u00e8res&#8230; L&rsquo;histoire \u00e0 li\u00e9, dans les souffrances de la guerre nos villages et Pforfheim [&hellip;]<\/p>\n","protected":false},"author":407,"featured_media":62987,"comment_status":"open","ping_status":"open","sticky":false,"template":"","format":"standard","meta":{"footnotes":""},"categories":[26,34,4,25],"tags":[3515,4815,79,1775,105,117,2554,300,32],"class_list":["post-62986","post","type-post","status-publish","format-standard","has-post-thumbnail","hentry","category-a-la-une","category-cornimont","category-culture","category-la-bresse-son-canton","tag-allemagne","tag-cor-des-alpes","tag-cornimont","tag-france","tag-la-bresse","tag-musique","tag-rencontre","tag-ventron","tag-vosges"],"acf":[],"yoast_head":"<!-- This site is optimized with the Yoast SEO plugin v22.5 - https:\/\/yoast.com\/wordpress\/plugins\/seo\/ -->\n<title>Rencontre Franco-Allemande de cors des Alpes \u00e0 La Bresse, Ventron et Cornimont - Remiremont Info<\/title>\n<meta name=\"robots\" content=\"index, follow, max-snippet:-1, max-image-preview:large, max-video-preview:-1\" \/>\n<link rel=\"canonical\" href=\"https:\/\/vosgesinfo.fr\/remiremontinfo\/2022\/10\/rencontre-franco-allemande-de-cors-alpes-a-bresse-ventron-cornimont\/\" \/>\n<meta name=\"twitter:card\" content=\"summary_large_image\" \/>\n<meta name=\"twitter:title\" content=\"Rencontre Franco-Allemande de cors des Alpes \u00e0 La Bresse, Ventron et Cornimont - Remiremont Info\" \/>\n<meta name=\"twitter:description\" content=\"La musique ne connait pas les fronti\u00e8res&#8230; L&rsquo;histoire \u00e0 li\u00e9, dans les souffrances de la guerre nos villages et Pforfheim [&hellip;]\" \/>\n<meta name=\"twitter:image\" content=\"https:\/\/vosgesinfo.fr\/app\/uploads\/sites\/5\/2024\/09\/2022100.jpg\" \/>\n<meta name=\"twitter:creator\" content=\"@VosgesInfo88\" \/>\n<meta name=\"twitter:site\" content=\"@VosgesInfo88\" \/>\n<meta name=\"twitter:label1\" content=\"\u00c9crit par\" \/>\n\t<meta name=\"twitter:data1\" content=\"C D\" \/>\n\t<meta name=\"twitter:label2\" content=\"Dur\u00e9e de lecture estim\u00e9e\" \/>\n\t<meta name=\"twitter:data2\" content=\"1 minute\" \/>\n<script type=\"application\/ld+json\" class=\"yoast-schema-graph\">{\"@context\":\"https:\/\/schema.org\",\"@graph\":[{\"@type\":\"Article\",\"@id\":\"https:\/\/vosgesinfo.fr\/remiremontinfo\/2022\/10\/rencontre-franco-allemande-de-cors-alpes-a-bresse-ventron-cornimont\/#article\",\"isPartOf\":{\"@id\":\"https:\/\/vosgesinfo.fr\/remiremontinfo\/2022\/10\/rencontre-franco-allemande-de-cors-alpes-a-bresse-ventron-cornimont\/\"},\"author\":{\"name\":\"C D\",\"@id\":\"https:\/\/vosgesinfo.fr\/remiremontinfo\/#\/schema\/person\/3bfd164d5218a185b1db68655a265316\"},\"headline\":\"Rencontre Franco-Allemande de cors des Alpes \u00e0 La Bresse, Ventron et Cornimont\",\"datePublished\":\"2022-10-05T07:38:45+00:00\",\"dateModified\":\"2022-10-05T07:38:45+00:00\",\"mainEntityOfPage\":{\"@id\":\"https:\/\/vosgesinfo.fr\/remiremontinfo\/2022\/10\/rencontre-franco-allemande-de-cors-alpes-a-bresse-ventron-cornimont\/\"},\"wordCount\":217,\"commentCount\":0,\"publisher\":{\"@id\":\"https:\/\/vosgesinfo.fr\/remiremontinfo\/#organization\"},\"image\":{\"@id\":\"https:\/\/vosgesinfo.fr\/remiremontinfo\/2022\/10\/rencontre-franco-allemande-de-cors-alpes-a-bresse-ventron-cornimont\/#primaryimage\"},\"thumbnailUrl\":\"https:\/\/vosgesinfo.fr\/app\/uploads\/sites\/5\/2024\/09\/2022100.jpg\",\"keywords\":[\"allemagne\",\"cor des alpes\",\"cornimont\",\"France\",\"la bresse\",\"musique\",\"rencontre\",\"ventron\",\"Vosges\"],\"articleSection\":[\"A la Une\",\"Cornimont\",\"Culture\",\"La Bresse &amp; son canton\"],\"inLanguage\":\"fr-FR\",\"potentialAction\":[{\"@type\":\"CommentAction\",\"name\":\"Comment\",\"target\":[\"https:\/\/vosgesinfo.fr\/remiremontinfo\/2022\/10\/rencontre-franco-allemande-de-cors-alpes-a-bresse-ventron-cornimont\/#respond\"]}]},{\"@type\":\"WebPage\",\"@id\":\"https:\/\/vosgesinfo.fr\/remiremontinfo\/2022\/10\/rencontre-franco-allemande-de-cors-alpes-a-bresse-ventron-cornimont\/\",\"url\":\"https:\/\/vosgesinfo.fr\/remiremontinfo\/2022\/10\/rencontre-franco-allemande-de-cors-alpes-a-bresse-ventron-cornimont\/\",\"name\":\"Rencontre Franco-Allemande de cors des Alpes \u00e0 La Bresse, Ventron et Cornimont - Remiremont Info\",\"isPartOf\":{\"@id\":\"https:\/\/vosgesinfo.fr\/remiremontinfo\/#website\"},\"primaryImageOfPage\":{\"@id\":\"https:\/\/vosgesinfo.fr\/remiremontinfo\/2022\/10\/rencontre-franco-allemande-de-cors-alpes-a-bresse-ventron-cornimont\/#primaryimage\"},\"image\":{\"@id\":\"https:\/\/vosgesinfo.fr\/remiremontinfo\/2022\/10\/rencontre-franco-allemande-de-cors-alpes-a-bresse-ventron-cornimont\/#primaryimage\"},\"thumbnailUrl\":\"https:\/\/vosgesinfo.fr\/app\/uploads\/sites\/5\/2024\/09\/2022100.jpg\",\"datePublished\":\"2022-10-05T07:38:45+00:00\",\"dateModified\":\"2022-10-05T07:38:45+00:00\",\"breadcrumb\":{\"@id\":\"https:\/\/vosgesinfo.fr\/remiremontinfo\/2022\/10\/rencontre-franco-allemande-de-cors-alpes-a-bresse-ventron-cornimont\/#breadcrumb\"},\"inLanguage\":\"fr-FR\",\"potentialAction\":[{\"@type\":\"ReadAction\",\"target\":[\"https:\/\/vosgesinfo.fr\/remiremontinfo\/2022\/10\/rencontre-franco-allemande-de-cors-alpes-a-bresse-ventron-cornimont\/\"]}]},{\"@type\":\"ImageObject\",\"inLanguage\":\"fr-FR\",\"@id\":\"https:\/\/vosgesinfo.fr\/remiremontinfo\/2022\/10\/rencontre-franco-allemande-de-cors-alpes-a-bresse-ventron-cornimont\/#primaryimage\",\"url\":\"https:\/\/vosgesinfo.fr\/app\/uploads\/sites\/5\/2024\/09\/2022100.jpg\",\"contentUrl\":\"https:\/\/vosgesinfo.fr\/app\/uploads\/sites\/5\/2024\/09\/2022100.jpg\",\"width\":1192,\"height\":897},{\"@type\":\"BreadcrumbList\",\"@id\":\"https:\/\/vosgesinfo.fr\/remiremontinfo\/2022\/10\/rencontre-franco-allemande-de-cors-alpes-a-bresse-ventron-cornimont\/#breadcrumb\",\"itemListElement\":[{\"@type\":\"ListItem\",\"position\":1,\"name\":\"Home\",\"item\":\"https:\/\/vosgesinfo.fr\/remiremontinfo\/\"},{\"@type\":\"ListItem\",\"position\":2,\"name\":\"Rencontre Franco-Allemande de cors des Alpes \u00e0 La Bresse, Ventron et Cornimont\"}]},{\"@type\":\"WebSite\",\"@id\":\"https:\/\/vosgesinfo.fr\/remiremontinfo\/#website\",\"url\":\"https:\/\/vosgesinfo.fr\/remiremontinfo\/\",\"name\":\"Remiremont Info\",\"description\":\"Toute l&#039;actualit\u00e9 de Remiremont\",\"publisher\":{\"@id\":\"https:\/\/vosgesinfo.fr\/remiremontinfo\/#organization\"},\"alternateName\":\"Toute l'actualit\u00e9 de Remiremont\",\"potentialAction\":[{\"@type\":\"SearchAction\",\"target\":{\"@type\":\"EntryPoint\",\"urlTemplate\":\"https:\/\/vosgesinfo.fr\/remiremontinfo\/?s={search_term_string}\"},\"query-input\":\"required name=search_term_string\"}],\"inLanguage\":\"fr-FR\"},{\"@type\":\"Organization\",\"@id\":\"https:\/\/vosgesinfo.fr\/remiremontinfo\/#organization\",\"name\":\"Remiremont Info\",\"url\":\"https:\/\/vosgesinfo.fr\/remiremontinfo\/\",\"logo\":{\"@type\":\"ImageObject\",\"inLanguage\":\"fr-FR\",\"@id\":\"https:\/\/vosgesinfo.fr\/remiremontinfo\/#\/schema\/logo\/image\/\",\"url\":\"https:\/\/vosgesinfo.fr\/app\/uploads\/sites\/5\/2023\/08\/favicon-remiremontinfo.png\",\"contentUrl\":\"https:\/\/vosgesinfo.fr\/app\/uploads\/sites\/5\/2023\/08\/favicon-remiremontinfo.png\",\"width\":512,\"height\":512,\"caption\":\"Remiremont Info\"},\"image\":{\"@id\":\"https:\/\/vosgesinfo.fr\/remiremontinfo\/#\/schema\/logo\/image\/\"},\"sameAs\":[\"https:\/\/www.facebook.com\/remiremontinfo\",\"https:\/\/x.com\/VosgesInfo88\",\"https:\/\/www.youtube.com\/@vosgesinfo\"]},{\"@type\":\"Person\",\"@id\":\"https:\/\/vosgesinfo.fr\/remiremontinfo\/#\/schema\/person\/3bfd164d5218a185b1db68655a265316\",\"name\":\"C D\",\"image\":{\"@type\":\"ImageObject\",\"inLanguage\":\"fr-FR\",\"@id\":\"https:\/\/vosgesinfo.fr\/remiremontinfo\/#\/schema\/person\/image\/\",\"url\":\"https:\/\/secure.gravatar.com\/avatar\/1f9a70007336511a47468b8f1c66f922b8b7cf617b02a31149ada43893a5d48f?s=96&d=mm&r=g\",\"contentUrl\":\"https:\/\/secure.gravatar.com\/avatar\/1f9a70007336511a47468b8f1c66f922b8b7cf617b02a31149ada43893a5d48f?s=96&d=mm&r=g\",\"caption\":\"C D\"},\"url\":\"https:\/\/vosgesinfo.fr\/remiremontinfo\/author\/cedric-drevet\/\"}]}<\/script>\n<!-- \/ Yoast SEO plugin. -->","yoast_head_json":{"title":"Rencontre Franco-Allemande de cors des Alpes \u00e0 La Bresse, Ventron et Cornimont - Remiremont Info","robots":{"index":"index","follow":"follow","max-snippet":"max-snippet:-1","max-image-preview":"max-image-preview:large","max-video-preview":"max-video-preview:-1"},"canonical":"https:\/\/vosgesinfo.fr\/remiremontinfo\/2022\/10\/rencontre-franco-allemande-de-cors-alpes-a-bresse-ventron-cornimont\/","twitter_card":"summary_large_image","twitter_title":"Rencontre Franco-Allemande de cors des Alpes \u00e0 La Bresse, Ventron et Cornimont - Remiremont Info","twitter_description":"La musique ne connait pas les fronti\u00e8res&#8230; L&rsquo;histoire \u00e0 li\u00e9, dans les souffrances de la guerre nos villages et Pforfheim [&hellip;]","twitter_image":"https:\/\/vosgesinfo.fr\/app\/uploads\/sites\/5\/2024\/09\/2022100.jpg","twitter_creator":"@VosgesInfo88","twitter_site":"@VosgesInfo88","twitter_misc":{"\u00c9crit par":"C D","Dur\u00e9e de lecture estim\u00e9e":"1 minute"},"schema":{"@context":"https:\/\/schema.org","@graph":[{"@type":"Article","@id":"https:\/\/vosgesinfo.fr\/remiremontinfo\/2022\/10\/rencontre-franco-allemande-de-cors-alpes-a-bresse-ventron-cornimont\/#article","isPartOf":{"@id":"https:\/\/vosgesinfo.fr\/remiremontinfo\/2022\/10\/rencontre-franco-allemande-de-cors-alpes-a-bresse-ventron-cornimont\/"},"author":{"name":"C D","@id":"https:\/\/vosgesinfo.fr\/remiremontinfo\/#\/schema\/person\/3bfd164d5218a185b1db68655a265316"},"headline":"Rencontre Franco-Allemande de cors des Alpes \u00e0 La Bresse, Ventron et Cornimont","datePublished":"2022-10-05T07:38:45+00:00","dateModified":"2022-10-05T07:38:45+00:00","mainEntityOfPage":{"@id":"https:\/\/vosgesinfo.fr\/remiremontinfo\/2022\/10\/rencontre-franco-allemande-de-cors-alpes-a-bresse-ventron-cornimont\/"},"wordCount":217,"commentCount":0,"publisher":{"@id":"https:\/\/vosgesinfo.fr\/remiremontinfo\/#organization"},"image":{"@id":"https:\/\/vosgesinfo.fr\/remiremontinfo\/2022\/10\/rencontre-franco-allemande-de-cors-alpes-a-bresse-ventron-cornimont\/#primaryimage"},"thumbnailUrl":"https:\/\/vosgesinfo.fr\/app\/uploads\/sites\/5\/2024\/09\/2022100.jpg","keywords":["allemagne","cor des alpes","cornimont","France","la bresse","musique","rencontre","ventron","Vosges"],"articleSection":["A la Une","Cornimont","Culture","La Bresse &amp; son canton"],"inLanguage":"fr-FR","potentialAction":[{"@type":"CommentAction","name":"Comment","target":["https:\/\/vosgesinfo.fr\/remiremontinfo\/2022\/10\/rencontre-franco-allemande-de-cors-alpes-a-bresse-ventron-cornimont\/#respond"]}]},{"@type":"WebPage","@id":"https:\/\/vosgesinfo.fr\/remiremontinfo\/2022\/10\/rencontre-franco-allemande-de-cors-alpes-a-bresse-ventron-cornimont\/","url":"https:\/\/vosgesinfo.fr\/remiremontinfo\/2022\/10\/rencontre-franco-allemande-de-cors-alpes-a-bresse-ventron-cornimont\/","name":"Rencontre Franco-Allemande de cors des Alpes \u00e0 La Bresse, Ventron et Cornimont - Remiremont Info","isPartOf":{"@id":"https:\/\/vosgesinfo.fr\/remiremontinfo\/#website"},"primaryImageOfPage":{"@id":"https:\/\/vosgesinfo.fr\/remiremontinfo\/2022\/10\/rencontre-franco-allemande-de-cors-alpes-a-bresse-ventron-cornimont\/#primaryimage"},"image":{"@id":"https:\/\/vosgesinfo.fr\/remiremontinfo\/2022\/10\/rencontre-franco-allemande-de-cors-alpes-a-bresse-ventron-cornimont\/#primaryimage"},"thumbnailUrl":"https:\/\/vosgesinfo.fr\/app\/uploads\/sites\/5\/2024\/09\/2022100.jpg","datePublished":"2022-10-05T07:38:45+00:00","dateModified":"2022-10-05T07:38:45+00:00","breadcrumb":{"@id":"https:\/\/vosgesinfo.fr\/remiremontinfo\/2022\/10\/rencontre-franco-allemande-de-cors-alpes-a-bresse-ventron-cornimont\/#breadcrumb"},"inLanguage":"fr-FR","potentialAction":[{"@type":"ReadAction","target":["https:\/\/vosgesinfo.fr\/remiremontinfo\/2022\/10\/rencontre-franco-allemande-de-cors-alpes-a-bresse-ventron-cornimont\/"]}]},{"@type":"ImageObject","inLanguage":"fr-FR","@id":"https:\/\/vosgesinfo.fr\/remiremontinfo\/2022\/10\/rencontre-franco-allemande-de-cors-alpes-a-bresse-ventron-cornimont\/#primaryimage","url":"https:\/\/vosgesinfo.fr\/app\/uploads\/sites\/5\/2024\/09\/2022100.jpg","contentUrl":"https:\/\/vosgesinfo.fr\/app\/uploads\/sites\/5\/2024\/09\/2022100.jpg","width":1192,"height":897},{"@type":"BreadcrumbList","@id":"https:\/\/vosgesinfo.fr\/remiremontinfo\/2022\/10\/rencontre-franco-allemande-de-cors-alpes-a-bresse-ventron-cornimont\/#breadcrumb","itemListElement":[{"@type":"ListItem","position":1,"name":"Home","item":"https:\/\/vosgesinfo.fr\/remiremontinfo\/"},{"@type":"ListItem","position":2,"name":"Rencontre Franco-Allemande de cors des Alpes \u00e0 La Bresse, Ventron et Cornimont"}]},{"@type":"WebSite","@id":"https:\/\/vosgesinfo.fr\/remiremontinfo\/#website","url":"https:\/\/vosgesinfo.fr\/remiremontinfo\/","name":"Remiremont Info","description":"Toute l&#039;actualit\u00e9 de Remiremont","publisher":{"@id":"https:\/\/vosgesinfo.fr\/remiremontinfo\/#organization"},"alternateName":"Toute l'actualit\u00e9 de Remiremont","potentialAction":[{"@type":"SearchAction","target":{"@type":"EntryPoint","urlTemplate":"https:\/\/vosgesinfo.fr\/remiremontinfo\/?s={search_term_string}"},"query-input":"required name=search_term_string"}],"inLanguage":"fr-FR"},{"@type":"Organization","@id":"https:\/\/vosgesinfo.fr\/remiremontinfo\/#organization","name":"Remiremont Info","url":"https:\/\/vosgesinfo.fr\/remiremontinfo\/","logo":{"@type":"ImageObject","inLanguage":"fr-FR","@id":"https:\/\/vosgesinfo.fr\/remiremontinfo\/#\/schema\/logo\/image\/","url":"https:\/\/vosgesinfo.fr\/app\/uploads\/sites\/5\/2023\/08\/favicon-remiremontinfo.png","contentUrl":"https:\/\/vosgesinfo.fr\/app\/uploads\/sites\/5\/2023\/08\/favicon-remiremontinfo.png","width":512,"height":512,"caption":"Remiremont Info"},"image":{"@id":"https:\/\/vosgesinfo.fr\/remiremontinfo\/#\/schema\/logo\/image\/"},"sameAs":["https:\/\/www.facebook.com\/remiremontinfo","https:\/\/x.com\/VosgesInfo88","https:\/\/www.youtube.com\/@vosgesinfo"]},{"@type":"Person","@id":"https:\/\/vosgesinfo.fr\/remiremontinfo\/#\/schema\/person\/3bfd164d5218a185b1db68655a265316","name":"C D","image":{"@type":"ImageObject","inLanguage":"fr-FR","@id":"https:\/\/vosgesinfo.fr\/remiremontinfo\/#\/schema\/person\/image\/","url":"https:\/\/secure.gravatar.com\/avatar\/1f9a70007336511a47468b8f1c66f922b8b7cf617b02a31149ada43893a5d48f?s=96&d=mm&r=g","contentUrl":"https:\/\/secure.gravatar.com\/avatar\/1f9a70007336511a47468b8f1c66f922b8b7cf617b02a31149ada43893a5d48f?s=96&d=mm&r=g","caption":"C D"},"url":"https:\/\/vosgesinfo.fr\/remiremontinfo\/author\/cedric-drevet\/"}]}},"_links":{"self":[{"href":"https:\/\/vosgesinfo.fr\/remiremontinfo\/wp-json\/wp\/v2\/posts\/62986","targetHints":{"allow":["GET"]}}],"collection":[{"href":"https:\/\/vosgesinfo.fr\/remiremontinfo\/wp-json\/wp\/v2\/posts"}],"about":[{"href":"https:\/\/vosgesinfo.fr\/remiremontinfo\/wp-json\/wp\/v2\/types\/post"}],"author":[{"embeddable":true,"href":"https:\/\/vosgesinfo.fr\/remiremontinfo\/wp-json\/wp\/v2\/users\/407"}],"replies":[{"embeddable":true,"href":"https:\/\/vosgesinfo.fr\/remiremontinfo\/wp-json\/wp\/v2\/comments?post=62986"}],"version-history":[{"count":0,"href":"https:\/\/vosgesinfo.fr\/remiremontinfo\/wp-json\/wp\/v2\/posts\/62986\/revisions"}],"wp:featuredmedia":[{"embeddable":true,"href":"https:\/\/vosgesinfo.fr\/remiremontinfo\/wp-json\/wp\/v2\/media\/62987"}],"wp:attachment":[{"href":"https:\/\/vosgesinfo.fr\/remiremontinfo\/wp-json\/wp\/v2\/media?parent=62986"}],"wp:term":[{"taxonomy":"category","embeddable":true,"href":"https:\/\/vosgesinfo.fr\/remiremontinfo\/wp-json\/wp\/v2\/categories?post=62986"},{"taxonomy":"post_tag","embeddable":true,"href":"https:\/\/vosgesinfo.fr\/remiremontinfo\/wp-json\/wp\/v2\/tags?post=62986"}],"curies":[{"name":"wp","href":"https:\/\/api.w.org\/{rel}","templated":true}]}}