{"id":62990,"date":"2022-10-05T10:36:10","date_gmt":"2022-10-05T08:36:10","guid":{"rendered":"https:\/\/vosgesinfo.fr\/remiremontinfo\/2022\/10\/caterer-awards-2022-originaire-depinal-nicolas-lambert-elu-meilleur-chef-patissier\/"},"modified":"2022-10-05T10:36:10","modified_gmt":"2022-10-05T08:36:10","slug":"caterer-awards-2022-originaire-depinal-nicolas-lambert-elu-meilleur-chef-patissier","status":"publish","type":"post","link":"https:\/\/vosgesinfo.fr\/remiremontinfo\/2022\/10\/caterer-awards-2022-originaire-depinal-nicolas-lambert-elu-meilleur-chef-patissier\/","title":{"rendered":"Caterer Awards 2022 : originaire d\u2019Epinal, Nicolas Lambert \u00e9lu meilleur chef p\u00e2tissier"},"content":{"rendered":"<p>Le p\u00e2tissier spinalien Nicolas Lambert\u00a0qui op\u00e8re actuellement au Four Seasons de Duba\u00ef, vient \u00e0 nouveau de remporter un prestigieux prix. Il a annonc\u00e9 sur les r\u00e9seaux sociaux qu\u2019il avait \u00e9t\u00e9 \u00e9lu meilleur chef p\u00e2tissier\u00a0de l\u2019ann\u00e9e en h\u00f4tel. Il a re\u00e7u le \u00ab\u00a0Caterer Awards 2022\u00a0\u00bb.<\/p>\n<p><em>\u00ab\u00a0Tellement honor\u00e9e d\u2019avoir remport\u00e9 cette grande reconnaissance. Je n\u2019aurais pas pu le faire sans mon incroyable \u00c9QUIPE\u00a0\u00bb<\/em>\u00a0explique-t-il sur les r\u00e9seaux sociaux.<\/p>\n<p>C.K.N.<\/p>\n","protected":false},"excerpt":{"rendered":"<p>Le p\u00e2tissier spinalien Nicolas Lambert\u00a0qui op\u00e8re actuellement au Four Seasons de Duba\u00ef, vient \u00e0 nouveau de remporter un prestigieux prix. [&hellip;]<\/p>\n","protected":false},"author":407,"featured_media":62991,"comment_status":"open","ping_status":"open","sticky":false,"template":"","format":"standard","meta":{"footnotes":""},"categories":[26,4,18],"tags":[4816,109,4817,4072,1936,32],"class_list":["post-62990","post","type-post","status-publish","format-standard","has-post-thumbnail","hentry","category-a-la-une","category-culture","category-vosges","tag-caterer","tag-epinal","tag-meilleur","tag-nicolas-lambert","tag-patissier","tag-vosges"],"acf":[],"yoast_head":"<!-- This site is optimized with the Yoast SEO plugin v22.5 - https:\/\/yoast.com\/wordpress\/plugins\/seo\/ -->\n<title>Caterer Awards 2022 : originaire d\u2019Epinal, Nicolas Lambert \u00e9lu meilleur chef p\u00e2tissier - Remiremont Info<\/title>\n<meta name=\"robots\" content=\"index, follow, max-snippet:-1, max-image-preview:large, max-video-preview:-1\" \/>\n<link rel=\"canonical\" href=\"https:\/\/vosgesinfo.fr\/remiremontinfo\/2022\/10\/caterer-awards-2022-originaire-depinal-nicolas-lambert-elu-meilleur-chef-patissier\/\" \/>\n<meta name=\"twitter:card\" content=\"summary_large_image\" \/>\n<meta name=\"twitter:title\" content=\"Caterer Awards 2022 : originaire d\u2019Epinal, Nicolas Lambert \u00e9lu meilleur chef p\u00e2tissier - Remiremont Info\" \/>\n<meta name=\"twitter:description\" content=\"Le p\u00e2tissier spinalien Nicolas Lambert\u00a0qui op\u00e8re actuellement au Four Seasons de Duba\u00ef, vient \u00e0 nouveau de remporter un prestigieux prix. [&hellip;]\" \/>\n<meta name=\"twitter:image\" content=\"https:\/\/vosgesinfo.fr\/app\/uploads\/sites\/5\/2024\/09\/202210nicolas-lambert-patissier-640x800-1.jpg\" \/>\n<meta name=\"twitter:creator\" content=\"@VosgesInfo88\" \/>\n<meta name=\"twitter:site\" content=\"@VosgesInfo88\" \/>\n<meta name=\"twitter:label1\" content=\"\u00c9crit par\" \/>\n\t<meta name=\"twitter:data1\" content=\"C D\" \/>\n<script type=\"application\/ld+json\" class=\"yoast-schema-graph\">{\"@context\":\"https:\/\/schema.org\",\"@graph\":[{\"@type\":\"Article\",\"@id\":\"https:\/\/vosgesinfo.fr\/remiremontinfo\/2022\/10\/caterer-awards-2022-originaire-depinal-nicolas-lambert-elu-meilleur-chef-patissier\/#article\",\"isPartOf\":{\"@id\":\"https:\/\/vosgesinfo.fr\/remiremontinfo\/2022\/10\/caterer-awards-2022-originaire-depinal-nicolas-lambert-elu-meilleur-chef-patissier\/\"},\"author\":{\"name\":\"C D\",\"@id\":\"https:\/\/vosgesinfo.fr\/remiremontinfo\/#\/schema\/person\/3bfd164d5218a185b1db68655a265316\"},\"headline\":\"Caterer Awards 2022 : originaire d\u2019Epinal, Nicolas Lambert \u00e9lu meilleur chef p\u00e2tissier\",\"datePublished\":\"2022-10-05T08:36:10+00:00\",\"dateModified\":\"2022-10-05T08:36:10+00:00\",\"mainEntityOfPage\":{\"@id\":\"https:\/\/vosgesinfo.fr\/remiremontinfo\/2022\/10\/caterer-awards-2022-originaire-depinal-nicolas-lambert-elu-meilleur-chef-patissier\/\"},\"wordCount\":94,\"commentCount\":0,\"publisher\":{\"@id\":\"https:\/\/vosgesinfo.fr\/remiremontinfo\/#organization\"},\"image\":{\"@id\":\"https:\/\/vosgesinfo.fr\/remiremontinfo\/2022\/10\/caterer-awards-2022-originaire-depinal-nicolas-lambert-elu-meilleur-chef-patissier\/#primaryimage\"},\"thumbnailUrl\":\"https:\/\/vosgesinfo.fr\/app\/uploads\/sites\/5\/2024\/09\/202210nicolas-lambert-patissier-640x800-1.jpg\",\"keywords\":[\"caterer\",\"\u00e9pinal\",\"meilleur\",\"nicolas lambert\",\"p\u00e2tissier\",\"Vosges\"],\"articleSection\":[\"A la Une\",\"Culture\",\"Vosges\"],\"inLanguage\":\"fr-FR\",\"potentialAction\":[{\"@type\":\"CommentAction\",\"name\":\"Comment\",\"target\":[\"https:\/\/vosgesinfo.fr\/remiremontinfo\/2022\/10\/caterer-awards-2022-originaire-depinal-nicolas-lambert-elu-meilleur-chef-patissier\/#respond\"]}]},{\"@type\":\"WebPage\",\"@id\":\"https:\/\/vosgesinfo.fr\/remiremontinfo\/2022\/10\/caterer-awards-2022-originaire-depinal-nicolas-lambert-elu-meilleur-chef-patissier\/\",\"url\":\"https:\/\/vosgesinfo.fr\/remiremontinfo\/2022\/10\/caterer-awards-2022-originaire-depinal-nicolas-lambert-elu-meilleur-chef-patissier\/\",\"name\":\"Caterer Awards 2022 : originaire d\u2019Epinal, Nicolas Lambert \u00e9lu meilleur chef p\u00e2tissier - Remiremont Info\",\"isPartOf\":{\"@id\":\"https:\/\/vosgesinfo.fr\/remiremontinfo\/#website\"},\"primaryImageOfPage\":{\"@id\":\"https:\/\/vosgesinfo.fr\/remiremontinfo\/2022\/10\/caterer-awards-2022-originaire-depinal-nicolas-lambert-elu-meilleur-chef-patissier\/#primaryimage\"},\"image\":{\"@id\":\"https:\/\/vosgesinfo.fr\/remiremontinfo\/2022\/10\/caterer-awards-2022-originaire-depinal-nicolas-lambert-elu-meilleur-chef-patissier\/#primaryimage\"},\"thumbnailUrl\":\"https:\/\/vosgesinfo.fr\/app\/uploads\/sites\/5\/2024\/09\/202210nicolas-lambert-patissier-640x800-1.jpg\",\"datePublished\":\"2022-10-05T08:36:10+00:00\",\"dateModified\":\"2022-10-05T08:36:10+00:00\",\"breadcrumb\":{\"@id\":\"https:\/\/vosgesinfo.fr\/remiremontinfo\/2022\/10\/caterer-awards-2022-originaire-depinal-nicolas-lambert-elu-meilleur-chef-patissier\/#breadcrumb\"},\"inLanguage\":\"fr-FR\",\"potentialAction\":[{\"@type\":\"ReadAction\",\"target\":[\"https:\/\/vosgesinfo.fr\/remiremontinfo\/2022\/10\/caterer-awards-2022-originaire-depinal-nicolas-lambert-elu-meilleur-chef-patissier\/\"]}]},{\"@type\":\"ImageObject\",\"inLanguage\":\"fr-FR\",\"@id\":\"https:\/\/vosgesinfo.fr\/remiremontinfo\/2022\/10\/caterer-awards-2022-originaire-depinal-nicolas-lambert-elu-meilleur-chef-patissier\/#primaryimage\",\"url\":\"https:\/\/vosgesinfo.fr\/app\/uploads\/sites\/5\/2024\/09\/202210nicolas-lambert-patissier-640x800-1.jpg\",\"contentUrl\":\"https:\/\/vosgesinfo.fr\/app\/uploads\/sites\/5\/2024\/09\/202210nicolas-lambert-patissier-640x800-1.jpg\",\"width\":593,\"height\":457},{\"@type\":\"BreadcrumbList\",\"@id\":\"https:\/\/vosgesinfo.fr\/remiremontinfo\/2022\/10\/caterer-awards-2022-originaire-depinal-nicolas-lambert-elu-meilleur-chef-patissier\/#breadcrumb\",\"itemListElement\":[{\"@type\":\"ListItem\",\"position\":1,\"name\":\"Home\",\"item\":\"https:\/\/vosgesinfo.fr\/remiremontinfo\/\"},{\"@type\":\"ListItem\",\"position\":2,\"name\":\"Caterer Awards 2022 : originaire d\u2019Epinal, Nicolas Lambert \u00e9lu meilleur chef p\u00e2tissier\"}]},{\"@type\":\"WebSite\",\"@id\":\"https:\/\/vosgesinfo.fr\/remiremontinfo\/#website\",\"url\":\"https:\/\/vosgesinfo.fr\/remiremontinfo\/\",\"name\":\"Remiremont Info\",\"description\":\"Toute l&#039;actualit\u00e9 de Remiremont\",\"publisher\":{\"@id\":\"https:\/\/vosgesinfo.fr\/remiremontinfo\/#organization\"},\"alternateName\":\"Toute l'actualit\u00e9 de Remiremont\",\"potentialAction\":[{\"@type\":\"SearchAction\",\"target\":{\"@type\":\"EntryPoint\",\"urlTemplate\":\"https:\/\/vosgesinfo.fr\/remiremontinfo\/?s={search_term_string}\"},\"query-input\":\"required name=search_term_string\"}],\"inLanguage\":\"fr-FR\"},{\"@type\":\"Organization\",\"@id\":\"https:\/\/vosgesinfo.fr\/remiremontinfo\/#organization\",\"name\":\"Remiremont Info\",\"url\":\"https:\/\/vosgesinfo.fr\/remiremontinfo\/\",\"logo\":{\"@type\":\"ImageObject\",\"inLanguage\":\"fr-FR\",\"@id\":\"https:\/\/vosgesinfo.fr\/remiremontinfo\/#\/schema\/logo\/image\/\",\"url\":\"https:\/\/vosgesinfo.fr\/app\/uploads\/sites\/5\/2023\/08\/favicon-remiremontinfo.png\",\"contentUrl\":\"https:\/\/vosgesinfo.fr\/app\/uploads\/sites\/5\/2023\/08\/favicon-remiremontinfo.png\",\"width\":512,\"height\":512,\"caption\":\"Remiremont Info\"},\"image\":{\"@id\":\"https:\/\/vosgesinfo.fr\/remiremontinfo\/#\/schema\/logo\/image\/\"},\"sameAs\":[\"https:\/\/www.facebook.com\/remiremontinfo\",\"https:\/\/x.com\/VosgesInfo88\",\"https:\/\/www.youtube.com\/@vosgesinfo\"]},{\"@type\":\"Person\",\"@id\":\"https:\/\/vosgesinfo.fr\/remiremontinfo\/#\/schema\/person\/3bfd164d5218a185b1db68655a265316\",\"name\":\"C D\",\"image\":{\"@type\":\"ImageObject\",\"inLanguage\":\"fr-FR\",\"@id\":\"https:\/\/vosgesinfo.fr\/remiremontinfo\/#\/schema\/person\/image\/\",\"url\":\"https:\/\/secure.gravatar.com\/avatar\/1f9a70007336511a47468b8f1c66f922b8b7cf617b02a31149ada43893a5d48f?s=96&d=mm&r=g\",\"contentUrl\":\"https:\/\/secure.gravatar.com\/avatar\/1f9a70007336511a47468b8f1c66f922b8b7cf617b02a31149ada43893a5d48f?s=96&d=mm&r=g\",\"caption\":\"C D\"},\"url\":\"https:\/\/vosgesinfo.fr\/remiremontinfo\/author\/cedric-drevet\/\"}]}<\/script>\n<!-- \/ Yoast SEO plugin. -->","yoast_head_json":{"title":"Caterer Awards 2022 : originaire d\u2019Epinal, Nicolas Lambert \u00e9lu meilleur chef p\u00e2tissier - Remiremont Info","robots":{"index":"index","follow":"follow","max-snippet":"max-snippet:-1","max-image-preview":"max-image-preview:large","max-video-preview":"max-video-preview:-1"},"canonical":"https:\/\/vosgesinfo.fr\/remiremontinfo\/2022\/10\/caterer-awards-2022-originaire-depinal-nicolas-lambert-elu-meilleur-chef-patissier\/","twitter_card":"summary_large_image","twitter_title":"Caterer Awards 2022 : originaire d\u2019Epinal, Nicolas Lambert \u00e9lu meilleur chef p\u00e2tissier - Remiremont Info","twitter_description":"Le p\u00e2tissier spinalien Nicolas Lambert\u00a0qui op\u00e8re actuellement au Four Seasons de Duba\u00ef, vient \u00e0 nouveau de remporter un prestigieux prix. [&hellip;]","twitter_image":"https:\/\/vosgesinfo.fr\/app\/uploads\/sites\/5\/2024\/09\/202210nicolas-lambert-patissier-640x800-1.jpg","twitter_creator":"@VosgesInfo88","twitter_site":"@VosgesInfo88","twitter_misc":{"\u00c9crit par":"C D"},"schema":{"@context":"https:\/\/schema.org","@graph":[{"@type":"Article","@id":"https:\/\/vosgesinfo.fr\/remiremontinfo\/2022\/10\/caterer-awards-2022-originaire-depinal-nicolas-lambert-elu-meilleur-chef-patissier\/#article","isPartOf":{"@id":"https:\/\/vosgesinfo.fr\/remiremontinfo\/2022\/10\/caterer-awards-2022-originaire-depinal-nicolas-lambert-elu-meilleur-chef-patissier\/"},"author":{"name":"C D","@id":"https:\/\/vosgesinfo.fr\/remiremontinfo\/#\/schema\/person\/3bfd164d5218a185b1db68655a265316"},"headline":"Caterer Awards 2022 : originaire d\u2019Epinal, Nicolas Lambert \u00e9lu meilleur chef p\u00e2tissier","datePublished":"2022-10-05T08:36:10+00:00","dateModified":"2022-10-05T08:36:10+00:00","mainEntityOfPage":{"@id":"https:\/\/vosgesinfo.fr\/remiremontinfo\/2022\/10\/caterer-awards-2022-originaire-depinal-nicolas-lambert-elu-meilleur-chef-patissier\/"},"wordCount":94,"commentCount":0,"publisher":{"@id":"https:\/\/vosgesinfo.fr\/remiremontinfo\/#organization"},"image":{"@id":"https:\/\/vosgesinfo.fr\/remiremontinfo\/2022\/10\/caterer-awards-2022-originaire-depinal-nicolas-lambert-elu-meilleur-chef-patissier\/#primaryimage"},"thumbnailUrl":"https:\/\/vosgesinfo.fr\/app\/uploads\/sites\/5\/2024\/09\/202210nicolas-lambert-patissier-640x800-1.jpg","keywords":["caterer","\u00e9pinal","meilleur","nicolas lambert","p\u00e2tissier","Vosges"],"articleSection":["A la Une","Culture","Vosges"],"inLanguage":"fr-FR","potentialAction":[{"@type":"CommentAction","name":"Comment","target":["https:\/\/vosgesinfo.fr\/remiremontinfo\/2022\/10\/caterer-awards-2022-originaire-depinal-nicolas-lambert-elu-meilleur-chef-patissier\/#respond"]}]},{"@type":"WebPage","@id":"https:\/\/vosgesinfo.fr\/remiremontinfo\/2022\/10\/caterer-awards-2022-originaire-depinal-nicolas-lambert-elu-meilleur-chef-patissier\/","url":"https:\/\/vosgesinfo.fr\/remiremontinfo\/2022\/10\/caterer-awards-2022-originaire-depinal-nicolas-lambert-elu-meilleur-chef-patissier\/","name":"Caterer Awards 2022 : originaire d\u2019Epinal, Nicolas Lambert \u00e9lu meilleur chef p\u00e2tissier - Remiremont Info","isPartOf":{"@id":"https:\/\/vosgesinfo.fr\/remiremontinfo\/#website"},"primaryImageOfPage":{"@id":"https:\/\/vosgesinfo.fr\/remiremontinfo\/2022\/10\/caterer-awards-2022-originaire-depinal-nicolas-lambert-elu-meilleur-chef-patissier\/#primaryimage"},"image":{"@id":"https:\/\/vosgesinfo.fr\/remiremontinfo\/2022\/10\/caterer-awards-2022-originaire-depinal-nicolas-lambert-elu-meilleur-chef-patissier\/#primaryimage"},"thumbnailUrl":"https:\/\/vosgesinfo.fr\/app\/uploads\/sites\/5\/2024\/09\/202210nicolas-lambert-patissier-640x800-1.jpg","datePublished":"2022-10-05T08:36:10+00:00","dateModified":"2022-10-05T08:36:10+00:00","breadcrumb":{"@id":"https:\/\/vosgesinfo.fr\/remiremontinfo\/2022\/10\/caterer-awards-2022-originaire-depinal-nicolas-lambert-elu-meilleur-chef-patissier\/#breadcrumb"},"inLanguage":"fr-FR","potentialAction":[{"@type":"ReadAction","target":["https:\/\/vosgesinfo.fr\/remiremontinfo\/2022\/10\/caterer-awards-2022-originaire-depinal-nicolas-lambert-elu-meilleur-chef-patissier\/"]}]},{"@type":"ImageObject","inLanguage":"fr-FR","@id":"https:\/\/vosgesinfo.fr\/remiremontinfo\/2022\/10\/caterer-awards-2022-originaire-depinal-nicolas-lambert-elu-meilleur-chef-patissier\/#primaryimage","url":"https:\/\/vosgesinfo.fr\/app\/uploads\/sites\/5\/2024\/09\/202210nicolas-lambert-patissier-640x800-1.jpg","contentUrl":"https:\/\/vosgesinfo.fr\/app\/uploads\/sites\/5\/2024\/09\/202210nicolas-lambert-patissier-640x800-1.jpg","width":593,"height":457},{"@type":"BreadcrumbList","@id":"https:\/\/vosgesinfo.fr\/remiremontinfo\/2022\/10\/caterer-awards-2022-originaire-depinal-nicolas-lambert-elu-meilleur-chef-patissier\/#breadcrumb","itemListElement":[{"@type":"ListItem","position":1,"name":"Home","item":"https:\/\/vosgesinfo.fr\/remiremontinfo\/"},{"@type":"ListItem","position":2,"name":"Caterer Awards 2022 : originaire d\u2019Epinal, Nicolas Lambert \u00e9lu meilleur chef p\u00e2tissier"}]},{"@type":"WebSite","@id":"https:\/\/vosgesinfo.fr\/remiremontinfo\/#website","url":"https:\/\/vosgesinfo.fr\/remiremontinfo\/","name":"Remiremont Info","description":"Toute l&#039;actualit\u00e9 de Remiremont","publisher":{"@id":"https:\/\/vosgesinfo.fr\/remiremontinfo\/#organization"},"alternateName":"Toute l'actualit\u00e9 de Remiremont","potentialAction":[{"@type":"SearchAction","target":{"@type":"EntryPoint","urlTemplate":"https:\/\/vosgesinfo.fr\/remiremontinfo\/?s={search_term_string}"},"query-input":"required name=search_term_string"}],"inLanguage":"fr-FR"},{"@type":"Organization","@id":"https:\/\/vosgesinfo.fr\/remiremontinfo\/#organization","name":"Remiremont Info","url":"https:\/\/vosgesinfo.fr\/remiremontinfo\/","logo":{"@type":"ImageObject","inLanguage":"fr-FR","@id":"https:\/\/vosgesinfo.fr\/remiremontinfo\/#\/schema\/logo\/image\/","url":"https:\/\/vosgesinfo.fr\/app\/uploads\/sites\/5\/2023\/08\/favicon-remiremontinfo.png","contentUrl":"https:\/\/vosgesinfo.fr\/app\/uploads\/sites\/5\/2023\/08\/favicon-remiremontinfo.png","width":512,"height":512,"caption":"Remiremont Info"},"image":{"@id":"https:\/\/vosgesinfo.fr\/remiremontinfo\/#\/schema\/logo\/image\/"},"sameAs":["https:\/\/www.facebook.com\/remiremontinfo","https:\/\/x.com\/VosgesInfo88","https:\/\/www.youtube.com\/@vosgesinfo"]},{"@type":"Person","@id":"https:\/\/vosgesinfo.fr\/remiremontinfo\/#\/schema\/person\/3bfd164d5218a185b1db68655a265316","name":"C D","image":{"@type":"ImageObject","inLanguage":"fr-FR","@id":"https:\/\/vosgesinfo.fr\/remiremontinfo\/#\/schema\/person\/image\/","url":"https:\/\/secure.gravatar.com\/avatar\/1f9a70007336511a47468b8f1c66f922b8b7cf617b02a31149ada43893a5d48f?s=96&d=mm&r=g","contentUrl":"https:\/\/secure.gravatar.com\/avatar\/1f9a70007336511a47468b8f1c66f922b8b7cf617b02a31149ada43893a5d48f?s=96&d=mm&r=g","caption":"C D"},"url":"https:\/\/vosgesinfo.fr\/remiremontinfo\/author\/cedric-drevet\/"}]}},"_links":{"self":[{"href":"https:\/\/vosgesinfo.fr\/remiremontinfo\/wp-json\/wp\/v2\/posts\/62990","targetHints":{"allow":["GET"]}}],"collection":[{"href":"https:\/\/vosgesinfo.fr\/remiremontinfo\/wp-json\/wp\/v2\/posts"}],"about":[{"href":"https:\/\/vosgesinfo.fr\/remiremontinfo\/wp-json\/wp\/v2\/types\/post"}],"author":[{"embeddable":true,"href":"https:\/\/vosgesinfo.fr\/remiremontinfo\/wp-json\/wp\/v2\/users\/407"}],"replies":[{"embeddable":true,"href":"https:\/\/vosgesinfo.fr\/remiremontinfo\/wp-json\/wp\/v2\/comments?post=62990"}],"version-history":[{"count":0,"href":"https:\/\/vosgesinfo.fr\/remiremontinfo\/wp-json\/wp\/v2\/posts\/62990\/revisions"}],"wp:featuredmedia":[{"embeddable":true,"href":"https:\/\/vosgesinfo.fr\/remiremontinfo\/wp-json\/wp\/v2\/media\/62991"}],"wp:attachment":[{"href":"https:\/\/vosgesinfo.fr\/remiremontinfo\/wp-json\/wp\/v2\/media?parent=62990"}],"wp:term":[{"taxonomy":"category","embeddable":true,"href":"https:\/\/vosgesinfo.fr\/remiremontinfo\/wp-json\/wp\/v2\/categories?post=62990"},{"taxonomy":"post_tag","embeddable":true,"href":"https:\/\/vosgesinfo.fr\/remiremontinfo\/wp-json\/wp\/v2\/tags?post=62990"}],"curies":[{"name":"wp","href":"https:\/\/api.w.org\/{rel}","templated":true}]}}