{"id":62997,"date":"2022-10-05T10:30:22","date_gmt":"2022-10-05T08:30:22","guid":{"rendered":"https:\/\/vosgesinfo.fr\/remiremontinfo\/2022\/10\/saint-nabord-nouvel-agent-rejoint-police-municipale\/"},"modified":"2022-10-05T10:30:22","modified_gmt":"2022-10-05T08:30:22","slug":"saint-nabord-nouvel-agent-rejoint-police-municipale","status":"publish","type":"post","link":"https:\/\/vosgesinfo.fr\/remiremontinfo\/2022\/10\/saint-nabord-nouvel-agent-rejoint-police-municipale\/","title":{"rendered":"Saint-Nabord : un nouvel agent rejoint la police municipale"},"content":{"rendered":"<p><a href=\"\/2022\/10\/310630721_429608222614288_320012390300428795_n.jpg\"><img decoding=\"async\" class=\"alignnone size-large wp-image-355346\" src=\"\/2022\/10\/310630721_429608222614288_320012390300428795_n-1024x801.jpg\" alt=\"310630721_429608222614288_320012390300428795_n\" width=\"960\" height=\"751\" \/><\/a><\/p>\n<p><span style=\"font-size: 10pt;\"><em>Photo par la Mairie de Saint-Nabord\u00a0<\/em><\/span><\/p>\n<h2><span style=\"font-size: 12pt;\"><strong>L&rsquo;adjudante V\u00e9ronique Lejeau\u00a0vient de quitter ses fonctions dans la gendarmerie de Remiremont pour remplacer Micha\u00ebl Juncosa au poste de polici\u00e8re municipale sur la commune de Saint-Nabord, depuis le 1er octobre dernier. Un d\u00e9tachement d\u2019un an qui lui permet d\u2019op\u00e9rer une reconversion dans la fonction publique territoriale. <\/strong><\/span><\/h2>\n<p>Une \u00e9volution de carri\u00e8re qu\u2019elle envisage avec enthousiasme alors qu\u2019elle prend peu \u00e0 peu ses rep\u00e8res sur son nouveau p\u00e9rim\u00e8tre d\u2019action, guid\u00e9e notamment, par le responsable des ateliers municipaux, Denis Vincent. A 44 ans, la jeune femme a d\u00e9j\u00e0 une belle carri\u00e8re militaire derri\u00e8re elle : plus de 20 ann\u00e9es pass\u00e9es \u00e0 assurer la s\u00e9curit\u00e9 des personnes et le maintien de l\u2019ordre public.<\/p>\n<p>Titulaire d\u2019une licence en droit doubl\u00e9e d\u2019un dipl\u00f4me universitaire en criminologie, elle int\u00e8gre l\u2019\u00e9cole de gendarmerie en juin 2002 et rejoint sa premi\u00e8re affectation \u00e0 la gendarmerie de S\u00e9lestat en 2003. Apr\u00e8s avoir pass\u00e9 l\u2019examen d\u2019officier de police judiciaire en 2007, elle obtient le grade de mar\u00e9chal des logis-chef puis celui d\u2019adjudante en 2012. Elle poursuit sa carri\u00e8re \u00e0 Munster, puis \u00e0 Wissembourg pour rapprochement de conjoint, avant de rejoindre la brigade de gendarmerie de Remiremont en 2019.<\/p>\n<p>C\u2019est dans les rues et les quartiers de notre commune, que V\u00e9ronique Lejeau va \u00e9crire, d\u00e9sormais, la suite de son histoire\u2026 Outre les missions inh\u00e9rentes \u00e0 son statut d\u2019agent de police municipale consistant \u00e0 \u00ab assurer la s\u00e9curit\u00e9, la tranquillit\u00e9 et la salubrit\u00e9 publique ou \u00e0 faire appliquer les arr\u00eat\u00e9s du Maire \u00bb, V\u00e9ronique Leajeau souhaite apporter une dimension plus humaine \u00e0 son r\u00f4le de repr\u00e9sentante de la loi. De nature affable, elle pr\u00eatera une oreille attentive aux pr\u00e9occupations de la population et souhaite vivement faire de la pr\u00e9vention un de ses chevaux de bataille. Et dans ce registre-l\u00e0, elle ne manque pas d\u2019id\u00e9es, semble-t-il, \u00e0 soumettre \u00e0 Monsieur le Maire et \u00e0 son \u00e9quipe municipale\u2026<\/p>\n<p><span style=\"font-size: 10pt;\"><em>Source : Mairie de Saint-Nabord\u00a0<\/em><\/span><\/p>\n","protected":false},"excerpt":{"rendered":"<p>Photo par la Mairie de Saint-Nabord\u00a0 L&rsquo;adjudante V\u00e9ronique Lejeau\u00a0vient de quitter ses fonctions dans la gendarmerie de Remiremont pour remplacer [&hellip;]<\/p>\n","protected":false},"author":407,"featured_media":62998,"comment_status":"open","ping_status":"open","sticky":false,"template":"","format":"standard","meta":{"footnotes":""},"categories":[26,35,100,95],"tags":[4818,42,118,4819,32],"class_list":["post-62997","post","type-post","status-publish","format-standard","has-post-thumbnail","hentry","category-a-la-une","category-remiremont-son-canton","category-saint-nabord","category-securite","tag-police-municipale","tag-saint-nabord","tag-securite","tag-veronique-lejeau","tag-vosges"],"acf":[],"yoast_head":"<!-- This site is optimized with the Yoast SEO plugin v22.5 - https:\/\/yoast.com\/wordpress\/plugins\/seo\/ -->\n<title>Saint-Nabord : un nouvel agent rejoint la police municipale - Remiremont Info<\/title>\n<meta name=\"robots\" content=\"index, follow, max-snippet:-1, max-image-preview:large, max-video-preview:-1\" \/>\n<link rel=\"canonical\" href=\"https:\/\/vosgesinfo.fr\/remiremontinfo\/2022\/10\/saint-nabord-nouvel-agent-rejoint-police-municipale\/\" \/>\n<meta name=\"twitter:card\" content=\"summary_large_image\" \/>\n<meta name=\"twitter:title\" content=\"Saint-Nabord : un nouvel agent rejoint la police municipale - Remiremont Info\" \/>\n<meta name=\"twitter:description\" content=\"Photo par la Mairie de Saint-Nabord\u00a0 L&rsquo;adjudante V\u00e9ronique Lejeau\u00a0vient de quitter ses fonctions dans la gendarmerie de Remiremont pour remplacer [&hellip;]\" \/>\n<meta name=\"twitter:image\" content=\"https:\/\/vosgesinfo.fr\/app\/uploads\/sites\/5\/2024\/09\/202210310630721-429608222614288-320012390300428795-n.jpg\" \/>\n<meta name=\"twitter:creator\" content=\"@VosgesInfo88\" \/>\n<meta name=\"twitter:site\" content=\"@VosgesInfo88\" \/>\n<meta name=\"twitter:label1\" content=\"\u00c9crit par\" \/>\n\t<meta name=\"twitter:data1\" content=\"C D\" \/>\n\t<meta name=\"twitter:label2\" content=\"Dur\u00e9e de lecture estim\u00e9e\" \/>\n\t<meta name=\"twitter:data2\" content=\"2 minutes\" \/>\n<script type=\"application\/ld+json\" class=\"yoast-schema-graph\">{\"@context\":\"https:\/\/schema.org\",\"@graph\":[{\"@type\":\"Article\",\"@id\":\"https:\/\/vosgesinfo.fr\/remiremontinfo\/2022\/10\/saint-nabord-nouvel-agent-rejoint-police-municipale\/#article\",\"isPartOf\":{\"@id\":\"https:\/\/vosgesinfo.fr\/remiremontinfo\/2022\/10\/saint-nabord-nouvel-agent-rejoint-police-municipale\/\"},\"author\":{\"name\":\"C D\",\"@id\":\"https:\/\/vosgesinfo.fr\/remiremontinfo\/#\/schema\/person\/3bfd164d5218a185b1db68655a265316\"},\"headline\":\"Saint-Nabord : un nouvel agent rejoint la police municipale\",\"datePublished\":\"2022-10-05T08:30:22+00:00\",\"dateModified\":\"2022-10-05T08:30:22+00:00\",\"mainEntityOfPage\":{\"@id\":\"https:\/\/vosgesinfo.fr\/remiremontinfo\/2022\/10\/saint-nabord-nouvel-agent-rejoint-police-municipale\/\"},\"wordCount\":353,\"commentCount\":0,\"publisher\":{\"@id\":\"https:\/\/vosgesinfo.fr\/remiremontinfo\/#organization\"},\"image\":{\"@id\":\"https:\/\/vosgesinfo.fr\/remiremontinfo\/2022\/10\/saint-nabord-nouvel-agent-rejoint-police-municipale\/#primaryimage\"},\"thumbnailUrl\":\"https:\/\/vosgesinfo.fr\/app\/uploads\/sites\/5\/2024\/09\/202210310630721-429608222614288-320012390300428795-n.jpg\",\"keywords\":[\"Police municipale\",\"saint-nabord\",\"S\u00e9curit\u00e9\",\"v\u00e9ronique lejeau\",\"Vosges\"],\"articleSection\":[\"A la Une\",\"Remiremont &amp; son canton\",\"Saint-Nabord\",\"S\u00e9curit\u00e9\"],\"inLanguage\":\"fr-FR\",\"potentialAction\":[{\"@type\":\"CommentAction\",\"name\":\"Comment\",\"target\":[\"https:\/\/vosgesinfo.fr\/remiremontinfo\/2022\/10\/saint-nabord-nouvel-agent-rejoint-police-municipale\/#respond\"]}]},{\"@type\":\"WebPage\",\"@id\":\"https:\/\/vosgesinfo.fr\/remiremontinfo\/2022\/10\/saint-nabord-nouvel-agent-rejoint-police-municipale\/\",\"url\":\"https:\/\/vosgesinfo.fr\/remiremontinfo\/2022\/10\/saint-nabord-nouvel-agent-rejoint-police-municipale\/\",\"name\":\"Saint-Nabord : un nouvel agent rejoint la police municipale - Remiremont Info\",\"isPartOf\":{\"@id\":\"https:\/\/vosgesinfo.fr\/remiremontinfo\/#website\"},\"primaryImageOfPage\":{\"@id\":\"https:\/\/vosgesinfo.fr\/remiremontinfo\/2022\/10\/saint-nabord-nouvel-agent-rejoint-police-municipale\/#primaryimage\"},\"image\":{\"@id\":\"https:\/\/vosgesinfo.fr\/remiremontinfo\/2022\/10\/saint-nabord-nouvel-agent-rejoint-police-municipale\/#primaryimage\"},\"thumbnailUrl\":\"https:\/\/vosgesinfo.fr\/app\/uploads\/sites\/5\/2024\/09\/202210310630721-429608222614288-320012390300428795-n.jpg\",\"datePublished\":\"2022-10-05T08:30:22+00:00\",\"dateModified\":\"2022-10-05T08:30:22+00:00\",\"breadcrumb\":{\"@id\":\"https:\/\/vosgesinfo.fr\/remiremontinfo\/2022\/10\/saint-nabord-nouvel-agent-rejoint-police-municipale\/#breadcrumb\"},\"inLanguage\":\"fr-FR\",\"potentialAction\":[{\"@type\":\"ReadAction\",\"target\":[\"https:\/\/vosgesinfo.fr\/remiremontinfo\/2022\/10\/saint-nabord-nouvel-agent-rejoint-police-municipale\/\"]}]},{\"@type\":\"ImageObject\",\"inLanguage\":\"fr-FR\",\"@id\":\"https:\/\/vosgesinfo.fr\/remiremontinfo\/2022\/10\/saint-nabord-nouvel-agent-rejoint-police-municipale\/#primaryimage\",\"url\":\"https:\/\/vosgesinfo.fr\/app\/uploads\/sites\/5\/2024\/09\/202210310630721-429608222614288-320012390300428795-n.jpg\",\"contentUrl\":\"https:\/\/vosgesinfo.fr\/app\/uploads\/sites\/5\/2024\/09\/202210310630721-429608222614288-320012390300428795-n.jpg\",\"width\":1904,\"height\":1489},{\"@type\":\"BreadcrumbList\",\"@id\":\"https:\/\/vosgesinfo.fr\/remiremontinfo\/2022\/10\/saint-nabord-nouvel-agent-rejoint-police-municipale\/#breadcrumb\",\"itemListElement\":[{\"@type\":\"ListItem\",\"position\":1,\"name\":\"Home\",\"item\":\"https:\/\/vosgesinfo.fr\/remiremontinfo\/\"},{\"@type\":\"ListItem\",\"position\":2,\"name\":\"Saint-Nabord : un nouvel agent rejoint la police municipale\"}]},{\"@type\":\"WebSite\",\"@id\":\"https:\/\/vosgesinfo.fr\/remiremontinfo\/#website\",\"url\":\"https:\/\/vosgesinfo.fr\/remiremontinfo\/\",\"name\":\"Remiremont Info\",\"description\":\"Toute l&#039;actualit\u00e9 de Remiremont\",\"publisher\":{\"@id\":\"https:\/\/vosgesinfo.fr\/remiremontinfo\/#organization\"},\"alternateName\":\"Toute l'actualit\u00e9 de Remiremont\",\"potentialAction\":[{\"@type\":\"SearchAction\",\"target\":{\"@type\":\"EntryPoint\",\"urlTemplate\":\"https:\/\/vosgesinfo.fr\/remiremontinfo\/?s={search_term_string}\"},\"query-input\":\"required name=search_term_string\"}],\"inLanguage\":\"fr-FR\"},{\"@type\":\"Organization\",\"@id\":\"https:\/\/vosgesinfo.fr\/remiremontinfo\/#organization\",\"name\":\"Remiremont Info\",\"url\":\"https:\/\/vosgesinfo.fr\/remiremontinfo\/\",\"logo\":{\"@type\":\"ImageObject\",\"inLanguage\":\"fr-FR\",\"@id\":\"https:\/\/vosgesinfo.fr\/remiremontinfo\/#\/schema\/logo\/image\/\",\"url\":\"https:\/\/vosgesinfo.fr\/app\/uploads\/sites\/5\/2023\/08\/favicon-remiremontinfo.png\",\"contentUrl\":\"https:\/\/vosgesinfo.fr\/app\/uploads\/sites\/5\/2023\/08\/favicon-remiremontinfo.png\",\"width\":512,\"height\":512,\"caption\":\"Remiremont Info\"},\"image\":{\"@id\":\"https:\/\/vosgesinfo.fr\/remiremontinfo\/#\/schema\/logo\/image\/\"},\"sameAs\":[\"https:\/\/www.facebook.com\/remiremontinfo\",\"https:\/\/x.com\/VosgesInfo88\",\"https:\/\/www.youtube.com\/@vosgesinfo\"]},{\"@type\":\"Person\",\"@id\":\"https:\/\/vosgesinfo.fr\/remiremontinfo\/#\/schema\/person\/3bfd164d5218a185b1db68655a265316\",\"name\":\"C D\",\"image\":{\"@type\":\"ImageObject\",\"inLanguage\":\"fr-FR\",\"@id\":\"https:\/\/vosgesinfo.fr\/remiremontinfo\/#\/schema\/person\/image\/\",\"url\":\"https:\/\/secure.gravatar.com\/avatar\/1f9a70007336511a47468b8f1c66f922b8b7cf617b02a31149ada43893a5d48f?s=96&d=mm&r=g\",\"contentUrl\":\"https:\/\/secure.gravatar.com\/avatar\/1f9a70007336511a47468b8f1c66f922b8b7cf617b02a31149ada43893a5d48f?s=96&d=mm&r=g\",\"caption\":\"C D\"},\"url\":\"https:\/\/vosgesinfo.fr\/remiremontinfo\/author\/cedric-drevet\/\"}]}<\/script>\n<!-- \/ Yoast SEO plugin. -->","yoast_head_json":{"title":"Saint-Nabord : un nouvel agent rejoint la police municipale - Remiremont Info","robots":{"index":"index","follow":"follow","max-snippet":"max-snippet:-1","max-image-preview":"max-image-preview:large","max-video-preview":"max-video-preview:-1"},"canonical":"https:\/\/vosgesinfo.fr\/remiremontinfo\/2022\/10\/saint-nabord-nouvel-agent-rejoint-police-municipale\/","twitter_card":"summary_large_image","twitter_title":"Saint-Nabord : un nouvel agent rejoint la police municipale - Remiremont Info","twitter_description":"Photo par la Mairie de Saint-Nabord\u00a0 L&rsquo;adjudante V\u00e9ronique Lejeau\u00a0vient de quitter ses fonctions dans la gendarmerie de Remiremont pour remplacer [&hellip;]","twitter_image":"https:\/\/vosgesinfo.fr\/app\/uploads\/sites\/5\/2024\/09\/202210310630721-429608222614288-320012390300428795-n.jpg","twitter_creator":"@VosgesInfo88","twitter_site":"@VosgesInfo88","twitter_misc":{"\u00c9crit par":"C D","Dur\u00e9e de lecture estim\u00e9e":"2 minutes"},"schema":{"@context":"https:\/\/schema.org","@graph":[{"@type":"Article","@id":"https:\/\/vosgesinfo.fr\/remiremontinfo\/2022\/10\/saint-nabord-nouvel-agent-rejoint-police-municipale\/#article","isPartOf":{"@id":"https:\/\/vosgesinfo.fr\/remiremontinfo\/2022\/10\/saint-nabord-nouvel-agent-rejoint-police-municipale\/"},"author":{"name":"C D","@id":"https:\/\/vosgesinfo.fr\/remiremontinfo\/#\/schema\/person\/3bfd164d5218a185b1db68655a265316"},"headline":"Saint-Nabord : un nouvel agent rejoint la police municipale","datePublished":"2022-10-05T08:30:22+00:00","dateModified":"2022-10-05T08:30:22+00:00","mainEntityOfPage":{"@id":"https:\/\/vosgesinfo.fr\/remiremontinfo\/2022\/10\/saint-nabord-nouvel-agent-rejoint-police-municipale\/"},"wordCount":353,"commentCount":0,"publisher":{"@id":"https:\/\/vosgesinfo.fr\/remiremontinfo\/#organization"},"image":{"@id":"https:\/\/vosgesinfo.fr\/remiremontinfo\/2022\/10\/saint-nabord-nouvel-agent-rejoint-police-municipale\/#primaryimage"},"thumbnailUrl":"https:\/\/vosgesinfo.fr\/app\/uploads\/sites\/5\/2024\/09\/202210310630721-429608222614288-320012390300428795-n.jpg","keywords":["Police municipale","saint-nabord","S\u00e9curit\u00e9","v\u00e9ronique lejeau","Vosges"],"articleSection":["A la Une","Remiremont &amp; son canton","Saint-Nabord","S\u00e9curit\u00e9"],"inLanguage":"fr-FR","potentialAction":[{"@type":"CommentAction","name":"Comment","target":["https:\/\/vosgesinfo.fr\/remiremontinfo\/2022\/10\/saint-nabord-nouvel-agent-rejoint-police-municipale\/#respond"]}]},{"@type":"WebPage","@id":"https:\/\/vosgesinfo.fr\/remiremontinfo\/2022\/10\/saint-nabord-nouvel-agent-rejoint-police-municipale\/","url":"https:\/\/vosgesinfo.fr\/remiremontinfo\/2022\/10\/saint-nabord-nouvel-agent-rejoint-police-municipale\/","name":"Saint-Nabord : un nouvel agent rejoint la police municipale - Remiremont Info","isPartOf":{"@id":"https:\/\/vosgesinfo.fr\/remiremontinfo\/#website"},"primaryImageOfPage":{"@id":"https:\/\/vosgesinfo.fr\/remiremontinfo\/2022\/10\/saint-nabord-nouvel-agent-rejoint-police-municipale\/#primaryimage"},"image":{"@id":"https:\/\/vosgesinfo.fr\/remiremontinfo\/2022\/10\/saint-nabord-nouvel-agent-rejoint-police-municipale\/#primaryimage"},"thumbnailUrl":"https:\/\/vosgesinfo.fr\/app\/uploads\/sites\/5\/2024\/09\/202210310630721-429608222614288-320012390300428795-n.jpg","datePublished":"2022-10-05T08:30:22+00:00","dateModified":"2022-10-05T08:30:22+00:00","breadcrumb":{"@id":"https:\/\/vosgesinfo.fr\/remiremontinfo\/2022\/10\/saint-nabord-nouvel-agent-rejoint-police-municipale\/#breadcrumb"},"inLanguage":"fr-FR","potentialAction":[{"@type":"ReadAction","target":["https:\/\/vosgesinfo.fr\/remiremontinfo\/2022\/10\/saint-nabord-nouvel-agent-rejoint-police-municipale\/"]}]},{"@type":"ImageObject","inLanguage":"fr-FR","@id":"https:\/\/vosgesinfo.fr\/remiremontinfo\/2022\/10\/saint-nabord-nouvel-agent-rejoint-police-municipale\/#primaryimage","url":"https:\/\/vosgesinfo.fr\/app\/uploads\/sites\/5\/2024\/09\/202210310630721-429608222614288-320012390300428795-n.jpg","contentUrl":"https:\/\/vosgesinfo.fr\/app\/uploads\/sites\/5\/2024\/09\/202210310630721-429608222614288-320012390300428795-n.jpg","width":1904,"height":1489},{"@type":"BreadcrumbList","@id":"https:\/\/vosgesinfo.fr\/remiremontinfo\/2022\/10\/saint-nabord-nouvel-agent-rejoint-police-municipale\/#breadcrumb","itemListElement":[{"@type":"ListItem","position":1,"name":"Home","item":"https:\/\/vosgesinfo.fr\/remiremontinfo\/"},{"@type":"ListItem","position":2,"name":"Saint-Nabord : un nouvel agent rejoint la police municipale"}]},{"@type":"WebSite","@id":"https:\/\/vosgesinfo.fr\/remiremontinfo\/#website","url":"https:\/\/vosgesinfo.fr\/remiremontinfo\/","name":"Remiremont Info","description":"Toute l&#039;actualit\u00e9 de Remiremont","publisher":{"@id":"https:\/\/vosgesinfo.fr\/remiremontinfo\/#organization"},"alternateName":"Toute l'actualit\u00e9 de Remiremont","potentialAction":[{"@type":"SearchAction","target":{"@type":"EntryPoint","urlTemplate":"https:\/\/vosgesinfo.fr\/remiremontinfo\/?s={search_term_string}"},"query-input":"required name=search_term_string"}],"inLanguage":"fr-FR"},{"@type":"Organization","@id":"https:\/\/vosgesinfo.fr\/remiremontinfo\/#organization","name":"Remiremont Info","url":"https:\/\/vosgesinfo.fr\/remiremontinfo\/","logo":{"@type":"ImageObject","inLanguage":"fr-FR","@id":"https:\/\/vosgesinfo.fr\/remiremontinfo\/#\/schema\/logo\/image\/","url":"https:\/\/vosgesinfo.fr\/app\/uploads\/sites\/5\/2023\/08\/favicon-remiremontinfo.png","contentUrl":"https:\/\/vosgesinfo.fr\/app\/uploads\/sites\/5\/2023\/08\/favicon-remiremontinfo.png","width":512,"height":512,"caption":"Remiremont Info"},"image":{"@id":"https:\/\/vosgesinfo.fr\/remiremontinfo\/#\/schema\/logo\/image\/"},"sameAs":["https:\/\/www.facebook.com\/remiremontinfo","https:\/\/x.com\/VosgesInfo88","https:\/\/www.youtube.com\/@vosgesinfo"]},{"@type":"Person","@id":"https:\/\/vosgesinfo.fr\/remiremontinfo\/#\/schema\/person\/3bfd164d5218a185b1db68655a265316","name":"C D","image":{"@type":"ImageObject","inLanguage":"fr-FR","@id":"https:\/\/vosgesinfo.fr\/remiremontinfo\/#\/schema\/person\/image\/","url":"https:\/\/secure.gravatar.com\/avatar\/1f9a70007336511a47468b8f1c66f922b8b7cf617b02a31149ada43893a5d48f?s=96&d=mm&r=g","contentUrl":"https:\/\/secure.gravatar.com\/avatar\/1f9a70007336511a47468b8f1c66f922b8b7cf617b02a31149ada43893a5d48f?s=96&d=mm&r=g","caption":"C D"},"url":"https:\/\/vosgesinfo.fr\/remiremontinfo\/author\/cedric-drevet\/"}]}},"_links":{"self":[{"href":"https:\/\/vosgesinfo.fr\/remiremontinfo\/wp-json\/wp\/v2\/posts\/62997","targetHints":{"allow":["GET"]}}],"collection":[{"href":"https:\/\/vosgesinfo.fr\/remiremontinfo\/wp-json\/wp\/v2\/posts"}],"about":[{"href":"https:\/\/vosgesinfo.fr\/remiremontinfo\/wp-json\/wp\/v2\/types\/post"}],"author":[{"embeddable":true,"href":"https:\/\/vosgesinfo.fr\/remiremontinfo\/wp-json\/wp\/v2\/users\/407"}],"replies":[{"embeddable":true,"href":"https:\/\/vosgesinfo.fr\/remiremontinfo\/wp-json\/wp\/v2\/comments?post=62997"}],"version-history":[{"count":0,"href":"https:\/\/vosgesinfo.fr\/remiremontinfo\/wp-json\/wp\/v2\/posts\/62997\/revisions"}],"wp:featuredmedia":[{"embeddable":true,"href":"https:\/\/vosgesinfo.fr\/remiremontinfo\/wp-json\/wp\/v2\/media\/62998"}],"wp:attachment":[{"href":"https:\/\/vosgesinfo.fr\/remiremontinfo\/wp-json\/wp\/v2\/media?parent=62997"}],"wp:term":[{"taxonomy":"category","embeddable":true,"href":"https:\/\/vosgesinfo.fr\/remiremontinfo\/wp-json\/wp\/v2\/categories?post=62997"},{"taxonomy":"post_tag","embeddable":true,"href":"https:\/\/vosgesinfo.fr\/remiremontinfo\/wp-json\/wp\/v2\/tags?post=62997"}],"curies":[{"name":"wp","href":"https:\/\/api.w.org\/{rel}","templated":true}]}}