{"id":63011,"date":"2022-10-06T07:42:31","date_gmt":"2022-10-06T05:42:31","guid":{"rendered":"https:\/\/vosgesinfo.fr\/remiremontinfo\/2022\/10\/incendies-ressource-eau-biodiversite-danger-cueillette-sauvage-bilan-operations-de-controles-visant-preservation-enjeux-environnementaux\/"},"modified":"2022-10-06T07:42:31","modified_gmt":"2022-10-06T05:42:31","slug":"incendies-ressource-eau-biodiversite-danger-cueillette-sauvage-bilan-operations-de-controles-visant-preservation-enjeux-environnementaux","status":"publish","type":"post","link":"https:\/\/vosgesinfo.fr\/remiremontinfo\/2022\/10\/incendies-ressource-eau-biodiversite-danger-cueillette-sauvage-bilan-operations-de-controles-visant-preservation-enjeux-environnementaux\/","title":{"rendered":"Incendies, ressource en eau, biodiversit\u00e9 en danger, cueillette sauvage : quel bilan pour les op\u00e9rations de contr\u00f4les visant la pr\u00e9servation des enjeux environnementaux ?"},"content":{"rendered":"<p>En effet, l\u2019\u00e9t\u00e9 2022 fera sans doute date en la mati\u00e8re : nouvelles probl\u00e9matiques, nouvelles m\u00e9thodes, nouveaux dispositifs, nouveaux objectifs. Plus que jamais menac\u00e9, l\u2019environnement (au sens large du terme) et sa pr\u00e9servation deviennent une priorit\u00e9 \u00e0 travers des op\u00e9rations de contr\u00f4les coordonn\u00e9es men\u00e9es t<span lang=\"fr-FR\">out au long de l\u2019\u00e9t\u00e9, \u00e0 la demande de Monsieur Yves SEGUY, Pr\u00e9fet des Vosges, et de Monsieur Fr\u00e9d\u00e9ric NAHON, Procureur de la R\u00e9publique. Mieux encore, comme l\u2019annon\u00e7ait le Colonel Avy, Commandant du groupement de Gendarmerie des Vosges, \u00ab\u00a0<\/span><em><span lang=\"fr-FR\">des renforts cibl\u00e9s sont attendues<\/span><\/em><span lang=\"fr-FR\">\u00a0\u00bb \u00e9voquant ainsi l\u2019arriv\u00e9e de<\/span><em><span lang=\"fr-FR\">\u00a0gendarmes vert<\/span><\/em><span lang=\"fr-FR\">s, form\u00e9s et sp\u00e9cialis\u00e9s dans le domaine de l\u2019environnement. 4 sonom\u00e8tres vont \u00e9galement \u00eatre \u00ab\u00a0<\/span><em><span lang=\"fr-FR\">mis \u00e0 profit<\/span><\/em><span lang=\"fr-FR\">\u00a0\u00bb d\u00e8s l\u2019\u00e9t\u00e9 prochain.<\/span><\/p>\n<p>&nbsp;<\/p>\n","protected":false},"excerpt":{"rendered":"<p>En effet, l\u2019\u00e9t\u00e9 2022 fera sans doute date en la mati\u00e8re : nouvelles probl\u00e9matiques, nouvelles m\u00e9thodes, nouveaux dispositifs, nouveaux objectifs. [&hellip;]<\/p>\n","protected":false},"author":407,"featured_media":63012,"comment_status":"open","ping_status":"open","sticky":false,"template":"","format":"standard","meta":{"footnotes":""},"categories":[26,7,18],"tags":[4682,94,32],"class_list":["post-63011","post","type-post","status-publish","format-standard","has-post-thumbnail","hentry","category-a-la-une","category-environnement","category-vosges","tag-controles","tag-environnement","tag-vosges"],"acf":[],"yoast_head":"<!-- This site is optimized with the Yoast SEO plugin v22.5 - https:\/\/yoast.com\/wordpress\/plugins\/seo\/ -->\n<title>Incendies, ressource en eau, biodiversit\u00e9 en danger, cueillette sauvage : quel bilan pour les op\u00e9rations de contr\u00f4les visant la pr\u00e9servation des enjeux environnementaux ? - Remiremont Info<\/title>\n<meta name=\"robots\" content=\"index, follow, max-snippet:-1, max-image-preview:large, max-video-preview:-1\" \/>\n<link rel=\"canonical\" href=\"https:\/\/vosgesinfo.fr\/remiremontinfo\/2022\/10\/incendies-ressource-eau-biodiversite-danger-cueillette-sauvage-bilan-operations-de-controles-visant-preservation-enjeux-environnementaux\/\" \/>\n<meta name=\"twitter:card\" content=\"summary_large_image\" \/>\n<meta name=\"twitter:title\" content=\"Incendies, ressource en eau, biodiversit\u00e9 en danger, cueillette sauvage : quel bilan pour les op\u00e9rations de contr\u00f4les visant la pr\u00e9servation des enjeux environnementaux ? - Remiremont Info\" \/>\n<meta name=\"twitter:description\" content=\"En effet, l\u2019\u00e9t\u00e9 2022 fera sans doute date en la mati\u00e8re : nouvelles probl\u00e9matiques, nouvelles m\u00e9thodes, nouveaux dispositifs, nouveaux objectifs. [&hellip;]\" \/>\n<meta name=\"twitter:image\" content=\"https:\/\/vosgesinfo.fr\/app\/uploads\/sites\/5\/2024\/09\/202210prefet-vosges-bilan-controles-ete-2.jpg\" \/>\n<meta name=\"twitter:creator\" content=\"@VosgesInfo88\" \/>\n<meta name=\"twitter:site\" content=\"@VosgesInfo88\" \/>\n<meta name=\"twitter:label1\" content=\"\u00c9crit par\" \/>\n\t<meta name=\"twitter:data1\" content=\"C D\" \/>\n\t<meta name=\"twitter:label2\" content=\"Dur\u00e9e de lecture estim\u00e9e\" \/>\n\t<meta name=\"twitter:data2\" content=\"1 minute\" \/>\n<script type=\"application\/ld+json\" class=\"yoast-schema-graph\">{\"@context\":\"https:\/\/schema.org\",\"@graph\":[{\"@type\":\"Article\",\"@id\":\"https:\/\/vosgesinfo.fr\/remiremontinfo\/2022\/10\/incendies-ressource-eau-biodiversite-danger-cueillette-sauvage-bilan-operations-de-controles-visant-preservation-enjeux-environnementaux\/#article\",\"isPartOf\":{\"@id\":\"https:\/\/vosgesinfo.fr\/remiremontinfo\/2022\/10\/incendies-ressource-eau-biodiversite-danger-cueillette-sauvage-bilan-operations-de-controles-visant-preservation-enjeux-environnementaux\/\"},\"author\":{\"name\":\"C D\",\"@id\":\"https:\/\/vosgesinfo.fr\/remiremontinfo\/#\/schema\/person\/3bfd164d5218a185b1db68655a265316\"},\"headline\":\"Incendies, ressource en eau, biodiversit\u00e9 en danger, cueillette sauvage : quel bilan pour les op\u00e9rations de contr\u00f4les visant la pr\u00e9servation des enjeux environnementaux ?\",\"datePublished\":\"2022-10-06T05:42:31+00:00\",\"dateModified\":\"2022-10-06T05:42:31+00:00\",\"mainEntityOfPage\":{\"@id\":\"https:\/\/vosgesinfo.fr\/remiremontinfo\/2022\/10\/incendies-ressource-eau-biodiversite-danger-cueillette-sauvage-bilan-operations-de-controles-visant-preservation-enjeux-environnementaux\/\"},\"wordCount\":160,\"commentCount\":0,\"publisher\":{\"@id\":\"https:\/\/vosgesinfo.fr\/remiremontinfo\/#organization\"},\"image\":{\"@id\":\"https:\/\/vosgesinfo.fr\/remiremontinfo\/2022\/10\/incendies-ressource-eau-biodiversite-danger-cueillette-sauvage-bilan-operations-de-controles-visant-preservation-enjeux-environnementaux\/#primaryimage\"},\"thumbnailUrl\":\"https:\/\/vosgesinfo.fr\/app\/uploads\/sites\/5\/2024\/09\/202210prefet-vosges-bilan-controles-ete-2.jpg\",\"keywords\":[\"controles\",\"environnement\",\"Vosges\"],\"articleSection\":[\"A la Une\",\"Environnement\",\"Vosges\"],\"inLanguage\":\"fr-FR\",\"potentialAction\":[{\"@type\":\"CommentAction\",\"name\":\"Comment\",\"target\":[\"https:\/\/vosgesinfo.fr\/remiremontinfo\/2022\/10\/incendies-ressource-eau-biodiversite-danger-cueillette-sauvage-bilan-operations-de-controles-visant-preservation-enjeux-environnementaux\/#respond\"]}]},{\"@type\":\"WebPage\",\"@id\":\"https:\/\/vosgesinfo.fr\/remiremontinfo\/2022\/10\/incendies-ressource-eau-biodiversite-danger-cueillette-sauvage-bilan-operations-de-controles-visant-preservation-enjeux-environnementaux\/\",\"url\":\"https:\/\/vosgesinfo.fr\/remiremontinfo\/2022\/10\/incendies-ressource-eau-biodiversite-danger-cueillette-sauvage-bilan-operations-de-controles-visant-preservation-enjeux-environnementaux\/\",\"name\":\"Incendies, ressource en eau, biodiversit\u00e9 en danger, cueillette sauvage : quel bilan pour les op\u00e9rations de contr\u00f4les visant la pr\u00e9servation des enjeux environnementaux ? - Remiremont Info\",\"isPartOf\":{\"@id\":\"https:\/\/vosgesinfo.fr\/remiremontinfo\/#website\"},\"primaryImageOfPage\":{\"@id\":\"https:\/\/vosgesinfo.fr\/remiremontinfo\/2022\/10\/incendies-ressource-eau-biodiversite-danger-cueillette-sauvage-bilan-operations-de-controles-visant-preservation-enjeux-environnementaux\/#primaryimage\"},\"image\":{\"@id\":\"https:\/\/vosgesinfo.fr\/remiremontinfo\/2022\/10\/incendies-ressource-eau-biodiversite-danger-cueillette-sauvage-bilan-operations-de-controles-visant-preservation-enjeux-environnementaux\/#primaryimage\"},\"thumbnailUrl\":\"https:\/\/vosgesinfo.fr\/app\/uploads\/sites\/5\/2024\/09\/202210prefet-vosges-bilan-controles-ete-2.jpg\",\"datePublished\":\"2022-10-06T05:42:31+00:00\",\"dateModified\":\"2022-10-06T05:42:31+00:00\",\"breadcrumb\":{\"@id\":\"https:\/\/vosgesinfo.fr\/remiremontinfo\/2022\/10\/incendies-ressource-eau-biodiversite-danger-cueillette-sauvage-bilan-operations-de-controles-visant-preservation-enjeux-environnementaux\/#breadcrumb\"},\"inLanguage\":\"fr-FR\",\"potentialAction\":[{\"@type\":\"ReadAction\",\"target\":[\"https:\/\/vosgesinfo.fr\/remiremontinfo\/2022\/10\/incendies-ressource-eau-biodiversite-danger-cueillette-sauvage-bilan-operations-de-controles-visant-preservation-enjeux-environnementaux\/\"]}]},{\"@type\":\"ImageObject\",\"inLanguage\":\"fr-FR\",\"@id\":\"https:\/\/vosgesinfo.fr\/remiremontinfo\/2022\/10\/incendies-ressource-eau-biodiversite-danger-cueillette-sauvage-bilan-operations-de-controles-visant-preservation-enjeux-environnementaux\/#primaryimage\",\"url\":\"https:\/\/vosgesinfo.fr\/app\/uploads\/sites\/5\/2024\/09\/202210prefet-vosges-bilan-controles-ete-2.jpg\",\"contentUrl\":\"https:\/\/vosgesinfo.fr\/app\/uploads\/sites\/5\/2024\/09\/202210prefet-vosges-bilan-controles-ete-2.jpg\",\"width\":1600,\"height\":1200},{\"@type\":\"BreadcrumbList\",\"@id\":\"https:\/\/vosgesinfo.fr\/remiremontinfo\/2022\/10\/incendies-ressource-eau-biodiversite-danger-cueillette-sauvage-bilan-operations-de-controles-visant-preservation-enjeux-environnementaux\/#breadcrumb\",\"itemListElement\":[{\"@type\":\"ListItem\",\"position\":1,\"name\":\"Home\",\"item\":\"https:\/\/vosgesinfo.fr\/remiremontinfo\/\"},{\"@type\":\"ListItem\",\"position\":2,\"name\":\"Incendies, ressource en eau, biodiversit\u00e9 en danger, cueillette sauvage : quel bilan pour les op\u00e9rations de contr\u00f4les visant la pr\u00e9servation des enjeux environnementaux ?\"}]},{\"@type\":\"WebSite\",\"@id\":\"https:\/\/vosgesinfo.fr\/remiremontinfo\/#website\",\"url\":\"https:\/\/vosgesinfo.fr\/remiremontinfo\/\",\"name\":\"Remiremont Info\",\"description\":\"Toute l&#039;actualit\u00e9 de Remiremont\",\"publisher\":{\"@id\":\"https:\/\/vosgesinfo.fr\/remiremontinfo\/#organization\"},\"alternateName\":\"Toute l'actualit\u00e9 de Remiremont\",\"potentialAction\":[{\"@type\":\"SearchAction\",\"target\":{\"@type\":\"EntryPoint\",\"urlTemplate\":\"https:\/\/vosgesinfo.fr\/remiremontinfo\/?s={search_term_string}\"},\"query-input\":\"required name=search_term_string\"}],\"inLanguage\":\"fr-FR\"},{\"@type\":\"Organization\",\"@id\":\"https:\/\/vosgesinfo.fr\/remiremontinfo\/#organization\",\"name\":\"Remiremont Info\",\"url\":\"https:\/\/vosgesinfo.fr\/remiremontinfo\/\",\"logo\":{\"@type\":\"ImageObject\",\"inLanguage\":\"fr-FR\",\"@id\":\"https:\/\/vosgesinfo.fr\/remiremontinfo\/#\/schema\/logo\/image\/\",\"url\":\"https:\/\/vosgesinfo.fr\/app\/uploads\/sites\/5\/2023\/08\/favicon-remiremontinfo.png\",\"contentUrl\":\"https:\/\/vosgesinfo.fr\/app\/uploads\/sites\/5\/2023\/08\/favicon-remiremontinfo.png\",\"width\":512,\"height\":512,\"caption\":\"Remiremont Info\"},\"image\":{\"@id\":\"https:\/\/vosgesinfo.fr\/remiremontinfo\/#\/schema\/logo\/image\/\"},\"sameAs\":[\"https:\/\/www.facebook.com\/remiremontinfo\",\"https:\/\/x.com\/VosgesInfo88\",\"https:\/\/www.youtube.com\/@vosgesinfo\"]},{\"@type\":\"Person\",\"@id\":\"https:\/\/vosgesinfo.fr\/remiremontinfo\/#\/schema\/person\/3bfd164d5218a185b1db68655a265316\",\"name\":\"C D\",\"image\":{\"@type\":\"ImageObject\",\"inLanguage\":\"fr-FR\",\"@id\":\"https:\/\/vosgesinfo.fr\/remiremontinfo\/#\/schema\/person\/image\/\",\"url\":\"https:\/\/secure.gravatar.com\/avatar\/1f9a70007336511a47468b8f1c66f922b8b7cf617b02a31149ada43893a5d48f?s=96&d=mm&r=g\",\"contentUrl\":\"https:\/\/secure.gravatar.com\/avatar\/1f9a70007336511a47468b8f1c66f922b8b7cf617b02a31149ada43893a5d48f?s=96&d=mm&r=g\",\"caption\":\"C D\"},\"url\":\"https:\/\/vosgesinfo.fr\/remiremontinfo\/author\/cedric-drevet\/\"}]}<\/script>\n<!-- \/ Yoast SEO plugin. -->","yoast_head_json":{"title":"Incendies, ressource en eau, biodiversit\u00e9 en danger, cueillette sauvage : quel bilan pour les op\u00e9rations de contr\u00f4les visant la pr\u00e9servation des enjeux environnementaux ? - Remiremont Info","robots":{"index":"index","follow":"follow","max-snippet":"max-snippet:-1","max-image-preview":"max-image-preview:large","max-video-preview":"max-video-preview:-1"},"canonical":"https:\/\/vosgesinfo.fr\/remiremontinfo\/2022\/10\/incendies-ressource-eau-biodiversite-danger-cueillette-sauvage-bilan-operations-de-controles-visant-preservation-enjeux-environnementaux\/","twitter_card":"summary_large_image","twitter_title":"Incendies, ressource en eau, biodiversit\u00e9 en danger, cueillette sauvage : quel bilan pour les op\u00e9rations de contr\u00f4les visant la pr\u00e9servation des enjeux environnementaux ? - Remiremont Info","twitter_description":"En effet, l\u2019\u00e9t\u00e9 2022 fera sans doute date en la mati\u00e8re : nouvelles probl\u00e9matiques, nouvelles m\u00e9thodes, nouveaux dispositifs, nouveaux objectifs. [&hellip;]","twitter_image":"https:\/\/vosgesinfo.fr\/app\/uploads\/sites\/5\/2024\/09\/202210prefet-vosges-bilan-controles-ete-2.jpg","twitter_creator":"@VosgesInfo88","twitter_site":"@VosgesInfo88","twitter_misc":{"\u00c9crit par":"C D","Dur\u00e9e de lecture estim\u00e9e":"1 minute"},"schema":{"@context":"https:\/\/schema.org","@graph":[{"@type":"Article","@id":"https:\/\/vosgesinfo.fr\/remiremontinfo\/2022\/10\/incendies-ressource-eau-biodiversite-danger-cueillette-sauvage-bilan-operations-de-controles-visant-preservation-enjeux-environnementaux\/#article","isPartOf":{"@id":"https:\/\/vosgesinfo.fr\/remiremontinfo\/2022\/10\/incendies-ressource-eau-biodiversite-danger-cueillette-sauvage-bilan-operations-de-controles-visant-preservation-enjeux-environnementaux\/"},"author":{"name":"C D","@id":"https:\/\/vosgesinfo.fr\/remiremontinfo\/#\/schema\/person\/3bfd164d5218a185b1db68655a265316"},"headline":"Incendies, ressource en eau, biodiversit\u00e9 en danger, cueillette sauvage : quel bilan pour les op\u00e9rations de contr\u00f4les visant la pr\u00e9servation des enjeux environnementaux ?","datePublished":"2022-10-06T05:42:31+00:00","dateModified":"2022-10-06T05:42:31+00:00","mainEntityOfPage":{"@id":"https:\/\/vosgesinfo.fr\/remiremontinfo\/2022\/10\/incendies-ressource-eau-biodiversite-danger-cueillette-sauvage-bilan-operations-de-controles-visant-preservation-enjeux-environnementaux\/"},"wordCount":160,"commentCount":0,"publisher":{"@id":"https:\/\/vosgesinfo.fr\/remiremontinfo\/#organization"},"image":{"@id":"https:\/\/vosgesinfo.fr\/remiremontinfo\/2022\/10\/incendies-ressource-eau-biodiversite-danger-cueillette-sauvage-bilan-operations-de-controles-visant-preservation-enjeux-environnementaux\/#primaryimage"},"thumbnailUrl":"https:\/\/vosgesinfo.fr\/app\/uploads\/sites\/5\/2024\/09\/202210prefet-vosges-bilan-controles-ete-2.jpg","keywords":["controles","environnement","Vosges"],"articleSection":["A la Une","Environnement","Vosges"],"inLanguage":"fr-FR","potentialAction":[{"@type":"CommentAction","name":"Comment","target":["https:\/\/vosgesinfo.fr\/remiremontinfo\/2022\/10\/incendies-ressource-eau-biodiversite-danger-cueillette-sauvage-bilan-operations-de-controles-visant-preservation-enjeux-environnementaux\/#respond"]}]},{"@type":"WebPage","@id":"https:\/\/vosgesinfo.fr\/remiremontinfo\/2022\/10\/incendies-ressource-eau-biodiversite-danger-cueillette-sauvage-bilan-operations-de-controles-visant-preservation-enjeux-environnementaux\/","url":"https:\/\/vosgesinfo.fr\/remiremontinfo\/2022\/10\/incendies-ressource-eau-biodiversite-danger-cueillette-sauvage-bilan-operations-de-controles-visant-preservation-enjeux-environnementaux\/","name":"Incendies, ressource en eau, biodiversit\u00e9 en danger, cueillette sauvage : quel bilan pour les op\u00e9rations de contr\u00f4les visant la pr\u00e9servation des enjeux environnementaux ? - Remiremont Info","isPartOf":{"@id":"https:\/\/vosgesinfo.fr\/remiremontinfo\/#website"},"primaryImageOfPage":{"@id":"https:\/\/vosgesinfo.fr\/remiremontinfo\/2022\/10\/incendies-ressource-eau-biodiversite-danger-cueillette-sauvage-bilan-operations-de-controles-visant-preservation-enjeux-environnementaux\/#primaryimage"},"image":{"@id":"https:\/\/vosgesinfo.fr\/remiremontinfo\/2022\/10\/incendies-ressource-eau-biodiversite-danger-cueillette-sauvage-bilan-operations-de-controles-visant-preservation-enjeux-environnementaux\/#primaryimage"},"thumbnailUrl":"https:\/\/vosgesinfo.fr\/app\/uploads\/sites\/5\/2024\/09\/202210prefet-vosges-bilan-controles-ete-2.jpg","datePublished":"2022-10-06T05:42:31+00:00","dateModified":"2022-10-06T05:42:31+00:00","breadcrumb":{"@id":"https:\/\/vosgesinfo.fr\/remiremontinfo\/2022\/10\/incendies-ressource-eau-biodiversite-danger-cueillette-sauvage-bilan-operations-de-controles-visant-preservation-enjeux-environnementaux\/#breadcrumb"},"inLanguage":"fr-FR","potentialAction":[{"@type":"ReadAction","target":["https:\/\/vosgesinfo.fr\/remiremontinfo\/2022\/10\/incendies-ressource-eau-biodiversite-danger-cueillette-sauvage-bilan-operations-de-controles-visant-preservation-enjeux-environnementaux\/"]}]},{"@type":"ImageObject","inLanguage":"fr-FR","@id":"https:\/\/vosgesinfo.fr\/remiremontinfo\/2022\/10\/incendies-ressource-eau-biodiversite-danger-cueillette-sauvage-bilan-operations-de-controles-visant-preservation-enjeux-environnementaux\/#primaryimage","url":"https:\/\/vosgesinfo.fr\/app\/uploads\/sites\/5\/2024\/09\/202210prefet-vosges-bilan-controles-ete-2.jpg","contentUrl":"https:\/\/vosgesinfo.fr\/app\/uploads\/sites\/5\/2024\/09\/202210prefet-vosges-bilan-controles-ete-2.jpg","width":1600,"height":1200},{"@type":"BreadcrumbList","@id":"https:\/\/vosgesinfo.fr\/remiremontinfo\/2022\/10\/incendies-ressource-eau-biodiversite-danger-cueillette-sauvage-bilan-operations-de-controles-visant-preservation-enjeux-environnementaux\/#breadcrumb","itemListElement":[{"@type":"ListItem","position":1,"name":"Home","item":"https:\/\/vosgesinfo.fr\/remiremontinfo\/"},{"@type":"ListItem","position":2,"name":"Incendies, ressource en eau, biodiversit\u00e9 en danger, cueillette sauvage : quel bilan pour les op\u00e9rations de contr\u00f4les visant la pr\u00e9servation des enjeux environnementaux ?"}]},{"@type":"WebSite","@id":"https:\/\/vosgesinfo.fr\/remiremontinfo\/#website","url":"https:\/\/vosgesinfo.fr\/remiremontinfo\/","name":"Remiremont Info","description":"Toute l&#039;actualit\u00e9 de Remiremont","publisher":{"@id":"https:\/\/vosgesinfo.fr\/remiremontinfo\/#organization"},"alternateName":"Toute l'actualit\u00e9 de Remiremont","potentialAction":[{"@type":"SearchAction","target":{"@type":"EntryPoint","urlTemplate":"https:\/\/vosgesinfo.fr\/remiremontinfo\/?s={search_term_string}"},"query-input":"required name=search_term_string"}],"inLanguage":"fr-FR"},{"@type":"Organization","@id":"https:\/\/vosgesinfo.fr\/remiremontinfo\/#organization","name":"Remiremont Info","url":"https:\/\/vosgesinfo.fr\/remiremontinfo\/","logo":{"@type":"ImageObject","inLanguage":"fr-FR","@id":"https:\/\/vosgesinfo.fr\/remiremontinfo\/#\/schema\/logo\/image\/","url":"https:\/\/vosgesinfo.fr\/app\/uploads\/sites\/5\/2023\/08\/favicon-remiremontinfo.png","contentUrl":"https:\/\/vosgesinfo.fr\/app\/uploads\/sites\/5\/2023\/08\/favicon-remiremontinfo.png","width":512,"height":512,"caption":"Remiremont Info"},"image":{"@id":"https:\/\/vosgesinfo.fr\/remiremontinfo\/#\/schema\/logo\/image\/"},"sameAs":["https:\/\/www.facebook.com\/remiremontinfo","https:\/\/x.com\/VosgesInfo88","https:\/\/www.youtube.com\/@vosgesinfo"]},{"@type":"Person","@id":"https:\/\/vosgesinfo.fr\/remiremontinfo\/#\/schema\/person\/3bfd164d5218a185b1db68655a265316","name":"C D","image":{"@type":"ImageObject","inLanguage":"fr-FR","@id":"https:\/\/vosgesinfo.fr\/remiremontinfo\/#\/schema\/person\/image\/","url":"https:\/\/secure.gravatar.com\/avatar\/1f9a70007336511a47468b8f1c66f922b8b7cf617b02a31149ada43893a5d48f?s=96&d=mm&r=g","contentUrl":"https:\/\/secure.gravatar.com\/avatar\/1f9a70007336511a47468b8f1c66f922b8b7cf617b02a31149ada43893a5d48f?s=96&d=mm&r=g","caption":"C D"},"url":"https:\/\/vosgesinfo.fr\/remiremontinfo\/author\/cedric-drevet\/"}]}},"_links":{"self":[{"href":"https:\/\/vosgesinfo.fr\/remiremontinfo\/wp-json\/wp\/v2\/posts\/63011","targetHints":{"allow":["GET"]}}],"collection":[{"href":"https:\/\/vosgesinfo.fr\/remiremontinfo\/wp-json\/wp\/v2\/posts"}],"about":[{"href":"https:\/\/vosgesinfo.fr\/remiremontinfo\/wp-json\/wp\/v2\/types\/post"}],"author":[{"embeddable":true,"href":"https:\/\/vosgesinfo.fr\/remiremontinfo\/wp-json\/wp\/v2\/users\/407"}],"replies":[{"embeddable":true,"href":"https:\/\/vosgesinfo.fr\/remiremontinfo\/wp-json\/wp\/v2\/comments?post=63011"}],"version-history":[{"count":0,"href":"https:\/\/vosgesinfo.fr\/remiremontinfo\/wp-json\/wp\/v2\/posts\/63011\/revisions"}],"wp:featuredmedia":[{"embeddable":true,"href":"https:\/\/vosgesinfo.fr\/remiremontinfo\/wp-json\/wp\/v2\/media\/63012"}],"wp:attachment":[{"href":"https:\/\/vosgesinfo.fr\/remiremontinfo\/wp-json\/wp\/v2\/media?parent=63011"}],"wp:term":[{"taxonomy":"category","embeddable":true,"href":"https:\/\/vosgesinfo.fr\/remiremontinfo\/wp-json\/wp\/v2\/categories?post=63011"},{"taxonomy":"post_tag","embeddable":true,"href":"https:\/\/vosgesinfo.fr\/remiremontinfo\/wp-json\/wp\/v2\/tags?post=63011"}],"curies":[{"name":"wp","href":"https:\/\/api.w.org\/{rel}","templated":true}]}}