{"id":63013,"date":"2022-10-06T08:09:23","date_gmt":"2022-10-06T06:09:23","guid":{"rendered":"https:\/\/vosgesinfo.fr\/remiremontinfo\/2022\/10\/remiremont-pediatre-leon-sibeoni-fils-jordan-pedopsychiatre-presentent-leurs-ouvrages\/"},"modified":"2022-10-06T08:09:23","modified_gmt":"2022-10-06T06:09:23","slug":"remiremont-pediatre-leon-sibeoni-fils-jordan-pedopsychiatre-presentent-leurs-ouvrages","status":"publish","type":"post","link":"https:\/\/vosgesinfo.fr\/remiremontinfo\/2022\/10\/remiremont-pediatre-leon-sibeoni-fils-jordan-pedopsychiatre-presentent-leurs-ouvrages\/","title":{"rendered":"Remiremont\u00a0: le p\u00e9diatre L\u00e9on Sib\u00e9oni et son fils Jordan, p\u00e9dopsychiatre, pr\u00e9sentent leurs ouvrages"},"content":{"rendered":"<h2><a href=\"\/2022\/10\/01.jpg\"><img decoding=\"async\" class=\"alignnone size-large wp-image-355372\" src=\"\/2022\/10\/01-1024x805.jpg\" alt=\"0\" width=\"960\" height=\"755\" \/><\/a><\/h2>\n<p><span style=\"font-size: 10pt;\"><em>Photo par JCB<\/em><\/span><\/p>\n<h2><span style=\"font-size: 12pt;\"><strong>L\u2019enfance d\u2019un p\u00e8re, la paternit\u00e9 d\u2019un fils. Prochainement, la salle des conf\u00e9rences du Centre Culturel Gilbert Zaug accueillera L\u00e9on Sib\u00e9oni et son fils Jordan pour pr\u00e9senter leurs ouvrages respectivement titr\u00e9s \u00ab Sortie d\u2019Egypte\u00a0\u00bb et \u00ab\u00a0Les Femmes accouchent, les hommes se taisent\u00a0\u00bb. Rendez-vous est donn\u00e9 le samedi 15 octobre prochain \u00e0 14h.\u00a0<\/strong><\/span><\/h2>\n<p>L\u00e9on Sib\u00e9oni, p\u00e9diatre au Centre Hospitalier de Remiremont parlera du contenu de son livre passionnant \u00ab\u00a0Sortie d\u2019Egypte\u00a0\u00bb tandis que son fils Jordan Sib\u00e9oni, p\u00e9dopsychiatre, chercheur en sant\u00e9 publique, Universit\u00e9 Paris Cit\u00e9, pr\u00e9sentera son dernier ouvrage \u00ab\u00a0Les Femmes accouchent, les hommes se taisent\u00a0\u00bb. Comment devenir p\u00e8re quand on est encore un fils\u00a0? Comment retrouver son enfance quand on est p\u00e8re\u00a0? L\u2019entretien avec les auteurs sera anim\u00e9 par Micky Schmelzer, psychanalyste. Le samedi 15 octobre \u00e0 14h Salle des conf\u00e9rences au Centre Culturel Gilbert Zaug.<\/p>\n","protected":false},"excerpt":{"rendered":"<p>Photo par JCB L\u2019enfance d\u2019un p\u00e8re, la paternit\u00e9 d\u2019un fils. Prochainement, la salle des conf\u00e9rences du Centre Culturel Gilbert Zaug [&hellip;]<\/p>\n","protected":false},"author":407,"featured_media":63014,"comment_status":"open","ping_status":"open","sticky":false,"template":"","format":"standard","meta":{"footnotes":""},"categories":[26,4,1556,35],"tags":[271,4824,4825,4826,44,46,32],"class_list":["post-63013","post","type-post","status-publish","format-standard","has-post-thumbnail","hentry","category-a-la-une","category-culture","category-remiremont-remiremont-son-canton-2","category-remiremont-son-canton","tag-hopital","tag-jordan-sibeoni","tag-leon-sibeoni","tag-literature","tag-remiremont","tag-sante","tag-vosges"],"acf":[],"yoast_head":"<!-- This site is optimized with the Yoast SEO plugin v22.5 - https:\/\/yoast.com\/wordpress\/plugins\/seo\/ -->\n<title>Remiremont\u00a0: le p\u00e9diatre L\u00e9on Sib\u00e9oni et son fils Jordan, p\u00e9dopsychiatre, pr\u00e9sentent leurs ouvrages - Remiremont Info<\/title>\n<meta name=\"robots\" content=\"index, follow, max-snippet:-1, max-image-preview:large, max-video-preview:-1\" \/>\n<link rel=\"canonical\" href=\"https:\/\/vosgesinfo.fr\/remiremontinfo\/2022\/10\/remiremont-pediatre-leon-sibeoni-fils-jordan-pedopsychiatre-presentent-leurs-ouvrages\/\" \/>\n<meta name=\"twitter:card\" content=\"summary_large_image\" \/>\n<meta name=\"twitter:title\" content=\"Remiremont\u00a0: le p\u00e9diatre L\u00e9on Sib\u00e9oni et son fils Jordan, p\u00e9dopsychiatre, pr\u00e9sentent leurs ouvrages - Remiremont Info\" \/>\n<meta name=\"twitter:description\" content=\"Photo par JCB L\u2019enfance d\u2019un p\u00e8re, la paternit\u00e9 d\u2019un fils. Prochainement, la salle des conf\u00e9rences du Centre Culturel Gilbert Zaug [&hellip;]\" \/>\n<meta name=\"twitter:image\" content=\"https:\/\/vosgesinfo.fr\/app\/uploads\/sites\/5\/2024\/09\/20221002.jpg\" \/>\n<meta name=\"twitter:creator\" content=\"@VosgesInfo88\" \/>\n<meta name=\"twitter:site\" content=\"@VosgesInfo88\" \/>\n<meta name=\"twitter:label1\" content=\"\u00c9crit par\" \/>\n\t<meta name=\"twitter:data1\" content=\"C D\" \/>\n\t<meta name=\"twitter:label2\" content=\"Dur\u00e9e de lecture estim\u00e9e\" \/>\n\t<meta name=\"twitter:data2\" content=\"1 minute\" \/>\n<script type=\"application\/ld+json\" class=\"yoast-schema-graph\">{\"@context\":\"https:\/\/schema.org\",\"@graph\":[{\"@type\":\"Article\",\"@id\":\"https:\/\/vosgesinfo.fr\/remiremontinfo\/2022\/10\/remiremont-pediatre-leon-sibeoni-fils-jordan-pedopsychiatre-presentent-leurs-ouvrages\/#article\",\"isPartOf\":{\"@id\":\"https:\/\/vosgesinfo.fr\/remiremontinfo\/2022\/10\/remiremont-pediatre-leon-sibeoni-fils-jordan-pedopsychiatre-presentent-leurs-ouvrages\/\"},\"author\":{\"name\":\"C D\",\"@id\":\"https:\/\/vosgesinfo.fr\/remiremontinfo\/#\/schema\/person\/3bfd164d5218a185b1db68655a265316\"},\"headline\":\"Remiremont\u00a0: le p\u00e9diatre L\u00e9on Sib\u00e9oni et son fils Jordan, p\u00e9dopsychiatre, pr\u00e9sentent leurs ouvrages\",\"datePublished\":\"2022-10-06T06:09:23+00:00\",\"dateModified\":\"2022-10-06T06:09:23+00:00\",\"mainEntityOfPage\":{\"@id\":\"https:\/\/vosgesinfo.fr\/remiremontinfo\/2022\/10\/remiremont-pediatre-leon-sibeoni-fils-jordan-pedopsychiatre-presentent-leurs-ouvrages\/\"},\"wordCount\":171,\"commentCount\":0,\"publisher\":{\"@id\":\"https:\/\/vosgesinfo.fr\/remiremontinfo\/#organization\"},\"image\":{\"@id\":\"https:\/\/vosgesinfo.fr\/remiremontinfo\/2022\/10\/remiremont-pediatre-leon-sibeoni-fils-jordan-pedopsychiatre-presentent-leurs-ouvrages\/#primaryimage\"},\"thumbnailUrl\":\"https:\/\/vosgesinfo.fr\/app\/uploads\/sites\/5\/2024\/09\/20221002.jpg\",\"keywords\":[\"h\u00f4pital\",\"jordan sib\u00e9oni\",\"l\u00e9on sib\u00e9oni\",\"lit\u00e9rature\",\"remiremont\",\"sant\u00e9\",\"Vosges\"],\"articleSection\":[\"A la Une\",\"Culture\",\"Remiremont\",\"Remiremont &amp; son canton\"],\"inLanguage\":\"fr-FR\",\"potentialAction\":[{\"@type\":\"CommentAction\",\"name\":\"Comment\",\"target\":[\"https:\/\/vosgesinfo.fr\/remiremontinfo\/2022\/10\/remiremont-pediatre-leon-sibeoni-fils-jordan-pedopsychiatre-presentent-leurs-ouvrages\/#respond\"]}]},{\"@type\":\"WebPage\",\"@id\":\"https:\/\/vosgesinfo.fr\/remiremontinfo\/2022\/10\/remiremont-pediatre-leon-sibeoni-fils-jordan-pedopsychiatre-presentent-leurs-ouvrages\/\",\"url\":\"https:\/\/vosgesinfo.fr\/remiremontinfo\/2022\/10\/remiremont-pediatre-leon-sibeoni-fils-jordan-pedopsychiatre-presentent-leurs-ouvrages\/\",\"name\":\"Remiremont\u00a0: le p\u00e9diatre L\u00e9on Sib\u00e9oni et son fils Jordan, p\u00e9dopsychiatre, pr\u00e9sentent leurs ouvrages - Remiremont Info\",\"isPartOf\":{\"@id\":\"https:\/\/vosgesinfo.fr\/remiremontinfo\/#website\"},\"primaryImageOfPage\":{\"@id\":\"https:\/\/vosgesinfo.fr\/remiremontinfo\/2022\/10\/remiremont-pediatre-leon-sibeoni-fils-jordan-pedopsychiatre-presentent-leurs-ouvrages\/#primaryimage\"},\"image\":{\"@id\":\"https:\/\/vosgesinfo.fr\/remiremontinfo\/2022\/10\/remiremont-pediatre-leon-sibeoni-fils-jordan-pedopsychiatre-presentent-leurs-ouvrages\/#primaryimage\"},\"thumbnailUrl\":\"https:\/\/vosgesinfo.fr\/app\/uploads\/sites\/5\/2024\/09\/20221002.jpg\",\"datePublished\":\"2022-10-06T06:09:23+00:00\",\"dateModified\":\"2022-10-06T06:09:23+00:00\",\"breadcrumb\":{\"@id\":\"https:\/\/vosgesinfo.fr\/remiremontinfo\/2022\/10\/remiremont-pediatre-leon-sibeoni-fils-jordan-pedopsychiatre-presentent-leurs-ouvrages\/#breadcrumb\"},\"inLanguage\":\"fr-FR\",\"potentialAction\":[{\"@type\":\"ReadAction\",\"target\":[\"https:\/\/vosgesinfo.fr\/remiremontinfo\/2022\/10\/remiremont-pediatre-leon-sibeoni-fils-jordan-pedopsychiatre-presentent-leurs-ouvrages\/\"]}]},{\"@type\":\"ImageObject\",\"inLanguage\":\"fr-FR\",\"@id\":\"https:\/\/vosgesinfo.fr\/remiremontinfo\/2022\/10\/remiremont-pediatre-leon-sibeoni-fils-jordan-pedopsychiatre-presentent-leurs-ouvrages\/#primaryimage\",\"url\":\"https:\/\/vosgesinfo.fr\/app\/uploads\/sites\/5\/2024\/09\/20221002.jpg\",\"contentUrl\":\"https:\/\/vosgesinfo.fr\/app\/uploads\/sites\/5\/2024\/09\/20221002.jpg\",\"width\":945,\"height\":732},{\"@type\":\"BreadcrumbList\",\"@id\":\"https:\/\/vosgesinfo.fr\/remiremontinfo\/2022\/10\/remiremont-pediatre-leon-sibeoni-fils-jordan-pedopsychiatre-presentent-leurs-ouvrages\/#breadcrumb\",\"itemListElement\":[{\"@type\":\"ListItem\",\"position\":1,\"name\":\"Home\",\"item\":\"https:\/\/vosgesinfo.fr\/remiremontinfo\/\"},{\"@type\":\"ListItem\",\"position\":2,\"name\":\"Remiremont\u00a0: le p\u00e9diatre L\u00e9on Sib\u00e9oni et son fils Jordan, p\u00e9dopsychiatre, pr\u00e9sentent leurs ouvrages\"}]},{\"@type\":\"WebSite\",\"@id\":\"https:\/\/vosgesinfo.fr\/remiremontinfo\/#website\",\"url\":\"https:\/\/vosgesinfo.fr\/remiremontinfo\/\",\"name\":\"Remiremont Info\",\"description\":\"Toute l&#039;actualit\u00e9 de Remiremont\",\"publisher\":{\"@id\":\"https:\/\/vosgesinfo.fr\/remiremontinfo\/#organization\"},\"alternateName\":\"Toute l'actualit\u00e9 de Remiremont\",\"potentialAction\":[{\"@type\":\"SearchAction\",\"target\":{\"@type\":\"EntryPoint\",\"urlTemplate\":\"https:\/\/vosgesinfo.fr\/remiremontinfo\/?s={search_term_string}\"},\"query-input\":\"required name=search_term_string\"}],\"inLanguage\":\"fr-FR\"},{\"@type\":\"Organization\",\"@id\":\"https:\/\/vosgesinfo.fr\/remiremontinfo\/#organization\",\"name\":\"Remiremont Info\",\"url\":\"https:\/\/vosgesinfo.fr\/remiremontinfo\/\",\"logo\":{\"@type\":\"ImageObject\",\"inLanguage\":\"fr-FR\",\"@id\":\"https:\/\/vosgesinfo.fr\/remiremontinfo\/#\/schema\/logo\/image\/\",\"url\":\"https:\/\/vosgesinfo.fr\/app\/uploads\/sites\/5\/2023\/08\/favicon-remiremontinfo.png\",\"contentUrl\":\"https:\/\/vosgesinfo.fr\/app\/uploads\/sites\/5\/2023\/08\/favicon-remiremontinfo.png\",\"width\":512,\"height\":512,\"caption\":\"Remiremont Info\"},\"image\":{\"@id\":\"https:\/\/vosgesinfo.fr\/remiremontinfo\/#\/schema\/logo\/image\/\"},\"sameAs\":[\"https:\/\/www.facebook.com\/remiremontinfo\",\"https:\/\/x.com\/VosgesInfo88\",\"https:\/\/www.youtube.com\/@vosgesinfo\"]},{\"@type\":\"Person\",\"@id\":\"https:\/\/vosgesinfo.fr\/remiremontinfo\/#\/schema\/person\/3bfd164d5218a185b1db68655a265316\",\"name\":\"C D\",\"image\":{\"@type\":\"ImageObject\",\"inLanguage\":\"fr-FR\",\"@id\":\"https:\/\/vosgesinfo.fr\/remiremontinfo\/#\/schema\/person\/image\/\",\"url\":\"https:\/\/secure.gravatar.com\/avatar\/1f9a70007336511a47468b8f1c66f922b8b7cf617b02a31149ada43893a5d48f?s=96&d=mm&r=g\",\"contentUrl\":\"https:\/\/secure.gravatar.com\/avatar\/1f9a70007336511a47468b8f1c66f922b8b7cf617b02a31149ada43893a5d48f?s=96&d=mm&r=g\",\"caption\":\"C D\"},\"url\":\"https:\/\/vosgesinfo.fr\/remiremontinfo\/author\/cedric-drevet\/\"}]}<\/script>\n<!-- \/ Yoast SEO plugin. -->","yoast_head_json":{"title":"Remiremont\u00a0: le p\u00e9diatre L\u00e9on Sib\u00e9oni et son fils Jordan, p\u00e9dopsychiatre, pr\u00e9sentent leurs ouvrages - Remiremont Info","robots":{"index":"index","follow":"follow","max-snippet":"max-snippet:-1","max-image-preview":"max-image-preview:large","max-video-preview":"max-video-preview:-1"},"canonical":"https:\/\/vosgesinfo.fr\/remiremontinfo\/2022\/10\/remiremont-pediatre-leon-sibeoni-fils-jordan-pedopsychiatre-presentent-leurs-ouvrages\/","twitter_card":"summary_large_image","twitter_title":"Remiremont\u00a0: le p\u00e9diatre L\u00e9on Sib\u00e9oni et son fils Jordan, p\u00e9dopsychiatre, pr\u00e9sentent leurs ouvrages - Remiremont Info","twitter_description":"Photo par JCB L\u2019enfance d\u2019un p\u00e8re, la paternit\u00e9 d\u2019un fils. Prochainement, la salle des conf\u00e9rences du Centre Culturel Gilbert Zaug [&hellip;]","twitter_image":"https:\/\/vosgesinfo.fr\/app\/uploads\/sites\/5\/2024\/09\/20221002.jpg","twitter_creator":"@VosgesInfo88","twitter_site":"@VosgesInfo88","twitter_misc":{"\u00c9crit par":"C D","Dur\u00e9e de lecture estim\u00e9e":"1 minute"},"schema":{"@context":"https:\/\/schema.org","@graph":[{"@type":"Article","@id":"https:\/\/vosgesinfo.fr\/remiremontinfo\/2022\/10\/remiremont-pediatre-leon-sibeoni-fils-jordan-pedopsychiatre-presentent-leurs-ouvrages\/#article","isPartOf":{"@id":"https:\/\/vosgesinfo.fr\/remiremontinfo\/2022\/10\/remiremont-pediatre-leon-sibeoni-fils-jordan-pedopsychiatre-presentent-leurs-ouvrages\/"},"author":{"name":"C D","@id":"https:\/\/vosgesinfo.fr\/remiremontinfo\/#\/schema\/person\/3bfd164d5218a185b1db68655a265316"},"headline":"Remiremont\u00a0: le p\u00e9diatre L\u00e9on Sib\u00e9oni et son fils Jordan, p\u00e9dopsychiatre, pr\u00e9sentent leurs ouvrages","datePublished":"2022-10-06T06:09:23+00:00","dateModified":"2022-10-06T06:09:23+00:00","mainEntityOfPage":{"@id":"https:\/\/vosgesinfo.fr\/remiremontinfo\/2022\/10\/remiremont-pediatre-leon-sibeoni-fils-jordan-pedopsychiatre-presentent-leurs-ouvrages\/"},"wordCount":171,"commentCount":0,"publisher":{"@id":"https:\/\/vosgesinfo.fr\/remiremontinfo\/#organization"},"image":{"@id":"https:\/\/vosgesinfo.fr\/remiremontinfo\/2022\/10\/remiremont-pediatre-leon-sibeoni-fils-jordan-pedopsychiatre-presentent-leurs-ouvrages\/#primaryimage"},"thumbnailUrl":"https:\/\/vosgesinfo.fr\/app\/uploads\/sites\/5\/2024\/09\/20221002.jpg","keywords":["h\u00f4pital","jordan sib\u00e9oni","l\u00e9on sib\u00e9oni","lit\u00e9rature","remiremont","sant\u00e9","Vosges"],"articleSection":["A la Une","Culture","Remiremont","Remiremont &amp; son canton"],"inLanguage":"fr-FR","potentialAction":[{"@type":"CommentAction","name":"Comment","target":["https:\/\/vosgesinfo.fr\/remiremontinfo\/2022\/10\/remiremont-pediatre-leon-sibeoni-fils-jordan-pedopsychiatre-presentent-leurs-ouvrages\/#respond"]}]},{"@type":"WebPage","@id":"https:\/\/vosgesinfo.fr\/remiremontinfo\/2022\/10\/remiremont-pediatre-leon-sibeoni-fils-jordan-pedopsychiatre-presentent-leurs-ouvrages\/","url":"https:\/\/vosgesinfo.fr\/remiremontinfo\/2022\/10\/remiremont-pediatre-leon-sibeoni-fils-jordan-pedopsychiatre-presentent-leurs-ouvrages\/","name":"Remiremont\u00a0: le p\u00e9diatre L\u00e9on Sib\u00e9oni et son fils Jordan, p\u00e9dopsychiatre, pr\u00e9sentent leurs ouvrages - Remiremont Info","isPartOf":{"@id":"https:\/\/vosgesinfo.fr\/remiremontinfo\/#website"},"primaryImageOfPage":{"@id":"https:\/\/vosgesinfo.fr\/remiremontinfo\/2022\/10\/remiremont-pediatre-leon-sibeoni-fils-jordan-pedopsychiatre-presentent-leurs-ouvrages\/#primaryimage"},"image":{"@id":"https:\/\/vosgesinfo.fr\/remiremontinfo\/2022\/10\/remiremont-pediatre-leon-sibeoni-fils-jordan-pedopsychiatre-presentent-leurs-ouvrages\/#primaryimage"},"thumbnailUrl":"https:\/\/vosgesinfo.fr\/app\/uploads\/sites\/5\/2024\/09\/20221002.jpg","datePublished":"2022-10-06T06:09:23+00:00","dateModified":"2022-10-06T06:09:23+00:00","breadcrumb":{"@id":"https:\/\/vosgesinfo.fr\/remiremontinfo\/2022\/10\/remiremont-pediatre-leon-sibeoni-fils-jordan-pedopsychiatre-presentent-leurs-ouvrages\/#breadcrumb"},"inLanguage":"fr-FR","potentialAction":[{"@type":"ReadAction","target":["https:\/\/vosgesinfo.fr\/remiremontinfo\/2022\/10\/remiremont-pediatre-leon-sibeoni-fils-jordan-pedopsychiatre-presentent-leurs-ouvrages\/"]}]},{"@type":"ImageObject","inLanguage":"fr-FR","@id":"https:\/\/vosgesinfo.fr\/remiremontinfo\/2022\/10\/remiremont-pediatre-leon-sibeoni-fils-jordan-pedopsychiatre-presentent-leurs-ouvrages\/#primaryimage","url":"https:\/\/vosgesinfo.fr\/app\/uploads\/sites\/5\/2024\/09\/20221002.jpg","contentUrl":"https:\/\/vosgesinfo.fr\/app\/uploads\/sites\/5\/2024\/09\/20221002.jpg","width":945,"height":732},{"@type":"BreadcrumbList","@id":"https:\/\/vosgesinfo.fr\/remiremontinfo\/2022\/10\/remiremont-pediatre-leon-sibeoni-fils-jordan-pedopsychiatre-presentent-leurs-ouvrages\/#breadcrumb","itemListElement":[{"@type":"ListItem","position":1,"name":"Home","item":"https:\/\/vosgesinfo.fr\/remiremontinfo\/"},{"@type":"ListItem","position":2,"name":"Remiremont\u00a0: le p\u00e9diatre L\u00e9on Sib\u00e9oni et son fils Jordan, p\u00e9dopsychiatre, pr\u00e9sentent leurs ouvrages"}]},{"@type":"WebSite","@id":"https:\/\/vosgesinfo.fr\/remiremontinfo\/#website","url":"https:\/\/vosgesinfo.fr\/remiremontinfo\/","name":"Remiremont Info","description":"Toute l&#039;actualit\u00e9 de Remiremont","publisher":{"@id":"https:\/\/vosgesinfo.fr\/remiremontinfo\/#organization"},"alternateName":"Toute l'actualit\u00e9 de Remiremont","potentialAction":[{"@type":"SearchAction","target":{"@type":"EntryPoint","urlTemplate":"https:\/\/vosgesinfo.fr\/remiremontinfo\/?s={search_term_string}"},"query-input":"required name=search_term_string"}],"inLanguage":"fr-FR"},{"@type":"Organization","@id":"https:\/\/vosgesinfo.fr\/remiremontinfo\/#organization","name":"Remiremont Info","url":"https:\/\/vosgesinfo.fr\/remiremontinfo\/","logo":{"@type":"ImageObject","inLanguage":"fr-FR","@id":"https:\/\/vosgesinfo.fr\/remiremontinfo\/#\/schema\/logo\/image\/","url":"https:\/\/vosgesinfo.fr\/app\/uploads\/sites\/5\/2023\/08\/favicon-remiremontinfo.png","contentUrl":"https:\/\/vosgesinfo.fr\/app\/uploads\/sites\/5\/2023\/08\/favicon-remiremontinfo.png","width":512,"height":512,"caption":"Remiremont Info"},"image":{"@id":"https:\/\/vosgesinfo.fr\/remiremontinfo\/#\/schema\/logo\/image\/"},"sameAs":["https:\/\/www.facebook.com\/remiremontinfo","https:\/\/x.com\/VosgesInfo88","https:\/\/www.youtube.com\/@vosgesinfo"]},{"@type":"Person","@id":"https:\/\/vosgesinfo.fr\/remiremontinfo\/#\/schema\/person\/3bfd164d5218a185b1db68655a265316","name":"C D","image":{"@type":"ImageObject","inLanguage":"fr-FR","@id":"https:\/\/vosgesinfo.fr\/remiremontinfo\/#\/schema\/person\/image\/","url":"https:\/\/secure.gravatar.com\/avatar\/1f9a70007336511a47468b8f1c66f922b8b7cf617b02a31149ada43893a5d48f?s=96&d=mm&r=g","contentUrl":"https:\/\/secure.gravatar.com\/avatar\/1f9a70007336511a47468b8f1c66f922b8b7cf617b02a31149ada43893a5d48f?s=96&d=mm&r=g","caption":"C D"},"url":"https:\/\/vosgesinfo.fr\/remiremontinfo\/author\/cedric-drevet\/"}]}},"_links":{"self":[{"href":"https:\/\/vosgesinfo.fr\/remiremontinfo\/wp-json\/wp\/v2\/posts\/63013","targetHints":{"allow":["GET"]}}],"collection":[{"href":"https:\/\/vosgesinfo.fr\/remiremontinfo\/wp-json\/wp\/v2\/posts"}],"about":[{"href":"https:\/\/vosgesinfo.fr\/remiremontinfo\/wp-json\/wp\/v2\/types\/post"}],"author":[{"embeddable":true,"href":"https:\/\/vosgesinfo.fr\/remiremontinfo\/wp-json\/wp\/v2\/users\/407"}],"replies":[{"embeddable":true,"href":"https:\/\/vosgesinfo.fr\/remiremontinfo\/wp-json\/wp\/v2\/comments?post=63013"}],"version-history":[{"count":0,"href":"https:\/\/vosgesinfo.fr\/remiremontinfo\/wp-json\/wp\/v2\/posts\/63013\/revisions"}],"wp:featuredmedia":[{"embeddable":true,"href":"https:\/\/vosgesinfo.fr\/remiremontinfo\/wp-json\/wp\/v2\/media\/63014"}],"wp:attachment":[{"href":"https:\/\/vosgesinfo.fr\/remiremontinfo\/wp-json\/wp\/v2\/media?parent=63013"}],"wp:term":[{"taxonomy":"category","embeddable":true,"href":"https:\/\/vosgesinfo.fr\/remiremontinfo\/wp-json\/wp\/v2\/categories?post=63013"},{"taxonomy":"post_tag","embeddable":true,"href":"https:\/\/vosgesinfo.fr\/remiremontinfo\/wp-json\/wp\/v2\/tags?post=63013"}],"curies":[{"name":"wp","href":"https:\/\/api.w.org\/{rel}","templated":true}]}}