{"id":63023,"date":"2022-10-06T08:12:05","date_gmt":"2022-10-06T06:12:05","guid":{"rendered":"https:\/\/vosgesinfo.fr\/remiremontinfo\/2022\/10\/saint-nabord-associations-se-reunissent-preparer-lagenda-manifestations\/"},"modified":"2022-10-06T08:12:05","modified_gmt":"2022-10-06T06:12:05","slug":"saint-nabord-associations-se-reunissent-preparer-lagenda-manifestations","status":"publish","type":"post","link":"https:\/\/vosgesinfo.fr\/remiremontinfo\/2022\/10\/saint-nabord-associations-se-reunissent-preparer-lagenda-manifestations\/","title":{"rendered":"Saint-Nabord : les associations se r\u00e9unissent pour pr\u00e9parer l&rsquo;agenda des manifestations"},"content":{"rendered":"\n<h2><span style=\"font-size: 12pt;\"><strong>Julien Balland, adjoint au sport et aux associations de la commune de Saint-Nabord, entour\u00e9 de Nathalie Vuillemin, Pierre Jeannerot, conseillers municipaux et de Anne Grandemange, secr\u00e9taire de commission, ont convi\u00e9, ce vendredi 30 septembre, tout le tissu associatif navoiriaud \u00e0 l\u2019incontournable \u00ab\u00a0R\u00e9union des associations\u00a0\u00bb.<\/strong><\/span><\/h2>\n<p>Moment cl\u00e9 pour chaque pr\u00e9sident et membres actifs d\u00e9sireux de r\u00e9server les b\u00e2timents communaux et planifier leurs \u00e9v\u00e9nements pour la saison. Loto, spectacle, assembl\u00e9e g\u00e9n\u00e9rale, repas, salon, expo, manifestation sportive\u2026 \u00e0 chacun de caler ses dates de manifestations dans un agenda dont les cases se noircissent \u00e0 vue d\u2019\u0153il. Tout l\u2019int\u00e9r\u00eat de la soir\u00e9e \u00e9tant, pour Julien Balland et son \u00e9quipe, de partager, autant que faire se peut, \u00e9quitablement, les structures mises \u00e0 disposition par la commune et de contenter tout le monde. Pour information, chaque association a droit \u00e0 une salle gratuite pour organiser son assembl\u00e9e g\u00e9n\u00e9rale ainsi qu\u2019un \u00e9v\u00e9nement \u00e0 but non lucratif.<\/p>\n<p><span style=\"font-size: 10pt;\"><em>Source : Mairie de Saint-Nabord\u00a0<\/em><\/span><\/p>\n","protected":false},"excerpt":{"rendered":"<p>Julien Balland, adjoint au sport et aux associations de la commune de Saint-Nabord, entour\u00e9 de Nathalie Vuillemin, Pierre Jeannerot, conseillers [&hellip;]<\/p>\n","protected":false},"author":407,"featured_media":63024,"comment_status":"open","ping_status":"open","sticky":false,"template":"","format":"standard","meta":{"footnotes":""},"categories":[26,35,100,17],"tags":[137,42,32],"class_list":["post-63023","post","type-post","status-publish","format-standard","has-post-thumbnail","hentry","category-a-la-une","category-remiremont-son-canton","category-saint-nabord","category-vie-associative","tag-associations","tag-saint-nabord","tag-vosges"],"acf":[],"yoast_head":"<!-- This site is optimized with the Yoast SEO plugin v22.5 - https:\/\/yoast.com\/wordpress\/plugins\/seo\/ -->\n<title>Saint-Nabord : les associations se r\u00e9unissent pour pr\u00e9parer l&#039;agenda des manifestations - Remiremont Info<\/title>\n<meta name=\"robots\" content=\"index, follow, max-snippet:-1, max-image-preview:large, max-video-preview:-1\" \/>\n<link rel=\"canonical\" href=\"https:\/\/vosgesinfo.fr\/remiremontinfo\/2022\/10\/saint-nabord-associations-se-reunissent-preparer-lagenda-manifestations\/\" \/>\n<meta name=\"twitter:card\" content=\"summary_large_image\" \/>\n<meta name=\"twitter:title\" content=\"Saint-Nabord : les associations se r\u00e9unissent pour pr\u00e9parer l&#039;agenda des manifestations - Remiremont Info\" \/>\n<meta name=\"twitter:description\" content=\"Julien Balland, adjoint au sport et aux associations de la commune de Saint-Nabord, entour\u00e9 de Nathalie Vuillemin, Pierre Jeannerot, conseillers [&hellip;]\" \/>\n<meta name=\"twitter:image\" content=\"https:\/\/vosgesinfo.fr\/app\/uploads\/sites\/5\/2024\/09\/202210310655747-429563909285386-2319473000551065551-n1.jpg\" \/>\n<meta name=\"twitter:creator\" content=\"@VosgesInfo88\" \/>\n<meta name=\"twitter:site\" content=\"@VosgesInfo88\" \/>\n<meta name=\"twitter:label1\" content=\"\u00c9crit par\" \/>\n\t<meta name=\"twitter:data1\" content=\"C D\" \/>\n\t<meta name=\"twitter:label2\" content=\"Dur\u00e9e de lecture estim\u00e9e\" \/>\n\t<meta name=\"twitter:data2\" content=\"1 minute\" \/>\n<script type=\"application\/ld+json\" class=\"yoast-schema-graph\">{\"@context\":\"https:\/\/schema.org\",\"@graph\":[{\"@type\":\"Article\",\"@id\":\"https:\/\/vosgesinfo.fr\/remiremontinfo\/2022\/10\/saint-nabord-associations-se-reunissent-preparer-lagenda-manifestations\/#article\",\"isPartOf\":{\"@id\":\"https:\/\/vosgesinfo.fr\/remiremontinfo\/2022\/10\/saint-nabord-associations-se-reunissent-preparer-lagenda-manifestations\/\"},\"author\":{\"name\":\"C D\",\"@id\":\"https:\/\/vosgesinfo.fr\/remiremontinfo\/#\/schema\/person\/3bfd164d5218a185b1db68655a265316\"},\"headline\":\"Saint-Nabord : les associations se r\u00e9unissent pour pr\u00e9parer l&rsquo;agenda des manifestations\",\"datePublished\":\"2022-10-06T06:12:05+00:00\",\"dateModified\":\"2022-10-06T06:12:05+00:00\",\"mainEntityOfPage\":{\"@id\":\"https:\/\/vosgesinfo.fr\/remiremontinfo\/2022\/10\/saint-nabord-associations-se-reunissent-preparer-lagenda-manifestations\/\"},\"wordCount\":188,\"commentCount\":0,\"publisher\":{\"@id\":\"https:\/\/vosgesinfo.fr\/remiremontinfo\/#organization\"},\"image\":{\"@id\":\"https:\/\/vosgesinfo.fr\/remiremontinfo\/2022\/10\/saint-nabord-associations-se-reunissent-preparer-lagenda-manifestations\/#primaryimage\"},\"thumbnailUrl\":\"https:\/\/vosgesinfo.fr\/app\/uploads\/sites\/5\/2024\/09\/202210310655747-429563909285386-2319473000551065551-n1.jpg\",\"keywords\":[\"associations\",\"saint-nabord\",\"Vosges\"],\"articleSection\":[\"A la Une\",\"Remiremont &amp; son canton\",\"Saint-Nabord\",\"Vie associative\"],\"inLanguage\":\"fr-FR\",\"potentialAction\":[{\"@type\":\"CommentAction\",\"name\":\"Comment\",\"target\":[\"https:\/\/vosgesinfo.fr\/remiremontinfo\/2022\/10\/saint-nabord-associations-se-reunissent-preparer-lagenda-manifestations\/#respond\"]}]},{\"@type\":\"WebPage\",\"@id\":\"https:\/\/vosgesinfo.fr\/remiremontinfo\/2022\/10\/saint-nabord-associations-se-reunissent-preparer-lagenda-manifestations\/\",\"url\":\"https:\/\/vosgesinfo.fr\/remiremontinfo\/2022\/10\/saint-nabord-associations-se-reunissent-preparer-lagenda-manifestations\/\",\"name\":\"Saint-Nabord : les associations se r\u00e9unissent pour pr\u00e9parer l'agenda des manifestations - Remiremont Info\",\"isPartOf\":{\"@id\":\"https:\/\/vosgesinfo.fr\/remiremontinfo\/#website\"},\"primaryImageOfPage\":{\"@id\":\"https:\/\/vosgesinfo.fr\/remiremontinfo\/2022\/10\/saint-nabord-associations-se-reunissent-preparer-lagenda-manifestations\/#primaryimage\"},\"image\":{\"@id\":\"https:\/\/vosgesinfo.fr\/remiremontinfo\/2022\/10\/saint-nabord-associations-se-reunissent-preparer-lagenda-manifestations\/#primaryimage\"},\"thumbnailUrl\":\"https:\/\/vosgesinfo.fr\/app\/uploads\/sites\/5\/2024\/09\/202210310655747-429563909285386-2319473000551065551-n1.jpg\",\"datePublished\":\"2022-10-06T06:12:05+00:00\",\"dateModified\":\"2022-10-06T06:12:05+00:00\",\"breadcrumb\":{\"@id\":\"https:\/\/vosgesinfo.fr\/remiremontinfo\/2022\/10\/saint-nabord-associations-se-reunissent-preparer-lagenda-manifestations\/#breadcrumb\"},\"inLanguage\":\"fr-FR\",\"potentialAction\":[{\"@type\":\"ReadAction\",\"target\":[\"https:\/\/vosgesinfo.fr\/remiremontinfo\/2022\/10\/saint-nabord-associations-se-reunissent-preparer-lagenda-manifestations\/\"]}]},{\"@type\":\"ImageObject\",\"inLanguage\":\"fr-FR\",\"@id\":\"https:\/\/vosgesinfo.fr\/remiremontinfo\/2022\/10\/saint-nabord-associations-se-reunissent-preparer-lagenda-manifestations\/#primaryimage\",\"url\":\"https:\/\/vosgesinfo.fr\/app\/uploads\/sites\/5\/2024\/09\/202210310655747-429563909285386-2319473000551065551-n1.jpg\",\"contentUrl\":\"https:\/\/vosgesinfo.fr\/app\/uploads\/sites\/5\/2024\/09\/202210310655747-429563909285386-2319473000551065551-n1.jpg\",\"width\":1586,\"height\":1202},{\"@type\":\"BreadcrumbList\",\"@id\":\"https:\/\/vosgesinfo.fr\/remiremontinfo\/2022\/10\/saint-nabord-associations-se-reunissent-preparer-lagenda-manifestations\/#breadcrumb\",\"itemListElement\":[{\"@type\":\"ListItem\",\"position\":1,\"name\":\"Home\",\"item\":\"https:\/\/vosgesinfo.fr\/remiremontinfo\/\"},{\"@type\":\"ListItem\",\"position\":2,\"name\":\"Saint-Nabord : les associations se r\u00e9unissent pour pr\u00e9parer l&rsquo;agenda des manifestations\"}]},{\"@type\":\"WebSite\",\"@id\":\"https:\/\/vosgesinfo.fr\/remiremontinfo\/#website\",\"url\":\"https:\/\/vosgesinfo.fr\/remiremontinfo\/\",\"name\":\"Remiremont Info\",\"description\":\"Toute l&#039;actualit\u00e9 de Remiremont\",\"publisher\":{\"@id\":\"https:\/\/vosgesinfo.fr\/remiremontinfo\/#organization\"},\"alternateName\":\"Toute l'actualit\u00e9 de Remiremont\",\"potentialAction\":[{\"@type\":\"SearchAction\",\"target\":{\"@type\":\"EntryPoint\",\"urlTemplate\":\"https:\/\/vosgesinfo.fr\/remiremontinfo\/?s={search_term_string}\"},\"query-input\":\"required name=search_term_string\"}],\"inLanguage\":\"fr-FR\"},{\"@type\":\"Organization\",\"@id\":\"https:\/\/vosgesinfo.fr\/remiremontinfo\/#organization\",\"name\":\"Remiremont Info\",\"url\":\"https:\/\/vosgesinfo.fr\/remiremontinfo\/\",\"logo\":{\"@type\":\"ImageObject\",\"inLanguage\":\"fr-FR\",\"@id\":\"https:\/\/vosgesinfo.fr\/remiremontinfo\/#\/schema\/logo\/image\/\",\"url\":\"https:\/\/vosgesinfo.fr\/app\/uploads\/sites\/5\/2023\/08\/favicon-remiremontinfo.png\",\"contentUrl\":\"https:\/\/vosgesinfo.fr\/app\/uploads\/sites\/5\/2023\/08\/favicon-remiremontinfo.png\",\"width\":512,\"height\":512,\"caption\":\"Remiremont Info\"},\"image\":{\"@id\":\"https:\/\/vosgesinfo.fr\/remiremontinfo\/#\/schema\/logo\/image\/\"},\"sameAs\":[\"https:\/\/www.facebook.com\/remiremontinfo\",\"https:\/\/x.com\/VosgesInfo88\",\"https:\/\/www.youtube.com\/@vosgesinfo\"]},{\"@type\":\"Person\",\"@id\":\"https:\/\/vosgesinfo.fr\/remiremontinfo\/#\/schema\/person\/3bfd164d5218a185b1db68655a265316\",\"name\":\"C D\",\"image\":{\"@type\":\"ImageObject\",\"inLanguage\":\"fr-FR\",\"@id\":\"https:\/\/vosgesinfo.fr\/remiremontinfo\/#\/schema\/person\/image\/\",\"url\":\"https:\/\/secure.gravatar.com\/avatar\/1f9a70007336511a47468b8f1c66f922b8b7cf617b02a31149ada43893a5d48f?s=96&d=mm&r=g\",\"contentUrl\":\"https:\/\/secure.gravatar.com\/avatar\/1f9a70007336511a47468b8f1c66f922b8b7cf617b02a31149ada43893a5d48f?s=96&d=mm&r=g\",\"caption\":\"C D\"},\"url\":\"https:\/\/vosgesinfo.fr\/remiremontinfo\/author\/cedric-drevet\/\"}]}<\/script>\n<!-- \/ Yoast SEO plugin. -->","yoast_head_json":{"title":"Saint-Nabord : les associations se r\u00e9unissent pour pr\u00e9parer l'agenda des manifestations - Remiremont Info","robots":{"index":"index","follow":"follow","max-snippet":"max-snippet:-1","max-image-preview":"max-image-preview:large","max-video-preview":"max-video-preview:-1"},"canonical":"https:\/\/vosgesinfo.fr\/remiremontinfo\/2022\/10\/saint-nabord-associations-se-reunissent-preparer-lagenda-manifestations\/","twitter_card":"summary_large_image","twitter_title":"Saint-Nabord : les associations se r\u00e9unissent pour pr\u00e9parer l'agenda des manifestations - Remiremont Info","twitter_description":"Julien Balland, adjoint au sport et aux associations de la commune de Saint-Nabord, entour\u00e9 de Nathalie Vuillemin, Pierre Jeannerot, conseillers [&hellip;]","twitter_image":"https:\/\/vosgesinfo.fr\/app\/uploads\/sites\/5\/2024\/09\/202210310655747-429563909285386-2319473000551065551-n1.jpg","twitter_creator":"@VosgesInfo88","twitter_site":"@VosgesInfo88","twitter_misc":{"\u00c9crit par":"C D","Dur\u00e9e de lecture estim\u00e9e":"1 minute"},"schema":{"@context":"https:\/\/schema.org","@graph":[{"@type":"Article","@id":"https:\/\/vosgesinfo.fr\/remiremontinfo\/2022\/10\/saint-nabord-associations-se-reunissent-preparer-lagenda-manifestations\/#article","isPartOf":{"@id":"https:\/\/vosgesinfo.fr\/remiremontinfo\/2022\/10\/saint-nabord-associations-se-reunissent-preparer-lagenda-manifestations\/"},"author":{"name":"C D","@id":"https:\/\/vosgesinfo.fr\/remiremontinfo\/#\/schema\/person\/3bfd164d5218a185b1db68655a265316"},"headline":"Saint-Nabord : les associations se r\u00e9unissent pour pr\u00e9parer l&rsquo;agenda des manifestations","datePublished":"2022-10-06T06:12:05+00:00","dateModified":"2022-10-06T06:12:05+00:00","mainEntityOfPage":{"@id":"https:\/\/vosgesinfo.fr\/remiremontinfo\/2022\/10\/saint-nabord-associations-se-reunissent-preparer-lagenda-manifestations\/"},"wordCount":188,"commentCount":0,"publisher":{"@id":"https:\/\/vosgesinfo.fr\/remiremontinfo\/#organization"},"image":{"@id":"https:\/\/vosgesinfo.fr\/remiremontinfo\/2022\/10\/saint-nabord-associations-se-reunissent-preparer-lagenda-manifestations\/#primaryimage"},"thumbnailUrl":"https:\/\/vosgesinfo.fr\/app\/uploads\/sites\/5\/2024\/09\/202210310655747-429563909285386-2319473000551065551-n1.jpg","keywords":["associations","saint-nabord","Vosges"],"articleSection":["A la Une","Remiremont &amp; son canton","Saint-Nabord","Vie associative"],"inLanguage":"fr-FR","potentialAction":[{"@type":"CommentAction","name":"Comment","target":["https:\/\/vosgesinfo.fr\/remiremontinfo\/2022\/10\/saint-nabord-associations-se-reunissent-preparer-lagenda-manifestations\/#respond"]}]},{"@type":"WebPage","@id":"https:\/\/vosgesinfo.fr\/remiremontinfo\/2022\/10\/saint-nabord-associations-se-reunissent-preparer-lagenda-manifestations\/","url":"https:\/\/vosgesinfo.fr\/remiremontinfo\/2022\/10\/saint-nabord-associations-se-reunissent-preparer-lagenda-manifestations\/","name":"Saint-Nabord : les associations se r\u00e9unissent pour pr\u00e9parer l'agenda des manifestations - Remiremont Info","isPartOf":{"@id":"https:\/\/vosgesinfo.fr\/remiremontinfo\/#website"},"primaryImageOfPage":{"@id":"https:\/\/vosgesinfo.fr\/remiremontinfo\/2022\/10\/saint-nabord-associations-se-reunissent-preparer-lagenda-manifestations\/#primaryimage"},"image":{"@id":"https:\/\/vosgesinfo.fr\/remiremontinfo\/2022\/10\/saint-nabord-associations-se-reunissent-preparer-lagenda-manifestations\/#primaryimage"},"thumbnailUrl":"https:\/\/vosgesinfo.fr\/app\/uploads\/sites\/5\/2024\/09\/202210310655747-429563909285386-2319473000551065551-n1.jpg","datePublished":"2022-10-06T06:12:05+00:00","dateModified":"2022-10-06T06:12:05+00:00","breadcrumb":{"@id":"https:\/\/vosgesinfo.fr\/remiremontinfo\/2022\/10\/saint-nabord-associations-se-reunissent-preparer-lagenda-manifestations\/#breadcrumb"},"inLanguage":"fr-FR","potentialAction":[{"@type":"ReadAction","target":["https:\/\/vosgesinfo.fr\/remiremontinfo\/2022\/10\/saint-nabord-associations-se-reunissent-preparer-lagenda-manifestations\/"]}]},{"@type":"ImageObject","inLanguage":"fr-FR","@id":"https:\/\/vosgesinfo.fr\/remiremontinfo\/2022\/10\/saint-nabord-associations-se-reunissent-preparer-lagenda-manifestations\/#primaryimage","url":"https:\/\/vosgesinfo.fr\/app\/uploads\/sites\/5\/2024\/09\/202210310655747-429563909285386-2319473000551065551-n1.jpg","contentUrl":"https:\/\/vosgesinfo.fr\/app\/uploads\/sites\/5\/2024\/09\/202210310655747-429563909285386-2319473000551065551-n1.jpg","width":1586,"height":1202},{"@type":"BreadcrumbList","@id":"https:\/\/vosgesinfo.fr\/remiremontinfo\/2022\/10\/saint-nabord-associations-se-reunissent-preparer-lagenda-manifestations\/#breadcrumb","itemListElement":[{"@type":"ListItem","position":1,"name":"Home","item":"https:\/\/vosgesinfo.fr\/remiremontinfo\/"},{"@type":"ListItem","position":2,"name":"Saint-Nabord : les associations se r\u00e9unissent pour pr\u00e9parer l&rsquo;agenda des manifestations"}]},{"@type":"WebSite","@id":"https:\/\/vosgesinfo.fr\/remiremontinfo\/#website","url":"https:\/\/vosgesinfo.fr\/remiremontinfo\/","name":"Remiremont Info","description":"Toute l&#039;actualit\u00e9 de Remiremont","publisher":{"@id":"https:\/\/vosgesinfo.fr\/remiremontinfo\/#organization"},"alternateName":"Toute l'actualit\u00e9 de Remiremont","potentialAction":[{"@type":"SearchAction","target":{"@type":"EntryPoint","urlTemplate":"https:\/\/vosgesinfo.fr\/remiremontinfo\/?s={search_term_string}"},"query-input":"required name=search_term_string"}],"inLanguage":"fr-FR"},{"@type":"Organization","@id":"https:\/\/vosgesinfo.fr\/remiremontinfo\/#organization","name":"Remiremont Info","url":"https:\/\/vosgesinfo.fr\/remiremontinfo\/","logo":{"@type":"ImageObject","inLanguage":"fr-FR","@id":"https:\/\/vosgesinfo.fr\/remiremontinfo\/#\/schema\/logo\/image\/","url":"https:\/\/vosgesinfo.fr\/app\/uploads\/sites\/5\/2023\/08\/favicon-remiremontinfo.png","contentUrl":"https:\/\/vosgesinfo.fr\/app\/uploads\/sites\/5\/2023\/08\/favicon-remiremontinfo.png","width":512,"height":512,"caption":"Remiremont Info"},"image":{"@id":"https:\/\/vosgesinfo.fr\/remiremontinfo\/#\/schema\/logo\/image\/"},"sameAs":["https:\/\/www.facebook.com\/remiremontinfo","https:\/\/x.com\/VosgesInfo88","https:\/\/www.youtube.com\/@vosgesinfo"]},{"@type":"Person","@id":"https:\/\/vosgesinfo.fr\/remiremontinfo\/#\/schema\/person\/3bfd164d5218a185b1db68655a265316","name":"C D","image":{"@type":"ImageObject","inLanguage":"fr-FR","@id":"https:\/\/vosgesinfo.fr\/remiremontinfo\/#\/schema\/person\/image\/","url":"https:\/\/secure.gravatar.com\/avatar\/1f9a70007336511a47468b8f1c66f922b8b7cf617b02a31149ada43893a5d48f?s=96&d=mm&r=g","contentUrl":"https:\/\/secure.gravatar.com\/avatar\/1f9a70007336511a47468b8f1c66f922b8b7cf617b02a31149ada43893a5d48f?s=96&d=mm&r=g","caption":"C D"},"url":"https:\/\/vosgesinfo.fr\/remiremontinfo\/author\/cedric-drevet\/"}]}},"_links":{"self":[{"href":"https:\/\/vosgesinfo.fr\/remiremontinfo\/wp-json\/wp\/v2\/posts\/63023","targetHints":{"allow":["GET"]}}],"collection":[{"href":"https:\/\/vosgesinfo.fr\/remiremontinfo\/wp-json\/wp\/v2\/posts"}],"about":[{"href":"https:\/\/vosgesinfo.fr\/remiremontinfo\/wp-json\/wp\/v2\/types\/post"}],"author":[{"embeddable":true,"href":"https:\/\/vosgesinfo.fr\/remiremontinfo\/wp-json\/wp\/v2\/users\/407"}],"replies":[{"embeddable":true,"href":"https:\/\/vosgesinfo.fr\/remiremontinfo\/wp-json\/wp\/v2\/comments?post=63023"}],"version-history":[{"count":0,"href":"https:\/\/vosgesinfo.fr\/remiremontinfo\/wp-json\/wp\/v2\/posts\/63023\/revisions"}],"wp:featuredmedia":[{"embeddable":true,"href":"https:\/\/vosgesinfo.fr\/remiremontinfo\/wp-json\/wp\/v2\/media\/63024"}],"wp:attachment":[{"href":"https:\/\/vosgesinfo.fr\/remiremontinfo\/wp-json\/wp\/v2\/media?parent=63023"}],"wp:term":[{"taxonomy":"category","embeddable":true,"href":"https:\/\/vosgesinfo.fr\/remiremontinfo\/wp-json\/wp\/v2\/categories?post=63023"},{"taxonomy":"post_tag","embeddable":true,"href":"https:\/\/vosgesinfo.fr\/remiremontinfo\/wp-json\/wp\/v2\/tags?post=63023"}],"curies":[{"name":"wp","href":"https:\/\/api.w.org\/{rel}","templated":true}]}}