{"id":63212,"date":"2022-10-11T12:03:04","date_gmt":"2022-10-11T10:03:04","guid":{"rendered":"https:\/\/vosgesinfo.fr\/remiremontinfo\/2022\/10\/cornimont-extinction-lampadaires-samedi-soir-a-loccasion-jour-de-nuit\/"},"modified":"2022-10-11T12:03:04","modified_gmt":"2022-10-11T10:03:04","slug":"cornimont-extinction-lampadaires-samedi-soir-a-loccasion-jour-de-nuit","status":"publish","type":"post","link":"https:\/\/vosgesinfo.fr\/remiremontinfo\/2022\/10\/cornimont-extinction-lampadaires-samedi-soir-a-loccasion-jour-de-nuit\/","title":{"rendered":"Cornimont : extinction des lampadaires samedi soir \u00e0 l&rsquo;occasion du \u00ab\u00a0Jour de la Nuit\u00a0\u00bb"},"content":{"rendered":"<h2><a href=\"\/2022\/10\/311237690_1298182297386394_4671046169921531245_n.jpg\"><img decoding=\"async\" class=\"alignnone size-large wp-image-355746\" src=\"\/2022\/10\/311237690_1298182297386394_4671046169921531245_n-724x1024.jpg\" alt=\"311237690_1298182297386394_4671046169921531245_n\" width=\"724\" height=\"1024\" \/><\/a><\/h2>\n<h2><span style=\"font-size: 12pt;\"><strong>Ouvert \u00e0 toutes et \u00e0 tous, le Jour de la Nuit est une grande manifestation nationale de sensibilisation \u00e0 la pollution lumineuse, \u00e0 la protection de la biodiversit\u00e9 nocturne et \u00e0 la beaut\u00e9 du ciel \u00e9toil\u00e9. La 14\u00e8me \u00e9dition aura lieu le samedi 15 octobre 2022. Elle est initi\u00e9e par l&rsquo;association \u00ab Agir pour l&rsquo;environnement \u00bb. <\/strong><\/span><\/h2>\n<p>La municipalit\u00e9 de Cornimont a d\u00e9cid\u00e9 de participer \u00e0 cet \u00e9v\u00e9nement en organisant diverses animations autour de ce th\u00e8me. Une conf\u00e9rence sur les effets de la pollution lumineuse, l&rsquo;impact de l&rsquo;\u00e9clairage artificiel sur la biodiversit\u00e9 et la sant\u00e9 humaine se tiendra le samedi 15 octobre \u00e0 19 h 30 \u00e0 la salle des f\u00eates de Cornimont. Elle sera anim\u00e9e par Mme S\u00e9verine Messelis, membre d&rsquo;Alsace Nature qui a effectu\u00e9 une \u00ab mission pollution lumineuse \u00bb pour cet organisme. Un \u00e9change avec les auditeurs suivra. Une extinction temporaire des lampadaires publics de certains secteurs interviendra de 21h00 \u00e0 21h15. (Secteurs du Daval, du Gymnase, du Passage Perrin, de la Gare, des Myrtilles, de l\u2019Avenir, de la Distillerie, de St Barth\u00e9l\u00e9my, des T\u00eates, du R\u00e9servoir et de la Promenade). Les habitants sont invit\u00e9s \u00e0 sortir dans les rues afin de constater l&rsquo;impact r\u00e9el de l&rsquo;\u00e9clairage nocturne.<\/p>\n<p><span style=\"font-size: 10pt;\"><em>Source : Cornimont Actu n\u00b0272<\/em><\/span><\/p>\n","protected":false},"excerpt":{"rendered":"<p>Ouvert \u00e0 toutes et \u00e0 tous, le Jour de la Nuit est une grande manifestation nationale de sensibilisation \u00e0 la [&hellip;]<\/p>\n","protected":false},"author":407,"featured_media":63213,"comment_status":"open","ping_status":"open","sticky":false,"template":"","format":"standard","meta":{"footnotes":""},"categories":[26,34,25],"tags":[79,3321,4307,4846,32],"class_list":["post-63212","post","type-post","status-publish","format-standard","has-post-thumbnail","hentry","category-a-la-une","category-cornimont","category-la-bresse-son-canton","tag-cornimont","tag-eclairage","tag-lampadaire","tag-le-jour-de-la-nuit","tag-vosges"],"acf":[],"yoast_head":"<!-- This site is optimized with the Yoast SEO plugin v22.5 - https:\/\/yoast.com\/wordpress\/plugins\/seo\/ -->\n<title>Cornimont : extinction des lampadaires samedi soir \u00e0 l&#039;occasion du &quot;Jour de la Nuit&quot; - Remiremont Info<\/title>\n<meta name=\"robots\" content=\"index, follow, max-snippet:-1, max-image-preview:large, max-video-preview:-1\" \/>\n<link rel=\"canonical\" href=\"https:\/\/vosgesinfo.fr\/remiremontinfo\/2022\/10\/cornimont-extinction-lampadaires-samedi-soir-a-loccasion-jour-de-nuit\/\" \/>\n<meta name=\"twitter:card\" content=\"summary_large_image\" \/>\n<meta name=\"twitter:title\" content=\"Cornimont : extinction des lampadaires samedi soir \u00e0 l&#039;occasion du &quot;Jour de la Nuit&quot; - Remiremont Info\" \/>\n<meta name=\"twitter:description\" content=\"Ouvert \u00e0 toutes et \u00e0 tous, le Jour de la Nuit est une grande manifestation nationale de sensibilisation \u00e0 la [&hellip;]\" \/>\n<meta name=\"twitter:image\" content=\"https:\/\/vosgesinfo.fr\/app\/uploads\/sites\/5\/2024\/09\/202210capture-decran-2022-10-11-140242.png\" \/>\n<meta name=\"twitter:creator\" content=\"@VosgesInfo88\" \/>\n<meta name=\"twitter:site\" content=\"@VosgesInfo88\" \/>\n<meta name=\"twitter:label1\" content=\"\u00c9crit par\" \/>\n\t<meta name=\"twitter:data1\" content=\"C D\" \/>\n\t<meta name=\"twitter:label2\" content=\"Dur\u00e9e de lecture estim\u00e9e\" \/>\n\t<meta name=\"twitter:data2\" content=\"1 minute\" \/>\n<script type=\"application\/ld+json\" class=\"yoast-schema-graph\">{\"@context\":\"https:\/\/schema.org\",\"@graph\":[{\"@type\":\"Article\",\"@id\":\"https:\/\/vosgesinfo.fr\/remiremontinfo\/2022\/10\/cornimont-extinction-lampadaires-samedi-soir-a-loccasion-jour-de-nuit\/#article\",\"isPartOf\":{\"@id\":\"https:\/\/vosgesinfo.fr\/remiremontinfo\/2022\/10\/cornimont-extinction-lampadaires-samedi-soir-a-loccasion-jour-de-nuit\/\"},\"author\":{\"name\":\"C D\",\"@id\":\"https:\/\/vosgesinfo.fr\/remiremontinfo\/#\/schema\/person\/3bfd164d5218a185b1db68655a265316\"},\"headline\":\"Cornimont : extinction des lampadaires samedi soir \u00e0 l&rsquo;occasion du \u00ab\u00a0Jour de la Nuit\u00a0\u00bb\",\"datePublished\":\"2022-10-11T10:03:04+00:00\",\"dateModified\":\"2022-10-11T10:03:04+00:00\",\"mainEntityOfPage\":{\"@id\":\"https:\/\/vosgesinfo.fr\/remiremontinfo\/2022\/10\/cornimont-extinction-lampadaires-samedi-soir-a-loccasion-jour-de-nuit\/\"},\"wordCount\":220,\"commentCount\":0,\"publisher\":{\"@id\":\"https:\/\/vosgesinfo.fr\/remiremontinfo\/#organization\"},\"image\":{\"@id\":\"https:\/\/vosgesinfo.fr\/remiremontinfo\/2022\/10\/cornimont-extinction-lampadaires-samedi-soir-a-loccasion-jour-de-nuit\/#primaryimage\"},\"thumbnailUrl\":\"https:\/\/vosgesinfo.fr\/app\/uploads\/sites\/5\/2024\/09\/202210capture-decran-2022-10-11-140242.png\",\"keywords\":[\"cornimont\",\"eclairage\",\"lampadaire\",\"le jour de la nuit\",\"Vosges\"],\"articleSection\":[\"A la Une\",\"Cornimont\",\"La Bresse &amp; son canton\"],\"inLanguage\":\"fr-FR\",\"potentialAction\":[{\"@type\":\"CommentAction\",\"name\":\"Comment\",\"target\":[\"https:\/\/vosgesinfo.fr\/remiremontinfo\/2022\/10\/cornimont-extinction-lampadaires-samedi-soir-a-loccasion-jour-de-nuit\/#respond\"]}]},{\"@type\":\"WebPage\",\"@id\":\"https:\/\/vosgesinfo.fr\/remiremontinfo\/2022\/10\/cornimont-extinction-lampadaires-samedi-soir-a-loccasion-jour-de-nuit\/\",\"url\":\"https:\/\/vosgesinfo.fr\/remiremontinfo\/2022\/10\/cornimont-extinction-lampadaires-samedi-soir-a-loccasion-jour-de-nuit\/\",\"name\":\"Cornimont : extinction des lampadaires samedi soir \u00e0 l'occasion du \\\"Jour de la Nuit\\\" - Remiremont Info\",\"isPartOf\":{\"@id\":\"https:\/\/vosgesinfo.fr\/remiremontinfo\/#website\"},\"primaryImageOfPage\":{\"@id\":\"https:\/\/vosgesinfo.fr\/remiremontinfo\/2022\/10\/cornimont-extinction-lampadaires-samedi-soir-a-loccasion-jour-de-nuit\/#primaryimage\"},\"image\":{\"@id\":\"https:\/\/vosgesinfo.fr\/remiremontinfo\/2022\/10\/cornimont-extinction-lampadaires-samedi-soir-a-loccasion-jour-de-nuit\/#primaryimage\"},\"thumbnailUrl\":\"https:\/\/vosgesinfo.fr\/app\/uploads\/sites\/5\/2024\/09\/202210capture-decran-2022-10-11-140242.png\",\"datePublished\":\"2022-10-11T10:03:04+00:00\",\"dateModified\":\"2022-10-11T10:03:04+00:00\",\"breadcrumb\":{\"@id\":\"https:\/\/vosgesinfo.fr\/remiremontinfo\/2022\/10\/cornimont-extinction-lampadaires-samedi-soir-a-loccasion-jour-de-nuit\/#breadcrumb\"},\"inLanguage\":\"fr-FR\",\"potentialAction\":[{\"@type\":\"ReadAction\",\"target\":[\"https:\/\/vosgesinfo.fr\/remiremontinfo\/2022\/10\/cornimont-extinction-lampadaires-samedi-soir-a-loccasion-jour-de-nuit\/\"]}]},{\"@type\":\"ImageObject\",\"inLanguage\":\"fr-FR\",\"@id\":\"https:\/\/vosgesinfo.fr\/remiremontinfo\/2022\/10\/cornimont-extinction-lampadaires-samedi-soir-a-loccasion-jour-de-nuit\/#primaryimage\",\"url\":\"https:\/\/vosgesinfo.fr\/app\/uploads\/sites\/5\/2024\/09\/202210capture-decran-2022-10-11-140242.png\",\"contentUrl\":\"https:\/\/vosgesinfo.fr\/app\/uploads\/sites\/5\/2024\/09\/202210capture-decran-2022-10-11-140242.png\",\"width\":928,\"height\":641},{\"@type\":\"BreadcrumbList\",\"@id\":\"https:\/\/vosgesinfo.fr\/remiremontinfo\/2022\/10\/cornimont-extinction-lampadaires-samedi-soir-a-loccasion-jour-de-nuit\/#breadcrumb\",\"itemListElement\":[{\"@type\":\"ListItem\",\"position\":1,\"name\":\"Home\",\"item\":\"https:\/\/vosgesinfo.fr\/remiremontinfo\/\"},{\"@type\":\"ListItem\",\"position\":2,\"name\":\"Cornimont : extinction des lampadaires samedi soir \u00e0 l&rsquo;occasion du \u00ab\u00a0Jour de la Nuit\u00a0\u00bb\"}]},{\"@type\":\"WebSite\",\"@id\":\"https:\/\/vosgesinfo.fr\/remiremontinfo\/#website\",\"url\":\"https:\/\/vosgesinfo.fr\/remiremontinfo\/\",\"name\":\"Remiremont Info\",\"description\":\"Toute l&#039;actualit\u00e9 de Remiremont\",\"publisher\":{\"@id\":\"https:\/\/vosgesinfo.fr\/remiremontinfo\/#organization\"},\"alternateName\":\"Toute l'actualit\u00e9 de Remiremont\",\"potentialAction\":[{\"@type\":\"SearchAction\",\"target\":{\"@type\":\"EntryPoint\",\"urlTemplate\":\"https:\/\/vosgesinfo.fr\/remiremontinfo\/?s={search_term_string}\"},\"query-input\":\"required name=search_term_string\"}],\"inLanguage\":\"fr-FR\"},{\"@type\":\"Organization\",\"@id\":\"https:\/\/vosgesinfo.fr\/remiremontinfo\/#organization\",\"name\":\"Remiremont Info\",\"url\":\"https:\/\/vosgesinfo.fr\/remiremontinfo\/\",\"logo\":{\"@type\":\"ImageObject\",\"inLanguage\":\"fr-FR\",\"@id\":\"https:\/\/vosgesinfo.fr\/remiremontinfo\/#\/schema\/logo\/image\/\",\"url\":\"https:\/\/vosgesinfo.fr\/app\/uploads\/sites\/5\/2023\/08\/favicon-remiremontinfo.png\",\"contentUrl\":\"https:\/\/vosgesinfo.fr\/app\/uploads\/sites\/5\/2023\/08\/favicon-remiremontinfo.png\",\"width\":512,\"height\":512,\"caption\":\"Remiremont Info\"},\"image\":{\"@id\":\"https:\/\/vosgesinfo.fr\/remiremontinfo\/#\/schema\/logo\/image\/\"},\"sameAs\":[\"https:\/\/www.facebook.com\/remiremontinfo\",\"https:\/\/x.com\/VosgesInfo88\",\"https:\/\/www.youtube.com\/@vosgesinfo\"]},{\"@type\":\"Person\",\"@id\":\"https:\/\/vosgesinfo.fr\/remiremontinfo\/#\/schema\/person\/3bfd164d5218a185b1db68655a265316\",\"name\":\"C D\",\"image\":{\"@type\":\"ImageObject\",\"inLanguage\":\"fr-FR\",\"@id\":\"https:\/\/vosgesinfo.fr\/remiremontinfo\/#\/schema\/person\/image\/\",\"url\":\"https:\/\/secure.gravatar.com\/avatar\/1f9a70007336511a47468b8f1c66f922b8b7cf617b02a31149ada43893a5d48f?s=96&d=mm&r=g\",\"contentUrl\":\"https:\/\/secure.gravatar.com\/avatar\/1f9a70007336511a47468b8f1c66f922b8b7cf617b02a31149ada43893a5d48f?s=96&d=mm&r=g\",\"caption\":\"C D\"},\"url\":\"https:\/\/vosgesinfo.fr\/remiremontinfo\/author\/cedric-drevet\/\"}]}<\/script>\n<!-- \/ Yoast SEO plugin. -->","yoast_head_json":{"title":"Cornimont : extinction des lampadaires samedi soir \u00e0 l'occasion du \"Jour de la Nuit\" - Remiremont Info","robots":{"index":"index","follow":"follow","max-snippet":"max-snippet:-1","max-image-preview":"max-image-preview:large","max-video-preview":"max-video-preview:-1"},"canonical":"https:\/\/vosgesinfo.fr\/remiremontinfo\/2022\/10\/cornimont-extinction-lampadaires-samedi-soir-a-loccasion-jour-de-nuit\/","twitter_card":"summary_large_image","twitter_title":"Cornimont : extinction des lampadaires samedi soir \u00e0 l'occasion du \"Jour de la Nuit\" - Remiremont Info","twitter_description":"Ouvert \u00e0 toutes et \u00e0 tous, le Jour de la Nuit est une grande manifestation nationale de sensibilisation \u00e0 la [&hellip;]","twitter_image":"https:\/\/vosgesinfo.fr\/app\/uploads\/sites\/5\/2024\/09\/202210capture-decran-2022-10-11-140242.png","twitter_creator":"@VosgesInfo88","twitter_site":"@VosgesInfo88","twitter_misc":{"\u00c9crit par":"C D","Dur\u00e9e de lecture estim\u00e9e":"1 minute"},"schema":{"@context":"https:\/\/schema.org","@graph":[{"@type":"Article","@id":"https:\/\/vosgesinfo.fr\/remiremontinfo\/2022\/10\/cornimont-extinction-lampadaires-samedi-soir-a-loccasion-jour-de-nuit\/#article","isPartOf":{"@id":"https:\/\/vosgesinfo.fr\/remiremontinfo\/2022\/10\/cornimont-extinction-lampadaires-samedi-soir-a-loccasion-jour-de-nuit\/"},"author":{"name":"C D","@id":"https:\/\/vosgesinfo.fr\/remiremontinfo\/#\/schema\/person\/3bfd164d5218a185b1db68655a265316"},"headline":"Cornimont : extinction des lampadaires samedi soir \u00e0 l&rsquo;occasion du \u00ab\u00a0Jour de la Nuit\u00a0\u00bb","datePublished":"2022-10-11T10:03:04+00:00","dateModified":"2022-10-11T10:03:04+00:00","mainEntityOfPage":{"@id":"https:\/\/vosgesinfo.fr\/remiremontinfo\/2022\/10\/cornimont-extinction-lampadaires-samedi-soir-a-loccasion-jour-de-nuit\/"},"wordCount":220,"commentCount":0,"publisher":{"@id":"https:\/\/vosgesinfo.fr\/remiremontinfo\/#organization"},"image":{"@id":"https:\/\/vosgesinfo.fr\/remiremontinfo\/2022\/10\/cornimont-extinction-lampadaires-samedi-soir-a-loccasion-jour-de-nuit\/#primaryimage"},"thumbnailUrl":"https:\/\/vosgesinfo.fr\/app\/uploads\/sites\/5\/2024\/09\/202210capture-decran-2022-10-11-140242.png","keywords":["cornimont","eclairage","lampadaire","le jour de la nuit","Vosges"],"articleSection":["A la Une","Cornimont","La Bresse &amp; son canton"],"inLanguage":"fr-FR","potentialAction":[{"@type":"CommentAction","name":"Comment","target":["https:\/\/vosgesinfo.fr\/remiremontinfo\/2022\/10\/cornimont-extinction-lampadaires-samedi-soir-a-loccasion-jour-de-nuit\/#respond"]}]},{"@type":"WebPage","@id":"https:\/\/vosgesinfo.fr\/remiremontinfo\/2022\/10\/cornimont-extinction-lampadaires-samedi-soir-a-loccasion-jour-de-nuit\/","url":"https:\/\/vosgesinfo.fr\/remiremontinfo\/2022\/10\/cornimont-extinction-lampadaires-samedi-soir-a-loccasion-jour-de-nuit\/","name":"Cornimont : extinction des lampadaires samedi soir \u00e0 l'occasion du \"Jour de la Nuit\" - Remiremont Info","isPartOf":{"@id":"https:\/\/vosgesinfo.fr\/remiremontinfo\/#website"},"primaryImageOfPage":{"@id":"https:\/\/vosgesinfo.fr\/remiremontinfo\/2022\/10\/cornimont-extinction-lampadaires-samedi-soir-a-loccasion-jour-de-nuit\/#primaryimage"},"image":{"@id":"https:\/\/vosgesinfo.fr\/remiremontinfo\/2022\/10\/cornimont-extinction-lampadaires-samedi-soir-a-loccasion-jour-de-nuit\/#primaryimage"},"thumbnailUrl":"https:\/\/vosgesinfo.fr\/app\/uploads\/sites\/5\/2024\/09\/202210capture-decran-2022-10-11-140242.png","datePublished":"2022-10-11T10:03:04+00:00","dateModified":"2022-10-11T10:03:04+00:00","breadcrumb":{"@id":"https:\/\/vosgesinfo.fr\/remiremontinfo\/2022\/10\/cornimont-extinction-lampadaires-samedi-soir-a-loccasion-jour-de-nuit\/#breadcrumb"},"inLanguage":"fr-FR","potentialAction":[{"@type":"ReadAction","target":["https:\/\/vosgesinfo.fr\/remiremontinfo\/2022\/10\/cornimont-extinction-lampadaires-samedi-soir-a-loccasion-jour-de-nuit\/"]}]},{"@type":"ImageObject","inLanguage":"fr-FR","@id":"https:\/\/vosgesinfo.fr\/remiremontinfo\/2022\/10\/cornimont-extinction-lampadaires-samedi-soir-a-loccasion-jour-de-nuit\/#primaryimage","url":"https:\/\/vosgesinfo.fr\/app\/uploads\/sites\/5\/2024\/09\/202210capture-decran-2022-10-11-140242.png","contentUrl":"https:\/\/vosgesinfo.fr\/app\/uploads\/sites\/5\/2024\/09\/202210capture-decran-2022-10-11-140242.png","width":928,"height":641},{"@type":"BreadcrumbList","@id":"https:\/\/vosgesinfo.fr\/remiremontinfo\/2022\/10\/cornimont-extinction-lampadaires-samedi-soir-a-loccasion-jour-de-nuit\/#breadcrumb","itemListElement":[{"@type":"ListItem","position":1,"name":"Home","item":"https:\/\/vosgesinfo.fr\/remiremontinfo\/"},{"@type":"ListItem","position":2,"name":"Cornimont : extinction des lampadaires samedi soir \u00e0 l&rsquo;occasion du \u00ab\u00a0Jour de la Nuit\u00a0\u00bb"}]},{"@type":"WebSite","@id":"https:\/\/vosgesinfo.fr\/remiremontinfo\/#website","url":"https:\/\/vosgesinfo.fr\/remiremontinfo\/","name":"Remiremont Info","description":"Toute l&#039;actualit\u00e9 de Remiremont","publisher":{"@id":"https:\/\/vosgesinfo.fr\/remiremontinfo\/#organization"},"alternateName":"Toute l'actualit\u00e9 de Remiremont","potentialAction":[{"@type":"SearchAction","target":{"@type":"EntryPoint","urlTemplate":"https:\/\/vosgesinfo.fr\/remiremontinfo\/?s={search_term_string}"},"query-input":"required name=search_term_string"}],"inLanguage":"fr-FR"},{"@type":"Organization","@id":"https:\/\/vosgesinfo.fr\/remiremontinfo\/#organization","name":"Remiremont Info","url":"https:\/\/vosgesinfo.fr\/remiremontinfo\/","logo":{"@type":"ImageObject","inLanguage":"fr-FR","@id":"https:\/\/vosgesinfo.fr\/remiremontinfo\/#\/schema\/logo\/image\/","url":"https:\/\/vosgesinfo.fr\/app\/uploads\/sites\/5\/2023\/08\/favicon-remiremontinfo.png","contentUrl":"https:\/\/vosgesinfo.fr\/app\/uploads\/sites\/5\/2023\/08\/favicon-remiremontinfo.png","width":512,"height":512,"caption":"Remiremont Info"},"image":{"@id":"https:\/\/vosgesinfo.fr\/remiremontinfo\/#\/schema\/logo\/image\/"},"sameAs":["https:\/\/www.facebook.com\/remiremontinfo","https:\/\/x.com\/VosgesInfo88","https:\/\/www.youtube.com\/@vosgesinfo"]},{"@type":"Person","@id":"https:\/\/vosgesinfo.fr\/remiremontinfo\/#\/schema\/person\/3bfd164d5218a185b1db68655a265316","name":"C D","image":{"@type":"ImageObject","inLanguage":"fr-FR","@id":"https:\/\/vosgesinfo.fr\/remiremontinfo\/#\/schema\/person\/image\/","url":"https:\/\/secure.gravatar.com\/avatar\/1f9a70007336511a47468b8f1c66f922b8b7cf617b02a31149ada43893a5d48f?s=96&d=mm&r=g","contentUrl":"https:\/\/secure.gravatar.com\/avatar\/1f9a70007336511a47468b8f1c66f922b8b7cf617b02a31149ada43893a5d48f?s=96&d=mm&r=g","caption":"C D"},"url":"https:\/\/vosgesinfo.fr\/remiremontinfo\/author\/cedric-drevet\/"}]}},"_links":{"self":[{"href":"https:\/\/vosgesinfo.fr\/remiremontinfo\/wp-json\/wp\/v2\/posts\/63212","targetHints":{"allow":["GET"]}}],"collection":[{"href":"https:\/\/vosgesinfo.fr\/remiremontinfo\/wp-json\/wp\/v2\/posts"}],"about":[{"href":"https:\/\/vosgesinfo.fr\/remiremontinfo\/wp-json\/wp\/v2\/types\/post"}],"author":[{"embeddable":true,"href":"https:\/\/vosgesinfo.fr\/remiremontinfo\/wp-json\/wp\/v2\/users\/407"}],"replies":[{"embeddable":true,"href":"https:\/\/vosgesinfo.fr\/remiremontinfo\/wp-json\/wp\/v2\/comments?post=63212"}],"version-history":[{"count":0,"href":"https:\/\/vosgesinfo.fr\/remiremontinfo\/wp-json\/wp\/v2\/posts\/63212\/revisions"}],"wp:featuredmedia":[{"embeddable":true,"href":"https:\/\/vosgesinfo.fr\/remiremontinfo\/wp-json\/wp\/v2\/media\/63213"}],"wp:attachment":[{"href":"https:\/\/vosgesinfo.fr\/remiremontinfo\/wp-json\/wp\/v2\/media?parent=63212"}],"wp:term":[{"taxonomy":"category","embeddable":true,"href":"https:\/\/vosgesinfo.fr\/remiremontinfo\/wp-json\/wp\/v2\/categories?post=63212"},{"taxonomy":"post_tag","embeddable":true,"href":"https:\/\/vosgesinfo.fr\/remiremontinfo\/wp-json\/wp\/v2\/tags?post=63212"}],"curies":[{"name":"wp","href":"https:\/\/api.w.org\/{rel}","templated":true}]}}