{"id":63294,"date":"2022-10-14T11:15:36","date_gmt":"2022-10-14T09:15:36","guid":{"rendered":"https:\/\/vosgesinfo.fr\/remiremontinfo\/2022\/10\/journee-de-resilience-vosges-sensibiliser-population-aux-risques-naturels\/"},"modified":"2022-10-14T11:15:36","modified_gmt":"2022-10-14T09:15:36","slug":"journee-de-resilience-vosges-sensibiliser-population-aux-risques-naturels","status":"publish","type":"post","link":"https:\/\/vosgesinfo.fr\/remiremontinfo\/2022\/10\/journee-de-resilience-vosges-sensibiliser-population-aux-risques-naturels\/","title":{"rendered":"Journ\u00e9e de la r\u00e9silience dans les Vosges : sensibiliser la population aux risques naturels"},"content":{"rendered":"<h2 dir=\"auto\"><a href=\"\/2022\/10\/journee-resilience-vosges.jpg\"><img decoding=\"async\" class=\"aligncenter size-medium wp-image-355891\" src=\"\/2022\/10\/journee-resilience-vosges-191x255.jpg\" alt=\"journee-resilience-vosges\" width=\"191\" height=\"255\" \/><\/a><\/h2>\n<h2 dir=\"auto\">La journ\u00e9e nationale de la r\u00e9silience a lieu ce jeudi 13 octobre dans les Vosges, une journ\u00e9e de pr\u00e9vention et de sensibilisation de la population aux risques naturels et technologiques. Dans les Vosges, des visites \u00e9taient organis\u00e9es au centre op\u00e9rationnel d\u00e9partemental (COD) au sein de la pr\u00e9fecture et au plateau technique des risques inondations (PTRI) situ\u00e9 au Port d\u2019Epinal.<\/h2>\n","protected":false},"excerpt":{"rendered":"<p>La journ\u00e9e nationale de la r\u00e9silience a lieu ce jeudi 13 octobre dans les Vosges, une journ\u00e9e de pr\u00e9vention et [&hellip;]<\/p>\n","protected":false},"author":408,"featured_media":63295,"comment_status":"open","ping_status":"open","sticky":false,"template":"","format":"standard","meta":{"footnotes":""},"categories":[26,95,18],"tags":[],"class_list":["post-63294","post","type-post","status-publish","format-standard","has-post-thumbnail","hentry","category-a-la-une","category-securite","category-vosges"],"acf":[],"yoast_head":"<!-- This site is optimized with the Yoast SEO plugin v22.5 - https:\/\/yoast.com\/wordpress\/plugins\/seo\/ -->\n<title>Journ\u00e9e de la r\u00e9silience dans les Vosges : sensibiliser la population aux risques naturels - Remiremont Info<\/title>\n<meta name=\"robots\" content=\"index, follow, max-snippet:-1, max-image-preview:large, max-video-preview:-1\" \/>\n<link rel=\"canonical\" href=\"https:\/\/vosgesinfo.fr\/remiremontinfo\/2022\/10\/journee-de-resilience-vosges-sensibiliser-population-aux-risques-naturels\/\" \/>\n<meta name=\"twitter:card\" content=\"summary_large_image\" \/>\n<meta name=\"twitter:title\" content=\"Journ\u00e9e de la r\u00e9silience dans les Vosges : sensibiliser la population aux risques naturels - Remiremont Info\" \/>\n<meta name=\"twitter:description\" content=\"La journ\u00e9e nationale de la r\u00e9silience a lieu ce jeudi 13 octobre dans les Vosges, une journ\u00e9e de pr\u00e9vention et [&hellip;]\" \/>\n<meta name=\"twitter:image\" content=\"https:\/\/vosgesinfo.fr\/app\/uploads\/sites\/5\/2024\/09\/202210journee-resilience-vosges.jpg\" \/>\n<meta name=\"twitter:creator\" content=\"@VosgesInfo88\" \/>\n<meta name=\"twitter:site\" content=\"@VosgesInfo88\" \/>\n<meta name=\"twitter:label1\" content=\"\u00c9crit par\" \/>\n\t<meta name=\"twitter:data1\" content=\"C C\" \/>\n<script type=\"application\/ld+json\" class=\"yoast-schema-graph\">{\"@context\":\"https:\/\/schema.org\",\"@graph\":[{\"@type\":\"Article\",\"@id\":\"https:\/\/vosgesinfo.fr\/remiremontinfo\/2022\/10\/journee-de-resilience-vosges-sensibiliser-population-aux-risques-naturels\/#article\",\"isPartOf\":{\"@id\":\"https:\/\/vosgesinfo.fr\/remiremontinfo\/2022\/10\/journee-de-resilience-vosges-sensibiliser-population-aux-risques-naturels\/\"},\"author\":{\"name\":\"C C\",\"@id\":\"https:\/\/vosgesinfo.fr\/remiremontinfo\/#\/schema\/person\/276c790faeebf411fa5a92728db1e3bf\"},\"headline\":\"Journ\u00e9e de la r\u00e9silience dans les Vosges : sensibiliser la population aux risques naturels\",\"datePublished\":\"2022-10-14T09:15:36+00:00\",\"dateModified\":\"2022-10-14T09:15:36+00:00\",\"mainEntityOfPage\":{\"@id\":\"https:\/\/vosgesinfo.fr\/remiremontinfo\/2022\/10\/journee-de-resilience-vosges-sensibiliser-population-aux-risques-naturels\/\"},\"wordCount\":82,\"commentCount\":0,\"publisher\":{\"@id\":\"https:\/\/vosgesinfo.fr\/remiremontinfo\/#organization\"},\"image\":{\"@id\":\"https:\/\/vosgesinfo.fr\/remiremontinfo\/2022\/10\/journee-de-resilience-vosges-sensibiliser-population-aux-risques-naturels\/#primaryimage\"},\"thumbnailUrl\":\"https:\/\/vosgesinfo.fr\/app\/uploads\/sites\/5\/2024\/09\/202210journee-resilience-vosges.jpg\",\"articleSection\":[\"A la Une\",\"S\u00e9curit\u00e9\",\"Vosges\"],\"inLanguage\":\"fr-FR\",\"potentialAction\":[{\"@type\":\"CommentAction\",\"name\":\"Comment\",\"target\":[\"https:\/\/vosgesinfo.fr\/remiremontinfo\/2022\/10\/journee-de-resilience-vosges-sensibiliser-population-aux-risques-naturels\/#respond\"]}]},{\"@type\":\"WebPage\",\"@id\":\"https:\/\/vosgesinfo.fr\/remiremontinfo\/2022\/10\/journee-de-resilience-vosges-sensibiliser-population-aux-risques-naturels\/\",\"url\":\"https:\/\/vosgesinfo.fr\/remiremontinfo\/2022\/10\/journee-de-resilience-vosges-sensibiliser-population-aux-risques-naturels\/\",\"name\":\"Journ\u00e9e de la r\u00e9silience dans les Vosges : sensibiliser la population aux risques naturels - Remiremont Info\",\"isPartOf\":{\"@id\":\"https:\/\/vosgesinfo.fr\/remiremontinfo\/#website\"},\"primaryImageOfPage\":{\"@id\":\"https:\/\/vosgesinfo.fr\/remiremontinfo\/2022\/10\/journee-de-resilience-vosges-sensibiliser-population-aux-risques-naturels\/#primaryimage\"},\"image\":{\"@id\":\"https:\/\/vosgesinfo.fr\/remiremontinfo\/2022\/10\/journee-de-resilience-vosges-sensibiliser-population-aux-risques-naturels\/#primaryimage\"},\"thumbnailUrl\":\"https:\/\/vosgesinfo.fr\/app\/uploads\/sites\/5\/2024\/09\/202210journee-resilience-vosges.jpg\",\"datePublished\":\"2022-10-14T09:15:36+00:00\",\"dateModified\":\"2022-10-14T09:15:36+00:00\",\"breadcrumb\":{\"@id\":\"https:\/\/vosgesinfo.fr\/remiremontinfo\/2022\/10\/journee-de-resilience-vosges-sensibiliser-population-aux-risques-naturels\/#breadcrumb\"},\"inLanguage\":\"fr-FR\",\"potentialAction\":[{\"@type\":\"ReadAction\",\"target\":[\"https:\/\/vosgesinfo.fr\/remiremontinfo\/2022\/10\/journee-de-resilience-vosges-sensibiliser-population-aux-risques-naturels\/\"]}]},{\"@type\":\"ImageObject\",\"inLanguage\":\"fr-FR\",\"@id\":\"https:\/\/vosgesinfo.fr\/remiremontinfo\/2022\/10\/journee-de-resilience-vosges-sensibiliser-population-aux-risques-naturels\/#primaryimage\",\"url\":\"https:\/\/vosgesinfo.fr\/app\/uploads\/sites\/5\/2024\/09\/202210journee-resilience-vosges.jpg\",\"contentUrl\":\"https:\/\/vosgesinfo.fr\/app\/uploads\/sites\/5\/2024\/09\/202210journee-resilience-vosges.jpg\",\"width\":600,\"height\":800},{\"@type\":\"BreadcrumbList\",\"@id\":\"https:\/\/vosgesinfo.fr\/remiremontinfo\/2022\/10\/journee-de-resilience-vosges-sensibiliser-population-aux-risques-naturels\/#breadcrumb\",\"itemListElement\":[{\"@type\":\"ListItem\",\"position\":1,\"name\":\"Home\",\"item\":\"https:\/\/vosgesinfo.fr\/remiremontinfo\/\"},{\"@type\":\"ListItem\",\"position\":2,\"name\":\"Journ\u00e9e de la r\u00e9silience dans les Vosges : sensibiliser la population aux risques naturels\"}]},{\"@type\":\"WebSite\",\"@id\":\"https:\/\/vosgesinfo.fr\/remiremontinfo\/#website\",\"url\":\"https:\/\/vosgesinfo.fr\/remiremontinfo\/\",\"name\":\"Remiremont Info\",\"description\":\"Toute l&#039;actualit\u00e9 de Remiremont\",\"publisher\":{\"@id\":\"https:\/\/vosgesinfo.fr\/remiremontinfo\/#organization\"},\"alternateName\":\"Toute l'actualit\u00e9 de Remiremont\",\"potentialAction\":[{\"@type\":\"SearchAction\",\"target\":{\"@type\":\"EntryPoint\",\"urlTemplate\":\"https:\/\/vosgesinfo.fr\/remiremontinfo\/?s={search_term_string}\"},\"query-input\":\"required name=search_term_string\"}],\"inLanguage\":\"fr-FR\"},{\"@type\":\"Organization\",\"@id\":\"https:\/\/vosgesinfo.fr\/remiremontinfo\/#organization\",\"name\":\"Remiremont Info\",\"url\":\"https:\/\/vosgesinfo.fr\/remiremontinfo\/\",\"logo\":{\"@type\":\"ImageObject\",\"inLanguage\":\"fr-FR\",\"@id\":\"https:\/\/vosgesinfo.fr\/remiremontinfo\/#\/schema\/logo\/image\/\",\"url\":\"https:\/\/vosgesinfo.fr\/app\/uploads\/sites\/5\/2023\/08\/favicon-remiremontinfo.png\",\"contentUrl\":\"https:\/\/vosgesinfo.fr\/app\/uploads\/sites\/5\/2023\/08\/favicon-remiremontinfo.png\",\"width\":512,\"height\":512,\"caption\":\"Remiremont Info\"},\"image\":{\"@id\":\"https:\/\/vosgesinfo.fr\/remiremontinfo\/#\/schema\/logo\/image\/\"},\"sameAs\":[\"https:\/\/www.facebook.com\/remiremontinfo\",\"https:\/\/x.com\/VosgesInfo88\",\"https:\/\/www.youtube.com\/@vosgesinfo\"]},{\"@type\":\"Person\",\"@id\":\"https:\/\/vosgesinfo.fr\/remiremontinfo\/#\/schema\/person\/276c790faeebf411fa5a92728db1e3bf\",\"name\":\"C C\",\"image\":{\"@type\":\"ImageObject\",\"inLanguage\":\"fr-FR\",\"@id\":\"https:\/\/vosgesinfo.fr\/remiremontinfo\/#\/schema\/person\/image\/\",\"url\":\"https:\/\/secure.gravatar.com\/avatar\/5d8cbcb33ef212815c403e7c9064550bb7745789474e538b1b1af3e5446b7c84?s=96&d=mm&r=g\",\"contentUrl\":\"https:\/\/secure.gravatar.com\/avatar\/5d8cbcb33ef212815c403e7c9064550bb7745789474e538b1b1af3e5446b7c84?s=96&d=mm&r=g\",\"caption\":\"C C\"},\"url\":\"https:\/\/vosgesinfo.fr\/remiremontinfo\/author\/cathyelisecolin\/\"}]}<\/script>\n<!-- \/ Yoast SEO plugin. -->","yoast_head_json":{"title":"Journ\u00e9e de la r\u00e9silience dans les Vosges : sensibiliser la population aux risques naturels - Remiremont Info","robots":{"index":"index","follow":"follow","max-snippet":"max-snippet:-1","max-image-preview":"max-image-preview:large","max-video-preview":"max-video-preview:-1"},"canonical":"https:\/\/vosgesinfo.fr\/remiremontinfo\/2022\/10\/journee-de-resilience-vosges-sensibiliser-population-aux-risques-naturels\/","twitter_card":"summary_large_image","twitter_title":"Journ\u00e9e de la r\u00e9silience dans les Vosges : sensibiliser la population aux risques naturels - Remiremont Info","twitter_description":"La journ\u00e9e nationale de la r\u00e9silience a lieu ce jeudi 13 octobre dans les Vosges, une journ\u00e9e de pr\u00e9vention et [&hellip;]","twitter_image":"https:\/\/vosgesinfo.fr\/app\/uploads\/sites\/5\/2024\/09\/202210journee-resilience-vosges.jpg","twitter_creator":"@VosgesInfo88","twitter_site":"@VosgesInfo88","twitter_misc":{"\u00c9crit par":"C C"},"schema":{"@context":"https:\/\/schema.org","@graph":[{"@type":"Article","@id":"https:\/\/vosgesinfo.fr\/remiremontinfo\/2022\/10\/journee-de-resilience-vosges-sensibiliser-population-aux-risques-naturels\/#article","isPartOf":{"@id":"https:\/\/vosgesinfo.fr\/remiremontinfo\/2022\/10\/journee-de-resilience-vosges-sensibiliser-population-aux-risques-naturels\/"},"author":{"name":"C C","@id":"https:\/\/vosgesinfo.fr\/remiremontinfo\/#\/schema\/person\/276c790faeebf411fa5a92728db1e3bf"},"headline":"Journ\u00e9e de la r\u00e9silience dans les Vosges : sensibiliser la population aux risques naturels","datePublished":"2022-10-14T09:15:36+00:00","dateModified":"2022-10-14T09:15:36+00:00","mainEntityOfPage":{"@id":"https:\/\/vosgesinfo.fr\/remiremontinfo\/2022\/10\/journee-de-resilience-vosges-sensibiliser-population-aux-risques-naturels\/"},"wordCount":82,"commentCount":0,"publisher":{"@id":"https:\/\/vosgesinfo.fr\/remiremontinfo\/#organization"},"image":{"@id":"https:\/\/vosgesinfo.fr\/remiremontinfo\/2022\/10\/journee-de-resilience-vosges-sensibiliser-population-aux-risques-naturels\/#primaryimage"},"thumbnailUrl":"https:\/\/vosgesinfo.fr\/app\/uploads\/sites\/5\/2024\/09\/202210journee-resilience-vosges.jpg","articleSection":["A la Une","S\u00e9curit\u00e9","Vosges"],"inLanguage":"fr-FR","potentialAction":[{"@type":"CommentAction","name":"Comment","target":["https:\/\/vosgesinfo.fr\/remiremontinfo\/2022\/10\/journee-de-resilience-vosges-sensibiliser-population-aux-risques-naturels\/#respond"]}]},{"@type":"WebPage","@id":"https:\/\/vosgesinfo.fr\/remiremontinfo\/2022\/10\/journee-de-resilience-vosges-sensibiliser-population-aux-risques-naturels\/","url":"https:\/\/vosgesinfo.fr\/remiremontinfo\/2022\/10\/journee-de-resilience-vosges-sensibiliser-population-aux-risques-naturels\/","name":"Journ\u00e9e de la r\u00e9silience dans les Vosges : sensibiliser la population aux risques naturels - Remiremont Info","isPartOf":{"@id":"https:\/\/vosgesinfo.fr\/remiremontinfo\/#website"},"primaryImageOfPage":{"@id":"https:\/\/vosgesinfo.fr\/remiremontinfo\/2022\/10\/journee-de-resilience-vosges-sensibiliser-population-aux-risques-naturels\/#primaryimage"},"image":{"@id":"https:\/\/vosgesinfo.fr\/remiremontinfo\/2022\/10\/journee-de-resilience-vosges-sensibiliser-population-aux-risques-naturels\/#primaryimage"},"thumbnailUrl":"https:\/\/vosgesinfo.fr\/app\/uploads\/sites\/5\/2024\/09\/202210journee-resilience-vosges.jpg","datePublished":"2022-10-14T09:15:36+00:00","dateModified":"2022-10-14T09:15:36+00:00","breadcrumb":{"@id":"https:\/\/vosgesinfo.fr\/remiremontinfo\/2022\/10\/journee-de-resilience-vosges-sensibiliser-population-aux-risques-naturels\/#breadcrumb"},"inLanguage":"fr-FR","potentialAction":[{"@type":"ReadAction","target":["https:\/\/vosgesinfo.fr\/remiremontinfo\/2022\/10\/journee-de-resilience-vosges-sensibiliser-population-aux-risques-naturels\/"]}]},{"@type":"ImageObject","inLanguage":"fr-FR","@id":"https:\/\/vosgesinfo.fr\/remiremontinfo\/2022\/10\/journee-de-resilience-vosges-sensibiliser-population-aux-risques-naturels\/#primaryimage","url":"https:\/\/vosgesinfo.fr\/app\/uploads\/sites\/5\/2024\/09\/202210journee-resilience-vosges.jpg","contentUrl":"https:\/\/vosgesinfo.fr\/app\/uploads\/sites\/5\/2024\/09\/202210journee-resilience-vosges.jpg","width":600,"height":800},{"@type":"BreadcrumbList","@id":"https:\/\/vosgesinfo.fr\/remiremontinfo\/2022\/10\/journee-de-resilience-vosges-sensibiliser-population-aux-risques-naturels\/#breadcrumb","itemListElement":[{"@type":"ListItem","position":1,"name":"Home","item":"https:\/\/vosgesinfo.fr\/remiremontinfo\/"},{"@type":"ListItem","position":2,"name":"Journ\u00e9e de la r\u00e9silience dans les Vosges : sensibiliser la population aux risques naturels"}]},{"@type":"WebSite","@id":"https:\/\/vosgesinfo.fr\/remiremontinfo\/#website","url":"https:\/\/vosgesinfo.fr\/remiremontinfo\/","name":"Remiremont Info","description":"Toute l&#039;actualit\u00e9 de Remiremont","publisher":{"@id":"https:\/\/vosgesinfo.fr\/remiremontinfo\/#organization"},"alternateName":"Toute l'actualit\u00e9 de Remiremont","potentialAction":[{"@type":"SearchAction","target":{"@type":"EntryPoint","urlTemplate":"https:\/\/vosgesinfo.fr\/remiremontinfo\/?s={search_term_string}"},"query-input":"required name=search_term_string"}],"inLanguage":"fr-FR"},{"@type":"Organization","@id":"https:\/\/vosgesinfo.fr\/remiremontinfo\/#organization","name":"Remiremont Info","url":"https:\/\/vosgesinfo.fr\/remiremontinfo\/","logo":{"@type":"ImageObject","inLanguage":"fr-FR","@id":"https:\/\/vosgesinfo.fr\/remiremontinfo\/#\/schema\/logo\/image\/","url":"https:\/\/vosgesinfo.fr\/app\/uploads\/sites\/5\/2023\/08\/favicon-remiremontinfo.png","contentUrl":"https:\/\/vosgesinfo.fr\/app\/uploads\/sites\/5\/2023\/08\/favicon-remiremontinfo.png","width":512,"height":512,"caption":"Remiremont Info"},"image":{"@id":"https:\/\/vosgesinfo.fr\/remiremontinfo\/#\/schema\/logo\/image\/"},"sameAs":["https:\/\/www.facebook.com\/remiremontinfo","https:\/\/x.com\/VosgesInfo88","https:\/\/www.youtube.com\/@vosgesinfo"]},{"@type":"Person","@id":"https:\/\/vosgesinfo.fr\/remiremontinfo\/#\/schema\/person\/276c790faeebf411fa5a92728db1e3bf","name":"C C","image":{"@type":"ImageObject","inLanguage":"fr-FR","@id":"https:\/\/vosgesinfo.fr\/remiremontinfo\/#\/schema\/person\/image\/","url":"https:\/\/secure.gravatar.com\/avatar\/5d8cbcb33ef212815c403e7c9064550bb7745789474e538b1b1af3e5446b7c84?s=96&d=mm&r=g","contentUrl":"https:\/\/secure.gravatar.com\/avatar\/5d8cbcb33ef212815c403e7c9064550bb7745789474e538b1b1af3e5446b7c84?s=96&d=mm&r=g","caption":"C C"},"url":"https:\/\/vosgesinfo.fr\/remiremontinfo\/author\/cathyelisecolin\/"}]}},"_links":{"self":[{"href":"https:\/\/vosgesinfo.fr\/remiremontinfo\/wp-json\/wp\/v2\/posts\/63294","targetHints":{"allow":["GET"]}}],"collection":[{"href":"https:\/\/vosgesinfo.fr\/remiremontinfo\/wp-json\/wp\/v2\/posts"}],"about":[{"href":"https:\/\/vosgesinfo.fr\/remiremontinfo\/wp-json\/wp\/v2\/types\/post"}],"author":[{"embeddable":true,"href":"https:\/\/vosgesinfo.fr\/remiremontinfo\/wp-json\/wp\/v2\/users\/408"}],"replies":[{"embeddable":true,"href":"https:\/\/vosgesinfo.fr\/remiremontinfo\/wp-json\/wp\/v2\/comments?post=63294"}],"version-history":[{"count":0,"href":"https:\/\/vosgesinfo.fr\/remiremontinfo\/wp-json\/wp\/v2\/posts\/63294\/revisions"}],"wp:featuredmedia":[{"embeddable":true,"href":"https:\/\/vosgesinfo.fr\/remiremontinfo\/wp-json\/wp\/v2\/media\/63295"}],"wp:attachment":[{"href":"https:\/\/vosgesinfo.fr\/remiremontinfo\/wp-json\/wp\/v2\/media?parent=63294"}],"wp:term":[{"taxonomy":"category","embeddable":true,"href":"https:\/\/vosgesinfo.fr\/remiremontinfo\/wp-json\/wp\/v2\/categories?post=63294"},{"taxonomy":"post_tag","embeddable":true,"href":"https:\/\/vosgesinfo.fr\/remiremontinfo\/wp-json\/wp\/v2\/tags?post=63294"}],"curies":[{"name":"wp","href":"https:\/\/api.w.org\/{rel}","templated":true}]}}