{"id":63302,"date":"2022-10-14T13:29:39","date_gmt":"2022-10-14T11:29:39","guid":{"rendered":"https:\/\/vosgesinfo.fr\/remiremontinfo\/2022\/10\/bresse-beaucoup-de-monde-cafe-de-lemploi-nouvelle-formule\/"},"modified":"2022-10-14T13:29:39","modified_gmt":"2022-10-14T11:29:39","slug":"bresse-beaucoup-de-monde-cafe-de-lemploi-nouvelle-formule","status":"publish","type":"post","link":"https:\/\/vosgesinfo.fr\/remiremontinfo\/2022\/10\/bresse-beaucoup-de-monde-cafe-de-lemploi-nouvelle-formule\/","title":{"rendered":"La Bresse \u2013 beaucoup de monde au Caf\u00e9 de l\u2019emploi nouvelle formule"},"content":{"rendered":"\n<p><strong>Le Forum de l\u2019emploi, renomm\u00e9 \u00ab Caf\u00e9 de l\u2019emploi \u00bb, organis\u00e9 par la Mairie de La Bresse, en partenariat avec P\u00f4le Emploi et la Mission Locale de Remiremont, s\u2019est tenu ce vendredi matin \u00e0 la Halle des Congr\u00e8s.\u00a0 Il a lieu deux fois par an, en avril et \u00e0 l\u2019automne. Cette nouvelle \u00e9dition a rencontr\u00e9 un franc succ\u00e8s.<\/strong><\/p>\n<p>Ce nouveau format, test\u00e9 pour la premi\u00e8re fois ce vendredi matin, \u00a0permet d\u2019\u00e9tablir des contacts entre recruteurs et chercheurs d\u2019emploi dans une ambiance accueillante et conviviale.<br \/>\nUne trentaine de recruteurs \u00e9taient pr\u00e9sents, de nombreux postes \u00e9tant propos\u00e9s en CDD, CDI et saisonniers dans divers domaines. Parmi lesquels : l\u2019h\u00f4tellerie-restauration, les services, les agences d\u2019int\u00e9rim, le tourisme et les loisirs.<\/p>\n<p>Des organismes de formation (CFA), d\u2019information et d\u2019orientation \u00e9taient \u00e9galement pr\u00e9sents pour \u00a0informer les visiteurs en recherche d\u2019un emploi.<\/p>\n<p>Prochain rendez-vous en avril prochain<\/p>\n","protected":false},"excerpt":{"rendered":"<p>Le Forum de l\u2019emploi, renomm\u00e9 \u00ab Caf\u00e9 de l\u2019emploi \u00bb, organis\u00e9 par la Mairie de La Bresse, en partenariat avec [&hellip;]<\/p>\n","protected":false},"author":408,"featured_media":63303,"comment_status":"open","ping_status":"open","sticky":false,"template":"","format":"standard","meta":{"footnotes":""},"categories":[26,104,25],"tags":[],"class_list":["post-63302","post","type-post","status-publish","format-standard","has-post-thumbnail","hentry","category-a-la-une","category-la-bresse-la-bresse-son-canton","category-la-bresse-son-canton"],"acf":[],"yoast_head":"<!-- This site is optimized with the Yoast SEO plugin v22.5 - https:\/\/yoast.com\/wordpress\/plugins\/seo\/ -->\n<title>La Bresse \u2013 beaucoup de monde au Caf\u00e9 de l\u2019emploi nouvelle formule - Remiremont Info<\/title>\n<meta name=\"robots\" content=\"index, follow, max-snippet:-1, max-image-preview:large, max-video-preview:-1\" \/>\n<link rel=\"canonical\" href=\"https:\/\/vosgesinfo.fr\/remiremontinfo\/2022\/10\/bresse-beaucoup-de-monde-cafe-de-lemploi-nouvelle-formule\/\" \/>\n<meta name=\"twitter:card\" content=\"summary_large_image\" \/>\n<meta name=\"twitter:title\" content=\"La Bresse \u2013 beaucoup de monde au Caf\u00e9 de l\u2019emploi nouvelle formule - Remiremont Info\" \/>\n<meta name=\"twitter:description\" content=\"Le Forum de l\u2019emploi, renomm\u00e9 \u00ab Caf\u00e9 de l\u2019emploi \u00bb, organis\u00e9 par la Mairie de La Bresse, en partenariat avec [&hellip;]\" \/>\n<meta name=\"twitter:image\" content=\"https:\/\/vosgesinfo.fr\/app\/uploads\/sites\/5\/2024\/09\/202210img-2014.jpg\" \/>\n<meta name=\"twitter:creator\" content=\"@VosgesInfo88\" \/>\n<meta name=\"twitter:site\" content=\"@VosgesInfo88\" \/>\n<meta name=\"twitter:label1\" content=\"\u00c9crit par\" \/>\n\t<meta name=\"twitter:data1\" content=\"C C\" \/>\n\t<meta name=\"twitter:label2\" content=\"Dur\u00e9e de lecture estim\u00e9e\" \/>\n\t<meta name=\"twitter:data2\" content=\"1 minute\" \/>\n<script type=\"application\/ld+json\" class=\"yoast-schema-graph\">{\"@context\":\"https:\/\/schema.org\",\"@graph\":[{\"@type\":\"Article\",\"@id\":\"https:\/\/vosgesinfo.fr\/remiremontinfo\/2022\/10\/bresse-beaucoup-de-monde-cafe-de-lemploi-nouvelle-formule\/#article\",\"isPartOf\":{\"@id\":\"https:\/\/vosgesinfo.fr\/remiremontinfo\/2022\/10\/bresse-beaucoup-de-monde-cafe-de-lemploi-nouvelle-formule\/\"},\"author\":{\"name\":\"C C\",\"@id\":\"https:\/\/vosgesinfo.fr\/remiremontinfo\/#\/schema\/person\/276c790faeebf411fa5a92728db1e3bf\"},\"headline\":\"La Bresse \u2013 beaucoup de monde au Caf\u00e9 de l\u2019emploi nouvelle formule\",\"datePublished\":\"2022-10-14T11:29:39+00:00\",\"dateModified\":\"2022-10-14T11:29:39+00:00\",\"mainEntityOfPage\":{\"@id\":\"https:\/\/vosgesinfo.fr\/remiremontinfo\/2022\/10\/bresse-beaucoup-de-monde-cafe-de-lemploi-nouvelle-formule\/\"},\"wordCount\":174,\"commentCount\":0,\"publisher\":{\"@id\":\"https:\/\/vosgesinfo.fr\/remiremontinfo\/#organization\"},\"image\":{\"@id\":\"https:\/\/vosgesinfo.fr\/remiremontinfo\/2022\/10\/bresse-beaucoup-de-monde-cafe-de-lemploi-nouvelle-formule\/#primaryimage\"},\"thumbnailUrl\":\"https:\/\/vosgesinfo.fr\/app\/uploads\/sites\/5\/2024\/09\/202210img-2014.jpg\",\"articleSection\":[\"A la Une\",\"La Bresse\",\"La Bresse &amp; son canton\"],\"inLanguage\":\"fr-FR\",\"potentialAction\":[{\"@type\":\"CommentAction\",\"name\":\"Comment\",\"target\":[\"https:\/\/vosgesinfo.fr\/remiremontinfo\/2022\/10\/bresse-beaucoup-de-monde-cafe-de-lemploi-nouvelle-formule\/#respond\"]}]},{\"@type\":\"WebPage\",\"@id\":\"https:\/\/vosgesinfo.fr\/remiremontinfo\/2022\/10\/bresse-beaucoup-de-monde-cafe-de-lemploi-nouvelle-formule\/\",\"url\":\"https:\/\/vosgesinfo.fr\/remiremontinfo\/2022\/10\/bresse-beaucoup-de-monde-cafe-de-lemploi-nouvelle-formule\/\",\"name\":\"La Bresse \u2013 beaucoup de monde au Caf\u00e9 de l\u2019emploi nouvelle formule - Remiremont Info\",\"isPartOf\":{\"@id\":\"https:\/\/vosgesinfo.fr\/remiremontinfo\/#website\"},\"primaryImageOfPage\":{\"@id\":\"https:\/\/vosgesinfo.fr\/remiremontinfo\/2022\/10\/bresse-beaucoup-de-monde-cafe-de-lemploi-nouvelle-formule\/#primaryimage\"},\"image\":{\"@id\":\"https:\/\/vosgesinfo.fr\/remiremontinfo\/2022\/10\/bresse-beaucoup-de-monde-cafe-de-lemploi-nouvelle-formule\/#primaryimage\"},\"thumbnailUrl\":\"https:\/\/vosgesinfo.fr\/app\/uploads\/sites\/5\/2024\/09\/202210img-2014.jpg\",\"datePublished\":\"2022-10-14T11:29:39+00:00\",\"dateModified\":\"2022-10-14T11:29:39+00:00\",\"breadcrumb\":{\"@id\":\"https:\/\/vosgesinfo.fr\/remiremontinfo\/2022\/10\/bresse-beaucoup-de-monde-cafe-de-lemploi-nouvelle-formule\/#breadcrumb\"},\"inLanguage\":\"fr-FR\",\"potentialAction\":[{\"@type\":\"ReadAction\",\"target\":[\"https:\/\/vosgesinfo.fr\/remiremontinfo\/2022\/10\/bresse-beaucoup-de-monde-cafe-de-lemploi-nouvelle-formule\/\"]}]},{\"@type\":\"ImageObject\",\"inLanguage\":\"fr-FR\",\"@id\":\"https:\/\/vosgesinfo.fr\/remiremontinfo\/2022\/10\/bresse-beaucoup-de-monde-cafe-de-lemploi-nouvelle-formule\/#primaryimage\",\"url\":\"https:\/\/vosgesinfo.fr\/app\/uploads\/sites\/5\/2024\/09\/202210img-2014.jpg\",\"contentUrl\":\"https:\/\/vosgesinfo.fr\/app\/uploads\/sites\/5\/2024\/09\/202210img-2014.jpg\",\"width\":1600,\"height\":1200},{\"@type\":\"BreadcrumbList\",\"@id\":\"https:\/\/vosgesinfo.fr\/remiremontinfo\/2022\/10\/bresse-beaucoup-de-monde-cafe-de-lemploi-nouvelle-formule\/#breadcrumb\",\"itemListElement\":[{\"@type\":\"ListItem\",\"position\":1,\"name\":\"Home\",\"item\":\"https:\/\/vosgesinfo.fr\/remiremontinfo\/\"},{\"@type\":\"ListItem\",\"position\":2,\"name\":\"La Bresse \u2013 beaucoup de monde au Caf\u00e9 de l\u2019emploi nouvelle formule\"}]},{\"@type\":\"WebSite\",\"@id\":\"https:\/\/vosgesinfo.fr\/remiremontinfo\/#website\",\"url\":\"https:\/\/vosgesinfo.fr\/remiremontinfo\/\",\"name\":\"Remiremont Info\",\"description\":\"Toute l&#039;actualit\u00e9 de Remiremont\",\"publisher\":{\"@id\":\"https:\/\/vosgesinfo.fr\/remiremontinfo\/#organization\"},\"alternateName\":\"Toute l'actualit\u00e9 de Remiremont\",\"potentialAction\":[{\"@type\":\"SearchAction\",\"target\":{\"@type\":\"EntryPoint\",\"urlTemplate\":\"https:\/\/vosgesinfo.fr\/remiremontinfo\/?s={search_term_string}\"},\"query-input\":\"required name=search_term_string\"}],\"inLanguage\":\"fr-FR\"},{\"@type\":\"Organization\",\"@id\":\"https:\/\/vosgesinfo.fr\/remiremontinfo\/#organization\",\"name\":\"Remiremont Info\",\"url\":\"https:\/\/vosgesinfo.fr\/remiremontinfo\/\",\"logo\":{\"@type\":\"ImageObject\",\"inLanguage\":\"fr-FR\",\"@id\":\"https:\/\/vosgesinfo.fr\/remiremontinfo\/#\/schema\/logo\/image\/\",\"url\":\"https:\/\/vosgesinfo.fr\/app\/uploads\/sites\/5\/2023\/08\/favicon-remiremontinfo.png\",\"contentUrl\":\"https:\/\/vosgesinfo.fr\/app\/uploads\/sites\/5\/2023\/08\/favicon-remiremontinfo.png\",\"width\":512,\"height\":512,\"caption\":\"Remiremont Info\"},\"image\":{\"@id\":\"https:\/\/vosgesinfo.fr\/remiremontinfo\/#\/schema\/logo\/image\/\"},\"sameAs\":[\"https:\/\/www.facebook.com\/remiremontinfo\",\"https:\/\/x.com\/VosgesInfo88\",\"https:\/\/www.youtube.com\/@vosgesinfo\"]},{\"@type\":\"Person\",\"@id\":\"https:\/\/vosgesinfo.fr\/remiremontinfo\/#\/schema\/person\/276c790faeebf411fa5a92728db1e3bf\",\"name\":\"C C\",\"image\":{\"@type\":\"ImageObject\",\"inLanguage\":\"fr-FR\",\"@id\":\"https:\/\/vosgesinfo.fr\/remiremontinfo\/#\/schema\/person\/image\/\",\"url\":\"https:\/\/secure.gravatar.com\/avatar\/5d8cbcb33ef212815c403e7c9064550bb7745789474e538b1b1af3e5446b7c84?s=96&d=mm&r=g\",\"contentUrl\":\"https:\/\/secure.gravatar.com\/avatar\/5d8cbcb33ef212815c403e7c9064550bb7745789474e538b1b1af3e5446b7c84?s=96&d=mm&r=g\",\"caption\":\"C C\"},\"url\":\"https:\/\/vosgesinfo.fr\/remiremontinfo\/author\/cathyelisecolin\/\"}]}<\/script>\n<!-- \/ Yoast SEO plugin. -->","yoast_head_json":{"title":"La Bresse \u2013 beaucoup de monde au Caf\u00e9 de l\u2019emploi nouvelle formule - Remiremont Info","robots":{"index":"index","follow":"follow","max-snippet":"max-snippet:-1","max-image-preview":"max-image-preview:large","max-video-preview":"max-video-preview:-1"},"canonical":"https:\/\/vosgesinfo.fr\/remiremontinfo\/2022\/10\/bresse-beaucoup-de-monde-cafe-de-lemploi-nouvelle-formule\/","twitter_card":"summary_large_image","twitter_title":"La Bresse \u2013 beaucoup de monde au Caf\u00e9 de l\u2019emploi nouvelle formule - Remiremont Info","twitter_description":"Le Forum de l\u2019emploi, renomm\u00e9 \u00ab Caf\u00e9 de l\u2019emploi \u00bb, organis\u00e9 par la Mairie de La Bresse, en partenariat avec [&hellip;]","twitter_image":"https:\/\/vosgesinfo.fr\/app\/uploads\/sites\/5\/2024\/09\/202210img-2014.jpg","twitter_creator":"@VosgesInfo88","twitter_site":"@VosgesInfo88","twitter_misc":{"\u00c9crit par":"C C","Dur\u00e9e de lecture estim\u00e9e":"1 minute"},"schema":{"@context":"https:\/\/schema.org","@graph":[{"@type":"Article","@id":"https:\/\/vosgesinfo.fr\/remiremontinfo\/2022\/10\/bresse-beaucoup-de-monde-cafe-de-lemploi-nouvelle-formule\/#article","isPartOf":{"@id":"https:\/\/vosgesinfo.fr\/remiremontinfo\/2022\/10\/bresse-beaucoup-de-monde-cafe-de-lemploi-nouvelle-formule\/"},"author":{"name":"C C","@id":"https:\/\/vosgesinfo.fr\/remiremontinfo\/#\/schema\/person\/276c790faeebf411fa5a92728db1e3bf"},"headline":"La Bresse \u2013 beaucoup de monde au Caf\u00e9 de l\u2019emploi nouvelle formule","datePublished":"2022-10-14T11:29:39+00:00","dateModified":"2022-10-14T11:29:39+00:00","mainEntityOfPage":{"@id":"https:\/\/vosgesinfo.fr\/remiremontinfo\/2022\/10\/bresse-beaucoup-de-monde-cafe-de-lemploi-nouvelle-formule\/"},"wordCount":174,"commentCount":0,"publisher":{"@id":"https:\/\/vosgesinfo.fr\/remiremontinfo\/#organization"},"image":{"@id":"https:\/\/vosgesinfo.fr\/remiremontinfo\/2022\/10\/bresse-beaucoup-de-monde-cafe-de-lemploi-nouvelle-formule\/#primaryimage"},"thumbnailUrl":"https:\/\/vosgesinfo.fr\/app\/uploads\/sites\/5\/2024\/09\/202210img-2014.jpg","articleSection":["A la Une","La Bresse","La Bresse &amp; son canton"],"inLanguage":"fr-FR","potentialAction":[{"@type":"CommentAction","name":"Comment","target":["https:\/\/vosgesinfo.fr\/remiremontinfo\/2022\/10\/bresse-beaucoup-de-monde-cafe-de-lemploi-nouvelle-formule\/#respond"]}]},{"@type":"WebPage","@id":"https:\/\/vosgesinfo.fr\/remiremontinfo\/2022\/10\/bresse-beaucoup-de-monde-cafe-de-lemploi-nouvelle-formule\/","url":"https:\/\/vosgesinfo.fr\/remiremontinfo\/2022\/10\/bresse-beaucoup-de-monde-cafe-de-lemploi-nouvelle-formule\/","name":"La Bresse \u2013 beaucoup de monde au Caf\u00e9 de l\u2019emploi nouvelle formule - Remiremont Info","isPartOf":{"@id":"https:\/\/vosgesinfo.fr\/remiremontinfo\/#website"},"primaryImageOfPage":{"@id":"https:\/\/vosgesinfo.fr\/remiremontinfo\/2022\/10\/bresse-beaucoup-de-monde-cafe-de-lemploi-nouvelle-formule\/#primaryimage"},"image":{"@id":"https:\/\/vosgesinfo.fr\/remiremontinfo\/2022\/10\/bresse-beaucoup-de-monde-cafe-de-lemploi-nouvelle-formule\/#primaryimage"},"thumbnailUrl":"https:\/\/vosgesinfo.fr\/app\/uploads\/sites\/5\/2024\/09\/202210img-2014.jpg","datePublished":"2022-10-14T11:29:39+00:00","dateModified":"2022-10-14T11:29:39+00:00","breadcrumb":{"@id":"https:\/\/vosgesinfo.fr\/remiremontinfo\/2022\/10\/bresse-beaucoup-de-monde-cafe-de-lemploi-nouvelle-formule\/#breadcrumb"},"inLanguage":"fr-FR","potentialAction":[{"@type":"ReadAction","target":["https:\/\/vosgesinfo.fr\/remiremontinfo\/2022\/10\/bresse-beaucoup-de-monde-cafe-de-lemploi-nouvelle-formule\/"]}]},{"@type":"ImageObject","inLanguage":"fr-FR","@id":"https:\/\/vosgesinfo.fr\/remiremontinfo\/2022\/10\/bresse-beaucoup-de-monde-cafe-de-lemploi-nouvelle-formule\/#primaryimage","url":"https:\/\/vosgesinfo.fr\/app\/uploads\/sites\/5\/2024\/09\/202210img-2014.jpg","contentUrl":"https:\/\/vosgesinfo.fr\/app\/uploads\/sites\/5\/2024\/09\/202210img-2014.jpg","width":1600,"height":1200},{"@type":"BreadcrumbList","@id":"https:\/\/vosgesinfo.fr\/remiremontinfo\/2022\/10\/bresse-beaucoup-de-monde-cafe-de-lemploi-nouvelle-formule\/#breadcrumb","itemListElement":[{"@type":"ListItem","position":1,"name":"Home","item":"https:\/\/vosgesinfo.fr\/remiremontinfo\/"},{"@type":"ListItem","position":2,"name":"La Bresse \u2013 beaucoup de monde au Caf\u00e9 de l\u2019emploi nouvelle formule"}]},{"@type":"WebSite","@id":"https:\/\/vosgesinfo.fr\/remiremontinfo\/#website","url":"https:\/\/vosgesinfo.fr\/remiremontinfo\/","name":"Remiremont Info","description":"Toute l&#039;actualit\u00e9 de Remiremont","publisher":{"@id":"https:\/\/vosgesinfo.fr\/remiremontinfo\/#organization"},"alternateName":"Toute l'actualit\u00e9 de Remiremont","potentialAction":[{"@type":"SearchAction","target":{"@type":"EntryPoint","urlTemplate":"https:\/\/vosgesinfo.fr\/remiremontinfo\/?s={search_term_string}"},"query-input":"required name=search_term_string"}],"inLanguage":"fr-FR"},{"@type":"Organization","@id":"https:\/\/vosgesinfo.fr\/remiremontinfo\/#organization","name":"Remiremont Info","url":"https:\/\/vosgesinfo.fr\/remiremontinfo\/","logo":{"@type":"ImageObject","inLanguage":"fr-FR","@id":"https:\/\/vosgesinfo.fr\/remiremontinfo\/#\/schema\/logo\/image\/","url":"https:\/\/vosgesinfo.fr\/app\/uploads\/sites\/5\/2023\/08\/favicon-remiremontinfo.png","contentUrl":"https:\/\/vosgesinfo.fr\/app\/uploads\/sites\/5\/2023\/08\/favicon-remiremontinfo.png","width":512,"height":512,"caption":"Remiremont Info"},"image":{"@id":"https:\/\/vosgesinfo.fr\/remiremontinfo\/#\/schema\/logo\/image\/"},"sameAs":["https:\/\/www.facebook.com\/remiremontinfo","https:\/\/x.com\/VosgesInfo88","https:\/\/www.youtube.com\/@vosgesinfo"]},{"@type":"Person","@id":"https:\/\/vosgesinfo.fr\/remiremontinfo\/#\/schema\/person\/276c790faeebf411fa5a92728db1e3bf","name":"C C","image":{"@type":"ImageObject","inLanguage":"fr-FR","@id":"https:\/\/vosgesinfo.fr\/remiremontinfo\/#\/schema\/person\/image\/","url":"https:\/\/secure.gravatar.com\/avatar\/5d8cbcb33ef212815c403e7c9064550bb7745789474e538b1b1af3e5446b7c84?s=96&d=mm&r=g","contentUrl":"https:\/\/secure.gravatar.com\/avatar\/5d8cbcb33ef212815c403e7c9064550bb7745789474e538b1b1af3e5446b7c84?s=96&d=mm&r=g","caption":"C C"},"url":"https:\/\/vosgesinfo.fr\/remiremontinfo\/author\/cathyelisecolin\/"}]}},"_links":{"self":[{"href":"https:\/\/vosgesinfo.fr\/remiremontinfo\/wp-json\/wp\/v2\/posts\/63302","targetHints":{"allow":["GET"]}}],"collection":[{"href":"https:\/\/vosgesinfo.fr\/remiremontinfo\/wp-json\/wp\/v2\/posts"}],"about":[{"href":"https:\/\/vosgesinfo.fr\/remiremontinfo\/wp-json\/wp\/v2\/types\/post"}],"author":[{"embeddable":true,"href":"https:\/\/vosgesinfo.fr\/remiremontinfo\/wp-json\/wp\/v2\/users\/408"}],"replies":[{"embeddable":true,"href":"https:\/\/vosgesinfo.fr\/remiremontinfo\/wp-json\/wp\/v2\/comments?post=63302"}],"version-history":[{"count":0,"href":"https:\/\/vosgesinfo.fr\/remiremontinfo\/wp-json\/wp\/v2\/posts\/63302\/revisions"}],"wp:featuredmedia":[{"embeddable":true,"href":"https:\/\/vosgesinfo.fr\/remiremontinfo\/wp-json\/wp\/v2\/media\/63303"}],"wp:attachment":[{"href":"https:\/\/vosgesinfo.fr\/remiremontinfo\/wp-json\/wp\/v2\/media?parent=63302"}],"wp:term":[{"taxonomy":"category","embeddable":true,"href":"https:\/\/vosgesinfo.fr\/remiremontinfo\/wp-json\/wp\/v2\/categories?post=63302"},{"taxonomy":"post_tag","embeddable":true,"href":"https:\/\/vosgesinfo.fr\/remiremontinfo\/wp-json\/wp\/v2\/tags?post=63302"}],"curies":[{"name":"wp","href":"https:\/\/api.w.org\/{rel}","templated":true}]}}