{"id":63391,"date":"2022-10-17T04:39:40","date_gmt":"2022-10-17T02:39:40","guid":{"rendered":"https:\/\/vosgesinfo.fr\/remiremontinfo\/2022\/10\/remiremont-formation-francais-langue-etrangere-va-demarrer-debut-novembre\/"},"modified":"2022-10-17T04:39:40","modified_gmt":"2022-10-17T02:39:40","slug":"remiremont-formation-francais-langue-etrangere-va-demarrer-debut-novembre","status":"publish","type":"post","link":"https:\/\/vosgesinfo.fr\/remiremontinfo\/2022\/10\/remiremont-formation-francais-langue-etrangere-va-demarrer-debut-novembre\/","title":{"rendered":"Remiremont : une formation \u00ab\u00a0Fran\u00e7ais Langue \u00e9trang\u00e8re\u00a0\u00bb va d\u00e9marrer d\u00e9but novembre"},"content":{"rendered":"<p><a href=\"\/2022\/10\/dictionary-2317654_960_720.jpg\"><img decoding=\"async\" class=\"alignnone size-full wp-image-356036\" src=\"\/2022\/10\/dictionary-2317654_960_720.jpg\" alt=\"dictionary-2317654_960_720\" width=\"960\" height=\"540\" \/><\/a><\/p>\n<p><span style=\"font-size: 10pt;\"><em>Photo d&rsquo;illustration\u00a0<\/em><\/span><\/p>\n<h2><span style=\"font-size: 12pt;\"><strong>Une formation Fran\u00e7ais Langue \u00e9trang\u00e8re va d\u00e9marrer \u00e0 partir du 2 novembre \u00e0 Remiremont. Cette formation, financ\u00e9e et r\u00e9mun\u00e9r\u00e9e par P\u00f4le Emploi, permet de travailler ses comp\u00e9tences en fran\u00e7ais afin de pouvoir plus facilement trouver de l\u2019emploi. Son objectif est de travailler la langue en lien avec le projet professionnel.\u00a0<\/strong><\/span><\/h2>\n<p><span style=\"font-size: 10pt;\"><em>Source :\u00a0ALAJI Organisme de Formation<\/em><\/span><\/p>\n<p><a href=\"\/2022\/10\/Fiche-technique-FLE-Remiremont-page-001.jpg\"><img decoding=\"async\" class=\"alignnone size-large wp-image-356034\" src=\"\/2022\/10\/Fiche-technique-FLE-Remiremont-page-001-724x1024.jpg\" alt=\"Fiche technique FLE Remiremont-page-001\" width=\"724\" height=\"1024\" \/><\/a><\/p>\n<p><a href=\"\/2022\/10\/Fiche-technique-FLE-Remiremont-page-002.jpg\"><img decoding=\"async\" class=\"alignnone size-large wp-image-356035\" src=\"\/2022\/10\/Fiche-technique-FLE-Remiremont-page-002-724x1024.jpg\" alt=\"Fiche technique FLE Remiremont-page-002\" width=\"724\" height=\"1024\" \/><\/a><\/p>\n","protected":false},"excerpt":{"rendered":"<p>Photo d&rsquo;illustration\u00a0 Une formation Fran\u00e7ais Langue \u00e9trang\u00e8re va d\u00e9marrer \u00e0 partir du 2 novembre \u00e0 Remiremont. Cette formation, financ\u00e9e et [&hellip;]<\/p>\n","protected":false},"author":407,"featured_media":63392,"comment_status":"open","ping_status":"open","sticky":false,"template":"","format":"standard","meta":{"footnotes":""},"categories":[26,165,1556,35],"tags":[4866,2066,4867,44,32],"class_list":["post-63391","post","type-post","status-publish","format-standard","has-post-thumbnail","hentry","category-a-la-une","category-enseignement","category-remiremont-remiremont-son-canton-2","category-remiremont-son-canton","tag-apprendre","tag-francais","tag-langue","tag-remiremont","tag-vosges"],"acf":[],"yoast_head":"<!-- This site is optimized with the Yoast SEO plugin v22.5 - https:\/\/yoast.com\/wordpress\/plugins\/seo\/ -->\n<title>Remiremont : une formation &quot;Fran\u00e7ais Langue \u00e9trang\u00e8re&quot; va d\u00e9marrer d\u00e9but novembre - Remiremont Info<\/title>\n<meta name=\"robots\" content=\"index, follow, max-snippet:-1, max-image-preview:large, max-video-preview:-1\" \/>\n<link rel=\"canonical\" href=\"https:\/\/vosgesinfo.fr\/remiremontinfo\/2022\/10\/remiremont-formation-francais-langue-etrangere-va-demarrer-debut-novembre\/\" \/>\n<meta name=\"twitter:card\" content=\"summary_large_image\" \/>\n<meta name=\"twitter:title\" content=\"Remiremont : une formation &quot;Fran\u00e7ais Langue \u00e9trang\u00e8re&quot; va d\u00e9marrer d\u00e9but novembre - Remiremont Info\" \/>\n<meta name=\"twitter:description\" content=\"Photo d&rsquo;illustration\u00a0 Une formation Fran\u00e7ais Langue \u00e9trang\u00e8re va d\u00e9marrer \u00e0 partir du 2 novembre \u00e0 Remiremont. Cette formation, financ\u00e9e et [&hellip;]\" \/>\n<meta name=\"twitter:image\" content=\"https:\/\/vosgesinfo.fr\/app\/uploads\/sites\/5\/2024\/09\/202210dictionary-2317654-960-720.jpg\" \/>\n<meta name=\"twitter:creator\" content=\"@VosgesInfo88\" \/>\n<meta name=\"twitter:site\" content=\"@VosgesInfo88\" \/>\n<meta name=\"twitter:label1\" content=\"\u00c9crit par\" \/>\n\t<meta name=\"twitter:data1\" content=\"C D\" \/>\n<script type=\"application\/ld+json\" class=\"yoast-schema-graph\">{\"@context\":\"https:\/\/schema.org\",\"@graph\":[{\"@type\":\"Article\",\"@id\":\"https:\/\/vosgesinfo.fr\/remiremontinfo\/2022\/10\/remiremont-formation-francais-langue-etrangere-va-demarrer-debut-novembre\/#article\",\"isPartOf\":{\"@id\":\"https:\/\/vosgesinfo.fr\/remiremontinfo\/2022\/10\/remiremont-formation-francais-langue-etrangere-va-demarrer-debut-novembre\/\"},\"author\":{\"name\":\"C D\",\"@id\":\"https:\/\/vosgesinfo.fr\/remiremontinfo\/#\/schema\/person\/3bfd164d5218a185b1db68655a265316\"},\"headline\":\"Remiremont : une formation \u00ab\u00a0Fran\u00e7ais Langue \u00e9trang\u00e8re\u00a0\u00bb va d\u00e9marrer d\u00e9but novembre\",\"datePublished\":\"2022-10-17T02:39:40+00:00\",\"dateModified\":\"2022-10-17T02:39:40+00:00\",\"mainEntityOfPage\":{\"@id\":\"https:\/\/vosgesinfo.fr\/remiremontinfo\/2022\/10\/remiremont-formation-francais-langue-etrangere-va-demarrer-debut-novembre\/\"},\"wordCount\":80,\"commentCount\":0,\"publisher\":{\"@id\":\"https:\/\/vosgesinfo.fr\/remiremontinfo\/#organization\"},\"image\":{\"@id\":\"https:\/\/vosgesinfo.fr\/remiremontinfo\/2022\/10\/remiremont-formation-francais-langue-etrangere-va-demarrer-debut-novembre\/#primaryimage\"},\"thumbnailUrl\":\"https:\/\/vosgesinfo.fr\/app\/uploads\/sites\/5\/2024\/09\/202210dictionary-2317654-960-720.jpg\",\"keywords\":[\"apprendre\",\"fran\u00e7ais\",\"langue\",\"remiremont\",\"Vosges\"],\"articleSection\":[\"A la Une\",\"Enseignement\",\"Remiremont\",\"Remiremont &amp; son canton\"],\"inLanguage\":\"fr-FR\",\"potentialAction\":[{\"@type\":\"CommentAction\",\"name\":\"Comment\",\"target\":[\"https:\/\/vosgesinfo.fr\/remiremontinfo\/2022\/10\/remiremont-formation-francais-langue-etrangere-va-demarrer-debut-novembre\/#respond\"]}]},{\"@type\":\"WebPage\",\"@id\":\"https:\/\/vosgesinfo.fr\/remiremontinfo\/2022\/10\/remiremont-formation-francais-langue-etrangere-va-demarrer-debut-novembre\/\",\"url\":\"https:\/\/vosgesinfo.fr\/remiremontinfo\/2022\/10\/remiremont-formation-francais-langue-etrangere-va-demarrer-debut-novembre\/\",\"name\":\"Remiremont : une formation \\\"Fran\u00e7ais Langue \u00e9trang\u00e8re\\\" va d\u00e9marrer d\u00e9but novembre - Remiremont Info\",\"isPartOf\":{\"@id\":\"https:\/\/vosgesinfo.fr\/remiremontinfo\/#website\"},\"primaryImageOfPage\":{\"@id\":\"https:\/\/vosgesinfo.fr\/remiremontinfo\/2022\/10\/remiremont-formation-francais-langue-etrangere-va-demarrer-debut-novembre\/#primaryimage\"},\"image\":{\"@id\":\"https:\/\/vosgesinfo.fr\/remiremontinfo\/2022\/10\/remiremont-formation-francais-langue-etrangere-va-demarrer-debut-novembre\/#primaryimage\"},\"thumbnailUrl\":\"https:\/\/vosgesinfo.fr\/app\/uploads\/sites\/5\/2024\/09\/202210dictionary-2317654-960-720.jpg\",\"datePublished\":\"2022-10-17T02:39:40+00:00\",\"dateModified\":\"2022-10-17T02:39:40+00:00\",\"breadcrumb\":{\"@id\":\"https:\/\/vosgesinfo.fr\/remiremontinfo\/2022\/10\/remiremont-formation-francais-langue-etrangere-va-demarrer-debut-novembre\/#breadcrumb\"},\"inLanguage\":\"fr-FR\",\"potentialAction\":[{\"@type\":\"ReadAction\",\"target\":[\"https:\/\/vosgesinfo.fr\/remiremontinfo\/2022\/10\/remiremont-formation-francais-langue-etrangere-va-demarrer-debut-novembre\/\"]}]},{\"@type\":\"ImageObject\",\"inLanguage\":\"fr-FR\",\"@id\":\"https:\/\/vosgesinfo.fr\/remiremontinfo\/2022\/10\/remiremont-formation-francais-langue-etrangere-va-demarrer-debut-novembre\/#primaryimage\",\"url\":\"https:\/\/vosgesinfo.fr\/app\/uploads\/sites\/5\/2024\/09\/202210dictionary-2317654-960-720.jpg\",\"contentUrl\":\"https:\/\/vosgesinfo.fr\/app\/uploads\/sites\/5\/2024\/09\/202210dictionary-2317654-960-720.jpg\",\"width\":960,\"height\":540},{\"@type\":\"BreadcrumbList\",\"@id\":\"https:\/\/vosgesinfo.fr\/remiremontinfo\/2022\/10\/remiremont-formation-francais-langue-etrangere-va-demarrer-debut-novembre\/#breadcrumb\",\"itemListElement\":[{\"@type\":\"ListItem\",\"position\":1,\"name\":\"Home\",\"item\":\"https:\/\/vosgesinfo.fr\/remiremontinfo\/\"},{\"@type\":\"ListItem\",\"position\":2,\"name\":\"Remiremont : une formation \u00ab\u00a0Fran\u00e7ais Langue \u00e9trang\u00e8re\u00a0\u00bb va d\u00e9marrer d\u00e9but novembre\"}]},{\"@type\":\"WebSite\",\"@id\":\"https:\/\/vosgesinfo.fr\/remiremontinfo\/#website\",\"url\":\"https:\/\/vosgesinfo.fr\/remiremontinfo\/\",\"name\":\"Remiremont Info\",\"description\":\"Toute l&#039;actualit\u00e9 de Remiremont\",\"publisher\":{\"@id\":\"https:\/\/vosgesinfo.fr\/remiremontinfo\/#organization\"},\"alternateName\":\"Toute l'actualit\u00e9 de Remiremont\",\"potentialAction\":[{\"@type\":\"SearchAction\",\"target\":{\"@type\":\"EntryPoint\",\"urlTemplate\":\"https:\/\/vosgesinfo.fr\/remiremontinfo\/?s={search_term_string}\"},\"query-input\":\"required name=search_term_string\"}],\"inLanguage\":\"fr-FR\"},{\"@type\":\"Organization\",\"@id\":\"https:\/\/vosgesinfo.fr\/remiremontinfo\/#organization\",\"name\":\"Remiremont Info\",\"url\":\"https:\/\/vosgesinfo.fr\/remiremontinfo\/\",\"logo\":{\"@type\":\"ImageObject\",\"inLanguage\":\"fr-FR\",\"@id\":\"https:\/\/vosgesinfo.fr\/remiremontinfo\/#\/schema\/logo\/image\/\",\"url\":\"https:\/\/vosgesinfo.fr\/app\/uploads\/sites\/5\/2023\/08\/favicon-remiremontinfo.png\",\"contentUrl\":\"https:\/\/vosgesinfo.fr\/app\/uploads\/sites\/5\/2023\/08\/favicon-remiremontinfo.png\",\"width\":512,\"height\":512,\"caption\":\"Remiremont Info\"},\"image\":{\"@id\":\"https:\/\/vosgesinfo.fr\/remiremontinfo\/#\/schema\/logo\/image\/\"},\"sameAs\":[\"https:\/\/www.facebook.com\/remiremontinfo\",\"https:\/\/x.com\/VosgesInfo88\",\"https:\/\/www.youtube.com\/@vosgesinfo\"]},{\"@type\":\"Person\",\"@id\":\"https:\/\/vosgesinfo.fr\/remiremontinfo\/#\/schema\/person\/3bfd164d5218a185b1db68655a265316\",\"name\":\"C D\",\"image\":{\"@type\":\"ImageObject\",\"inLanguage\":\"fr-FR\",\"@id\":\"https:\/\/vosgesinfo.fr\/remiremontinfo\/#\/schema\/person\/image\/\",\"url\":\"https:\/\/secure.gravatar.com\/avatar\/1f9a70007336511a47468b8f1c66f922b8b7cf617b02a31149ada43893a5d48f?s=96&d=mm&r=g\",\"contentUrl\":\"https:\/\/secure.gravatar.com\/avatar\/1f9a70007336511a47468b8f1c66f922b8b7cf617b02a31149ada43893a5d48f?s=96&d=mm&r=g\",\"caption\":\"C D\"},\"url\":\"https:\/\/vosgesinfo.fr\/remiremontinfo\/author\/cedric-drevet\/\"}]}<\/script>\n<!-- \/ Yoast SEO plugin. -->","yoast_head_json":{"title":"Remiremont : une formation \"Fran\u00e7ais Langue \u00e9trang\u00e8re\" va d\u00e9marrer d\u00e9but novembre - Remiremont Info","robots":{"index":"index","follow":"follow","max-snippet":"max-snippet:-1","max-image-preview":"max-image-preview:large","max-video-preview":"max-video-preview:-1"},"canonical":"https:\/\/vosgesinfo.fr\/remiremontinfo\/2022\/10\/remiremont-formation-francais-langue-etrangere-va-demarrer-debut-novembre\/","twitter_card":"summary_large_image","twitter_title":"Remiremont : une formation \"Fran\u00e7ais Langue \u00e9trang\u00e8re\" va d\u00e9marrer d\u00e9but novembre - Remiremont Info","twitter_description":"Photo d&rsquo;illustration\u00a0 Une formation Fran\u00e7ais Langue \u00e9trang\u00e8re va d\u00e9marrer \u00e0 partir du 2 novembre \u00e0 Remiremont. Cette formation, financ\u00e9e et [&hellip;]","twitter_image":"https:\/\/vosgesinfo.fr\/app\/uploads\/sites\/5\/2024\/09\/202210dictionary-2317654-960-720.jpg","twitter_creator":"@VosgesInfo88","twitter_site":"@VosgesInfo88","twitter_misc":{"\u00c9crit par":"C D"},"schema":{"@context":"https:\/\/schema.org","@graph":[{"@type":"Article","@id":"https:\/\/vosgesinfo.fr\/remiremontinfo\/2022\/10\/remiremont-formation-francais-langue-etrangere-va-demarrer-debut-novembre\/#article","isPartOf":{"@id":"https:\/\/vosgesinfo.fr\/remiremontinfo\/2022\/10\/remiremont-formation-francais-langue-etrangere-va-demarrer-debut-novembre\/"},"author":{"name":"C D","@id":"https:\/\/vosgesinfo.fr\/remiremontinfo\/#\/schema\/person\/3bfd164d5218a185b1db68655a265316"},"headline":"Remiremont : une formation \u00ab\u00a0Fran\u00e7ais Langue \u00e9trang\u00e8re\u00a0\u00bb va d\u00e9marrer d\u00e9but novembre","datePublished":"2022-10-17T02:39:40+00:00","dateModified":"2022-10-17T02:39:40+00:00","mainEntityOfPage":{"@id":"https:\/\/vosgesinfo.fr\/remiremontinfo\/2022\/10\/remiremont-formation-francais-langue-etrangere-va-demarrer-debut-novembre\/"},"wordCount":80,"commentCount":0,"publisher":{"@id":"https:\/\/vosgesinfo.fr\/remiremontinfo\/#organization"},"image":{"@id":"https:\/\/vosgesinfo.fr\/remiremontinfo\/2022\/10\/remiremont-formation-francais-langue-etrangere-va-demarrer-debut-novembre\/#primaryimage"},"thumbnailUrl":"https:\/\/vosgesinfo.fr\/app\/uploads\/sites\/5\/2024\/09\/202210dictionary-2317654-960-720.jpg","keywords":["apprendre","fran\u00e7ais","langue","remiremont","Vosges"],"articleSection":["A la Une","Enseignement","Remiremont","Remiremont &amp; son canton"],"inLanguage":"fr-FR","potentialAction":[{"@type":"CommentAction","name":"Comment","target":["https:\/\/vosgesinfo.fr\/remiremontinfo\/2022\/10\/remiremont-formation-francais-langue-etrangere-va-demarrer-debut-novembre\/#respond"]}]},{"@type":"WebPage","@id":"https:\/\/vosgesinfo.fr\/remiremontinfo\/2022\/10\/remiremont-formation-francais-langue-etrangere-va-demarrer-debut-novembre\/","url":"https:\/\/vosgesinfo.fr\/remiremontinfo\/2022\/10\/remiremont-formation-francais-langue-etrangere-va-demarrer-debut-novembre\/","name":"Remiremont : une formation \"Fran\u00e7ais Langue \u00e9trang\u00e8re\" va d\u00e9marrer d\u00e9but novembre - Remiremont Info","isPartOf":{"@id":"https:\/\/vosgesinfo.fr\/remiremontinfo\/#website"},"primaryImageOfPage":{"@id":"https:\/\/vosgesinfo.fr\/remiremontinfo\/2022\/10\/remiremont-formation-francais-langue-etrangere-va-demarrer-debut-novembre\/#primaryimage"},"image":{"@id":"https:\/\/vosgesinfo.fr\/remiremontinfo\/2022\/10\/remiremont-formation-francais-langue-etrangere-va-demarrer-debut-novembre\/#primaryimage"},"thumbnailUrl":"https:\/\/vosgesinfo.fr\/app\/uploads\/sites\/5\/2024\/09\/202210dictionary-2317654-960-720.jpg","datePublished":"2022-10-17T02:39:40+00:00","dateModified":"2022-10-17T02:39:40+00:00","breadcrumb":{"@id":"https:\/\/vosgesinfo.fr\/remiremontinfo\/2022\/10\/remiremont-formation-francais-langue-etrangere-va-demarrer-debut-novembre\/#breadcrumb"},"inLanguage":"fr-FR","potentialAction":[{"@type":"ReadAction","target":["https:\/\/vosgesinfo.fr\/remiremontinfo\/2022\/10\/remiremont-formation-francais-langue-etrangere-va-demarrer-debut-novembre\/"]}]},{"@type":"ImageObject","inLanguage":"fr-FR","@id":"https:\/\/vosgesinfo.fr\/remiremontinfo\/2022\/10\/remiremont-formation-francais-langue-etrangere-va-demarrer-debut-novembre\/#primaryimage","url":"https:\/\/vosgesinfo.fr\/app\/uploads\/sites\/5\/2024\/09\/202210dictionary-2317654-960-720.jpg","contentUrl":"https:\/\/vosgesinfo.fr\/app\/uploads\/sites\/5\/2024\/09\/202210dictionary-2317654-960-720.jpg","width":960,"height":540},{"@type":"BreadcrumbList","@id":"https:\/\/vosgesinfo.fr\/remiremontinfo\/2022\/10\/remiremont-formation-francais-langue-etrangere-va-demarrer-debut-novembre\/#breadcrumb","itemListElement":[{"@type":"ListItem","position":1,"name":"Home","item":"https:\/\/vosgesinfo.fr\/remiremontinfo\/"},{"@type":"ListItem","position":2,"name":"Remiremont : une formation \u00ab\u00a0Fran\u00e7ais Langue \u00e9trang\u00e8re\u00a0\u00bb va d\u00e9marrer d\u00e9but novembre"}]},{"@type":"WebSite","@id":"https:\/\/vosgesinfo.fr\/remiremontinfo\/#website","url":"https:\/\/vosgesinfo.fr\/remiremontinfo\/","name":"Remiremont Info","description":"Toute l&#039;actualit\u00e9 de Remiremont","publisher":{"@id":"https:\/\/vosgesinfo.fr\/remiremontinfo\/#organization"},"alternateName":"Toute l'actualit\u00e9 de Remiremont","potentialAction":[{"@type":"SearchAction","target":{"@type":"EntryPoint","urlTemplate":"https:\/\/vosgesinfo.fr\/remiremontinfo\/?s={search_term_string}"},"query-input":"required name=search_term_string"}],"inLanguage":"fr-FR"},{"@type":"Organization","@id":"https:\/\/vosgesinfo.fr\/remiremontinfo\/#organization","name":"Remiremont Info","url":"https:\/\/vosgesinfo.fr\/remiremontinfo\/","logo":{"@type":"ImageObject","inLanguage":"fr-FR","@id":"https:\/\/vosgesinfo.fr\/remiremontinfo\/#\/schema\/logo\/image\/","url":"https:\/\/vosgesinfo.fr\/app\/uploads\/sites\/5\/2023\/08\/favicon-remiremontinfo.png","contentUrl":"https:\/\/vosgesinfo.fr\/app\/uploads\/sites\/5\/2023\/08\/favicon-remiremontinfo.png","width":512,"height":512,"caption":"Remiremont Info"},"image":{"@id":"https:\/\/vosgesinfo.fr\/remiremontinfo\/#\/schema\/logo\/image\/"},"sameAs":["https:\/\/www.facebook.com\/remiremontinfo","https:\/\/x.com\/VosgesInfo88","https:\/\/www.youtube.com\/@vosgesinfo"]},{"@type":"Person","@id":"https:\/\/vosgesinfo.fr\/remiremontinfo\/#\/schema\/person\/3bfd164d5218a185b1db68655a265316","name":"C D","image":{"@type":"ImageObject","inLanguage":"fr-FR","@id":"https:\/\/vosgesinfo.fr\/remiremontinfo\/#\/schema\/person\/image\/","url":"https:\/\/secure.gravatar.com\/avatar\/1f9a70007336511a47468b8f1c66f922b8b7cf617b02a31149ada43893a5d48f?s=96&d=mm&r=g","contentUrl":"https:\/\/secure.gravatar.com\/avatar\/1f9a70007336511a47468b8f1c66f922b8b7cf617b02a31149ada43893a5d48f?s=96&d=mm&r=g","caption":"C D"},"url":"https:\/\/vosgesinfo.fr\/remiremontinfo\/author\/cedric-drevet\/"}]}},"_links":{"self":[{"href":"https:\/\/vosgesinfo.fr\/remiremontinfo\/wp-json\/wp\/v2\/posts\/63391","targetHints":{"allow":["GET"]}}],"collection":[{"href":"https:\/\/vosgesinfo.fr\/remiremontinfo\/wp-json\/wp\/v2\/posts"}],"about":[{"href":"https:\/\/vosgesinfo.fr\/remiremontinfo\/wp-json\/wp\/v2\/types\/post"}],"author":[{"embeddable":true,"href":"https:\/\/vosgesinfo.fr\/remiremontinfo\/wp-json\/wp\/v2\/users\/407"}],"replies":[{"embeddable":true,"href":"https:\/\/vosgesinfo.fr\/remiremontinfo\/wp-json\/wp\/v2\/comments?post=63391"}],"version-history":[{"count":0,"href":"https:\/\/vosgesinfo.fr\/remiremontinfo\/wp-json\/wp\/v2\/posts\/63391\/revisions"}],"wp:featuredmedia":[{"embeddable":true,"href":"https:\/\/vosgesinfo.fr\/remiremontinfo\/wp-json\/wp\/v2\/media\/63392"}],"wp:attachment":[{"href":"https:\/\/vosgesinfo.fr\/remiremontinfo\/wp-json\/wp\/v2\/media?parent=63391"}],"wp:term":[{"taxonomy":"category","embeddable":true,"href":"https:\/\/vosgesinfo.fr\/remiremontinfo\/wp-json\/wp\/v2\/categories?post=63391"},{"taxonomy":"post_tag","embeddable":true,"href":"https:\/\/vosgesinfo.fr\/remiremontinfo\/wp-json\/wp\/v2\/tags?post=63391"}],"curies":[{"name":"wp","href":"https:\/\/api.w.org\/{rel}","templated":true}]}}