{"id":63488,"date":"2022-10-19T12:05:58","date_gmt":"2022-10-19T10:05:58","guid":{"rendered":"https:\/\/vosgesinfo.fr\/remiremontinfo\/2022\/10\/rencontre-franco-allemande-de-cors-alpes-pleine-de-musique-damitie\/"},"modified":"2022-10-19T12:05:58","modified_gmt":"2022-10-19T10:05:58","slug":"rencontre-franco-allemande-de-cors-alpes-pleine-de-musique-damitie","status":"publish","type":"post","link":"https:\/\/vosgesinfo.fr\/remiremontinfo\/2022\/10\/rencontre-franco-allemande-de-cors-alpes-pleine-de-musique-damitie\/","title":{"rendered":"Une rencontre Franco-Allemande de cors des Alpes pleine de musique et d\u2019amiti\u00e9"},"content":{"rendered":"<h2><a href=\"\/2022\/10\/jjyjr.jpg\"><img decoding=\"async\" class=\"alignnone size-large wp-image-356189\" src=\"\/2022\/10\/jjyjr-1024x742.jpg\" alt=\"jjyjr\" width=\"960\" height=\"696\" \/><\/a><br \/>\n<span style=\"font-size: 12pt;\"><strong>Les 15 et 16 octobre dernier le groupe Cors et Accords recevait le groupe Alphornfreunde de Bauschlott pr\u00e8s de Pforheim en Allemagne. La rencontre s\u2019est tr\u00e8s bien pass\u00e9e, pleine de musique et d\u2019amiti\u00e9. Une trentaine de participants (une quinzaine de chaque association). <\/strong><\/span><\/h2>\n<p>Les deux ensembles de cors des Alpes ont ravi les auditeurs lors des trois concerts. Le samedi \u00e0 L\u2019\u00e9glise de La Bresse et ensuite \u00e0 l\u2019Eglise de Ventron. Et le dimanche \u00e0 la salle des f\u00eates de Cornimont o\u00f9 de nombreux \u00e9lus Maires, D\u00e9put\u00e9, Conseil D\u00e9partemental, CCHV, ont honor\u00e9 de leur pr\u00e9sence cette manifestation. En dehors de ces concerts les participants ont appr\u00e9ci\u00e9 la visite du mus\u00e9e des racines, une soir\u00e9e en ferme auberge. Le programme pr\u00e9voyait la visite du mus\u00e9e du textile mais l\u2019horaire avan\u00e7ant cela n\u2019a pu se faire. La pluie du samedi n\u2019a pas entam\u00e9 la bonne ambiance qui a r\u00e9gn\u00e9 tout au long du s\u00e9jour. Au moment de se s\u00e9parer, l\u2019\u00e9motion \u00e9tait pr\u00e9sente dans les c\u0153urs. Il a \u00e9t\u00e9 convenu de se revoir, mais probablement de l\u2019autre c\u00f4t\u00e9 du Rhin. Merci \u00e0 tous, en particulier aux collectivit\u00e9s qui ont soutenu le projet. Sans leur aide il n\u2019aurait s\u00fbrement pas pu se r\u00e9aliser. Vive la musique qu\u2019elle soit au service de la fraternit\u00e9 entre nos communaut\u00e9s.<\/p>\n<p><span style=\"font-size: 10pt;\"><em>Jean-Marie Mougin\u00a0<\/em><\/span><\/p>\n\n","protected":false},"excerpt":{"rendered":"<p>Les 15 et 16 octobre dernier le groupe Cors et Accords recevait le groupe Alphornfreunde de Bauschlott pr\u00e8s de Pforheim [&hellip;]<\/p>\n","protected":false},"author":407,"featured_media":63489,"comment_status":"open","ping_status":"open","sticky":false,"template":"","format":"standard","meta":{"footnotes":""},"categories":[26,104,25,298],"tags":[3515,79,2359,1775,105,117,300,32],"class_list":["post-63488","post","type-post","status-publish","format-standard","has-post-thumbnail","hentry","category-a-la-une","category-la-bresse-la-bresse-son-canton","category-la-bresse-son-canton","category-ventron","tag-allemagne","tag-cornimont","tag-cors-des-alpes","tag-france","tag-la-bresse","tag-musique","tag-ventron","tag-vosges"],"acf":[],"yoast_head":"<!-- This site is optimized with the Yoast SEO plugin v22.5 - https:\/\/yoast.com\/wordpress\/plugins\/seo\/ -->\n<title>Une rencontre Franco-Allemande de cors des Alpes pleine de musique et d\u2019amiti\u00e9 - Remiremont Info<\/title>\n<meta name=\"robots\" content=\"index, follow, max-snippet:-1, max-image-preview:large, max-video-preview:-1\" \/>\n<link rel=\"canonical\" href=\"https:\/\/vosgesinfo.fr\/remiremontinfo\/2022\/10\/rencontre-franco-allemande-de-cors-alpes-pleine-de-musique-damitie\/\" \/>\n<meta name=\"twitter:card\" content=\"summary_large_image\" \/>\n<meta name=\"twitter:title\" content=\"Une rencontre Franco-Allemande de cors des Alpes pleine de musique et d\u2019amiti\u00e9 - Remiremont Info\" \/>\n<meta name=\"twitter:description\" content=\"Les 15 et 16 octobre dernier le groupe Cors et Accords recevait le groupe Alphornfreunde de Bauschlott pr\u00e8s de Pforheim [&hellip;]\" \/>\n<meta name=\"twitter:image\" content=\"https:\/\/vosgesinfo.fr\/app\/uploads\/sites\/5\/2024\/09\/202210jjyjr.jpg\" \/>\n<meta name=\"twitter:creator\" content=\"@VosgesInfo88\" \/>\n<meta name=\"twitter:site\" content=\"@VosgesInfo88\" \/>\n<meta name=\"twitter:label1\" content=\"\u00c9crit par\" \/>\n\t<meta name=\"twitter:data1\" content=\"C D\" \/>\n\t<meta name=\"twitter:label2\" content=\"Dur\u00e9e de lecture estim\u00e9e\" \/>\n\t<meta name=\"twitter:data2\" content=\"1 minute\" \/>\n<script type=\"application\/ld+json\" class=\"yoast-schema-graph\">{\"@context\":\"https:\/\/schema.org\",\"@graph\":[{\"@type\":\"Article\",\"@id\":\"https:\/\/vosgesinfo.fr\/remiremontinfo\/2022\/10\/rencontre-franco-allemande-de-cors-alpes-pleine-de-musique-damitie\/#article\",\"isPartOf\":{\"@id\":\"https:\/\/vosgesinfo.fr\/remiremontinfo\/2022\/10\/rencontre-franco-allemande-de-cors-alpes-pleine-de-musique-damitie\/\"},\"author\":{\"name\":\"C D\",\"@id\":\"https:\/\/vosgesinfo.fr\/remiremontinfo\/#\/schema\/person\/3bfd164d5218a185b1db68655a265316\"},\"headline\":\"Une rencontre Franco-Allemande de cors des Alpes pleine de musique et d\u2019amiti\u00e9\",\"datePublished\":\"2022-10-19T10:05:58+00:00\",\"dateModified\":\"2022-10-19T10:05:58+00:00\",\"mainEntityOfPage\":{\"@id\":\"https:\/\/vosgesinfo.fr\/remiremontinfo\/2022\/10\/rencontre-franco-allemande-de-cors-alpes-pleine-de-musique-damitie\/\"},\"wordCount\":262,\"commentCount\":0,\"publisher\":{\"@id\":\"https:\/\/vosgesinfo.fr\/remiremontinfo\/#organization\"},\"image\":{\"@id\":\"https:\/\/vosgesinfo.fr\/remiremontinfo\/2022\/10\/rencontre-franco-allemande-de-cors-alpes-pleine-de-musique-damitie\/#primaryimage\"},\"thumbnailUrl\":\"https:\/\/vosgesinfo.fr\/app\/uploads\/sites\/5\/2024\/09\/202210jjyjr.jpg\",\"keywords\":[\"allemagne\",\"cornimont\",\"cors des Alpes\",\"France\",\"la bresse\",\"musique\",\"ventron\",\"Vosges\"],\"articleSection\":[\"A la Une\",\"La Bresse\",\"La Bresse &amp; son canton\",\"Ventron\"],\"inLanguage\":\"fr-FR\",\"potentialAction\":[{\"@type\":\"CommentAction\",\"name\":\"Comment\",\"target\":[\"https:\/\/vosgesinfo.fr\/remiremontinfo\/2022\/10\/rencontre-franco-allemande-de-cors-alpes-pleine-de-musique-damitie\/#respond\"]}]},{\"@type\":\"WebPage\",\"@id\":\"https:\/\/vosgesinfo.fr\/remiremontinfo\/2022\/10\/rencontre-franco-allemande-de-cors-alpes-pleine-de-musique-damitie\/\",\"url\":\"https:\/\/vosgesinfo.fr\/remiremontinfo\/2022\/10\/rencontre-franco-allemande-de-cors-alpes-pleine-de-musique-damitie\/\",\"name\":\"Une rencontre Franco-Allemande de cors des Alpes pleine de musique et d\u2019amiti\u00e9 - Remiremont Info\",\"isPartOf\":{\"@id\":\"https:\/\/vosgesinfo.fr\/remiremontinfo\/#website\"},\"primaryImageOfPage\":{\"@id\":\"https:\/\/vosgesinfo.fr\/remiremontinfo\/2022\/10\/rencontre-franco-allemande-de-cors-alpes-pleine-de-musique-damitie\/#primaryimage\"},\"image\":{\"@id\":\"https:\/\/vosgesinfo.fr\/remiremontinfo\/2022\/10\/rencontre-franco-allemande-de-cors-alpes-pleine-de-musique-damitie\/#primaryimage\"},\"thumbnailUrl\":\"https:\/\/vosgesinfo.fr\/app\/uploads\/sites\/5\/2024\/09\/202210jjyjr.jpg\",\"datePublished\":\"2022-10-19T10:05:58+00:00\",\"dateModified\":\"2022-10-19T10:05:58+00:00\",\"breadcrumb\":{\"@id\":\"https:\/\/vosgesinfo.fr\/remiremontinfo\/2022\/10\/rencontre-franco-allemande-de-cors-alpes-pleine-de-musique-damitie\/#breadcrumb\"},\"inLanguage\":\"fr-FR\",\"potentialAction\":[{\"@type\":\"ReadAction\",\"target\":[\"https:\/\/vosgesinfo.fr\/remiremontinfo\/2022\/10\/rencontre-franco-allemande-de-cors-alpes-pleine-de-musique-damitie\/\"]}]},{\"@type\":\"ImageObject\",\"inLanguage\":\"fr-FR\",\"@id\":\"https:\/\/vosgesinfo.fr\/remiremontinfo\/2022\/10\/rencontre-franco-allemande-de-cors-alpes-pleine-de-musique-damitie\/#primaryimage\",\"url\":\"https:\/\/vosgesinfo.fr\/app\/uploads\/sites\/5\/2024\/09\/202210jjyjr.jpg\",\"contentUrl\":\"https:\/\/vosgesinfo.fr\/app\/uploads\/sites\/5\/2024\/09\/202210jjyjr.jpg\",\"width\":1299,\"height\":941},{\"@type\":\"BreadcrumbList\",\"@id\":\"https:\/\/vosgesinfo.fr\/remiremontinfo\/2022\/10\/rencontre-franco-allemande-de-cors-alpes-pleine-de-musique-damitie\/#breadcrumb\",\"itemListElement\":[{\"@type\":\"ListItem\",\"position\":1,\"name\":\"Home\",\"item\":\"https:\/\/vosgesinfo.fr\/remiremontinfo\/\"},{\"@type\":\"ListItem\",\"position\":2,\"name\":\"Une rencontre Franco-Allemande de cors des Alpes pleine de musique et d\u2019amiti\u00e9\"}]},{\"@type\":\"WebSite\",\"@id\":\"https:\/\/vosgesinfo.fr\/remiremontinfo\/#website\",\"url\":\"https:\/\/vosgesinfo.fr\/remiremontinfo\/\",\"name\":\"Remiremont Info\",\"description\":\"Toute l&#039;actualit\u00e9 de Remiremont\",\"publisher\":{\"@id\":\"https:\/\/vosgesinfo.fr\/remiremontinfo\/#organization\"},\"alternateName\":\"Toute l'actualit\u00e9 de Remiremont\",\"potentialAction\":[{\"@type\":\"SearchAction\",\"target\":{\"@type\":\"EntryPoint\",\"urlTemplate\":\"https:\/\/vosgesinfo.fr\/remiremontinfo\/?s={search_term_string}\"},\"query-input\":\"required name=search_term_string\"}],\"inLanguage\":\"fr-FR\"},{\"@type\":\"Organization\",\"@id\":\"https:\/\/vosgesinfo.fr\/remiremontinfo\/#organization\",\"name\":\"Remiremont Info\",\"url\":\"https:\/\/vosgesinfo.fr\/remiremontinfo\/\",\"logo\":{\"@type\":\"ImageObject\",\"inLanguage\":\"fr-FR\",\"@id\":\"https:\/\/vosgesinfo.fr\/remiremontinfo\/#\/schema\/logo\/image\/\",\"url\":\"https:\/\/vosgesinfo.fr\/app\/uploads\/sites\/5\/2023\/08\/favicon-remiremontinfo.png\",\"contentUrl\":\"https:\/\/vosgesinfo.fr\/app\/uploads\/sites\/5\/2023\/08\/favicon-remiremontinfo.png\",\"width\":512,\"height\":512,\"caption\":\"Remiremont Info\"},\"image\":{\"@id\":\"https:\/\/vosgesinfo.fr\/remiremontinfo\/#\/schema\/logo\/image\/\"},\"sameAs\":[\"https:\/\/www.facebook.com\/remiremontinfo\",\"https:\/\/x.com\/VosgesInfo88\",\"https:\/\/www.youtube.com\/@vosgesinfo\"]},{\"@type\":\"Person\",\"@id\":\"https:\/\/vosgesinfo.fr\/remiremontinfo\/#\/schema\/person\/3bfd164d5218a185b1db68655a265316\",\"name\":\"C D\",\"image\":{\"@type\":\"ImageObject\",\"inLanguage\":\"fr-FR\",\"@id\":\"https:\/\/vosgesinfo.fr\/remiremontinfo\/#\/schema\/person\/image\/\",\"url\":\"https:\/\/secure.gravatar.com\/avatar\/1f9a70007336511a47468b8f1c66f922b8b7cf617b02a31149ada43893a5d48f?s=96&d=mm&r=g\",\"contentUrl\":\"https:\/\/secure.gravatar.com\/avatar\/1f9a70007336511a47468b8f1c66f922b8b7cf617b02a31149ada43893a5d48f?s=96&d=mm&r=g\",\"caption\":\"C D\"},\"url\":\"https:\/\/vosgesinfo.fr\/remiremontinfo\/author\/cedric-drevet\/\"}]}<\/script>\n<!-- \/ Yoast SEO plugin. -->","yoast_head_json":{"title":"Une rencontre Franco-Allemande de cors des Alpes pleine de musique et d\u2019amiti\u00e9 - Remiremont Info","robots":{"index":"index","follow":"follow","max-snippet":"max-snippet:-1","max-image-preview":"max-image-preview:large","max-video-preview":"max-video-preview:-1"},"canonical":"https:\/\/vosgesinfo.fr\/remiremontinfo\/2022\/10\/rencontre-franco-allemande-de-cors-alpes-pleine-de-musique-damitie\/","twitter_card":"summary_large_image","twitter_title":"Une rencontre Franco-Allemande de cors des Alpes pleine de musique et d\u2019amiti\u00e9 - Remiremont Info","twitter_description":"Les 15 et 16 octobre dernier le groupe Cors et Accords recevait le groupe Alphornfreunde de Bauschlott pr\u00e8s de Pforheim [&hellip;]","twitter_image":"https:\/\/vosgesinfo.fr\/app\/uploads\/sites\/5\/2024\/09\/202210jjyjr.jpg","twitter_creator":"@VosgesInfo88","twitter_site":"@VosgesInfo88","twitter_misc":{"\u00c9crit par":"C D","Dur\u00e9e de lecture estim\u00e9e":"1 minute"},"schema":{"@context":"https:\/\/schema.org","@graph":[{"@type":"Article","@id":"https:\/\/vosgesinfo.fr\/remiremontinfo\/2022\/10\/rencontre-franco-allemande-de-cors-alpes-pleine-de-musique-damitie\/#article","isPartOf":{"@id":"https:\/\/vosgesinfo.fr\/remiremontinfo\/2022\/10\/rencontre-franco-allemande-de-cors-alpes-pleine-de-musique-damitie\/"},"author":{"name":"C D","@id":"https:\/\/vosgesinfo.fr\/remiremontinfo\/#\/schema\/person\/3bfd164d5218a185b1db68655a265316"},"headline":"Une rencontre Franco-Allemande de cors des Alpes pleine de musique et d\u2019amiti\u00e9","datePublished":"2022-10-19T10:05:58+00:00","dateModified":"2022-10-19T10:05:58+00:00","mainEntityOfPage":{"@id":"https:\/\/vosgesinfo.fr\/remiremontinfo\/2022\/10\/rencontre-franco-allemande-de-cors-alpes-pleine-de-musique-damitie\/"},"wordCount":262,"commentCount":0,"publisher":{"@id":"https:\/\/vosgesinfo.fr\/remiremontinfo\/#organization"},"image":{"@id":"https:\/\/vosgesinfo.fr\/remiremontinfo\/2022\/10\/rencontre-franco-allemande-de-cors-alpes-pleine-de-musique-damitie\/#primaryimage"},"thumbnailUrl":"https:\/\/vosgesinfo.fr\/app\/uploads\/sites\/5\/2024\/09\/202210jjyjr.jpg","keywords":["allemagne","cornimont","cors des Alpes","France","la bresse","musique","ventron","Vosges"],"articleSection":["A la Une","La Bresse","La Bresse &amp; son canton","Ventron"],"inLanguage":"fr-FR","potentialAction":[{"@type":"CommentAction","name":"Comment","target":["https:\/\/vosgesinfo.fr\/remiremontinfo\/2022\/10\/rencontre-franco-allemande-de-cors-alpes-pleine-de-musique-damitie\/#respond"]}]},{"@type":"WebPage","@id":"https:\/\/vosgesinfo.fr\/remiremontinfo\/2022\/10\/rencontre-franco-allemande-de-cors-alpes-pleine-de-musique-damitie\/","url":"https:\/\/vosgesinfo.fr\/remiremontinfo\/2022\/10\/rencontre-franco-allemande-de-cors-alpes-pleine-de-musique-damitie\/","name":"Une rencontre Franco-Allemande de cors des Alpes pleine de musique et d\u2019amiti\u00e9 - Remiremont Info","isPartOf":{"@id":"https:\/\/vosgesinfo.fr\/remiremontinfo\/#website"},"primaryImageOfPage":{"@id":"https:\/\/vosgesinfo.fr\/remiremontinfo\/2022\/10\/rencontre-franco-allemande-de-cors-alpes-pleine-de-musique-damitie\/#primaryimage"},"image":{"@id":"https:\/\/vosgesinfo.fr\/remiremontinfo\/2022\/10\/rencontre-franco-allemande-de-cors-alpes-pleine-de-musique-damitie\/#primaryimage"},"thumbnailUrl":"https:\/\/vosgesinfo.fr\/app\/uploads\/sites\/5\/2024\/09\/202210jjyjr.jpg","datePublished":"2022-10-19T10:05:58+00:00","dateModified":"2022-10-19T10:05:58+00:00","breadcrumb":{"@id":"https:\/\/vosgesinfo.fr\/remiremontinfo\/2022\/10\/rencontre-franco-allemande-de-cors-alpes-pleine-de-musique-damitie\/#breadcrumb"},"inLanguage":"fr-FR","potentialAction":[{"@type":"ReadAction","target":["https:\/\/vosgesinfo.fr\/remiremontinfo\/2022\/10\/rencontre-franco-allemande-de-cors-alpes-pleine-de-musique-damitie\/"]}]},{"@type":"ImageObject","inLanguage":"fr-FR","@id":"https:\/\/vosgesinfo.fr\/remiremontinfo\/2022\/10\/rencontre-franco-allemande-de-cors-alpes-pleine-de-musique-damitie\/#primaryimage","url":"https:\/\/vosgesinfo.fr\/app\/uploads\/sites\/5\/2024\/09\/202210jjyjr.jpg","contentUrl":"https:\/\/vosgesinfo.fr\/app\/uploads\/sites\/5\/2024\/09\/202210jjyjr.jpg","width":1299,"height":941},{"@type":"BreadcrumbList","@id":"https:\/\/vosgesinfo.fr\/remiremontinfo\/2022\/10\/rencontre-franco-allemande-de-cors-alpes-pleine-de-musique-damitie\/#breadcrumb","itemListElement":[{"@type":"ListItem","position":1,"name":"Home","item":"https:\/\/vosgesinfo.fr\/remiremontinfo\/"},{"@type":"ListItem","position":2,"name":"Une rencontre Franco-Allemande de cors des Alpes pleine de musique et d\u2019amiti\u00e9"}]},{"@type":"WebSite","@id":"https:\/\/vosgesinfo.fr\/remiremontinfo\/#website","url":"https:\/\/vosgesinfo.fr\/remiremontinfo\/","name":"Remiremont Info","description":"Toute l&#039;actualit\u00e9 de Remiremont","publisher":{"@id":"https:\/\/vosgesinfo.fr\/remiremontinfo\/#organization"},"alternateName":"Toute l'actualit\u00e9 de Remiremont","potentialAction":[{"@type":"SearchAction","target":{"@type":"EntryPoint","urlTemplate":"https:\/\/vosgesinfo.fr\/remiremontinfo\/?s={search_term_string}"},"query-input":"required name=search_term_string"}],"inLanguage":"fr-FR"},{"@type":"Organization","@id":"https:\/\/vosgesinfo.fr\/remiremontinfo\/#organization","name":"Remiremont Info","url":"https:\/\/vosgesinfo.fr\/remiremontinfo\/","logo":{"@type":"ImageObject","inLanguage":"fr-FR","@id":"https:\/\/vosgesinfo.fr\/remiremontinfo\/#\/schema\/logo\/image\/","url":"https:\/\/vosgesinfo.fr\/app\/uploads\/sites\/5\/2023\/08\/favicon-remiremontinfo.png","contentUrl":"https:\/\/vosgesinfo.fr\/app\/uploads\/sites\/5\/2023\/08\/favicon-remiremontinfo.png","width":512,"height":512,"caption":"Remiremont Info"},"image":{"@id":"https:\/\/vosgesinfo.fr\/remiremontinfo\/#\/schema\/logo\/image\/"},"sameAs":["https:\/\/www.facebook.com\/remiremontinfo","https:\/\/x.com\/VosgesInfo88","https:\/\/www.youtube.com\/@vosgesinfo"]},{"@type":"Person","@id":"https:\/\/vosgesinfo.fr\/remiremontinfo\/#\/schema\/person\/3bfd164d5218a185b1db68655a265316","name":"C D","image":{"@type":"ImageObject","inLanguage":"fr-FR","@id":"https:\/\/vosgesinfo.fr\/remiremontinfo\/#\/schema\/person\/image\/","url":"https:\/\/secure.gravatar.com\/avatar\/1f9a70007336511a47468b8f1c66f922b8b7cf617b02a31149ada43893a5d48f?s=96&d=mm&r=g","contentUrl":"https:\/\/secure.gravatar.com\/avatar\/1f9a70007336511a47468b8f1c66f922b8b7cf617b02a31149ada43893a5d48f?s=96&d=mm&r=g","caption":"C D"},"url":"https:\/\/vosgesinfo.fr\/remiremontinfo\/author\/cedric-drevet\/"}]}},"_links":{"self":[{"href":"https:\/\/vosgesinfo.fr\/remiremontinfo\/wp-json\/wp\/v2\/posts\/63488","targetHints":{"allow":["GET"]}}],"collection":[{"href":"https:\/\/vosgesinfo.fr\/remiremontinfo\/wp-json\/wp\/v2\/posts"}],"about":[{"href":"https:\/\/vosgesinfo.fr\/remiremontinfo\/wp-json\/wp\/v2\/types\/post"}],"author":[{"embeddable":true,"href":"https:\/\/vosgesinfo.fr\/remiremontinfo\/wp-json\/wp\/v2\/users\/407"}],"replies":[{"embeddable":true,"href":"https:\/\/vosgesinfo.fr\/remiremontinfo\/wp-json\/wp\/v2\/comments?post=63488"}],"version-history":[{"count":0,"href":"https:\/\/vosgesinfo.fr\/remiremontinfo\/wp-json\/wp\/v2\/posts\/63488\/revisions"}],"wp:featuredmedia":[{"embeddable":true,"href":"https:\/\/vosgesinfo.fr\/remiremontinfo\/wp-json\/wp\/v2\/media\/63489"}],"wp:attachment":[{"href":"https:\/\/vosgesinfo.fr\/remiremontinfo\/wp-json\/wp\/v2\/media?parent=63488"}],"wp:term":[{"taxonomy":"category","embeddable":true,"href":"https:\/\/vosgesinfo.fr\/remiremontinfo\/wp-json\/wp\/v2\/categories?post=63488"},{"taxonomy":"post_tag","embeddable":true,"href":"https:\/\/vosgesinfo.fr\/remiremontinfo\/wp-json\/wp\/v2\/tags?post=63488"}],"curies":[{"name":"wp","href":"https:\/\/api.w.org\/{rel}","templated":true}]}}