{"id":6353,"date":"2024-05-23T06:01:19","date_gmt":"2024-05-23T04:01:19","guid":{"rendered":"https:\/\/vosgesinfo.fr\/remiremontinfo\/?p=6353"},"modified":"2024-05-22T16:45:36","modified_gmt":"2024-05-22T14:45:36","slug":"20eme-edition-de-la-saison-estivale-du-theatre-de-verdure-de-la-cie-le-plateau-ivre","status":"publish","type":"post","link":"https:\/\/vosgesinfo.fr\/remiremontinfo\/2024\/05\/20eme-edition-de-la-saison-estivale-du-theatre-de-verdure-de-la-cie-le-plateau-ivre\/","title":{"rendered":"20\u00e8me \u00e9dition de la saison estivale du Th\u00e9\u00e2tre de Verdure de la Cie Le Plateau Ivre"},"content":{"rendered":"<p><a href=\"https:\/\/vosgesinfo.fr\/app\/uploads\/sites\/5\/2024\/05\/theatre-de-verdure-bandeau2-20-ans.jpg\"><img decoding=\"async\" class=\"aligncenter size-large wp-image-6354\" src=\"https:\/\/vosgesinfo.fr\/app\/uploads\/sites\/5\/2024\/05\/theatre-de-verdure-bandeau2-20-ans-1024x536.jpg\" alt=\"\" width=\"1024\" height=\"536\" srcset=\"https:\/\/vosgesinfo.fr\/app\/uploads\/sites\/5\/2024\/05\/theatre-de-verdure-bandeau2-20-ans-1024x536.jpg 1024w, https:\/\/vosgesinfo.fr\/app\/uploads\/sites\/5\/2024\/05\/theatre-de-verdure-bandeau2-20-ans-300x157.jpg 300w, https:\/\/vosgesinfo.fr\/app\/uploads\/sites\/5\/2024\/05\/theatre-de-verdure-bandeau2-20-ans-768x402.jpg 768w, https:\/\/vosgesinfo.fr\/app\/uploads\/sites\/5\/2024\/05\/theatre-de-verdure-bandeau2-20-ans.jpg 1200w\" sizes=\"(max-width: 1024px) 100vw, 1024px\" \/><\/a><\/p>\n<p>&nbsp;<\/p>\n<h3><strong>Le Th\u00e9\u00e2tre de Verdure de Vagney f\u00eate ses 20 ans du 7 juin au 3 ao\u00fbt 2024. Un \u00e9v\u00e8nement organis\u00e9 par la Cie Le Plateau Ivre qui regroupera plus de 30 rendez-vous autour du spectacle vivant (parades, rencontres, th\u00e9\u00e2tre, magie, musique, cirque, ateliers, stages) dans un site insolite sculpt\u00e9 au coeur de la nature.<\/strong><\/h3>\n<p>Focus de cette \u00e9dition : Venez d\u00e9couvrir la nouvelle cr\u00e9ation de la Cie Le Plateau Ivre au Th\u00e9\u00e2tre de Verdure : L\u2019envers des mousses, spectacle d\u00e9ambulatoire \u00e0 la tomb\u00e9e de la nuit. Du 27 au 29 juin 2024 \u00e0 21h00.<\/p>\n<p>Adresse :<br \/>\nCie Le Plateau Ivre \/ Th\u00e9\u00e2tre de Verdure<br \/>\nRue des angles, 88120 Vagney \u2013 France<br \/>\nBar et restauration sur place<br \/>\nTout au long de l\u2019\u00e9t\u00e9, les espaces bar et restauration sont ouverts avant, apr\u00e8s et entre les spectacles.<br \/>\nRenseignements et r\u00e9servations :<br \/>\nT. : 06 59 48 89 44<br \/>\nwww.leplateauivre.com<br \/>\nwww.facebook.com\/leplateauivre<br \/>\nBilletterie :<br \/>\nAu Th\u00e9\u00e2tre de Verdure, ouverte 1 heure avant le d\u00e9but du spectacle.<br \/>\nTarif plein : 12 euros<br \/>\nTarif r\u00e9duit (\u00e9tudiant, -de 25 ans, demandeur d\u2019emploi, b\u00e9n\u00e9ficiaire du RSA, groupe de 5 personnes ou +) : 10 euros<br \/>\nTarif mini (- de 18 ans) : 8 euros<br \/>\nTarif unique (films, concerts, spectacle du 13\/07) : 6 euros<br \/>\nProfitez de tous les spectacles avec le PASS saison :<br \/>\nTarif plein : 40 euros \/ Tarif r\u00e9duit : 32 euros \/ Tarif Mini : 24 euros<\/p>\n<h4><span style=\"font-size: 14pt;\"><strong>Le programme (t\u00e9l\u00e9chargeable ici : <a href=\"https:\/\/vosgesinfo.fr\/app\/uploads\/sites\/5\/2024\/05\/afficheetprogrammeete24.pdf\">Afficheetprogrammeete24<\/a> ) :<\/strong> <\/span><\/h4>\n<p class=\"x_gmail-MsoListParagraphCxSpFirst\">Le 7 juin 2024 \u00e0 18h\u00a0: <i>La Petite Parade<\/i>, avec les \u00e9l\u00e8ves de l\u2019\u00e9cole \u00e9l\u00e9mentaire de Vagney, Cie Le Plateau Ivre.<\/p>\n<p class=\"x_gmail-MsoListParagraphCxSpMiddle\">o\u00a0\u00a0 Le 8 juin 2024 \u2013 HORS LES MURS\u00a0sur la Communaut\u00e9 de Communes des Hautes Vosges : \u00e0 15h\u00a0: <i>La Grande Parade<\/i> au centre de Ventron. \u00c0 17h\u00a0: <i>La Grande Parade<\/i> au centre de Cleurie.<\/p>\n<p class=\"x_gmail-MsoListParagraphCxSpMiddle\">o\u00a0\u00a0 Le 9 juin 2024\u00a0de 16h \u00e0 20h : La f\u00eate des 20 ans\u00a0: Le Plateau Ivre et ses invit\u00e9s. <i>La Grande Parade<\/i>, cr\u00e9ation in\u00e9dite de la Cie Le Plateau Ivre \u00e0 l\u2019occasion des 20 ans du Th\u00e9\u00e2tre de Verdure en collaboration avec la fanfare masqu\u00e9e <i>Hurluberlus<\/i> \u2013 Cie La Chose Publique. R\u00e9gion Grand Est. + Pr\u00e9sentation de saison, vernissage des expositions de la saison, atelier s\u00e9rigraphie.<\/p>\n<p class=\"x_gmail-MsoListParagraphCxSpMiddle\">o\u00a0\u00a0 Le 22 juin\u00a02024\u00a0: de 16h \u00e0 19h\u00a0: Atelier participatif et cr\u00e9atif pour la pr\u00e9paration de la soir\u00e9e avec l\u2019\u00e9quipe du film <i>La chanson de Guiguemar<\/i>. \u00c0 21h\u00a0: <i>La chanson de Guiguemar<\/i>, r\u00e9alis\u00e9 par Tristan Bordmann. R\u00e9gion Grand Est. Cin\u00e9ma, Road Movie m\u00e9di\u00e9val. Repas m\u00e9di\u00e9val autour de <i>La chanson de Guiguemar<\/i> \u00e0 19h.<\/p>\n<p class=\"x_gmail-MsoListParagraphCxSpMiddle\">o\u00a0\u00a0 Le 23 juin\u00a02024 : On se rassemble. Avec des troupes de th\u00e9\u00e2tre amateur des Vosges. Restitution publique \u00e0 17h.<\/p>\n<p class=\"x_gmail-MsoListParagraphCxSpMiddle\">o\u00a0\u00a0 Les 27, 28, 29 juin 2024 \u00e0 21h\u00a0: <i>L\u2019envers des mousses<\/i> spectacle d\u00e9ambulatoire \u00e0 la tomb\u00e9e de la nuit. La cr\u00e9ation 2023 de la compagnie Le Plateau Ivre. R\u00e9gion Grand Est. Th\u00e9\u00e2tre, magie, objet, musique, vid\u00e9os, installation. Repas th\u00e9matique sur les mousses \u00e0 19h + de 19h \u00e0 20h30 <i>Le r\u00e9veille des mousses <\/i>avec Chantal Laxenaire. Impromptus musicaux.<\/p>\n<p class=\"x_gmail-MsoListParagraphCxSpMiddle\">o\u00a0\u00a0 Le 7 juillet 2024\u00a0: \u00c0 17h\u00a0: <i>Caillasse<\/i>, Cie Le Guichet. R\u00e9gion Nouvelle Aquitaine. Clown gestuel et charabia. \u00c0 18h\u00a0: GO, atelier de th\u00e9\u00e2tre amateur de la Cie Le Plateau Ivre. Th\u00e9\u00e2tre. Puis \u00e0 21h\u00a0: <i>Le sanglier de Calydon <\/i>suivi de <i>Sing your song boy<\/i>, deux documentaires des r\u00e9alisateurs Tristan Bordmann et Massimo Nicolaci.<\/p>\n<p class=\"x_gmail-MsoListParagraphCxSpMiddle\">o\u00a0\u00a0 Le 12 juillet\u00a02024 : <i>FRIT\u00dc\u00dcR \u2013 Double cuisson, <\/i>Madame V\u00e9ro ASBL. Belgique. Chorale traditionnelle punk post v\u00e9g\u00e9taline. Ouverture de la friterie \u00e0 19h.<\/p>\n<p class=\"x_gmail-MsoListParagraphCxSpMiddle\">o\u00a0\u00a0 Le 13 juillet 2024\u00a0: \u00e0 18h\u00a0: <i>WAKE UP<\/i>, Cie Errancia. R\u00e9gion Grand Est. Cirque. Puis \u00e0 19h\u00a0: Ap\u00e9ro-magie, Cie Le Plateau Ivre. R\u00e9gion Grand Est. Magie.<\/p>\n<p class=\"x_gmail-MsoListParagraphCxSpMiddle\">o\u00a0\u00a0 Le 19 juillet\u00a02024 : \u00c0 18h\u00a0: Ap\u00e9ro-magie, Cie Le Plateau Ivre. R\u00e9gion Grand Est. Magie. puis \u00e0 20h\u00a0: <i>Une Suze et au lit<\/i>, Cie MAVRA. R\u00e9gion Grand-Est. Concert.<\/p>\n<p class=\"x_gmail-MsoListParagraphCxSpMiddle\">o\u00a0\u00a0 Le 20 juillet\u00a02024 <i>: \u00c0 18h\u00a0: Introspection<\/i>, Cie MAVRA. R\u00e9gion Grand-Est. Th\u00e9\u00e2tre, danse. Puis \u00e0 20h\u00a0: <i>Gwadalajara 86<\/i>, Cie MAVRA. R\u00e9gion Grand-Est. Foot cin\u00e9 concert.<\/p>\n<p class=\"x_gmail-MsoListParagraphCxSpMiddle\">o\u00a0\u00a0 Le 24 juillet 2024\u00a0\u00e0 20h30\u00a0: <i>Le Casque et l\u2019enclume<\/i>, Cie TAC Th\u00e9\u00e2tre. R\u00e9gion PACA. Vraie fausse \u00e9mission de radio en direct et en public.<\/p>\n<p class=\"x_gmail-MsoListParagraphCxSpMiddle\">o\u00a0\u00a0 Le 27 juillet\u00a02024 : 18h\u00a0: <i>\u00c9l\u00e9onore Fenster-Chansons sans gravit\u00e9<\/i>. S\u00e9gol\u00e8ne Neyroud. Belgique. Piano, voix. Puis \u00e0 20h30\u00a0: <i>Rumeur et petits jours<\/i>, Cie Le Raoul Collectif. Belgique. Th\u00e9\u00e2tre.<\/p>\n<p class=\"x_gmail-MsoListParagraphCxSpMiddle\">o\u00a0\u00a0 Le 28 juillet\u00a02024 \u00e0 18h : <i>La\u00efka<\/i>, Ascanio Celestini, David Murgia, Maurice Blanchy. Belgique. Th\u00e9\u00e2tre.<\/p>\n<p class=\"x_gmail-MsoListParagraphCxSpMiddle\">o\u00a0\u00a0 Le 2 ao\u00fbt\u00a02024 \u00e0 20h30 : <i>L\u2019amour m\u00e9decin<\/i>, Cie Le Gourbi Bleu. R\u00e9gion Grand-Est. Th\u00e9\u00e2tre.<\/p>\n<p class=\"x_gmail-MsoListParagraphCxSpLast\">o\u00a0\u00a0 Le 3 ao\u00fbt\u00a02024 \u00e0 2\u00e0h30 : <i>Crazy Caravane<\/i>, Cie des NAZ. R\u00e9gion Grand-Est. Escape game clownesque. + concert \u00e9lectro festif par le Cie des NAZ.<\/p>\n<p class=\"x_gmail-MsoListParagraphCxSpFirst\">Ateliers et stages\u00a0:<\/p>\n<p class=\"x_gmail-MsoListParagraphCxSpMiddle\">o\u00a0\u00a0 Samedi 13 juillet 2024\u00a0: Atelier \u00ab\u00a0th\u00e9\u00e2tre en famille ou entre amis\u00a0\u00bb avec la Cie Le Plateau Ivre.<\/p>\n<p class=\"x_gmail-MsoListParagraphCxSpMiddle\">o\u00a0\u00a0 Du lundi 22 juillet au jeudi 25 juillet 2024\u00a0: Stage de cr\u00e9ation th\u00e9\u00e2trale pour enfants, adolescents, adultes avec avec la Cie Le Plateau Ivre et \u00c9meline Touron, Julien Bernaud et Mohammad Al Shaikh Haidar.<\/p>\n<p class=\"x_gmail-MsoListParagraphCxSpMiddle\">o\u00a0\u00a0 Vendredi 26 juillet 2024\u00a0: Atelier th\u00e9\u00e2tre\u00a0: Construire un dialogue la Cie TAC Th\u00e9\u00e2tre et Cyril Cotinaut.<\/p>\n<p class=\"x_gmail-MsoListParagraphCxSpMiddle\">o\u00a0\u00a0 Dimanche 28 juillet 2024\u00a0: Atelier improvisation vocale et po\u00e9sie sonore avec S\u00e9gol\u00e8ne Neyroud.<\/p>\n<p class=\"x_gmail-MsoListParagraphCxSpMiddle\">Visites \/ Temps forts\u00a0:<\/p>\n<p class=\"x_gmail-MsoListParagraphCxSpMiddle\">o\u00a0\u00a0 Entre le 17 et le 25 juin 2024, sur r\u00e9servation, pour les groupes\u00a0: Visite guid\u00e9e du Th\u00e9\u00e2tre de Verdure. Cie Le Plateau Ivre.<\/p>\n<p class=\"x_gmail-MsoListParagraphCxSpMiddle\">o\u00a0\u00a0 Dimanche 23 juin 2024 de 11h \u00e0 20h\u00a0: Temps fort autour des pratiques amateurs. Pour les troupes des Vosges. Rencontre et sc\u00e8nes ouvertes sur inscription.<\/p>\n<p><strong>\u00a0<\/strong><\/p>\n","protected":false},"excerpt":{"rendered":"<p>&nbsp; Le Th\u00e9\u00e2tre de Verdure de Vagney f\u00eate ses 20 ans du 7 juin au 3 ao\u00fbt 2024. Un \u00e9v\u00e8nement [&hellip;]<\/p>\n","protected":false},"author":42,"featured_media":6354,"comment_status":"open","ping_status":"open","sticky":false,"template":"","format":"standard","meta":{"footnotes":""},"categories":[26,4,18],"tags":[447,1047],"class_list":["post-6353","post","type-post","status-publish","format-standard","has-post-thumbnail","hentry","category-a-la-une","category-culture","category-vosges","tag-plateau-ivre","tag-theatre-de-verdure"],"acf":[],"yoast_head":"<!-- This site is optimized with the Yoast SEO plugin v22.5 - https:\/\/yoast.com\/wordpress\/plugins\/seo\/ -->\n<title>20\u00e8me \u00e9dition de la saison estivale du Th\u00e9\u00e2tre de Verdure de la Cie Le Plateau Ivre - Remiremont Info<\/title>\n<meta name=\"robots\" content=\"index, follow, max-snippet:-1, max-image-preview:large, max-video-preview:-1\" \/>\n<link rel=\"canonical\" href=\"https:\/\/vosgesinfo.fr\/remiremontinfo\/?p=6353\" \/>\n<meta name=\"twitter:card\" content=\"summary_large_image\" \/>\n<meta name=\"twitter:title\" content=\"20\u00e8me \u00e9dition de la saison estivale du Th\u00e9\u00e2tre de Verdure de la Cie Le Plateau Ivre - Remiremont Info\" \/>\n<meta name=\"twitter:description\" content=\"&nbsp; Le Th\u00e9\u00e2tre de Verdure de Vagney f\u00eate ses 20 ans du 7 juin au 3 ao\u00fbt 2024. Un \u00e9v\u00e8nement [&hellip;]\" \/>\n<meta name=\"twitter:image\" content=\"https:\/\/vosgesinfo.fr\/app\/uploads\/sites\/5\/2024\/05\/theatre-de-verdure-bandeau2-20-ans-1024x536.jpg\" \/>\n<meta name=\"twitter:creator\" content=\"@VosgesInfo88\" \/>\n<meta name=\"twitter:site\" content=\"@VosgesInfo88\" \/>\n<meta name=\"twitter:label1\" content=\"\u00c9crit par\" \/>\n\t<meta name=\"twitter:data1\" content=\"QG\" \/>\n\t<meta name=\"twitter:label2\" content=\"Dur\u00e9e de lecture estim\u00e9e\" \/>\n\t<meta name=\"twitter:data2\" content=\"5 minutes\" \/>\n<script type=\"application\/ld+json\" class=\"yoast-schema-graph\">{\"@context\":\"https:\/\/schema.org\",\"@graph\":[{\"@type\":\"Article\",\"@id\":\"https:\/\/vosgesinfo.fr\/remiremontinfo\/?p=6353#article\",\"isPartOf\":{\"@id\":\"https:\/\/vosgesinfo.fr\/remiremontinfo\/?p=6353\"},\"author\":{\"name\":\"QG\",\"@id\":\"https:\/\/vosgesinfo.fr\/remiremontinfo\/#\/schema\/person\/db5605779a843dad16b5368f3e7613a5\"},\"headline\":\"20\u00e8me \u00e9dition de la saison estivale du Th\u00e9\u00e2tre de Verdure de la Cie Le Plateau Ivre\",\"datePublished\":\"2024-05-23T04:01:19+00:00\",\"dateModified\":\"2024-05-22T14:45:36+00:00\",\"mainEntityOfPage\":{\"@id\":\"https:\/\/vosgesinfo.fr\/remiremontinfo\/?p=6353\"},\"wordCount\":897,\"commentCount\":0,\"publisher\":{\"@id\":\"https:\/\/vosgesinfo.fr\/remiremontinfo\/#organization\"},\"image\":{\"@id\":\"https:\/\/vosgesinfo.fr\/remiremontinfo\/?p=6353#primaryimage\"},\"thumbnailUrl\":\"https:\/\/vosgesinfo.fr\/app\/uploads\/sites\/5\/2024\/05\/theatre-de-verdure-bandeau2-20-ans.jpg\",\"keywords\":[\"plateau ivre\",\"th\u00e9atre de verdure\"],\"articleSection\":[\"A la Une\",\"Culture\",\"Vosges\"],\"inLanguage\":\"fr-FR\",\"potentialAction\":[{\"@type\":\"CommentAction\",\"name\":\"Comment\",\"target\":[\"https:\/\/vosgesinfo.fr\/remiremontinfo\/?p=6353#respond\"]}]},{\"@type\":\"WebPage\",\"@id\":\"https:\/\/vosgesinfo.fr\/remiremontinfo\/?p=6353\",\"url\":\"https:\/\/vosgesinfo.fr\/remiremontinfo\/?p=6353\",\"name\":\"20\u00e8me \u00e9dition de la saison estivale du Th\u00e9\u00e2tre de Verdure de la Cie Le Plateau Ivre - Remiremont Info\",\"isPartOf\":{\"@id\":\"https:\/\/vosgesinfo.fr\/remiremontinfo\/#website\"},\"primaryImageOfPage\":{\"@id\":\"https:\/\/vosgesinfo.fr\/remiremontinfo\/?p=6353#primaryimage\"},\"image\":{\"@id\":\"https:\/\/vosgesinfo.fr\/remiremontinfo\/?p=6353#primaryimage\"},\"thumbnailUrl\":\"https:\/\/vosgesinfo.fr\/app\/uploads\/sites\/5\/2024\/05\/theatre-de-verdure-bandeau2-20-ans.jpg\",\"datePublished\":\"2024-05-23T04:01:19+00:00\",\"dateModified\":\"2024-05-22T14:45:36+00:00\",\"breadcrumb\":{\"@id\":\"https:\/\/vosgesinfo.fr\/remiremontinfo\/?p=6353#breadcrumb\"},\"inLanguage\":\"fr-FR\",\"potentialAction\":[{\"@type\":\"ReadAction\",\"target\":[\"https:\/\/vosgesinfo.fr\/remiremontinfo\/?p=6353\"]}]},{\"@type\":\"ImageObject\",\"inLanguage\":\"fr-FR\",\"@id\":\"https:\/\/vosgesinfo.fr\/remiremontinfo\/?p=6353#primaryimage\",\"url\":\"https:\/\/vosgesinfo.fr\/app\/uploads\/sites\/5\/2024\/05\/theatre-de-verdure-bandeau2-20-ans.jpg\",\"contentUrl\":\"https:\/\/vosgesinfo.fr\/app\/uploads\/sites\/5\/2024\/05\/theatre-de-verdure-bandeau2-20-ans.jpg\",\"width\":1200,\"height\":628},{\"@type\":\"BreadcrumbList\",\"@id\":\"https:\/\/vosgesinfo.fr\/remiremontinfo\/?p=6353#breadcrumb\",\"itemListElement\":[{\"@type\":\"ListItem\",\"position\":1,\"name\":\"Home\",\"item\":\"https:\/\/vosgesinfo.fr\/remiremontinfo\/\"},{\"@type\":\"ListItem\",\"position\":2,\"name\":\"20\u00e8me \u00e9dition de la saison estivale du Th\u00e9\u00e2tre de Verdure de la Cie Le Plateau Ivre\"}]},{\"@type\":\"WebSite\",\"@id\":\"https:\/\/vosgesinfo.fr\/remiremontinfo\/#website\",\"url\":\"https:\/\/vosgesinfo.fr\/remiremontinfo\/\",\"name\":\"Remiremont Info\",\"description\":\"Toute l&#039;actualit\u00e9 de Remiremont\",\"publisher\":{\"@id\":\"https:\/\/vosgesinfo.fr\/remiremontinfo\/#organization\"},\"alternateName\":\"Toute l'actualit\u00e9 de Remiremont\",\"potentialAction\":[{\"@type\":\"SearchAction\",\"target\":{\"@type\":\"EntryPoint\",\"urlTemplate\":\"https:\/\/vosgesinfo.fr\/remiremontinfo\/?s={search_term_string}\"},\"query-input\":\"required name=search_term_string\"}],\"inLanguage\":\"fr-FR\"},{\"@type\":\"Organization\",\"@id\":\"https:\/\/vosgesinfo.fr\/remiremontinfo\/#organization\",\"name\":\"Remiremont Info\",\"url\":\"https:\/\/vosgesinfo.fr\/remiremontinfo\/\",\"logo\":{\"@type\":\"ImageObject\",\"inLanguage\":\"fr-FR\",\"@id\":\"https:\/\/vosgesinfo.fr\/remiremontinfo\/#\/schema\/logo\/image\/\",\"url\":\"https:\/\/vosgesinfo.fr\/app\/uploads\/sites\/5\/2023\/08\/favicon-remiremontinfo.png\",\"contentUrl\":\"https:\/\/vosgesinfo.fr\/app\/uploads\/sites\/5\/2023\/08\/favicon-remiremontinfo.png\",\"width\":512,\"height\":512,\"caption\":\"Remiremont Info\"},\"image\":{\"@id\":\"https:\/\/vosgesinfo.fr\/remiremontinfo\/#\/schema\/logo\/image\/\"},\"sameAs\":[\"https:\/\/www.facebook.com\/remiremontinfo\",\"https:\/\/x.com\/VosgesInfo88\",\"https:\/\/www.youtube.com\/@vosgesinfo\"]},{\"@type\":\"Person\",\"@id\":\"https:\/\/vosgesinfo.fr\/remiremontinfo\/#\/schema\/person\/db5605779a843dad16b5368f3e7613a5\",\"name\":\"QG\",\"image\":{\"@type\":\"ImageObject\",\"inLanguage\":\"fr-FR\",\"@id\":\"https:\/\/vosgesinfo.fr\/remiremontinfo\/#\/schema\/person\/image\/\",\"url\":\"https:\/\/secure.gravatar.com\/avatar\/ea80c42c204b534408512832fde52504ecabb9706bcb6151cf6175e5b64e6793?s=96&d=mm&r=g\",\"contentUrl\":\"https:\/\/secure.gravatar.com\/avatar\/ea80c42c204b534408512832fde52504ecabb9706bcb6151cf6175e5b64e6793?s=96&d=mm&r=g\",\"caption\":\"QG\"},\"url\":\"https:\/\/vosgesinfo.fr\/remiremontinfo\/author\/quentin88\/\"}]}<\/script>\n<!-- \/ Yoast SEO plugin. -->","yoast_head_json":{"title":"20\u00e8me \u00e9dition de la saison estivale du Th\u00e9\u00e2tre de Verdure de la Cie Le Plateau Ivre - Remiremont Info","robots":{"index":"index","follow":"follow","max-snippet":"max-snippet:-1","max-image-preview":"max-image-preview:large","max-video-preview":"max-video-preview:-1"},"canonical":"https:\/\/vosgesinfo.fr\/remiremontinfo\/?p=6353","twitter_card":"summary_large_image","twitter_title":"20\u00e8me \u00e9dition de la saison estivale du Th\u00e9\u00e2tre de Verdure de la Cie Le Plateau Ivre - Remiremont Info","twitter_description":"&nbsp; Le Th\u00e9\u00e2tre de Verdure de Vagney f\u00eate ses 20 ans du 7 juin au 3 ao\u00fbt 2024. Un \u00e9v\u00e8nement [&hellip;]","twitter_image":"https:\/\/vosgesinfo.fr\/app\/uploads\/sites\/5\/2024\/05\/theatre-de-verdure-bandeau2-20-ans-1024x536.jpg","twitter_creator":"@VosgesInfo88","twitter_site":"@VosgesInfo88","twitter_misc":{"\u00c9crit par":"QG","Dur\u00e9e de lecture estim\u00e9e":"5 minutes"},"schema":{"@context":"https:\/\/schema.org","@graph":[{"@type":"Article","@id":"https:\/\/vosgesinfo.fr\/remiremontinfo\/?p=6353#article","isPartOf":{"@id":"https:\/\/vosgesinfo.fr\/remiremontinfo\/?p=6353"},"author":{"name":"QG","@id":"https:\/\/vosgesinfo.fr\/remiremontinfo\/#\/schema\/person\/db5605779a843dad16b5368f3e7613a5"},"headline":"20\u00e8me \u00e9dition de la saison estivale du Th\u00e9\u00e2tre de Verdure de la Cie Le Plateau Ivre","datePublished":"2024-05-23T04:01:19+00:00","dateModified":"2024-05-22T14:45:36+00:00","mainEntityOfPage":{"@id":"https:\/\/vosgesinfo.fr\/remiremontinfo\/?p=6353"},"wordCount":897,"commentCount":0,"publisher":{"@id":"https:\/\/vosgesinfo.fr\/remiremontinfo\/#organization"},"image":{"@id":"https:\/\/vosgesinfo.fr\/remiremontinfo\/?p=6353#primaryimage"},"thumbnailUrl":"https:\/\/vosgesinfo.fr\/app\/uploads\/sites\/5\/2024\/05\/theatre-de-verdure-bandeau2-20-ans.jpg","keywords":["plateau ivre","th\u00e9atre de verdure"],"articleSection":["A la Une","Culture","Vosges"],"inLanguage":"fr-FR","potentialAction":[{"@type":"CommentAction","name":"Comment","target":["https:\/\/vosgesinfo.fr\/remiremontinfo\/?p=6353#respond"]}]},{"@type":"WebPage","@id":"https:\/\/vosgesinfo.fr\/remiremontinfo\/?p=6353","url":"https:\/\/vosgesinfo.fr\/remiremontinfo\/?p=6353","name":"20\u00e8me \u00e9dition de la saison estivale du Th\u00e9\u00e2tre de Verdure de la Cie Le Plateau Ivre - Remiremont Info","isPartOf":{"@id":"https:\/\/vosgesinfo.fr\/remiremontinfo\/#website"},"primaryImageOfPage":{"@id":"https:\/\/vosgesinfo.fr\/remiremontinfo\/?p=6353#primaryimage"},"image":{"@id":"https:\/\/vosgesinfo.fr\/remiremontinfo\/?p=6353#primaryimage"},"thumbnailUrl":"https:\/\/vosgesinfo.fr\/app\/uploads\/sites\/5\/2024\/05\/theatre-de-verdure-bandeau2-20-ans.jpg","datePublished":"2024-05-23T04:01:19+00:00","dateModified":"2024-05-22T14:45:36+00:00","breadcrumb":{"@id":"https:\/\/vosgesinfo.fr\/remiremontinfo\/?p=6353#breadcrumb"},"inLanguage":"fr-FR","potentialAction":[{"@type":"ReadAction","target":["https:\/\/vosgesinfo.fr\/remiremontinfo\/?p=6353"]}]},{"@type":"ImageObject","inLanguage":"fr-FR","@id":"https:\/\/vosgesinfo.fr\/remiremontinfo\/?p=6353#primaryimage","url":"https:\/\/vosgesinfo.fr\/app\/uploads\/sites\/5\/2024\/05\/theatre-de-verdure-bandeau2-20-ans.jpg","contentUrl":"https:\/\/vosgesinfo.fr\/app\/uploads\/sites\/5\/2024\/05\/theatre-de-verdure-bandeau2-20-ans.jpg","width":1200,"height":628},{"@type":"BreadcrumbList","@id":"https:\/\/vosgesinfo.fr\/remiremontinfo\/?p=6353#breadcrumb","itemListElement":[{"@type":"ListItem","position":1,"name":"Home","item":"https:\/\/vosgesinfo.fr\/remiremontinfo\/"},{"@type":"ListItem","position":2,"name":"20\u00e8me \u00e9dition de la saison estivale du Th\u00e9\u00e2tre de Verdure de la Cie Le Plateau Ivre"}]},{"@type":"WebSite","@id":"https:\/\/vosgesinfo.fr\/remiremontinfo\/#website","url":"https:\/\/vosgesinfo.fr\/remiremontinfo\/","name":"Remiremont Info","description":"Toute l&#039;actualit\u00e9 de Remiremont","publisher":{"@id":"https:\/\/vosgesinfo.fr\/remiremontinfo\/#organization"},"alternateName":"Toute l'actualit\u00e9 de Remiremont","potentialAction":[{"@type":"SearchAction","target":{"@type":"EntryPoint","urlTemplate":"https:\/\/vosgesinfo.fr\/remiremontinfo\/?s={search_term_string}"},"query-input":"required name=search_term_string"}],"inLanguage":"fr-FR"},{"@type":"Organization","@id":"https:\/\/vosgesinfo.fr\/remiremontinfo\/#organization","name":"Remiremont Info","url":"https:\/\/vosgesinfo.fr\/remiremontinfo\/","logo":{"@type":"ImageObject","inLanguage":"fr-FR","@id":"https:\/\/vosgesinfo.fr\/remiremontinfo\/#\/schema\/logo\/image\/","url":"https:\/\/vosgesinfo.fr\/app\/uploads\/sites\/5\/2023\/08\/favicon-remiremontinfo.png","contentUrl":"https:\/\/vosgesinfo.fr\/app\/uploads\/sites\/5\/2023\/08\/favicon-remiremontinfo.png","width":512,"height":512,"caption":"Remiremont Info"},"image":{"@id":"https:\/\/vosgesinfo.fr\/remiremontinfo\/#\/schema\/logo\/image\/"},"sameAs":["https:\/\/www.facebook.com\/remiremontinfo","https:\/\/x.com\/VosgesInfo88","https:\/\/www.youtube.com\/@vosgesinfo"]},{"@type":"Person","@id":"https:\/\/vosgesinfo.fr\/remiremontinfo\/#\/schema\/person\/db5605779a843dad16b5368f3e7613a5","name":"QG","image":{"@type":"ImageObject","inLanguage":"fr-FR","@id":"https:\/\/vosgesinfo.fr\/remiremontinfo\/#\/schema\/person\/image\/","url":"https:\/\/secure.gravatar.com\/avatar\/ea80c42c204b534408512832fde52504ecabb9706bcb6151cf6175e5b64e6793?s=96&d=mm&r=g","contentUrl":"https:\/\/secure.gravatar.com\/avatar\/ea80c42c204b534408512832fde52504ecabb9706bcb6151cf6175e5b64e6793?s=96&d=mm&r=g","caption":"QG"},"url":"https:\/\/vosgesinfo.fr\/remiremontinfo\/author\/quentin88\/"}]}},"_links":{"self":[{"href":"https:\/\/vosgesinfo.fr\/remiremontinfo\/wp-json\/wp\/v2\/posts\/6353","targetHints":{"allow":["GET"]}}],"collection":[{"href":"https:\/\/vosgesinfo.fr\/remiremontinfo\/wp-json\/wp\/v2\/posts"}],"about":[{"href":"https:\/\/vosgesinfo.fr\/remiremontinfo\/wp-json\/wp\/v2\/types\/post"}],"author":[{"embeddable":true,"href":"https:\/\/vosgesinfo.fr\/remiremontinfo\/wp-json\/wp\/v2\/users\/42"}],"replies":[{"embeddable":true,"href":"https:\/\/vosgesinfo.fr\/remiremontinfo\/wp-json\/wp\/v2\/comments?post=6353"}],"version-history":[{"count":3,"href":"https:\/\/vosgesinfo.fr\/remiremontinfo\/wp-json\/wp\/v2\/posts\/6353\/revisions"}],"predecessor-version":[{"id":6481,"href":"https:\/\/vosgesinfo.fr\/remiremontinfo\/wp-json\/wp\/v2\/posts\/6353\/revisions\/6481"}],"wp:featuredmedia":[{"embeddable":true,"href":"https:\/\/vosgesinfo.fr\/remiremontinfo\/wp-json\/wp\/v2\/media\/6354"}],"wp:attachment":[{"href":"https:\/\/vosgesinfo.fr\/remiremontinfo\/wp-json\/wp\/v2\/media?parent=6353"}],"wp:term":[{"taxonomy":"category","embeddable":true,"href":"https:\/\/vosgesinfo.fr\/remiremontinfo\/wp-json\/wp\/v2\/categories?post=6353"},{"taxonomy":"post_tag","embeddable":true,"href":"https:\/\/vosgesinfo.fr\/remiremontinfo\/wp-json\/wp\/v2\/tags?post=6353"}],"curies":[{"name":"wp","href":"https:\/\/api.w.org\/{rel}","templated":true}]}}