{"id":63558,"date":"2022-10-21T07:15:02","date_gmt":"2022-10-21T05:15:02","guid":{"rendered":"https:\/\/vosgesinfo.fr\/remiremontinfo\/2022\/10\/vosges-stephane-brogniart-va-sortir-film-aventure-hohneck4808\/"},"modified":"2022-10-21T07:15:02","modified_gmt":"2022-10-21T05:15:02","slug":"vosges-stephane-brogniart-va-sortir-film-aventure-hohneck4808","status":"publish","type":"post","link":"https:\/\/vosgesinfo.fr\/remiremontinfo\/2022\/10\/vosges-stephane-brogniart-va-sortir-film-aventure-hohneck4808\/","title":{"rendered":"Vosges : St\u00e9phane Brogniart va sortir un film sur son aventure \u00ab Hohneck4808 \u00bb"},"content":{"rendered":"<h2><strong>Le 13 mai dernier, St\u00e9phane Brogniart \u00e9tait sur le sommet du Mont Blanc, point final de son d\u00e9fi \u00ab\u00a0Hohneck4808\u00a0\u00bb d\u00e9but\u00e9 le 2 mai pr\u00e9c\u00e9dent (<a href=\"https:\/\/saintdieinfo.fr\/2022\/05\/hohneck-4808-stephane-brogniart-sommet-mont-blanc\/\" target=\"_blank\" rel=\"noopener\">lire notre article<\/a>).<\/strong><\/h2>\n<p>Le postulat de ce d\u00e9fi \u00e9tait, sur le papier, des plus simples puisqu\u2019il s\u2019agissait pour l\u2019ultra-trailer et aventurier de rejoindre le plus haut sommet fran\u00e7ais, qui culmine \u00e0 4808m d\u2019altitude, au d\u00e9part du Hohneck\u2026 en allant tout droit, toujours tout droit, quels que soient les obstacles qui se dressaient sur son chemin. Le Vosgien s\u2019\u00e9tait impos\u00e9 comme autre contrainte de r\u00e9aliser ce d\u00e9fi seul, en autonomie, avec pr\u00e8s de 30kg de mat\u00e9riel sur le dos et en bivouaquant la nuit.<\/p>\n<p>De cette aventure d\u00e9coule un film, un court-m\u00e9trage sobrement intitul\u00e9 \u00ab\u00a0Hohneck4808\u00a0\u00bb, avec somme sous-titre \u00ab Jusqu\u2019o\u00f9 iriez vous pour r\u00e9aliser ce qui vous anime au plus profond de vous m\u00eame ? \u00bb. R\u00e9alis\u00e9 et mont\u00e9 par Joy Imbert, ce film raconte l\u2019histoire de cette aventure en solitaire d\u2019une dizaine de jours. Une aventure qui d\u00e9bute non pas \u00e0 l\u2019autre bout du monde, mais au pas d\u2019une porte dans les Vosges. \u00ab\u00a0Hohneck4808 avait clairement pour but de r\u00e9aliser un \u00e9v\u00e9nement remarqu\u00e9 remarquable pour exprimer ma \u00ab\u00a0cause noble\u00a0\u00bb du moment\u2026 Et surtout en profiter pour attirer l\u2019attention sur le fait qu\u2019il n\u2019est pas n\u00e9cessaire de consommer un tour de man\u00e8ge co\u00fbteux organis\u00e9 par d\u2019autres que vous pour assouvir cette notion de voyage\u2026\u00a0\u00bb explique St\u00e9phane Brogniart \u00e0 propos de son futur film, dont la date de sortie n\u2019a pas encore \u00e9t\u00e9 d\u00e9voil\u00e9e.<\/p>\n<p>\u00ab\u00a0Hohneck4808\u00a0\u00bb sera pr\u00e9sent\u00e9 en avant-premi\u00e8re \u00e0 Paris, le jeudi 27 octobre \u00e0 19h au magasin \u00ab\u00a0Au vieux campeur\u00a0\u00bb du 5e Arrondissement. D\u2019autres dates, dans les Vosges et ailleurs, sont \u00e0 venir. Pour l\u2019instant, une bande-annonce de 19 petites secondes a \u00e9t\u00e9 publi\u00e9e ce jeudi :<\/p>\n","protected":false},"excerpt":{"rendered":"<p>Le 13 mai dernier, St\u00e9phane Brogniart \u00e9tait sur le sommet du Mont Blanc, point final de son d\u00e9fi \u00ab\u00a0Hohneck4808\u00a0\u00bb d\u00e9but\u00e9 [&hellip;]<\/p>\n","protected":false},"author":407,"featured_media":63559,"comment_status":"open","ping_status":"open","sticky":false,"template":"","format":"standard","meta":{"footnotes":""},"categories":[26,14,18],"tags":[61,1678,32],"class_list":["post-63558","post","type-post","status-publish","format-standard","has-post-thumbnail","hentry","category-a-la-une","category-sport","category-vosges","tag-sport","tag-stephane-brogniart","tag-vosges"],"acf":[],"yoast_head":"<!-- This site is optimized with the Yoast SEO plugin v22.5 - https:\/\/yoast.com\/wordpress\/plugins\/seo\/ -->\n<title>Vosges : St\u00e9phane Brogniart va sortir un film sur son aventure \u00ab Hohneck4808 \u00bb - Remiremont Info<\/title>\n<meta name=\"robots\" content=\"index, follow, max-snippet:-1, max-image-preview:large, max-video-preview:-1\" \/>\n<link rel=\"canonical\" href=\"https:\/\/vosgesinfo.fr\/remiremontinfo\/2022\/10\/vosges-stephane-brogniart-va-sortir-film-aventure-hohneck4808\/\" \/>\n<meta name=\"twitter:card\" content=\"summary_large_image\" \/>\n<meta name=\"twitter:title\" content=\"Vosges : St\u00e9phane Brogniart va sortir un film sur son aventure \u00ab Hohneck4808 \u00bb - Remiremont Info\" \/>\n<meta name=\"twitter:description\" content=\"Le 13 mai dernier, St\u00e9phane Brogniart \u00e9tait sur le sommet du Mont Blanc, point final de son d\u00e9fi \u00ab\u00a0Hohneck4808\u00a0\u00bb d\u00e9but\u00e9 [&hellip;]\" \/>\n<meta name=\"twitter:image\" content=\"https:\/\/vosgesinfo.fr\/app\/uploads\/sites\/5\/2024\/09\/202210hohneck-4808-stephane-brogniart.jpg\" \/>\n<meta name=\"twitter:creator\" content=\"@VosgesInfo88\" \/>\n<meta name=\"twitter:site\" content=\"@VosgesInfo88\" \/>\n<meta name=\"twitter:label1\" content=\"\u00c9crit par\" \/>\n\t<meta name=\"twitter:data1\" content=\"C D\" \/>\n\t<meta name=\"twitter:label2\" content=\"Dur\u00e9e de lecture estim\u00e9e\" \/>\n\t<meta name=\"twitter:data2\" content=\"2 minutes\" \/>\n<script type=\"application\/ld+json\" class=\"yoast-schema-graph\">{\"@context\":\"https:\/\/schema.org\",\"@graph\":[{\"@type\":\"Article\",\"@id\":\"https:\/\/vosgesinfo.fr\/remiremontinfo\/2022\/10\/vosges-stephane-brogniart-va-sortir-film-aventure-hohneck4808\/#article\",\"isPartOf\":{\"@id\":\"https:\/\/vosgesinfo.fr\/remiremontinfo\/2022\/10\/vosges-stephane-brogniart-va-sortir-film-aventure-hohneck4808\/\"},\"author\":{\"name\":\"C D\",\"@id\":\"https:\/\/vosgesinfo.fr\/remiremontinfo\/#\/schema\/person\/3bfd164d5218a185b1db68655a265316\"},\"headline\":\"Vosges : St\u00e9phane Brogniart va sortir un film sur son aventure \u00ab Hohneck4808 \u00bb\",\"datePublished\":\"2022-10-21T05:15:02+00:00\",\"dateModified\":\"2022-10-21T05:15:02+00:00\",\"mainEntityOfPage\":{\"@id\":\"https:\/\/vosgesinfo.fr\/remiremontinfo\/2022\/10\/vosges-stephane-brogniart-va-sortir-film-aventure-hohneck4808\/\"},\"wordCount\":335,\"commentCount\":0,\"publisher\":{\"@id\":\"https:\/\/vosgesinfo.fr\/remiremontinfo\/#organization\"},\"image\":{\"@id\":\"https:\/\/vosgesinfo.fr\/remiremontinfo\/2022\/10\/vosges-stephane-brogniart-va-sortir-film-aventure-hohneck4808\/#primaryimage\"},\"thumbnailUrl\":\"https:\/\/vosgesinfo.fr\/app\/uploads\/sites\/5\/2024\/09\/202210hohneck-4808-stephane-brogniart.jpg\",\"keywords\":[\"sport\",\"stephane brogniart\",\"Vosges\"],\"articleSection\":[\"A la Une\",\"Sport\",\"Vosges\"],\"inLanguage\":\"fr-FR\",\"potentialAction\":[{\"@type\":\"CommentAction\",\"name\":\"Comment\",\"target\":[\"https:\/\/vosgesinfo.fr\/remiremontinfo\/2022\/10\/vosges-stephane-brogniart-va-sortir-film-aventure-hohneck4808\/#respond\"]}]},{\"@type\":\"WebPage\",\"@id\":\"https:\/\/vosgesinfo.fr\/remiremontinfo\/2022\/10\/vosges-stephane-brogniart-va-sortir-film-aventure-hohneck4808\/\",\"url\":\"https:\/\/vosgesinfo.fr\/remiremontinfo\/2022\/10\/vosges-stephane-brogniart-va-sortir-film-aventure-hohneck4808\/\",\"name\":\"Vosges : St\u00e9phane Brogniart va sortir un film sur son aventure \u00ab Hohneck4808 \u00bb - Remiremont Info\",\"isPartOf\":{\"@id\":\"https:\/\/vosgesinfo.fr\/remiremontinfo\/#website\"},\"primaryImageOfPage\":{\"@id\":\"https:\/\/vosgesinfo.fr\/remiremontinfo\/2022\/10\/vosges-stephane-brogniart-va-sortir-film-aventure-hohneck4808\/#primaryimage\"},\"image\":{\"@id\":\"https:\/\/vosgesinfo.fr\/remiremontinfo\/2022\/10\/vosges-stephane-brogniart-va-sortir-film-aventure-hohneck4808\/#primaryimage\"},\"thumbnailUrl\":\"https:\/\/vosgesinfo.fr\/app\/uploads\/sites\/5\/2024\/09\/202210hohneck-4808-stephane-brogniart.jpg\",\"datePublished\":\"2022-10-21T05:15:02+00:00\",\"dateModified\":\"2022-10-21T05:15:02+00:00\",\"breadcrumb\":{\"@id\":\"https:\/\/vosgesinfo.fr\/remiremontinfo\/2022\/10\/vosges-stephane-brogniart-va-sortir-film-aventure-hohneck4808\/#breadcrumb\"},\"inLanguage\":\"fr-FR\",\"potentialAction\":[{\"@type\":\"ReadAction\",\"target\":[\"https:\/\/vosgesinfo.fr\/remiremontinfo\/2022\/10\/vosges-stephane-brogniart-va-sortir-film-aventure-hohneck4808\/\"]}]},{\"@type\":\"ImageObject\",\"inLanguage\":\"fr-FR\",\"@id\":\"https:\/\/vosgesinfo.fr\/remiremontinfo\/2022\/10\/vosges-stephane-brogniart-va-sortir-film-aventure-hohneck4808\/#primaryimage\",\"url\":\"https:\/\/vosgesinfo.fr\/app\/uploads\/sites\/5\/2024\/09\/202210hohneck-4808-stephane-brogniart.jpg\",\"contentUrl\":\"https:\/\/vosgesinfo.fr\/app\/uploads\/sites\/5\/2024\/09\/202210hohneck-4808-stephane-brogniart.jpg\",\"width\":750,\"height\":1100},{\"@type\":\"BreadcrumbList\",\"@id\":\"https:\/\/vosgesinfo.fr\/remiremontinfo\/2022\/10\/vosges-stephane-brogniart-va-sortir-film-aventure-hohneck4808\/#breadcrumb\",\"itemListElement\":[{\"@type\":\"ListItem\",\"position\":1,\"name\":\"Home\",\"item\":\"https:\/\/vosgesinfo.fr\/remiremontinfo\/\"},{\"@type\":\"ListItem\",\"position\":2,\"name\":\"Vosges : St\u00e9phane Brogniart va sortir un film sur son aventure \u00ab Hohneck4808 \u00bb\"}]},{\"@type\":\"WebSite\",\"@id\":\"https:\/\/vosgesinfo.fr\/remiremontinfo\/#website\",\"url\":\"https:\/\/vosgesinfo.fr\/remiremontinfo\/\",\"name\":\"Remiremont Info\",\"description\":\"Toute l&#039;actualit\u00e9 de Remiremont\",\"publisher\":{\"@id\":\"https:\/\/vosgesinfo.fr\/remiremontinfo\/#organization\"},\"alternateName\":\"Toute l'actualit\u00e9 de Remiremont\",\"potentialAction\":[{\"@type\":\"SearchAction\",\"target\":{\"@type\":\"EntryPoint\",\"urlTemplate\":\"https:\/\/vosgesinfo.fr\/remiremontinfo\/?s={search_term_string}\"},\"query-input\":\"required name=search_term_string\"}],\"inLanguage\":\"fr-FR\"},{\"@type\":\"Organization\",\"@id\":\"https:\/\/vosgesinfo.fr\/remiremontinfo\/#organization\",\"name\":\"Remiremont Info\",\"url\":\"https:\/\/vosgesinfo.fr\/remiremontinfo\/\",\"logo\":{\"@type\":\"ImageObject\",\"inLanguage\":\"fr-FR\",\"@id\":\"https:\/\/vosgesinfo.fr\/remiremontinfo\/#\/schema\/logo\/image\/\",\"url\":\"https:\/\/vosgesinfo.fr\/app\/uploads\/sites\/5\/2023\/08\/favicon-remiremontinfo.png\",\"contentUrl\":\"https:\/\/vosgesinfo.fr\/app\/uploads\/sites\/5\/2023\/08\/favicon-remiremontinfo.png\",\"width\":512,\"height\":512,\"caption\":\"Remiremont Info\"},\"image\":{\"@id\":\"https:\/\/vosgesinfo.fr\/remiremontinfo\/#\/schema\/logo\/image\/\"},\"sameAs\":[\"https:\/\/www.facebook.com\/remiremontinfo\",\"https:\/\/x.com\/VosgesInfo88\",\"https:\/\/www.youtube.com\/@vosgesinfo\"]},{\"@type\":\"Person\",\"@id\":\"https:\/\/vosgesinfo.fr\/remiremontinfo\/#\/schema\/person\/3bfd164d5218a185b1db68655a265316\",\"name\":\"C D\",\"image\":{\"@type\":\"ImageObject\",\"inLanguage\":\"fr-FR\",\"@id\":\"https:\/\/vosgesinfo.fr\/remiremontinfo\/#\/schema\/person\/image\/\",\"url\":\"https:\/\/secure.gravatar.com\/avatar\/1f9a70007336511a47468b8f1c66f922b8b7cf617b02a31149ada43893a5d48f?s=96&d=mm&r=g\",\"contentUrl\":\"https:\/\/secure.gravatar.com\/avatar\/1f9a70007336511a47468b8f1c66f922b8b7cf617b02a31149ada43893a5d48f?s=96&d=mm&r=g\",\"caption\":\"C D\"},\"url\":\"https:\/\/vosgesinfo.fr\/remiremontinfo\/author\/cedric-drevet\/\"}]}<\/script>\n<!-- \/ Yoast SEO plugin. -->","yoast_head_json":{"title":"Vosges : St\u00e9phane Brogniart va sortir un film sur son aventure \u00ab Hohneck4808 \u00bb - Remiremont Info","robots":{"index":"index","follow":"follow","max-snippet":"max-snippet:-1","max-image-preview":"max-image-preview:large","max-video-preview":"max-video-preview:-1"},"canonical":"https:\/\/vosgesinfo.fr\/remiremontinfo\/2022\/10\/vosges-stephane-brogniart-va-sortir-film-aventure-hohneck4808\/","twitter_card":"summary_large_image","twitter_title":"Vosges : St\u00e9phane Brogniart va sortir un film sur son aventure \u00ab Hohneck4808 \u00bb - Remiremont Info","twitter_description":"Le 13 mai dernier, St\u00e9phane Brogniart \u00e9tait sur le sommet du Mont Blanc, point final de son d\u00e9fi \u00ab\u00a0Hohneck4808\u00a0\u00bb d\u00e9but\u00e9 [&hellip;]","twitter_image":"https:\/\/vosgesinfo.fr\/app\/uploads\/sites\/5\/2024\/09\/202210hohneck-4808-stephane-brogniart.jpg","twitter_creator":"@VosgesInfo88","twitter_site":"@VosgesInfo88","twitter_misc":{"\u00c9crit par":"C D","Dur\u00e9e de lecture estim\u00e9e":"2 minutes"},"schema":{"@context":"https:\/\/schema.org","@graph":[{"@type":"Article","@id":"https:\/\/vosgesinfo.fr\/remiremontinfo\/2022\/10\/vosges-stephane-brogniart-va-sortir-film-aventure-hohneck4808\/#article","isPartOf":{"@id":"https:\/\/vosgesinfo.fr\/remiremontinfo\/2022\/10\/vosges-stephane-brogniart-va-sortir-film-aventure-hohneck4808\/"},"author":{"name":"C D","@id":"https:\/\/vosgesinfo.fr\/remiremontinfo\/#\/schema\/person\/3bfd164d5218a185b1db68655a265316"},"headline":"Vosges : St\u00e9phane Brogniart va sortir un film sur son aventure \u00ab Hohneck4808 \u00bb","datePublished":"2022-10-21T05:15:02+00:00","dateModified":"2022-10-21T05:15:02+00:00","mainEntityOfPage":{"@id":"https:\/\/vosgesinfo.fr\/remiremontinfo\/2022\/10\/vosges-stephane-brogniart-va-sortir-film-aventure-hohneck4808\/"},"wordCount":335,"commentCount":0,"publisher":{"@id":"https:\/\/vosgesinfo.fr\/remiremontinfo\/#organization"},"image":{"@id":"https:\/\/vosgesinfo.fr\/remiremontinfo\/2022\/10\/vosges-stephane-brogniart-va-sortir-film-aventure-hohneck4808\/#primaryimage"},"thumbnailUrl":"https:\/\/vosgesinfo.fr\/app\/uploads\/sites\/5\/2024\/09\/202210hohneck-4808-stephane-brogniart.jpg","keywords":["sport","stephane brogniart","Vosges"],"articleSection":["A la Une","Sport","Vosges"],"inLanguage":"fr-FR","potentialAction":[{"@type":"CommentAction","name":"Comment","target":["https:\/\/vosgesinfo.fr\/remiremontinfo\/2022\/10\/vosges-stephane-brogniart-va-sortir-film-aventure-hohneck4808\/#respond"]}]},{"@type":"WebPage","@id":"https:\/\/vosgesinfo.fr\/remiremontinfo\/2022\/10\/vosges-stephane-brogniart-va-sortir-film-aventure-hohneck4808\/","url":"https:\/\/vosgesinfo.fr\/remiremontinfo\/2022\/10\/vosges-stephane-brogniart-va-sortir-film-aventure-hohneck4808\/","name":"Vosges : St\u00e9phane Brogniart va sortir un film sur son aventure \u00ab Hohneck4808 \u00bb - Remiremont Info","isPartOf":{"@id":"https:\/\/vosgesinfo.fr\/remiremontinfo\/#website"},"primaryImageOfPage":{"@id":"https:\/\/vosgesinfo.fr\/remiremontinfo\/2022\/10\/vosges-stephane-brogniart-va-sortir-film-aventure-hohneck4808\/#primaryimage"},"image":{"@id":"https:\/\/vosgesinfo.fr\/remiremontinfo\/2022\/10\/vosges-stephane-brogniart-va-sortir-film-aventure-hohneck4808\/#primaryimage"},"thumbnailUrl":"https:\/\/vosgesinfo.fr\/app\/uploads\/sites\/5\/2024\/09\/202210hohneck-4808-stephane-brogniart.jpg","datePublished":"2022-10-21T05:15:02+00:00","dateModified":"2022-10-21T05:15:02+00:00","breadcrumb":{"@id":"https:\/\/vosgesinfo.fr\/remiremontinfo\/2022\/10\/vosges-stephane-brogniart-va-sortir-film-aventure-hohneck4808\/#breadcrumb"},"inLanguage":"fr-FR","potentialAction":[{"@type":"ReadAction","target":["https:\/\/vosgesinfo.fr\/remiremontinfo\/2022\/10\/vosges-stephane-brogniart-va-sortir-film-aventure-hohneck4808\/"]}]},{"@type":"ImageObject","inLanguage":"fr-FR","@id":"https:\/\/vosgesinfo.fr\/remiremontinfo\/2022\/10\/vosges-stephane-brogniart-va-sortir-film-aventure-hohneck4808\/#primaryimage","url":"https:\/\/vosgesinfo.fr\/app\/uploads\/sites\/5\/2024\/09\/202210hohneck-4808-stephane-brogniart.jpg","contentUrl":"https:\/\/vosgesinfo.fr\/app\/uploads\/sites\/5\/2024\/09\/202210hohneck-4808-stephane-brogniart.jpg","width":750,"height":1100},{"@type":"BreadcrumbList","@id":"https:\/\/vosgesinfo.fr\/remiremontinfo\/2022\/10\/vosges-stephane-brogniart-va-sortir-film-aventure-hohneck4808\/#breadcrumb","itemListElement":[{"@type":"ListItem","position":1,"name":"Home","item":"https:\/\/vosgesinfo.fr\/remiremontinfo\/"},{"@type":"ListItem","position":2,"name":"Vosges : St\u00e9phane Brogniart va sortir un film sur son aventure \u00ab Hohneck4808 \u00bb"}]},{"@type":"WebSite","@id":"https:\/\/vosgesinfo.fr\/remiremontinfo\/#website","url":"https:\/\/vosgesinfo.fr\/remiremontinfo\/","name":"Remiremont Info","description":"Toute l&#039;actualit\u00e9 de Remiremont","publisher":{"@id":"https:\/\/vosgesinfo.fr\/remiremontinfo\/#organization"},"alternateName":"Toute l'actualit\u00e9 de Remiremont","potentialAction":[{"@type":"SearchAction","target":{"@type":"EntryPoint","urlTemplate":"https:\/\/vosgesinfo.fr\/remiremontinfo\/?s={search_term_string}"},"query-input":"required name=search_term_string"}],"inLanguage":"fr-FR"},{"@type":"Organization","@id":"https:\/\/vosgesinfo.fr\/remiremontinfo\/#organization","name":"Remiremont Info","url":"https:\/\/vosgesinfo.fr\/remiremontinfo\/","logo":{"@type":"ImageObject","inLanguage":"fr-FR","@id":"https:\/\/vosgesinfo.fr\/remiremontinfo\/#\/schema\/logo\/image\/","url":"https:\/\/vosgesinfo.fr\/app\/uploads\/sites\/5\/2023\/08\/favicon-remiremontinfo.png","contentUrl":"https:\/\/vosgesinfo.fr\/app\/uploads\/sites\/5\/2023\/08\/favicon-remiremontinfo.png","width":512,"height":512,"caption":"Remiremont Info"},"image":{"@id":"https:\/\/vosgesinfo.fr\/remiremontinfo\/#\/schema\/logo\/image\/"},"sameAs":["https:\/\/www.facebook.com\/remiremontinfo","https:\/\/x.com\/VosgesInfo88","https:\/\/www.youtube.com\/@vosgesinfo"]},{"@type":"Person","@id":"https:\/\/vosgesinfo.fr\/remiremontinfo\/#\/schema\/person\/3bfd164d5218a185b1db68655a265316","name":"C D","image":{"@type":"ImageObject","inLanguage":"fr-FR","@id":"https:\/\/vosgesinfo.fr\/remiremontinfo\/#\/schema\/person\/image\/","url":"https:\/\/secure.gravatar.com\/avatar\/1f9a70007336511a47468b8f1c66f922b8b7cf617b02a31149ada43893a5d48f?s=96&d=mm&r=g","contentUrl":"https:\/\/secure.gravatar.com\/avatar\/1f9a70007336511a47468b8f1c66f922b8b7cf617b02a31149ada43893a5d48f?s=96&d=mm&r=g","caption":"C D"},"url":"https:\/\/vosgesinfo.fr\/remiremontinfo\/author\/cedric-drevet\/"}]}},"_links":{"self":[{"href":"https:\/\/vosgesinfo.fr\/remiremontinfo\/wp-json\/wp\/v2\/posts\/63558","targetHints":{"allow":["GET"]}}],"collection":[{"href":"https:\/\/vosgesinfo.fr\/remiremontinfo\/wp-json\/wp\/v2\/posts"}],"about":[{"href":"https:\/\/vosgesinfo.fr\/remiremontinfo\/wp-json\/wp\/v2\/types\/post"}],"author":[{"embeddable":true,"href":"https:\/\/vosgesinfo.fr\/remiremontinfo\/wp-json\/wp\/v2\/users\/407"}],"replies":[{"embeddable":true,"href":"https:\/\/vosgesinfo.fr\/remiremontinfo\/wp-json\/wp\/v2\/comments?post=63558"}],"version-history":[{"count":0,"href":"https:\/\/vosgesinfo.fr\/remiremontinfo\/wp-json\/wp\/v2\/posts\/63558\/revisions"}],"wp:featuredmedia":[{"embeddable":true,"href":"https:\/\/vosgesinfo.fr\/remiremontinfo\/wp-json\/wp\/v2\/media\/63559"}],"wp:attachment":[{"href":"https:\/\/vosgesinfo.fr\/remiremontinfo\/wp-json\/wp\/v2\/media?parent=63558"}],"wp:term":[{"taxonomy":"category","embeddable":true,"href":"https:\/\/vosgesinfo.fr\/remiremontinfo\/wp-json\/wp\/v2\/categories?post=63558"},{"taxonomy":"post_tag","embeddable":true,"href":"https:\/\/vosgesinfo.fr\/remiremontinfo\/wp-json\/wp\/v2\/tags?post=63558"}],"curies":[{"name":"wp","href":"https:\/\/api.w.org\/{rel}","templated":true}]}}