{"id":63582,"date":"2022-10-21T07:45:50","date_gmt":"2022-10-21T05:45:50","guid":{"rendered":"https:\/\/vosgesinfo.fr\/remiremontinfo\/2022\/10\/vosges-paracetamol-rupture-de-stock-pharmacies\/"},"modified":"2022-10-21T07:45:50","modified_gmt":"2022-10-21T05:45:50","slug":"vosges-paracetamol-rupture-de-stock-pharmacies","status":"publish","type":"post","link":"https:\/\/vosgesinfo.fr\/remiremontinfo\/2022\/10\/vosges-paracetamol-rupture-de-stock-pharmacies\/","title":{"rendered":"Vosges : le parac\u00e9tamol en rupture de stock dans les pharmacies"},"content":{"rendered":"<h2>En ce moment la France fait face \u00e0 diff\u00e9rentes p\u00e9nuries dans l\u2019alimentation, mais aussi au niveau des m\u00e9dicaments. De nombreux m\u00e9dicaments manquent \u00e0 l\u2019appel depuis plusieurs mois, notamment le parac\u00e9tamol qui est en rupture de stock. Face au risque de p\u00e9nurie, l\u2019Agence nationale de s\u00e9curit\u00e9 du m\u00e9dicament et des produits de sant\u00e9 appelle \u00e0 mod\u00e9rer l\u2019utilisation du parac\u00e9tamol cet hiver.<\/h2>\n<p class=\"jsx-2528039925 jsx-3697945102 Title \" data-testid=\"txt-article-title\">Doliprane, Dafalgan, Efferalgan\u2026 les patients sont appel\u00e9s \u00e0 limiter leur consommation de parac\u00e9tamol cet hiver.\u00a0Pour \u00e9viter une p\u00e9nurie, l\u2019Agence nationale de s\u00e9curit\u00e9 du m\u00e9dicament\u00a0et des produits de sant\u00e9\u00a0(ANSM) a en effet pris des mesures strictes. Le parac\u00e9tamol conna\u00eet actuellement des difficult\u00e9s d\u2019approvisionnement li\u00e9es \u00e0 la saison hivernale et \u00e0 la huiti\u00e8me vague de Covid-19. Mais les\u00a0patients vont devoir limiter leur consommation de Doliprane et d\u2019Efferalgan cet hiver.<\/p>\n<p class=\"jsx-2528039925 jsx-3697945102 Title \" data-testid=\"txt-article-title\">Dans un communiqu\u00e9 publi\u00e9 ce mercredi, l\u2019Agence nationale de s\u00e9curit\u00e9 du m\u00e9dicament et des produits de sant\u00e9 (ANSM) appelle les pharmaciens, m\u00e9decins et patients \u00e0 mod\u00e9rer l\u2019utilisation de parac\u00e9tamol, afin de r\u00e9server ces m\u00e9dicaments\u00a0aux patients qui en ont le plus besoin.<\/p>\n<p class=\"jsx-2528039925 jsx-3697945102 Title \" data-testid=\"txt-article-title\"><em>\u00c0 l\u2019approche de la saison hivernale et en p\u00e9riode de\u00a0<\/em><em>reprise de l\u2019\u00e9pid\u00e9mie de Covid-19<\/em><em>, l\u2019ANSM, le Coll\u00e8ge de la m\u00e9decine g\u00e9n\u00e9rale (CMG) et les syndicats de pharmaciens (FSPF et USPO) formulent des recommandations afin de mod\u00e9rer l\u2019utilisation de\u00a0<\/em><em>parac\u00e9tamol<\/em><em>\u00a0et permettre ainsi aux patients qui ont un besoin imm\u00e9diat de pouvoir en b\u00e9n\u00e9ficier<\/em>\u00ab\u00a0, \u00e9crit l\u2019ANSM.<\/p>\n<h3 class=\"jsx-2528039925 jsx-3697945102 Title \" data-testid=\"txt-article-title\">2 bo\u00eetes par patient<\/h3>\n<p class=\"jsx-2528039925 jsx-3697945102 Title \" data-testid=\"txt-article-title\">L\u2019agence demande aux pharmaciens de restreindre la dispensation \u00ab\u00a0<em>\u00e0 deux bo\u00eetes par patient<\/em>\u00a0\u00bb en l\u2019absence de prescription, et de privil\u00e9gier la dispensation sur ordonnance. L\u2019ANSM souhaite aussi limiter la vente en ligne de parac\u00e9tamol et demande aux m\u00e9decins d\u2019\u00e9viter de prescrire du parac\u00e9tamol aux patients qui n\u2019en ont pas un besoin imm\u00e9diat.<\/p>\n<p class=\"jsx-2528039925 jsx-3697945102 Title \" data-testid=\"txt-article-title\">C.K.N.<\/p>\n","protected":false},"excerpt":{"rendered":"<p>En ce moment la France fait face \u00e0 diff\u00e9rentes p\u00e9nuries dans l\u2019alimentation, mais aussi au niveau des m\u00e9dicaments. De nombreux [&hellip;]<\/p>\n","protected":false},"author":407,"featured_media":63583,"comment_status":"open","ping_status":"open","sticky":false,"template":"","format":"standard","meta":{"footnotes":""},"categories":[26,12,18],"tags":[4909,2443,32],"class_list":["post-63582","post","type-post","status-publish","format-standard","has-post-thumbnail","hentry","category-a-la-une","category-sante","category-vosges","tag-paracetamol","tag-pharmacie","tag-vosges"],"acf":[],"yoast_head":"<!-- This site is optimized with the Yoast SEO plugin v22.5 - https:\/\/yoast.com\/wordpress\/plugins\/seo\/ -->\n<title>Vosges : le parac\u00e9tamol en rupture de stock dans les pharmacies - Remiremont Info<\/title>\n<meta name=\"robots\" content=\"index, follow, max-snippet:-1, max-image-preview:large, max-video-preview:-1\" \/>\n<link rel=\"canonical\" href=\"https:\/\/vosgesinfo.fr\/remiremontinfo\/2022\/10\/vosges-paracetamol-rupture-de-stock-pharmacies\/\" \/>\n<meta name=\"twitter:card\" content=\"summary_large_image\" \/>\n<meta name=\"twitter:title\" content=\"Vosges : le parac\u00e9tamol en rupture de stock dans les pharmacies - Remiremont Info\" \/>\n<meta name=\"twitter:description\" content=\"En ce moment la France fait face \u00e0 diff\u00e9rentes p\u00e9nuries dans l\u2019alimentation, mais aussi au niveau des m\u00e9dicaments. De nombreux [&hellip;]\" \/>\n<meta name=\"twitter:image\" content=\"https:\/\/vosgesinfo.fr\/app\/uploads\/sites\/5\/2024\/09\/202210p1640588.jpg\" \/>\n<meta name=\"twitter:creator\" content=\"@VosgesInfo88\" \/>\n<meta name=\"twitter:site\" content=\"@VosgesInfo88\" \/>\n<meta name=\"twitter:label1\" content=\"\u00c9crit par\" \/>\n\t<meta name=\"twitter:data1\" content=\"C D\" \/>\n\t<meta name=\"twitter:label2\" content=\"Dur\u00e9e de lecture estim\u00e9e\" \/>\n\t<meta name=\"twitter:data2\" content=\"2 minutes\" \/>\n<script type=\"application\/ld+json\" class=\"yoast-schema-graph\">{\"@context\":\"https:\/\/schema.org\",\"@graph\":[{\"@type\":\"Article\",\"@id\":\"https:\/\/vosgesinfo.fr\/remiremontinfo\/2022\/10\/vosges-paracetamol-rupture-de-stock-pharmacies\/#article\",\"isPartOf\":{\"@id\":\"https:\/\/vosgesinfo.fr\/remiremontinfo\/2022\/10\/vosges-paracetamol-rupture-de-stock-pharmacies\/\"},\"author\":{\"name\":\"C D\",\"@id\":\"https:\/\/vosgesinfo.fr\/remiremontinfo\/#\/schema\/person\/3bfd164d5218a185b1db68655a265316\"},\"headline\":\"Vosges : le parac\u00e9tamol en rupture de stock dans les pharmacies\",\"datePublished\":\"2022-10-21T05:45:50+00:00\",\"dateModified\":\"2022-10-21T05:45:50+00:00\",\"mainEntityOfPage\":{\"@id\":\"https:\/\/vosgesinfo.fr\/remiremontinfo\/2022\/10\/vosges-paracetamol-rupture-de-stock-pharmacies\/\"},\"wordCount\":353,\"commentCount\":0,\"publisher\":{\"@id\":\"https:\/\/vosgesinfo.fr\/remiremontinfo\/#organization\"},\"image\":{\"@id\":\"https:\/\/vosgesinfo.fr\/remiremontinfo\/2022\/10\/vosges-paracetamol-rupture-de-stock-pharmacies\/#primaryimage\"},\"thumbnailUrl\":\"https:\/\/vosgesinfo.fr\/app\/uploads\/sites\/5\/2024\/09\/202210p1640588.jpg\",\"keywords\":[\"parac\u00e9tamol\",\"pharmacie\",\"Vosges\"],\"articleSection\":[\"A la Une\",\"Sant\u00e9\",\"Vosges\"],\"inLanguage\":\"fr-FR\",\"potentialAction\":[{\"@type\":\"CommentAction\",\"name\":\"Comment\",\"target\":[\"https:\/\/vosgesinfo.fr\/remiremontinfo\/2022\/10\/vosges-paracetamol-rupture-de-stock-pharmacies\/#respond\"]}]},{\"@type\":\"WebPage\",\"@id\":\"https:\/\/vosgesinfo.fr\/remiremontinfo\/2022\/10\/vosges-paracetamol-rupture-de-stock-pharmacies\/\",\"url\":\"https:\/\/vosgesinfo.fr\/remiremontinfo\/2022\/10\/vosges-paracetamol-rupture-de-stock-pharmacies\/\",\"name\":\"Vosges : le parac\u00e9tamol en rupture de stock dans les pharmacies - Remiremont Info\",\"isPartOf\":{\"@id\":\"https:\/\/vosgesinfo.fr\/remiremontinfo\/#website\"},\"primaryImageOfPage\":{\"@id\":\"https:\/\/vosgesinfo.fr\/remiremontinfo\/2022\/10\/vosges-paracetamol-rupture-de-stock-pharmacies\/#primaryimage\"},\"image\":{\"@id\":\"https:\/\/vosgesinfo.fr\/remiremontinfo\/2022\/10\/vosges-paracetamol-rupture-de-stock-pharmacies\/#primaryimage\"},\"thumbnailUrl\":\"https:\/\/vosgesinfo.fr\/app\/uploads\/sites\/5\/2024\/09\/202210p1640588.jpg\",\"datePublished\":\"2022-10-21T05:45:50+00:00\",\"dateModified\":\"2022-10-21T05:45:50+00:00\",\"breadcrumb\":{\"@id\":\"https:\/\/vosgesinfo.fr\/remiremontinfo\/2022\/10\/vosges-paracetamol-rupture-de-stock-pharmacies\/#breadcrumb\"},\"inLanguage\":\"fr-FR\",\"potentialAction\":[{\"@type\":\"ReadAction\",\"target\":[\"https:\/\/vosgesinfo.fr\/remiremontinfo\/2022\/10\/vosges-paracetamol-rupture-de-stock-pharmacies\/\"]}]},{\"@type\":\"ImageObject\",\"inLanguage\":\"fr-FR\",\"@id\":\"https:\/\/vosgesinfo.fr\/remiremontinfo\/2022\/10\/vosges-paracetamol-rupture-de-stock-pharmacies\/#primaryimage\",\"url\":\"https:\/\/vosgesinfo.fr\/app\/uploads\/sites\/5\/2024\/09\/202210p1640588.jpg\",\"contentUrl\":\"https:\/\/vosgesinfo.fr\/app\/uploads\/sites\/5\/2024\/09\/202210p1640588.jpg\",\"width\":800,\"height\":600},{\"@type\":\"BreadcrumbList\",\"@id\":\"https:\/\/vosgesinfo.fr\/remiremontinfo\/2022\/10\/vosges-paracetamol-rupture-de-stock-pharmacies\/#breadcrumb\",\"itemListElement\":[{\"@type\":\"ListItem\",\"position\":1,\"name\":\"Home\",\"item\":\"https:\/\/vosgesinfo.fr\/remiremontinfo\/\"},{\"@type\":\"ListItem\",\"position\":2,\"name\":\"Vosges : le parac\u00e9tamol en rupture de stock dans les pharmacies\"}]},{\"@type\":\"WebSite\",\"@id\":\"https:\/\/vosgesinfo.fr\/remiremontinfo\/#website\",\"url\":\"https:\/\/vosgesinfo.fr\/remiremontinfo\/\",\"name\":\"Remiremont Info\",\"description\":\"Toute l&#039;actualit\u00e9 de Remiremont\",\"publisher\":{\"@id\":\"https:\/\/vosgesinfo.fr\/remiremontinfo\/#organization\"},\"alternateName\":\"Toute l'actualit\u00e9 de Remiremont\",\"potentialAction\":[{\"@type\":\"SearchAction\",\"target\":{\"@type\":\"EntryPoint\",\"urlTemplate\":\"https:\/\/vosgesinfo.fr\/remiremontinfo\/?s={search_term_string}\"},\"query-input\":\"required name=search_term_string\"}],\"inLanguage\":\"fr-FR\"},{\"@type\":\"Organization\",\"@id\":\"https:\/\/vosgesinfo.fr\/remiremontinfo\/#organization\",\"name\":\"Remiremont Info\",\"url\":\"https:\/\/vosgesinfo.fr\/remiremontinfo\/\",\"logo\":{\"@type\":\"ImageObject\",\"inLanguage\":\"fr-FR\",\"@id\":\"https:\/\/vosgesinfo.fr\/remiremontinfo\/#\/schema\/logo\/image\/\",\"url\":\"https:\/\/vosgesinfo.fr\/app\/uploads\/sites\/5\/2023\/08\/favicon-remiremontinfo.png\",\"contentUrl\":\"https:\/\/vosgesinfo.fr\/app\/uploads\/sites\/5\/2023\/08\/favicon-remiremontinfo.png\",\"width\":512,\"height\":512,\"caption\":\"Remiremont Info\"},\"image\":{\"@id\":\"https:\/\/vosgesinfo.fr\/remiremontinfo\/#\/schema\/logo\/image\/\"},\"sameAs\":[\"https:\/\/www.facebook.com\/remiremontinfo\",\"https:\/\/x.com\/VosgesInfo88\",\"https:\/\/www.youtube.com\/@vosgesinfo\"]},{\"@type\":\"Person\",\"@id\":\"https:\/\/vosgesinfo.fr\/remiremontinfo\/#\/schema\/person\/3bfd164d5218a185b1db68655a265316\",\"name\":\"C D\",\"image\":{\"@type\":\"ImageObject\",\"inLanguage\":\"fr-FR\",\"@id\":\"https:\/\/vosgesinfo.fr\/remiremontinfo\/#\/schema\/person\/image\/\",\"url\":\"https:\/\/secure.gravatar.com\/avatar\/1f9a70007336511a47468b8f1c66f922b8b7cf617b02a31149ada43893a5d48f?s=96&d=mm&r=g\",\"contentUrl\":\"https:\/\/secure.gravatar.com\/avatar\/1f9a70007336511a47468b8f1c66f922b8b7cf617b02a31149ada43893a5d48f?s=96&d=mm&r=g\",\"caption\":\"C D\"},\"url\":\"https:\/\/vosgesinfo.fr\/remiremontinfo\/author\/cedric-drevet\/\"}]}<\/script>\n<!-- \/ Yoast SEO plugin. -->","yoast_head_json":{"title":"Vosges : le parac\u00e9tamol en rupture de stock dans les pharmacies - Remiremont Info","robots":{"index":"index","follow":"follow","max-snippet":"max-snippet:-1","max-image-preview":"max-image-preview:large","max-video-preview":"max-video-preview:-1"},"canonical":"https:\/\/vosgesinfo.fr\/remiremontinfo\/2022\/10\/vosges-paracetamol-rupture-de-stock-pharmacies\/","twitter_card":"summary_large_image","twitter_title":"Vosges : le parac\u00e9tamol en rupture de stock dans les pharmacies - Remiremont Info","twitter_description":"En ce moment la France fait face \u00e0 diff\u00e9rentes p\u00e9nuries dans l\u2019alimentation, mais aussi au niveau des m\u00e9dicaments. De nombreux [&hellip;]","twitter_image":"https:\/\/vosgesinfo.fr\/app\/uploads\/sites\/5\/2024\/09\/202210p1640588.jpg","twitter_creator":"@VosgesInfo88","twitter_site":"@VosgesInfo88","twitter_misc":{"\u00c9crit par":"C D","Dur\u00e9e de lecture estim\u00e9e":"2 minutes"},"schema":{"@context":"https:\/\/schema.org","@graph":[{"@type":"Article","@id":"https:\/\/vosgesinfo.fr\/remiremontinfo\/2022\/10\/vosges-paracetamol-rupture-de-stock-pharmacies\/#article","isPartOf":{"@id":"https:\/\/vosgesinfo.fr\/remiremontinfo\/2022\/10\/vosges-paracetamol-rupture-de-stock-pharmacies\/"},"author":{"name":"C D","@id":"https:\/\/vosgesinfo.fr\/remiremontinfo\/#\/schema\/person\/3bfd164d5218a185b1db68655a265316"},"headline":"Vosges : le parac\u00e9tamol en rupture de stock dans les pharmacies","datePublished":"2022-10-21T05:45:50+00:00","dateModified":"2022-10-21T05:45:50+00:00","mainEntityOfPage":{"@id":"https:\/\/vosgesinfo.fr\/remiremontinfo\/2022\/10\/vosges-paracetamol-rupture-de-stock-pharmacies\/"},"wordCount":353,"commentCount":0,"publisher":{"@id":"https:\/\/vosgesinfo.fr\/remiremontinfo\/#organization"},"image":{"@id":"https:\/\/vosgesinfo.fr\/remiremontinfo\/2022\/10\/vosges-paracetamol-rupture-de-stock-pharmacies\/#primaryimage"},"thumbnailUrl":"https:\/\/vosgesinfo.fr\/app\/uploads\/sites\/5\/2024\/09\/202210p1640588.jpg","keywords":["parac\u00e9tamol","pharmacie","Vosges"],"articleSection":["A la Une","Sant\u00e9","Vosges"],"inLanguage":"fr-FR","potentialAction":[{"@type":"CommentAction","name":"Comment","target":["https:\/\/vosgesinfo.fr\/remiremontinfo\/2022\/10\/vosges-paracetamol-rupture-de-stock-pharmacies\/#respond"]}]},{"@type":"WebPage","@id":"https:\/\/vosgesinfo.fr\/remiremontinfo\/2022\/10\/vosges-paracetamol-rupture-de-stock-pharmacies\/","url":"https:\/\/vosgesinfo.fr\/remiremontinfo\/2022\/10\/vosges-paracetamol-rupture-de-stock-pharmacies\/","name":"Vosges : le parac\u00e9tamol en rupture de stock dans les pharmacies - Remiremont Info","isPartOf":{"@id":"https:\/\/vosgesinfo.fr\/remiremontinfo\/#website"},"primaryImageOfPage":{"@id":"https:\/\/vosgesinfo.fr\/remiremontinfo\/2022\/10\/vosges-paracetamol-rupture-de-stock-pharmacies\/#primaryimage"},"image":{"@id":"https:\/\/vosgesinfo.fr\/remiremontinfo\/2022\/10\/vosges-paracetamol-rupture-de-stock-pharmacies\/#primaryimage"},"thumbnailUrl":"https:\/\/vosgesinfo.fr\/app\/uploads\/sites\/5\/2024\/09\/202210p1640588.jpg","datePublished":"2022-10-21T05:45:50+00:00","dateModified":"2022-10-21T05:45:50+00:00","breadcrumb":{"@id":"https:\/\/vosgesinfo.fr\/remiremontinfo\/2022\/10\/vosges-paracetamol-rupture-de-stock-pharmacies\/#breadcrumb"},"inLanguage":"fr-FR","potentialAction":[{"@type":"ReadAction","target":["https:\/\/vosgesinfo.fr\/remiremontinfo\/2022\/10\/vosges-paracetamol-rupture-de-stock-pharmacies\/"]}]},{"@type":"ImageObject","inLanguage":"fr-FR","@id":"https:\/\/vosgesinfo.fr\/remiremontinfo\/2022\/10\/vosges-paracetamol-rupture-de-stock-pharmacies\/#primaryimage","url":"https:\/\/vosgesinfo.fr\/app\/uploads\/sites\/5\/2024\/09\/202210p1640588.jpg","contentUrl":"https:\/\/vosgesinfo.fr\/app\/uploads\/sites\/5\/2024\/09\/202210p1640588.jpg","width":800,"height":600},{"@type":"BreadcrumbList","@id":"https:\/\/vosgesinfo.fr\/remiremontinfo\/2022\/10\/vosges-paracetamol-rupture-de-stock-pharmacies\/#breadcrumb","itemListElement":[{"@type":"ListItem","position":1,"name":"Home","item":"https:\/\/vosgesinfo.fr\/remiremontinfo\/"},{"@type":"ListItem","position":2,"name":"Vosges : le parac\u00e9tamol en rupture de stock dans les pharmacies"}]},{"@type":"WebSite","@id":"https:\/\/vosgesinfo.fr\/remiremontinfo\/#website","url":"https:\/\/vosgesinfo.fr\/remiremontinfo\/","name":"Remiremont Info","description":"Toute l&#039;actualit\u00e9 de Remiremont","publisher":{"@id":"https:\/\/vosgesinfo.fr\/remiremontinfo\/#organization"},"alternateName":"Toute l'actualit\u00e9 de Remiremont","potentialAction":[{"@type":"SearchAction","target":{"@type":"EntryPoint","urlTemplate":"https:\/\/vosgesinfo.fr\/remiremontinfo\/?s={search_term_string}"},"query-input":"required name=search_term_string"}],"inLanguage":"fr-FR"},{"@type":"Organization","@id":"https:\/\/vosgesinfo.fr\/remiremontinfo\/#organization","name":"Remiremont Info","url":"https:\/\/vosgesinfo.fr\/remiremontinfo\/","logo":{"@type":"ImageObject","inLanguage":"fr-FR","@id":"https:\/\/vosgesinfo.fr\/remiremontinfo\/#\/schema\/logo\/image\/","url":"https:\/\/vosgesinfo.fr\/app\/uploads\/sites\/5\/2023\/08\/favicon-remiremontinfo.png","contentUrl":"https:\/\/vosgesinfo.fr\/app\/uploads\/sites\/5\/2023\/08\/favicon-remiremontinfo.png","width":512,"height":512,"caption":"Remiremont Info"},"image":{"@id":"https:\/\/vosgesinfo.fr\/remiremontinfo\/#\/schema\/logo\/image\/"},"sameAs":["https:\/\/www.facebook.com\/remiremontinfo","https:\/\/x.com\/VosgesInfo88","https:\/\/www.youtube.com\/@vosgesinfo"]},{"@type":"Person","@id":"https:\/\/vosgesinfo.fr\/remiremontinfo\/#\/schema\/person\/3bfd164d5218a185b1db68655a265316","name":"C D","image":{"@type":"ImageObject","inLanguage":"fr-FR","@id":"https:\/\/vosgesinfo.fr\/remiremontinfo\/#\/schema\/person\/image\/","url":"https:\/\/secure.gravatar.com\/avatar\/1f9a70007336511a47468b8f1c66f922b8b7cf617b02a31149ada43893a5d48f?s=96&d=mm&r=g","contentUrl":"https:\/\/secure.gravatar.com\/avatar\/1f9a70007336511a47468b8f1c66f922b8b7cf617b02a31149ada43893a5d48f?s=96&d=mm&r=g","caption":"C D"},"url":"https:\/\/vosgesinfo.fr\/remiremontinfo\/author\/cedric-drevet\/"}]}},"_links":{"self":[{"href":"https:\/\/vosgesinfo.fr\/remiremontinfo\/wp-json\/wp\/v2\/posts\/63582","targetHints":{"allow":["GET"]}}],"collection":[{"href":"https:\/\/vosgesinfo.fr\/remiremontinfo\/wp-json\/wp\/v2\/posts"}],"about":[{"href":"https:\/\/vosgesinfo.fr\/remiremontinfo\/wp-json\/wp\/v2\/types\/post"}],"author":[{"embeddable":true,"href":"https:\/\/vosgesinfo.fr\/remiremontinfo\/wp-json\/wp\/v2\/users\/407"}],"replies":[{"embeddable":true,"href":"https:\/\/vosgesinfo.fr\/remiremontinfo\/wp-json\/wp\/v2\/comments?post=63582"}],"version-history":[{"count":0,"href":"https:\/\/vosgesinfo.fr\/remiremontinfo\/wp-json\/wp\/v2\/posts\/63582\/revisions"}],"wp:featuredmedia":[{"embeddable":true,"href":"https:\/\/vosgesinfo.fr\/remiremontinfo\/wp-json\/wp\/v2\/media\/63583"}],"wp:attachment":[{"href":"https:\/\/vosgesinfo.fr\/remiremontinfo\/wp-json\/wp\/v2\/media?parent=63582"}],"wp:term":[{"taxonomy":"category","embeddable":true,"href":"https:\/\/vosgesinfo.fr\/remiremontinfo\/wp-json\/wp\/v2\/categories?post=63582"},{"taxonomy":"post_tag","embeddable":true,"href":"https:\/\/vosgesinfo.fr\/remiremontinfo\/wp-json\/wp\/v2\/tags?post=63582"}],"curies":[{"name":"wp","href":"https:\/\/api.w.org\/{rel}","templated":true}]}}