{"id":63584,"date":"2022-10-21T10:41:57","date_gmt":"2022-10-21T08:41:57","guid":{"rendered":"https:\/\/vosgesinfo.fr\/remiremontinfo\/2022\/10\/equitation-julie-gerardin-8e-aux-championnats-de-france-dendurance\/"},"modified":"2022-10-21T10:41:57","modified_gmt":"2022-10-21T08:41:57","slug":"equitation-julie-gerardin-8e-aux-championnats-de-france-dendurance","status":"publish","type":"post","link":"https:\/\/vosgesinfo.fr\/remiremontinfo\/2022\/10\/equitation-julie-gerardin-8e-aux-championnats-de-france-dendurance\/","title":{"rendered":"Equitation &#8211; Julie Gerardin 8e aux championnats de France d&rsquo;endurance"},"content":{"rendered":"<p><a href=\"\/2022\/10\/received_838329807361981.jpeg\"><img decoding=\"async\" class=\"aligncenter size-large wp-image-356345\" src=\"\/2022\/10\/received_838329807361981-1024x768.jpeg\" alt=\"received_838329807361981\" width=\"960\" height=\"720\" \/><\/a><\/p>\n<p><strong>La cavali\u00e8re ajolaise Julie Gerardin, a r\u00e9alis\u00e9 une superbe performance et sign\u00e9 une 8eme place au le championnat de France d&rsquo;endurance \u00e9questre 120km \u00e0 Fontainebleau la semaine derni\u00e8re. Une r\u00e9ussite qu\u2019elle partage avec son compagnon Abel et tous ceux qui l&rsquo;entourent lors de ses entra\u00eenements.<\/strong><\/p>\n<p>Apr\u00e8s des mois d\u2019entra\u00eenements aux alentours de son domicile,\u00a0Julie\u00a0Gerardin\u00a0et son cheval Abel ont r\u00e9ussi \u00e0 s\u2019illustrer sur un plateau tr\u00e8s relev\u00e9 \u00e0 Fontainebleau lors d\u2019une comp\u00e9tition deux \u00e9toiles avec des comp\u00e9titeurs internationaux. \u00ab\u00a0 Cette 8<sup>e<\/sup> place en championnat de France est un bon classement face \u00e0 une concurrence internationale\u00a0\u00bb.<\/p>\n<p>Une r\u00e9ussite qui s\u2019inscrit dans la continuit\u00e9 d\u2019un entra\u00eenement sur de nombreuses ann\u00e9es de complicit\u00e9. \u00ab\u00a0On a pass\u00e9 les qualifications de 20 \u00e0 100 km en niveau amateur avec Abel . En 2018, on est devenu professionnel avec des \u00e9preuves de plus \u00a0haut niveau\u00a0\u00bb. En 2019, Julie Gerardin \u00e9tait arriv\u00e9e 2<sup>e<\/sup> en international sur 80 KM.<\/p>\n<p>Cette jeune femme de 34 ans, expert-comptable, maman de deux enfants est passionn\u00e9e d\u2019\u00e9quitation depuis qu\u2019elle a 11 ans. Elle a d\u00e9but\u00e9 au centre \u00e9questre La Grange Puton \u00e0 Remiremont d\u2019o\u00f9 elle est originaire. \u00a0Apr\u00e8s 10 ans consacr\u00e9s au saut d\u2019obstacle, elle d\u00e9cide de se tourner vers l\u2019endurance en club. Elle ach\u00e8te sa premi\u00e8re jument nomm\u00e9e Pique-Prune \u00e0 l\u2019\u00e2ge de 25 ans avec laquelle elle a pratiqu\u00e9 l\u2019endurance en amateur pendant six ans.<\/p>\n<p>Quand Julie Geradin a achet\u00e9 Abel, un pur-sang arabe, il n\u2019avait que deux ans et depuis ils sont ins\u00e9parables. \u00ab\u00a0C\u2019est un cheval volontaire, compliqu\u00e9, peureux mais tr\u00e8s gentil\u00a0\u00bb. Et peureux justement complique les entra\u00eenements m\u00eame si elle r\u00e9side au Val d\u2019Ajol au lieu-dit Pombegoutte. \u00ab\u00a0 Les automobilistes ne respectent pas les cavaliers et ils effrayent trop souvent les chevaux par leur conduite non adapt\u00e9e m\u00eame si on se signale. Et c\u2019est pareil avec les chasseurs. Les gens ne comprennent pas que c\u2019est un sport \u00e0 part enti\u00e8re e qu\u2019il faut respecter certaines r\u00e8gles, notamment de s\u00e9curit\u00e9\u00a0\u00bb.<\/p>\n<p>Abel est au repos pour trois mois. \u00ab\u00a0Son organisme a beaucoup pris avec les efforts. Il a besoin de r\u00e9cup\u00e9rer avant notre prochain objectif le 23 juin 2023 \u00e0 Compi\u00e8gne\u00a0\u00bb. Une nouvelle comp\u00e9tition auxquelles elle associe son \u00e9quipe d\u2019assistance Sarah Ausseurs Reckel, Remy Jacob et son conjoint et mar\u00e9chal ferrant Francky Stephan. La rel\u00e8ve est d\u00e9j\u00e0 assur\u00e9e. Son fils Quentin, \u00e2g\u00e9 de 8 ans, concoure en sauts d&rsquo;obstacle \u00e9galement \u00e0 la Grange Puton.<\/p>\n\n<p>&nbsp;<\/p>\n<p>&nbsp;<\/p>\n<p>&nbsp;<\/p>\n<p>&nbsp;<\/p>\n<p>&nbsp;<\/p>\n<p>&nbsp;<\/p>\n<p>&nbsp;<\/p>\n<p>&nbsp;<\/p>\n<p>&nbsp;<\/p>\n","protected":false},"excerpt":{"rendered":"<p>La cavali\u00e8re ajolaise Julie Gerardin, a r\u00e9alis\u00e9 une superbe performance et sign\u00e9 une 8eme place au le championnat de France [&hellip;]<\/p>\n","protected":false},"author":408,"featured_media":63585,"comment_status":"open","ping_status":"open","sticky":false,"template":"","format":"standard","meta":{"footnotes":""},"categories":[26,121,82,14,18],"tags":[4910,4911,4912,123],"class_list":["post-63584","post","type-post","status-publish","format-standard","has-post-thumbnail","hentry","category-a-la-une","category-le-val-dajol-le-val-dajol-son-canton","category-le-val-dajol-son-canton","category-sport","category-vosges","tag-cavaliere","tag-championnat-de-france-dendurance","tag-julie-geradin","tag-val-dajol"],"acf":[],"yoast_head":"<!-- This site is optimized with the Yoast SEO plugin v22.5 - https:\/\/yoast.com\/wordpress\/plugins\/seo\/ -->\n<title>Equitation - Julie Gerardin 8e aux championnats de France d&#039;endurance - Remiremont Info<\/title>\n<meta name=\"robots\" content=\"index, follow, max-snippet:-1, max-image-preview:large, max-video-preview:-1\" \/>\n<link rel=\"canonical\" href=\"https:\/\/vosgesinfo.fr\/remiremontinfo\/2022\/10\/equitation-julie-gerardin-8e-aux-championnats-de-france-dendurance\/\" \/>\n<meta name=\"twitter:card\" content=\"summary_large_image\" \/>\n<meta name=\"twitter:title\" content=\"Equitation - Julie Gerardin 8e aux championnats de France d&#039;endurance - Remiremont Info\" \/>\n<meta name=\"twitter:description\" content=\"La cavali\u00e8re ajolaise Julie Gerardin, a r\u00e9alis\u00e9 une superbe performance et sign\u00e9 une 8eme place au le championnat de France [&hellip;]\" \/>\n<meta name=\"twitter:image\" content=\"https:\/\/vosgesinfo.fr\/app\/uploads\/sites\/5\/2024\/09\/202210received-908595940104857-1.jpeg\" \/>\n<meta name=\"twitter:creator\" content=\"@VosgesInfo88\" \/>\n<meta name=\"twitter:site\" content=\"@VosgesInfo88\" \/>\n<meta name=\"twitter:label1\" content=\"\u00c9crit par\" \/>\n\t<meta name=\"twitter:data1\" content=\"C C\" \/>\n\t<meta name=\"twitter:label2\" content=\"Dur\u00e9e de lecture estim\u00e9e\" \/>\n\t<meta name=\"twitter:data2\" content=\"2 minutes\" \/>\n<script type=\"application\/ld+json\" class=\"yoast-schema-graph\">{\"@context\":\"https:\/\/schema.org\",\"@graph\":[{\"@type\":\"Article\",\"@id\":\"https:\/\/vosgesinfo.fr\/remiremontinfo\/2022\/10\/equitation-julie-gerardin-8e-aux-championnats-de-france-dendurance\/#article\",\"isPartOf\":{\"@id\":\"https:\/\/vosgesinfo.fr\/remiremontinfo\/2022\/10\/equitation-julie-gerardin-8e-aux-championnats-de-france-dendurance\/\"},\"author\":{\"name\":\"C C\",\"@id\":\"https:\/\/vosgesinfo.fr\/remiremontinfo\/#\/schema\/person\/276c790faeebf411fa5a92728db1e3bf\"},\"headline\":\"Equitation &#8211; Julie Gerardin 8e aux championnats de France d&rsquo;endurance\",\"datePublished\":\"2022-10-21T08:41:57+00:00\",\"dateModified\":\"2022-10-21T08:41:57+00:00\",\"mainEntityOfPage\":{\"@id\":\"https:\/\/vosgesinfo.fr\/remiremontinfo\/2022\/10\/equitation-julie-gerardin-8e-aux-championnats-de-france-dendurance\/\"},\"wordCount\":462,\"commentCount\":0,\"publisher\":{\"@id\":\"https:\/\/vosgesinfo.fr\/remiremontinfo\/#organization\"},\"image\":{\"@id\":\"https:\/\/vosgesinfo.fr\/remiremontinfo\/2022\/10\/equitation-julie-gerardin-8e-aux-championnats-de-france-dendurance\/#primaryimage\"},\"thumbnailUrl\":\"https:\/\/vosgesinfo.fr\/app\/uploads\/sites\/5\/2024\/09\/202210received-908595940104857-1.jpeg\",\"keywords\":[\"cavali\u00e8re\",\"championnat de france d'endurance\",\"Julie Geradin\",\"val d'ajol\"],\"articleSection\":[\"A la Une\",\"Le Val d'Ajol\",\"Le Val-d'Ajol &amp; son canton\",\"Sport\",\"Vosges\"],\"inLanguage\":\"fr-FR\",\"potentialAction\":[{\"@type\":\"CommentAction\",\"name\":\"Comment\",\"target\":[\"https:\/\/vosgesinfo.fr\/remiremontinfo\/2022\/10\/equitation-julie-gerardin-8e-aux-championnats-de-france-dendurance\/#respond\"]}]},{\"@type\":\"WebPage\",\"@id\":\"https:\/\/vosgesinfo.fr\/remiremontinfo\/2022\/10\/equitation-julie-gerardin-8e-aux-championnats-de-france-dendurance\/\",\"url\":\"https:\/\/vosgesinfo.fr\/remiremontinfo\/2022\/10\/equitation-julie-gerardin-8e-aux-championnats-de-france-dendurance\/\",\"name\":\"Equitation - Julie Gerardin 8e aux championnats de France d'endurance - Remiremont Info\",\"isPartOf\":{\"@id\":\"https:\/\/vosgesinfo.fr\/remiremontinfo\/#website\"},\"primaryImageOfPage\":{\"@id\":\"https:\/\/vosgesinfo.fr\/remiremontinfo\/2022\/10\/equitation-julie-gerardin-8e-aux-championnats-de-france-dendurance\/#primaryimage\"},\"image\":{\"@id\":\"https:\/\/vosgesinfo.fr\/remiremontinfo\/2022\/10\/equitation-julie-gerardin-8e-aux-championnats-de-france-dendurance\/#primaryimage\"},\"thumbnailUrl\":\"https:\/\/vosgesinfo.fr\/app\/uploads\/sites\/5\/2024\/09\/202210received-908595940104857-1.jpeg\",\"datePublished\":\"2022-10-21T08:41:57+00:00\",\"dateModified\":\"2022-10-21T08:41:57+00:00\",\"breadcrumb\":{\"@id\":\"https:\/\/vosgesinfo.fr\/remiremontinfo\/2022\/10\/equitation-julie-gerardin-8e-aux-championnats-de-france-dendurance\/#breadcrumb\"},\"inLanguage\":\"fr-FR\",\"potentialAction\":[{\"@type\":\"ReadAction\",\"target\":[\"https:\/\/vosgesinfo.fr\/remiremontinfo\/2022\/10\/equitation-julie-gerardin-8e-aux-championnats-de-france-dendurance\/\"]}]},{\"@type\":\"ImageObject\",\"inLanguage\":\"fr-FR\",\"@id\":\"https:\/\/vosgesinfo.fr\/remiremontinfo\/2022\/10\/equitation-julie-gerardin-8e-aux-championnats-de-france-dendurance\/#primaryimage\",\"url\":\"https:\/\/vosgesinfo.fr\/app\/uploads\/sites\/5\/2024\/09\/202210received-908595940104857-1.jpeg\",\"contentUrl\":\"https:\/\/vosgesinfo.fr\/app\/uploads\/sites\/5\/2024\/09\/202210received-908595940104857-1.jpeg\",\"width\":1440,\"height\":1080},{\"@type\":\"BreadcrumbList\",\"@id\":\"https:\/\/vosgesinfo.fr\/remiremontinfo\/2022\/10\/equitation-julie-gerardin-8e-aux-championnats-de-france-dendurance\/#breadcrumb\",\"itemListElement\":[{\"@type\":\"ListItem\",\"position\":1,\"name\":\"Home\",\"item\":\"https:\/\/vosgesinfo.fr\/remiremontinfo\/\"},{\"@type\":\"ListItem\",\"position\":2,\"name\":\"Equitation &#8211; Julie Gerardin 8e aux championnats de France d&rsquo;endurance\"}]},{\"@type\":\"WebSite\",\"@id\":\"https:\/\/vosgesinfo.fr\/remiremontinfo\/#website\",\"url\":\"https:\/\/vosgesinfo.fr\/remiremontinfo\/\",\"name\":\"Remiremont Info\",\"description\":\"Toute l&#039;actualit\u00e9 de Remiremont\",\"publisher\":{\"@id\":\"https:\/\/vosgesinfo.fr\/remiremontinfo\/#organization\"},\"alternateName\":\"Toute l'actualit\u00e9 de Remiremont\",\"potentialAction\":[{\"@type\":\"SearchAction\",\"target\":{\"@type\":\"EntryPoint\",\"urlTemplate\":\"https:\/\/vosgesinfo.fr\/remiremontinfo\/?s={search_term_string}\"},\"query-input\":\"required name=search_term_string\"}],\"inLanguage\":\"fr-FR\"},{\"@type\":\"Organization\",\"@id\":\"https:\/\/vosgesinfo.fr\/remiremontinfo\/#organization\",\"name\":\"Remiremont Info\",\"url\":\"https:\/\/vosgesinfo.fr\/remiremontinfo\/\",\"logo\":{\"@type\":\"ImageObject\",\"inLanguage\":\"fr-FR\",\"@id\":\"https:\/\/vosgesinfo.fr\/remiremontinfo\/#\/schema\/logo\/image\/\",\"url\":\"https:\/\/vosgesinfo.fr\/app\/uploads\/sites\/5\/2023\/08\/favicon-remiremontinfo.png\",\"contentUrl\":\"https:\/\/vosgesinfo.fr\/app\/uploads\/sites\/5\/2023\/08\/favicon-remiremontinfo.png\",\"width\":512,\"height\":512,\"caption\":\"Remiremont Info\"},\"image\":{\"@id\":\"https:\/\/vosgesinfo.fr\/remiremontinfo\/#\/schema\/logo\/image\/\"},\"sameAs\":[\"https:\/\/www.facebook.com\/remiremontinfo\",\"https:\/\/x.com\/VosgesInfo88\",\"https:\/\/www.youtube.com\/@vosgesinfo\"]},{\"@type\":\"Person\",\"@id\":\"https:\/\/vosgesinfo.fr\/remiremontinfo\/#\/schema\/person\/276c790faeebf411fa5a92728db1e3bf\",\"name\":\"C C\",\"image\":{\"@type\":\"ImageObject\",\"inLanguage\":\"fr-FR\",\"@id\":\"https:\/\/vosgesinfo.fr\/remiremontinfo\/#\/schema\/person\/image\/\",\"url\":\"https:\/\/secure.gravatar.com\/avatar\/5d8cbcb33ef212815c403e7c9064550bb7745789474e538b1b1af3e5446b7c84?s=96&d=mm&r=g\",\"contentUrl\":\"https:\/\/secure.gravatar.com\/avatar\/5d8cbcb33ef212815c403e7c9064550bb7745789474e538b1b1af3e5446b7c84?s=96&d=mm&r=g\",\"caption\":\"C C\"},\"url\":\"https:\/\/vosgesinfo.fr\/remiremontinfo\/author\/cathyelisecolin\/\"}]}<\/script>\n<!-- \/ Yoast SEO plugin. -->","yoast_head_json":{"title":"Equitation - Julie Gerardin 8e aux championnats de France d'endurance - Remiremont Info","robots":{"index":"index","follow":"follow","max-snippet":"max-snippet:-1","max-image-preview":"max-image-preview:large","max-video-preview":"max-video-preview:-1"},"canonical":"https:\/\/vosgesinfo.fr\/remiremontinfo\/2022\/10\/equitation-julie-gerardin-8e-aux-championnats-de-france-dendurance\/","twitter_card":"summary_large_image","twitter_title":"Equitation - Julie Gerardin 8e aux championnats de France d'endurance - Remiremont Info","twitter_description":"La cavali\u00e8re ajolaise Julie Gerardin, a r\u00e9alis\u00e9 une superbe performance et sign\u00e9 une 8eme place au le championnat de France [&hellip;]","twitter_image":"https:\/\/vosgesinfo.fr\/app\/uploads\/sites\/5\/2024\/09\/202210received-908595940104857-1.jpeg","twitter_creator":"@VosgesInfo88","twitter_site":"@VosgesInfo88","twitter_misc":{"\u00c9crit par":"C C","Dur\u00e9e de lecture estim\u00e9e":"2 minutes"},"schema":{"@context":"https:\/\/schema.org","@graph":[{"@type":"Article","@id":"https:\/\/vosgesinfo.fr\/remiremontinfo\/2022\/10\/equitation-julie-gerardin-8e-aux-championnats-de-france-dendurance\/#article","isPartOf":{"@id":"https:\/\/vosgesinfo.fr\/remiremontinfo\/2022\/10\/equitation-julie-gerardin-8e-aux-championnats-de-france-dendurance\/"},"author":{"name":"C C","@id":"https:\/\/vosgesinfo.fr\/remiremontinfo\/#\/schema\/person\/276c790faeebf411fa5a92728db1e3bf"},"headline":"Equitation &#8211; Julie Gerardin 8e aux championnats de France d&rsquo;endurance","datePublished":"2022-10-21T08:41:57+00:00","dateModified":"2022-10-21T08:41:57+00:00","mainEntityOfPage":{"@id":"https:\/\/vosgesinfo.fr\/remiremontinfo\/2022\/10\/equitation-julie-gerardin-8e-aux-championnats-de-france-dendurance\/"},"wordCount":462,"commentCount":0,"publisher":{"@id":"https:\/\/vosgesinfo.fr\/remiremontinfo\/#organization"},"image":{"@id":"https:\/\/vosgesinfo.fr\/remiremontinfo\/2022\/10\/equitation-julie-gerardin-8e-aux-championnats-de-france-dendurance\/#primaryimage"},"thumbnailUrl":"https:\/\/vosgesinfo.fr\/app\/uploads\/sites\/5\/2024\/09\/202210received-908595940104857-1.jpeg","keywords":["cavali\u00e8re","championnat de france d'endurance","Julie Geradin","val d'ajol"],"articleSection":["A la Une","Le Val d'Ajol","Le Val-d'Ajol &amp; son canton","Sport","Vosges"],"inLanguage":"fr-FR","potentialAction":[{"@type":"CommentAction","name":"Comment","target":["https:\/\/vosgesinfo.fr\/remiremontinfo\/2022\/10\/equitation-julie-gerardin-8e-aux-championnats-de-france-dendurance\/#respond"]}]},{"@type":"WebPage","@id":"https:\/\/vosgesinfo.fr\/remiremontinfo\/2022\/10\/equitation-julie-gerardin-8e-aux-championnats-de-france-dendurance\/","url":"https:\/\/vosgesinfo.fr\/remiremontinfo\/2022\/10\/equitation-julie-gerardin-8e-aux-championnats-de-france-dendurance\/","name":"Equitation - Julie Gerardin 8e aux championnats de France d'endurance - Remiremont Info","isPartOf":{"@id":"https:\/\/vosgesinfo.fr\/remiremontinfo\/#website"},"primaryImageOfPage":{"@id":"https:\/\/vosgesinfo.fr\/remiremontinfo\/2022\/10\/equitation-julie-gerardin-8e-aux-championnats-de-france-dendurance\/#primaryimage"},"image":{"@id":"https:\/\/vosgesinfo.fr\/remiremontinfo\/2022\/10\/equitation-julie-gerardin-8e-aux-championnats-de-france-dendurance\/#primaryimage"},"thumbnailUrl":"https:\/\/vosgesinfo.fr\/app\/uploads\/sites\/5\/2024\/09\/202210received-908595940104857-1.jpeg","datePublished":"2022-10-21T08:41:57+00:00","dateModified":"2022-10-21T08:41:57+00:00","breadcrumb":{"@id":"https:\/\/vosgesinfo.fr\/remiremontinfo\/2022\/10\/equitation-julie-gerardin-8e-aux-championnats-de-france-dendurance\/#breadcrumb"},"inLanguage":"fr-FR","potentialAction":[{"@type":"ReadAction","target":["https:\/\/vosgesinfo.fr\/remiremontinfo\/2022\/10\/equitation-julie-gerardin-8e-aux-championnats-de-france-dendurance\/"]}]},{"@type":"ImageObject","inLanguage":"fr-FR","@id":"https:\/\/vosgesinfo.fr\/remiremontinfo\/2022\/10\/equitation-julie-gerardin-8e-aux-championnats-de-france-dendurance\/#primaryimage","url":"https:\/\/vosgesinfo.fr\/app\/uploads\/sites\/5\/2024\/09\/202210received-908595940104857-1.jpeg","contentUrl":"https:\/\/vosgesinfo.fr\/app\/uploads\/sites\/5\/2024\/09\/202210received-908595940104857-1.jpeg","width":1440,"height":1080},{"@type":"BreadcrumbList","@id":"https:\/\/vosgesinfo.fr\/remiremontinfo\/2022\/10\/equitation-julie-gerardin-8e-aux-championnats-de-france-dendurance\/#breadcrumb","itemListElement":[{"@type":"ListItem","position":1,"name":"Home","item":"https:\/\/vosgesinfo.fr\/remiremontinfo\/"},{"@type":"ListItem","position":2,"name":"Equitation &#8211; Julie Gerardin 8e aux championnats de France d&rsquo;endurance"}]},{"@type":"WebSite","@id":"https:\/\/vosgesinfo.fr\/remiremontinfo\/#website","url":"https:\/\/vosgesinfo.fr\/remiremontinfo\/","name":"Remiremont Info","description":"Toute l&#039;actualit\u00e9 de Remiremont","publisher":{"@id":"https:\/\/vosgesinfo.fr\/remiremontinfo\/#organization"},"alternateName":"Toute l'actualit\u00e9 de Remiremont","potentialAction":[{"@type":"SearchAction","target":{"@type":"EntryPoint","urlTemplate":"https:\/\/vosgesinfo.fr\/remiremontinfo\/?s={search_term_string}"},"query-input":"required name=search_term_string"}],"inLanguage":"fr-FR"},{"@type":"Organization","@id":"https:\/\/vosgesinfo.fr\/remiremontinfo\/#organization","name":"Remiremont Info","url":"https:\/\/vosgesinfo.fr\/remiremontinfo\/","logo":{"@type":"ImageObject","inLanguage":"fr-FR","@id":"https:\/\/vosgesinfo.fr\/remiremontinfo\/#\/schema\/logo\/image\/","url":"https:\/\/vosgesinfo.fr\/app\/uploads\/sites\/5\/2023\/08\/favicon-remiremontinfo.png","contentUrl":"https:\/\/vosgesinfo.fr\/app\/uploads\/sites\/5\/2023\/08\/favicon-remiremontinfo.png","width":512,"height":512,"caption":"Remiremont Info"},"image":{"@id":"https:\/\/vosgesinfo.fr\/remiremontinfo\/#\/schema\/logo\/image\/"},"sameAs":["https:\/\/www.facebook.com\/remiremontinfo","https:\/\/x.com\/VosgesInfo88","https:\/\/www.youtube.com\/@vosgesinfo"]},{"@type":"Person","@id":"https:\/\/vosgesinfo.fr\/remiremontinfo\/#\/schema\/person\/276c790faeebf411fa5a92728db1e3bf","name":"C C","image":{"@type":"ImageObject","inLanguage":"fr-FR","@id":"https:\/\/vosgesinfo.fr\/remiremontinfo\/#\/schema\/person\/image\/","url":"https:\/\/secure.gravatar.com\/avatar\/5d8cbcb33ef212815c403e7c9064550bb7745789474e538b1b1af3e5446b7c84?s=96&d=mm&r=g","contentUrl":"https:\/\/secure.gravatar.com\/avatar\/5d8cbcb33ef212815c403e7c9064550bb7745789474e538b1b1af3e5446b7c84?s=96&d=mm&r=g","caption":"C C"},"url":"https:\/\/vosgesinfo.fr\/remiremontinfo\/author\/cathyelisecolin\/"}]}},"_links":{"self":[{"href":"https:\/\/vosgesinfo.fr\/remiremontinfo\/wp-json\/wp\/v2\/posts\/63584","targetHints":{"allow":["GET"]}}],"collection":[{"href":"https:\/\/vosgesinfo.fr\/remiremontinfo\/wp-json\/wp\/v2\/posts"}],"about":[{"href":"https:\/\/vosgesinfo.fr\/remiremontinfo\/wp-json\/wp\/v2\/types\/post"}],"author":[{"embeddable":true,"href":"https:\/\/vosgesinfo.fr\/remiremontinfo\/wp-json\/wp\/v2\/users\/408"}],"replies":[{"embeddable":true,"href":"https:\/\/vosgesinfo.fr\/remiremontinfo\/wp-json\/wp\/v2\/comments?post=63584"}],"version-history":[{"count":0,"href":"https:\/\/vosgesinfo.fr\/remiremontinfo\/wp-json\/wp\/v2\/posts\/63584\/revisions"}],"wp:featuredmedia":[{"embeddable":true,"href":"https:\/\/vosgesinfo.fr\/remiremontinfo\/wp-json\/wp\/v2\/media\/63585"}],"wp:attachment":[{"href":"https:\/\/vosgesinfo.fr\/remiremontinfo\/wp-json\/wp\/v2\/media?parent=63584"}],"wp:term":[{"taxonomy":"category","embeddable":true,"href":"https:\/\/vosgesinfo.fr\/remiremontinfo\/wp-json\/wp\/v2\/categories?post=63584"},{"taxonomy":"post_tag","embeddable":true,"href":"https:\/\/vosgesinfo.fr\/remiremontinfo\/wp-json\/wp\/v2\/tags?post=63584"}],"curies":[{"name":"wp","href":"https:\/\/api.w.org\/{rel}","templated":true}]}}