{"id":63610,"date":"2022-10-22T06:39:47","date_gmt":"2022-10-22T04:39:47","guid":{"rendered":"https:\/\/vosgesinfo.fr\/remiremontinfo\/2022\/10\/panayotis-pascot-a-gerardmer-cet-hiver\/"},"modified":"2022-10-22T06:39:47","modified_gmt":"2022-10-22T04:39:47","slug":"panayotis-pascot-a-gerardmer-cet-hiver","status":"publish","type":"post","link":"https:\/\/vosgesinfo.fr\/remiremontinfo\/2022\/10\/panayotis-pascot-a-gerardmer-cet-hiver\/","title":{"rendered":"Panayotis Pascot \u00e0 G\u00e9rardmer cet hiver"},"content":{"rendered":"<div class=\"pdfprnt-buttons pdfprnt-buttons-post pdfprnt-top-right\">L\u2019association Acara, lance sa saison d\u2019humour 2022-2023, \u00e0 G\u00e9rardmer. Ces \u00e9v\u00e9nements ont pour but de proposer\u00a0<b>une offre culturelle diff\u00e9rente\u00a0<\/b>aux habitants de G\u00e9rardmer mais aussi du massif des Vosges et de ses environs. Pour son premier spectacle, cette association a choisi de faire venir l\u2019artiste Panayotis Pascot le samedi 3 d\u00e9cembre 2022 au Joa Casino du Lac de G\u00e9rardmer. La billetterie est officiellement ouverte pour prendre vos places pour les diff\u00e9rents spectacles. Le Joa Casino du Lac dispose d\u2019une salle de cin\u00e9ma\/spectacle qui peut accueillir pas moins de 400 personnes.<\/div>\n<p><a href=\"https:\/\/gerardmerinfo.fr\/wp-content\/uploads\/2022\/10\/panayotis-pascot-G%C3%A9rardmer.jpg\"><img decoding=\"async\" class=\"alignright size-medium wp-image-196593\" src=\"https:\/\/vosgesinfo.fr\/app\/uploads\/sites\/5\/2022\/10\/panayotis-pascot-gerardmer-170x255-1.jpg\" alt=\"panayotis pascot G\u00e9rardmer\" width=\"170\" height=\"255\" \/><\/a>Th\u00e9o Michel, pr\u00e9sident d\u2019ACARA :\u00a0<i>\u00ab Nous avons d\u00e9cid\u00e9 avec Charlotte et Lorris de faire venir cet artiste car c\u2019est une \u00e9toile montante de l\u2019humour. Nous avions choisi de le faire venir avant qu\u2019il annonce son Op\u00e9ra Garnier et ses Olympias. Un artiste talentueux et en devenir, c\u2019est ce que nous voulions proposer \u00e0 G\u00e9rardmer. \u00bb<\/i><\/p>\n<p><i>Panayotis Pascot qui est-ce ?\u00a0<\/i>Ancien chroniqueur du \u00ab Petit Journal \u00bb puis de \u00ab Quotidien \u00bb pr\u00e9sent\u00e9 par Yann Barth\u00e8s, Panayotis Pascot propose son propre spectacle \u00ab Presque \u00bb mis en sc\u00e8ne par Fary. Apr\u00e8s avoir \u00e9t\u00e9 \u00e0 l\u2019affiche du Point Virgule pendant un bon moment, il a continu\u00e9 de sillonner la capitale avec son spectacle \u00ab Presque \u00bb en passant notamment par l\u2019Europ\u00e9en. Panayotis continue de jouer son one-man-show dans de nombreuses salles de la capitale. De nombreuses dates parisiennes s\u2019encha\u00eenent pour terminer dans la c\u00e9l\u00e8bre salle de l\u2019Olympia, les dimanche 23 et lundi 24 octobre 2022. Mais ce n\u2019est pas tout, les ultimes repr\u00e9sentations de \u00ab Presque \u00bb, avant d\u2019y mettre un point final, seront jou\u00e9es \u00e0 l\u2019Op\u00e9ra Garnier le dimanche 15 janvier 2023 \u00e0 15h, 18h et 21h. Une reconnaissance de son art car il rejoint le club tr\u00e8s s\u00e9lectif des artistes non lyriques qui ont eu la chance de se produire dans cette somptueuse salle. En effet, ce sont des noms comme Gad Elmaleh ou encore Johnny Hallyday qui ont eu l\u2019honneur de pr\u00e9senter leur spectacles \u00e0 l\u2019Op\u00e9ra Garnier.\u00a0<b>Apr\u00e8s avoir s\u00e9duit le tout Paris, Panayotis Pascot fait sa tourn\u00e9e dans toute la France et vient se produire sur la sc\u00e8ne du Casino Joa \u00e0 G\u00e9rardmer le samedi 3 d\u00e9cembre 2022.\u00a0<\/b>Lien de la Billetterie : https:\/\/www.payasso.fr\/acara\/billeterie<\/p>\n","protected":false},"excerpt":{"rendered":"<p>L\u2019association Acara, lance sa saison d\u2019humour 2022-2023, \u00e0 G\u00e9rardmer. Ces \u00e9v\u00e9nements ont pour but de proposer\u00a0une offre culturelle diff\u00e9rente\u00a0aux habitants [&hellip;]<\/p>\n","protected":false},"author":407,"featured_media":63611,"comment_status":"open","ping_status":"open","sticky":false,"template":"","format":"standard","meta":{"footnotes":""},"categories":[26,54,18],"tags":[55,4913,32],"class_list":["post-63610","post","type-post","status-publish","format-standard","has-post-thumbnail","hentry","category-a-la-une","category-loisirs","category-vosges","tag-loisirs","tag-panayotis-pascot","tag-vosges"],"acf":[],"yoast_head":"<!-- This site is optimized with the Yoast SEO plugin v22.5 - https:\/\/yoast.com\/wordpress\/plugins\/seo\/ -->\n<title>Panayotis Pascot \u00e0 G\u00e9rardmer cet hiver - Remiremont Info<\/title>\n<meta name=\"robots\" content=\"index, follow, max-snippet:-1, max-image-preview:large, max-video-preview:-1\" \/>\n<link rel=\"canonical\" href=\"https:\/\/vosgesinfo.fr\/remiremontinfo\/2022\/10\/panayotis-pascot-a-gerardmer-cet-hiver\/\" \/>\n<meta name=\"twitter:card\" content=\"summary_large_image\" \/>\n<meta name=\"twitter:title\" content=\"Panayotis Pascot \u00e0 G\u00e9rardmer cet hiver - Remiremont Info\" \/>\n<meta name=\"twitter:description\" content=\"L\u2019association Acara, lance sa saison d\u2019humour 2022-2023, \u00e0 G\u00e9rardmer. Ces \u00e9v\u00e9nements ont pour but de proposer\u00a0une offre culturelle diff\u00e9rente\u00a0aux habitants [&hellip;]\" \/>\n<meta name=\"twitter:image\" content=\"https:\/\/vosgesinfo.fr\/app\/uploads\/sites\/5\/2024\/09\/202210panayotis-pascot-gerardmer.jpg\" \/>\n<meta name=\"twitter:creator\" content=\"@VosgesInfo88\" \/>\n<meta name=\"twitter:site\" content=\"@VosgesInfo88\" \/>\n<meta name=\"twitter:label1\" content=\"\u00c9crit par\" \/>\n\t<meta name=\"twitter:data1\" content=\"C D\" \/>\n\t<meta name=\"twitter:label2\" content=\"Dur\u00e9e de lecture estim\u00e9e\" \/>\n\t<meta name=\"twitter:data2\" content=\"2 minutes\" \/>\n<script type=\"application\/ld+json\" class=\"yoast-schema-graph\">{\"@context\":\"https:\/\/schema.org\",\"@graph\":[{\"@type\":\"Article\",\"@id\":\"https:\/\/vosgesinfo.fr\/remiremontinfo\/2022\/10\/panayotis-pascot-a-gerardmer-cet-hiver\/#article\",\"isPartOf\":{\"@id\":\"https:\/\/vosgesinfo.fr\/remiremontinfo\/2022\/10\/panayotis-pascot-a-gerardmer-cet-hiver\/\"},\"author\":{\"name\":\"C D\",\"@id\":\"https:\/\/vosgesinfo.fr\/remiremontinfo\/#\/schema\/person\/3bfd164d5218a185b1db68655a265316\"},\"headline\":\"Panayotis Pascot \u00e0 G\u00e9rardmer cet hiver\",\"datePublished\":\"2022-10-22T04:39:47+00:00\",\"dateModified\":\"2022-10-22T04:39:47+00:00\",\"mainEntityOfPage\":{\"@id\":\"https:\/\/vosgesinfo.fr\/remiremontinfo\/2022\/10\/panayotis-pascot-a-gerardmer-cet-hiver\/\"},\"wordCount\":401,\"commentCount\":0,\"publisher\":{\"@id\":\"https:\/\/vosgesinfo.fr\/remiremontinfo\/#organization\"},\"image\":{\"@id\":\"https:\/\/vosgesinfo.fr\/remiremontinfo\/2022\/10\/panayotis-pascot-a-gerardmer-cet-hiver\/#primaryimage\"},\"thumbnailUrl\":\"https:\/\/vosgesinfo.fr\/app\/uploads\/sites\/5\/2024\/09\/202210panayotis-pascot-gerardmer.jpg\",\"keywords\":[\"Loisirs\",\"panayotis pascot\",\"Vosges\"],\"articleSection\":[\"A la Une\",\"Loisirs\",\"Vosges\"],\"inLanguage\":\"fr-FR\",\"potentialAction\":[{\"@type\":\"CommentAction\",\"name\":\"Comment\",\"target\":[\"https:\/\/vosgesinfo.fr\/remiremontinfo\/2022\/10\/panayotis-pascot-a-gerardmer-cet-hiver\/#respond\"]}]},{\"@type\":\"WebPage\",\"@id\":\"https:\/\/vosgesinfo.fr\/remiremontinfo\/2022\/10\/panayotis-pascot-a-gerardmer-cet-hiver\/\",\"url\":\"https:\/\/vosgesinfo.fr\/remiremontinfo\/2022\/10\/panayotis-pascot-a-gerardmer-cet-hiver\/\",\"name\":\"Panayotis Pascot \u00e0 G\u00e9rardmer cet hiver - Remiremont Info\",\"isPartOf\":{\"@id\":\"https:\/\/vosgesinfo.fr\/remiremontinfo\/#website\"},\"primaryImageOfPage\":{\"@id\":\"https:\/\/vosgesinfo.fr\/remiremontinfo\/2022\/10\/panayotis-pascot-a-gerardmer-cet-hiver\/#primaryimage\"},\"image\":{\"@id\":\"https:\/\/vosgesinfo.fr\/remiremontinfo\/2022\/10\/panayotis-pascot-a-gerardmer-cet-hiver\/#primaryimage\"},\"thumbnailUrl\":\"https:\/\/vosgesinfo.fr\/app\/uploads\/sites\/5\/2024\/09\/202210panayotis-pascot-gerardmer.jpg\",\"datePublished\":\"2022-10-22T04:39:47+00:00\",\"dateModified\":\"2022-10-22T04:39:47+00:00\",\"breadcrumb\":{\"@id\":\"https:\/\/vosgesinfo.fr\/remiremontinfo\/2022\/10\/panayotis-pascot-a-gerardmer-cet-hiver\/#breadcrumb\"},\"inLanguage\":\"fr-FR\",\"potentialAction\":[{\"@type\":\"ReadAction\",\"target\":[\"https:\/\/vosgesinfo.fr\/remiremontinfo\/2022\/10\/panayotis-pascot-a-gerardmer-cet-hiver\/\"]}]},{\"@type\":\"ImageObject\",\"inLanguage\":\"fr-FR\",\"@id\":\"https:\/\/vosgesinfo.fr\/remiremontinfo\/2022\/10\/panayotis-pascot-a-gerardmer-cet-hiver\/#primaryimage\",\"url\":\"https:\/\/vosgesinfo.fr\/app\/uploads\/sites\/5\/2024\/09\/202210panayotis-pascot-gerardmer.jpg\",\"contentUrl\":\"https:\/\/vosgesinfo.fr\/app\/uploads\/sites\/5\/2024\/09\/202210panayotis-pascot-gerardmer.jpg\",\"width\":1134,\"height\":1701},{\"@type\":\"BreadcrumbList\",\"@id\":\"https:\/\/vosgesinfo.fr\/remiremontinfo\/2022\/10\/panayotis-pascot-a-gerardmer-cet-hiver\/#breadcrumb\",\"itemListElement\":[{\"@type\":\"ListItem\",\"position\":1,\"name\":\"Home\",\"item\":\"https:\/\/vosgesinfo.fr\/remiremontinfo\/\"},{\"@type\":\"ListItem\",\"position\":2,\"name\":\"Panayotis Pascot \u00e0 G\u00e9rardmer cet hiver\"}]},{\"@type\":\"WebSite\",\"@id\":\"https:\/\/vosgesinfo.fr\/remiremontinfo\/#website\",\"url\":\"https:\/\/vosgesinfo.fr\/remiremontinfo\/\",\"name\":\"Remiremont Info\",\"description\":\"Toute l&#039;actualit\u00e9 de Remiremont\",\"publisher\":{\"@id\":\"https:\/\/vosgesinfo.fr\/remiremontinfo\/#organization\"},\"alternateName\":\"Toute l'actualit\u00e9 de Remiremont\",\"potentialAction\":[{\"@type\":\"SearchAction\",\"target\":{\"@type\":\"EntryPoint\",\"urlTemplate\":\"https:\/\/vosgesinfo.fr\/remiremontinfo\/?s={search_term_string}\"},\"query-input\":\"required name=search_term_string\"}],\"inLanguage\":\"fr-FR\"},{\"@type\":\"Organization\",\"@id\":\"https:\/\/vosgesinfo.fr\/remiremontinfo\/#organization\",\"name\":\"Remiremont Info\",\"url\":\"https:\/\/vosgesinfo.fr\/remiremontinfo\/\",\"logo\":{\"@type\":\"ImageObject\",\"inLanguage\":\"fr-FR\",\"@id\":\"https:\/\/vosgesinfo.fr\/remiremontinfo\/#\/schema\/logo\/image\/\",\"url\":\"https:\/\/vosgesinfo.fr\/app\/uploads\/sites\/5\/2023\/08\/favicon-remiremontinfo.png\",\"contentUrl\":\"https:\/\/vosgesinfo.fr\/app\/uploads\/sites\/5\/2023\/08\/favicon-remiremontinfo.png\",\"width\":512,\"height\":512,\"caption\":\"Remiremont Info\"},\"image\":{\"@id\":\"https:\/\/vosgesinfo.fr\/remiremontinfo\/#\/schema\/logo\/image\/\"},\"sameAs\":[\"https:\/\/www.facebook.com\/remiremontinfo\",\"https:\/\/x.com\/VosgesInfo88\",\"https:\/\/www.youtube.com\/@vosgesinfo\"]},{\"@type\":\"Person\",\"@id\":\"https:\/\/vosgesinfo.fr\/remiremontinfo\/#\/schema\/person\/3bfd164d5218a185b1db68655a265316\",\"name\":\"C D\",\"image\":{\"@type\":\"ImageObject\",\"inLanguage\":\"fr-FR\",\"@id\":\"https:\/\/vosgesinfo.fr\/remiremontinfo\/#\/schema\/person\/image\/\",\"url\":\"https:\/\/secure.gravatar.com\/avatar\/1f9a70007336511a47468b8f1c66f922b8b7cf617b02a31149ada43893a5d48f?s=96&d=mm&r=g\",\"contentUrl\":\"https:\/\/secure.gravatar.com\/avatar\/1f9a70007336511a47468b8f1c66f922b8b7cf617b02a31149ada43893a5d48f?s=96&d=mm&r=g\",\"caption\":\"C D\"},\"url\":\"https:\/\/vosgesinfo.fr\/remiremontinfo\/author\/cedric-drevet\/\"}]}<\/script>\n<!-- \/ Yoast SEO plugin. -->","yoast_head_json":{"title":"Panayotis Pascot \u00e0 G\u00e9rardmer cet hiver - Remiremont Info","robots":{"index":"index","follow":"follow","max-snippet":"max-snippet:-1","max-image-preview":"max-image-preview:large","max-video-preview":"max-video-preview:-1"},"canonical":"https:\/\/vosgesinfo.fr\/remiremontinfo\/2022\/10\/panayotis-pascot-a-gerardmer-cet-hiver\/","twitter_card":"summary_large_image","twitter_title":"Panayotis Pascot \u00e0 G\u00e9rardmer cet hiver - Remiremont Info","twitter_description":"L\u2019association Acara, lance sa saison d\u2019humour 2022-2023, \u00e0 G\u00e9rardmer. Ces \u00e9v\u00e9nements ont pour but de proposer\u00a0une offre culturelle diff\u00e9rente\u00a0aux habitants [&hellip;]","twitter_image":"https:\/\/vosgesinfo.fr\/app\/uploads\/sites\/5\/2024\/09\/202210panayotis-pascot-gerardmer.jpg","twitter_creator":"@VosgesInfo88","twitter_site":"@VosgesInfo88","twitter_misc":{"\u00c9crit par":"C D","Dur\u00e9e de lecture estim\u00e9e":"2 minutes"},"schema":{"@context":"https:\/\/schema.org","@graph":[{"@type":"Article","@id":"https:\/\/vosgesinfo.fr\/remiremontinfo\/2022\/10\/panayotis-pascot-a-gerardmer-cet-hiver\/#article","isPartOf":{"@id":"https:\/\/vosgesinfo.fr\/remiremontinfo\/2022\/10\/panayotis-pascot-a-gerardmer-cet-hiver\/"},"author":{"name":"C D","@id":"https:\/\/vosgesinfo.fr\/remiremontinfo\/#\/schema\/person\/3bfd164d5218a185b1db68655a265316"},"headline":"Panayotis Pascot \u00e0 G\u00e9rardmer cet hiver","datePublished":"2022-10-22T04:39:47+00:00","dateModified":"2022-10-22T04:39:47+00:00","mainEntityOfPage":{"@id":"https:\/\/vosgesinfo.fr\/remiremontinfo\/2022\/10\/panayotis-pascot-a-gerardmer-cet-hiver\/"},"wordCount":401,"commentCount":0,"publisher":{"@id":"https:\/\/vosgesinfo.fr\/remiremontinfo\/#organization"},"image":{"@id":"https:\/\/vosgesinfo.fr\/remiremontinfo\/2022\/10\/panayotis-pascot-a-gerardmer-cet-hiver\/#primaryimage"},"thumbnailUrl":"https:\/\/vosgesinfo.fr\/app\/uploads\/sites\/5\/2024\/09\/202210panayotis-pascot-gerardmer.jpg","keywords":["Loisirs","panayotis pascot","Vosges"],"articleSection":["A la Une","Loisirs","Vosges"],"inLanguage":"fr-FR","potentialAction":[{"@type":"CommentAction","name":"Comment","target":["https:\/\/vosgesinfo.fr\/remiremontinfo\/2022\/10\/panayotis-pascot-a-gerardmer-cet-hiver\/#respond"]}]},{"@type":"WebPage","@id":"https:\/\/vosgesinfo.fr\/remiremontinfo\/2022\/10\/panayotis-pascot-a-gerardmer-cet-hiver\/","url":"https:\/\/vosgesinfo.fr\/remiremontinfo\/2022\/10\/panayotis-pascot-a-gerardmer-cet-hiver\/","name":"Panayotis Pascot \u00e0 G\u00e9rardmer cet hiver - Remiremont Info","isPartOf":{"@id":"https:\/\/vosgesinfo.fr\/remiremontinfo\/#website"},"primaryImageOfPage":{"@id":"https:\/\/vosgesinfo.fr\/remiremontinfo\/2022\/10\/panayotis-pascot-a-gerardmer-cet-hiver\/#primaryimage"},"image":{"@id":"https:\/\/vosgesinfo.fr\/remiremontinfo\/2022\/10\/panayotis-pascot-a-gerardmer-cet-hiver\/#primaryimage"},"thumbnailUrl":"https:\/\/vosgesinfo.fr\/app\/uploads\/sites\/5\/2024\/09\/202210panayotis-pascot-gerardmer.jpg","datePublished":"2022-10-22T04:39:47+00:00","dateModified":"2022-10-22T04:39:47+00:00","breadcrumb":{"@id":"https:\/\/vosgesinfo.fr\/remiremontinfo\/2022\/10\/panayotis-pascot-a-gerardmer-cet-hiver\/#breadcrumb"},"inLanguage":"fr-FR","potentialAction":[{"@type":"ReadAction","target":["https:\/\/vosgesinfo.fr\/remiremontinfo\/2022\/10\/panayotis-pascot-a-gerardmer-cet-hiver\/"]}]},{"@type":"ImageObject","inLanguage":"fr-FR","@id":"https:\/\/vosgesinfo.fr\/remiremontinfo\/2022\/10\/panayotis-pascot-a-gerardmer-cet-hiver\/#primaryimage","url":"https:\/\/vosgesinfo.fr\/app\/uploads\/sites\/5\/2024\/09\/202210panayotis-pascot-gerardmer.jpg","contentUrl":"https:\/\/vosgesinfo.fr\/app\/uploads\/sites\/5\/2024\/09\/202210panayotis-pascot-gerardmer.jpg","width":1134,"height":1701},{"@type":"BreadcrumbList","@id":"https:\/\/vosgesinfo.fr\/remiremontinfo\/2022\/10\/panayotis-pascot-a-gerardmer-cet-hiver\/#breadcrumb","itemListElement":[{"@type":"ListItem","position":1,"name":"Home","item":"https:\/\/vosgesinfo.fr\/remiremontinfo\/"},{"@type":"ListItem","position":2,"name":"Panayotis Pascot \u00e0 G\u00e9rardmer cet hiver"}]},{"@type":"WebSite","@id":"https:\/\/vosgesinfo.fr\/remiremontinfo\/#website","url":"https:\/\/vosgesinfo.fr\/remiremontinfo\/","name":"Remiremont Info","description":"Toute l&#039;actualit\u00e9 de Remiremont","publisher":{"@id":"https:\/\/vosgesinfo.fr\/remiremontinfo\/#organization"},"alternateName":"Toute l'actualit\u00e9 de Remiremont","potentialAction":[{"@type":"SearchAction","target":{"@type":"EntryPoint","urlTemplate":"https:\/\/vosgesinfo.fr\/remiremontinfo\/?s={search_term_string}"},"query-input":"required name=search_term_string"}],"inLanguage":"fr-FR"},{"@type":"Organization","@id":"https:\/\/vosgesinfo.fr\/remiremontinfo\/#organization","name":"Remiremont Info","url":"https:\/\/vosgesinfo.fr\/remiremontinfo\/","logo":{"@type":"ImageObject","inLanguage":"fr-FR","@id":"https:\/\/vosgesinfo.fr\/remiremontinfo\/#\/schema\/logo\/image\/","url":"https:\/\/vosgesinfo.fr\/app\/uploads\/sites\/5\/2023\/08\/favicon-remiremontinfo.png","contentUrl":"https:\/\/vosgesinfo.fr\/app\/uploads\/sites\/5\/2023\/08\/favicon-remiremontinfo.png","width":512,"height":512,"caption":"Remiremont Info"},"image":{"@id":"https:\/\/vosgesinfo.fr\/remiremontinfo\/#\/schema\/logo\/image\/"},"sameAs":["https:\/\/www.facebook.com\/remiremontinfo","https:\/\/x.com\/VosgesInfo88","https:\/\/www.youtube.com\/@vosgesinfo"]},{"@type":"Person","@id":"https:\/\/vosgesinfo.fr\/remiremontinfo\/#\/schema\/person\/3bfd164d5218a185b1db68655a265316","name":"C D","image":{"@type":"ImageObject","inLanguage":"fr-FR","@id":"https:\/\/vosgesinfo.fr\/remiremontinfo\/#\/schema\/person\/image\/","url":"https:\/\/secure.gravatar.com\/avatar\/1f9a70007336511a47468b8f1c66f922b8b7cf617b02a31149ada43893a5d48f?s=96&d=mm&r=g","contentUrl":"https:\/\/secure.gravatar.com\/avatar\/1f9a70007336511a47468b8f1c66f922b8b7cf617b02a31149ada43893a5d48f?s=96&d=mm&r=g","caption":"C D"},"url":"https:\/\/vosgesinfo.fr\/remiremontinfo\/author\/cedric-drevet\/"}]}},"_links":{"self":[{"href":"https:\/\/vosgesinfo.fr\/remiremontinfo\/wp-json\/wp\/v2\/posts\/63610","targetHints":{"allow":["GET"]}}],"collection":[{"href":"https:\/\/vosgesinfo.fr\/remiremontinfo\/wp-json\/wp\/v2\/posts"}],"about":[{"href":"https:\/\/vosgesinfo.fr\/remiremontinfo\/wp-json\/wp\/v2\/types\/post"}],"author":[{"embeddable":true,"href":"https:\/\/vosgesinfo.fr\/remiremontinfo\/wp-json\/wp\/v2\/users\/407"}],"replies":[{"embeddable":true,"href":"https:\/\/vosgesinfo.fr\/remiremontinfo\/wp-json\/wp\/v2\/comments?post=63610"}],"version-history":[{"count":0,"href":"https:\/\/vosgesinfo.fr\/remiremontinfo\/wp-json\/wp\/v2\/posts\/63610\/revisions"}],"wp:featuredmedia":[{"embeddable":true,"href":"https:\/\/vosgesinfo.fr\/remiremontinfo\/wp-json\/wp\/v2\/media\/63611"}],"wp:attachment":[{"href":"https:\/\/vosgesinfo.fr\/remiremontinfo\/wp-json\/wp\/v2\/media?parent=63610"}],"wp:term":[{"taxonomy":"category","embeddable":true,"href":"https:\/\/vosgesinfo.fr\/remiremontinfo\/wp-json\/wp\/v2\/categories?post=63610"},{"taxonomy":"post_tag","embeddable":true,"href":"https:\/\/vosgesinfo.fr\/remiremontinfo\/wp-json\/wp\/v2\/tags?post=63610"}],"curies":[{"name":"wp","href":"https:\/\/api.w.org\/{rel}","templated":true}]}}