{"id":63788,"date":"2022-10-26T07:32:32","date_gmt":"2022-10-26T05:32:32","guid":{"rendered":"https:\/\/vosgesinfo.fr\/remiremontinfo\/2022\/10\/thermes-de-plombieres-elisabeth-borne-evoque-situation-a-lassemblee-pointe-proprietaire\/"},"modified":"2022-10-26T07:32:32","modified_gmt":"2022-10-26T05:32:32","slug":"thermes-de-plombieres-elisabeth-borne-evoque-situation-a-lassemblee-pointe-proprietaire","status":"publish","type":"post","link":"https:\/\/vosgesinfo.fr\/remiremontinfo\/2022\/10\/thermes-de-plombieres-elisabeth-borne-evoque-situation-a-lassemblee-pointe-proprietaire\/","title":{"rendered":"Thermes de Plombi\u00e8res\u00a0: Elisabeth Borne \u00e9voque la situation \u00e0 l\u2019Assembl\u00e9e et pointe le propri\u00e9taire"},"content":{"rendered":"<p><a href=\"\/2022\/10\/Capture-d\u2019\u00e9cran-2022-10-26-093014.png\"><img decoding=\"async\" class=\"alignnone size-large wp-image-356668\" src=\"\/2022\/10\/Capture-d\u2019\u00e9cran-2022-10-26-093014-1024x756.png\" alt=\"Capture d\u2019\u00e9cran 2022-10-26 093014\" width=\"960\" height=\"709\" \/><\/a><\/p>\n<p><span style=\"font-size: 10pt;\"><em>Capture d&rsquo;\u00e9cran LCP Assembl\u00e9e Nationale\u00a0<\/em><\/span><\/p>\n<h2><span style=\"font-size: 12pt;\"><strong>C\u2019est une affaire d\u00e9licate qui se poursuit depuis longtemps\u00a0: l\u2019ouverture des thermes de Plombi\u00e8res a \u00e9t\u00e9 de nombreuses fois repouss\u00e9e, et les relations avec la Mairie sont pour le moins houleuses. \u00c9lisabeth Borne, qui occupe actuellement le poste de Premier Ministre\u00a0, a \u00e9voqu\u00e9 la situation au sein de l\u2019h\u00e9micycle de l\u2019Assembl\u00e9e Nationale ce mardi 25 octobre. Elle pointe la responsabilit\u00e9 du groupe \u00ab\u00a0AVEC\u00a0\u00bb qui g\u00e8re l\u2019\u00e9tablissement.<\/strong><\/span><\/h2>\n<p>C\u2019est suite \u00e0 une intervention du d\u00e9put\u00e9 de la 3\u00e8me circonscription des Vosges Christophe Naegelen au sujet des Thermes de Plombi\u00e8res-les-Bains que le chef du gouvernement a pris la parole \u00e0 ce sujet qui int\u00e9resse si vivement les habitants de la commune, et notamment les commer\u00e7ants. Voici l&rsquo;intervention du d\u00e9put\u00e9, relay\u00e9e par LCP Assembl\u00e9e Nationale :<\/p>\n<div class=\"twitter-tweet twitter-tweet-rendered\" style=\"display: flex; max-width: 550px; width: 100%; margin-top: 10px; margin-bottom: 10px; text-align: center;\"><iframe id=\"twitter-widget-1\" class=\"\" style=\"position: static; visibility: visible; width: 550px; height: 600px; display: block; flex-grow: 1;\" title=\"Twitter Tweet\" src=\"https:\/\/platform.twitter.com\/embed\/Tweet.html?dnt=false&amp;embedId=twitter-widget-1&amp;features=eyJ0ZndfdGltZWxpbmVfbGlzdCI6eyJidWNrZXQiOlsibGlua3RyLmVlIiwidHIuZWUiLCJ0ZXJyYS5jb20uYnIiLCJ3d3cubGlua3RyLmVlIiwid3d3LnRyLmVlIiwid3d3LnRlcnJhLmNvbS5iciJdLCJ2ZXJzaW9uIjpudWxsfSwidGZ3X2hvcml6b25fdGltZWxpbmVfMTIwMzQiOnsiYnVja2V0IjoidHJlYXRtZW50IiwidmVyc2lvbiI6bnVsbH0sInRmd190d2VldF9lZGl0X2JhY2tlbmQiOnsiYnVja2V0Ijoib24iLCJ2ZXJzaW9uIjpudWxsfSwidGZ3X3JlZnNyY19zZXNzaW9uIjp7ImJ1Y2tldCI6Im9uIiwidmVyc2lvbiI6bnVsbH0sInRmd19jaGluX3BpbGxzXzE0NzQxIjp7ImJ1Y2tldCI6ImNvbG9yX2ljb25zIiwidmVyc2lvbiI6bnVsbH0sInRmd190d2VldF9yZXN1bHRfbWlncmF0aW9uXzEzOTc5Ijp7ImJ1Y2tldCI6InR3ZWV0X3Jlc3VsdCIsInZlcnNpb24iOm51bGx9LCJ0Zndfc2Vuc2l0aXZlX21lZGlhX2ludGVyc3RpdGlhbF8xMzk2MyI6eyJidWNrZXQiOiJpbnRlcnN0aXRpYWwiLCJ2ZXJzaW9uIjpudWxsfSwidGZ3X2V4cGVyaW1lbnRzX2Nvb2tpZV9leHBpcmF0aW9uIjp7ImJ1Y2tldCI6MTIwOTYwMCwidmVyc2lvbiI6bnVsbH0sInRmd19kdXBsaWNhdGVfc2NyaWJlc190b19zZXR0aW5ncyI6eyJidWNrZXQiOiJvbiIsInZlcnNpb24iOm51bGx9LCJ0ZndfdmlkZW9faGxzX2R5bmFtaWNfbWFuaWZlc3RzXzE1MDgyIjp7ImJ1Y2tldCI6InRydWVfYml0cmF0ZSIsInZlcnNpb24iOm51bGx9LCJ0ZndfdHdlZXRfZWRpdF9mcm9udGVuZCI6eyJidWNrZXQiOiJvbiIsInZlcnNpb24iOm51bGx9fQ%3D%3D&amp;frame=false&amp;hideCard=false&amp;hideThread=false&amp;id=1584921949205135361&amp;lang=en&amp;origin=https%3A%2F%2Fremiremontinfo.fr%2Fwp-admin%2Fpost-new.php&amp;sessionId=37991d4fea4c4113973f5dc6eac4d2476b41462a&amp;theme=light&amp;widgetsVersion=1c23387b1f70c%3A1664388199485&amp;width=550px\" frameborder=\"0\" scrolling=\"no\" allowfullscreen=\"allowfullscreen\" data-tweet-id=\"1584921949205135361\"><\/iframe><\/div>\n<p>\u00ab\u00a0Nous avons affaire \u00e0 un investisseur qui ne respecte pas ses engagements\u00a0\u00bb, a affirm\u00e9 Elisabeth Borne.\u00a0\u00ab\u00a0Qui ne respecte pas les acteurs du territoire qui lui ont fait confiance. Qui ne respecte pas les salari\u00e9s des thermes de Plombi\u00e8res\u00a0\u00bb. Voici son intervention :<\/p>\n<div class=\"twitter-tweet twitter-tweet-rendered\" style=\"display: flex; max-width: 550px; width: 100%; margin-top: 10px; margin-bottom: 10px;\"><iframe loading=\"lazy\" id=\"twitter-widget-2\" class=\"\" style=\"position: static; visibility: visible; width: 550px; height: 672px; display: block; flex-grow: 1;\" title=\"Twitter Tweet\" src=\"https:\/\/platform.twitter.com\/embed\/Tweet.html?dnt=false&amp;embedId=twitter-widget-2&amp;features=eyJ0ZndfdGltZWxpbmVfbGlzdCI6eyJidWNrZXQiOlsibGlua3RyLmVlIiwidHIuZWUiLCJ0ZXJyYS5jb20uYnIiLCJ3d3cubGlua3RyLmVlIiwid3d3LnRyLmVlIiwid3d3LnRlcnJhLmNvbS5iciJdLCJ2ZXJzaW9uIjpudWxsfSwidGZ3X2hvcml6b25fdGltZWxpbmVfMTIwMzQiOnsiYnVja2V0IjoidHJlYXRtZW50IiwidmVyc2lvbiI6bnVsbH0sInRmd190d2VldF9lZGl0X2JhY2tlbmQiOnsiYnVja2V0Ijoib24iLCJ2ZXJzaW9uIjpudWxsfSwidGZ3X3JlZnNyY19zZXNzaW9uIjp7ImJ1Y2tldCI6Im9uIiwidmVyc2lvbiI6bnVsbH0sInRmd19jaGluX3BpbGxzXzE0NzQxIjp7ImJ1Y2tldCI6ImNvbG9yX2ljb25zIiwidmVyc2lvbiI6bnVsbH0sInRmd190d2VldF9yZXN1bHRfbWlncmF0aW9uXzEzOTc5Ijp7ImJ1Y2tldCI6InR3ZWV0X3Jlc3VsdCIsInZlcnNpb24iOm51bGx9LCJ0Zndfc2Vuc2l0aXZlX21lZGlhX2ludGVyc3RpdGlhbF8xMzk2MyI6eyJidWNrZXQiOiJpbnRlcnN0aXRpYWwiLCJ2ZXJzaW9uIjpudWxsfSwidGZ3X2V4cGVyaW1lbnRzX2Nvb2tpZV9leHBpcmF0aW9uIjp7ImJ1Y2tldCI6MTIwOTYwMCwidmVyc2lvbiI6bnVsbH0sInRmd19kdXBsaWNhdGVfc2NyaWJlc190b19zZXR0aW5ncyI6eyJidWNrZXQiOiJvbiIsInZlcnNpb24iOm51bGx9LCJ0ZndfdmlkZW9faGxzX2R5bmFtaWNfbWFuaWZlc3RzXzE1MDgyIjp7ImJ1Y2tldCI6InRydWVfYml0cmF0ZSIsInZlcnNpb24iOm51bGx9LCJ0ZndfdHdlZXRfZWRpdF9mcm9udGVuZCI6eyJidWNrZXQiOiJvbiIsInZlcnNpb24iOm51bGx9fQ%3D%3D&amp;frame=false&amp;hideCard=false&amp;hideThread=false&amp;id=1584923439416098817&amp;lang=en&amp;origin=https%3A%2F%2Fremiremontinfo.fr%2Fwp-admin%2Fpost-new.php&amp;sessionId=37991d4fea4c4113973f5dc6eac4d2476b41462a&amp;theme=light&amp;widgetsVersion=1c23387b1f70c%3A1664388199485&amp;width=550px\" width=\"300\" height=\"150\" frameborder=\"0\" scrolling=\"no\" allowfullscreen=\"allowfullscreen\" data-tweet-id=\"1584923439416098817\" data-mce-style=\"position: static; visibility: visible; width: 550px; height: 672px; display: block; flex-grow: 1;\"><\/iframe><\/div>\n<p><script src=\"https:\/\/platform.twitter.com\/widgets.js\" async=\"\" charset=\"utf-8\"><\/script><\/p>\n","protected":false},"excerpt":{"rendered":"<p>Capture d&rsquo;\u00e9cran LCP Assembl\u00e9e Nationale\u00a0 C\u2019est une affaire d\u00e9licate qui se poursuit depuis longtemps\u00a0: l\u2019ouverture des thermes de Plombi\u00e8res a [&hellip;]<\/p>\n","protected":false},"author":407,"featured_media":63789,"comment_status":"open","ping_status":"open","sticky":false,"template":"","format":"standard","meta":{"footnotes":""},"categories":[26,82,102,10],"tags":[4935,501,3900,4936,4937,2022,32],"class_list":["post-63788","post","type-post","status-publish","format-standard","has-post-thumbnail","hentry","category-a-la-une","category-le-val-dajol-son-canton","category-plombieres-les-bains","category-politique","tag-avec","tag-christophe-naegelen","tag-elisabeth-borne","tag-groupe","tag-plombierepolitique","tag-thermes","tag-vosges"],"acf":[],"yoast_head":"<!-- This site is optimized with the Yoast SEO plugin v22.5 - https:\/\/yoast.com\/wordpress\/plugins\/seo\/ -->\n<title>Thermes de Plombi\u00e8res\u00a0: Elisabeth Borne \u00e9voque la situation \u00e0 l\u2019Assembl\u00e9e et pointe le propri\u00e9taire - Remiremont Info<\/title>\n<meta name=\"robots\" content=\"index, follow, max-snippet:-1, max-image-preview:large, max-video-preview:-1\" \/>\n<link rel=\"canonical\" href=\"https:\/\/vosgesinfo.fr\/remiremontinfo\/2022\/10\/thermes-de-plombieres-elisabeth-borne-evoque-situation-a-lassemblee-pointe-proprietaire\/\" \/>\n<meta name=\"twitter:card\" content=\"summary_large_image\" \/>\n<meta name=\"twitter:title\" content=\"Thermes de Plombi\u00e8res\u00a0: Elisabeth Borne \u00e9voque la situation \u00e0 l\u2019Assembl\u00e9e et pointe le propri\u00e9taire - Remiremont Info\" \/>\n<meta name=\"twitter:description\" content=\"Capture d&rsquo;\u00e9cran LCP Assembl\u00e9e Nationale\u00a0 C\u2019est une affaire d\u00e9licate qui se poursuit depuis longtemps\u00a0: l\u2019ouverture des thermes de Plombi\u00e8res a [&hellip;]\" \/>\n<meta name=\"twitter:image\" content=\"https:\/\/vosgesinfo.fr\/app\/uploads\/sites\/5\/2024\/09\/202210capture-decran-2022-10-26-093014.png\" \/>\n<meta name=\"twitter:creator\" content=\"@VosgesInfo88\" \/>\n<meta name=\"twitter:site\" content=\"@VosgesInfo88\" \/>\n<meta name=\"twitter:label1\" content=\"\u00c9crit par\" \/>\n\t<meta name=\"twitter:data1\" content=\"C D\" \/>\n\t<meta name=\"twitter:label2\" content=\"Dur\u00e9e de lecture estim\u00e9e\" \/>\n\t<meta name=\"twitter:data2\" content=\"1 minute\" \/>\n<script type=\"application\/ld+json\" class=\"yoast-schema-graph\">{\"@context\":\"https:\/\/schema.org\",\"@graph\":[{\"@type\":\"Article\",\"@id\":\"https:\/\/vosgesinfo.fr\/remiremontinfo\/2022\/10\/thermes-de-plombieres-elisabeth-borne-evoque-situation-a-lassemblee-pointe-proprietaire\/#article\",\"isPartOf\":{\"@id\":\"https:\/\/vosgesinfo.fr\/remiremontinfo\/2022\/10\/thermes-de-plombieres-elisabeth-borne-evoque-situation-a-lassemblee-pointe-proprietaire\/\"},\"author\":{\"name\":\"C D\",\"@id\":\"https:\/\/vosgesinfo.fr\/remiremontinfo\/#\/schema\/person\/3bfd164d5218a185b1db68655a265316\"},\"headline\":\"Thermes de Plombi\u00e8res\u00a0: Elisabeth Borne \u00e9voque la situation \u00e0 l\u2019Assembl\u00e9e et pointe le propri\u00e9taire\",\"datePublished\":\"2022-10-26T05:32:32+00:00\",\"dateModified\":\"2022-10-26T05:32:32+00:00\",\"mainEntityOfPage\":{\"@id\":\"https:\/\/vosgesinfo.fr\/remiremontinfo\/2022\/10\/thermes-de-plombieres-elisabeth-borne-evoque-situation-a-lassemblee-pointe-proprietaire\/\"},\"wordCount\":205,\"commentCount\":0,\"publisher\":{\"@id\":\"https:\/\/vosgesinfo.fr\/remiremontinfo\/#organization\"},\"image\":{\"@id\":\"https:\/\/vosgesinfo.fr\/remiremontinfo\/2022\/10\/thermes-de-plombieres-elisabeth-borne-evoque-situation-a-lassemblee-pointe-proprietaire\/#primaryimage\"},\"thumbnailUrl\":\"https:\/\/vosgesinfo.fr\/app\/uploads\/sites\/5\/2024\/09\/202210capture-decran-2022-10-26-093014.png\",\"keywords\":[\"avec\",\"Christophe Naegelen\",\"elisabeth borne\",\"groupe\",\"plombi\u00e8repolitique\",\"thermes\",\"Vosges\"],\"articleSection\":[\"A la Une\",\"Le Val-d'Ajol &amp; son canton\",\"Plombi\u00e8res-l\u00e8s-Bains\",\"Politique\"],\"inLanguage\":\"fr-FR\",\"potentialAction\":[{\"@type\":\"CommentAction\",\"name\":\"Comment\",\"target\":[\"https:\/\/vosgesinfo.fr\/remiremontinfo\/2022\/10\/thermes-de-plombieres-elisabeth-borne-evoque-situation-a-lassemblee-pointe-proprietaire\/#respond\"]}]},{\"@type\":\"WebPage\",\"@id\":\"https:\/\/vosgesinfo.fr\/remiremontinfo\/2022\/10\/thermes-de-plombieres-elisabeth-borne-evoque-situation-a-lassemblee-pointe-proprietaire\/\",\"url\":\"https:\/\/vosgesinfo.fr\/remiremontinfo\/2022\/10\/thermes-de-plombieres-elisabeth-borne-evoque-situation-a-lassemblee-pointe-proprietaire\/\",\"name\":\"Thermes de Plombi\u00e8res\u00a0: Elisabeth Borne \u00e9voque la situation \u00e0 l\u2019Assembl\u00e9e et pointe le propri\u00e9taire - Remiremont Info\",\"isPartOf\":{\"@id\":\"https:\/\/vosgesinfo.fr\/remiremontinfo\/#website\"},\"primaryImageOfPage\":{\"@id\":\"https:\/\/vosgesinfo.fr\/remiremontinfo\/2022\/10\/thermes-de-plombieres-elisabeth-borne-evoque-situation-a-lassemblee-pointe-proprietaire\/#primaryimage\"},\"image\":{\"@id\":\"https:\/\/vosgesinfo.fr\/remiremontinfo\/2022\/10\/thermes-de-plombieres-elisabeth-borne-evoque-situation-a-lassemblee-pointe-proprietaire\/#primaryimage\"},\"thumbnailUrl\":\"https:\/\/vosgesinfo.fr\/app\/uploads\/sites\/5\/2024\/09\/202210capture-decran-2022-10-26-093014.png\",\"datePublished\":\"2022-10-26T05:32:32+00:00\",\"dateModified\":\"2022-10-26T05:32:32+00:00\",\"breadcrumb\":{\"@id\":\"https:\/\/vosgesinfo.fr\/remiremontinfo\/2022\/10\/thermes-de-plombieres-elisabeth-borne-evoque-situation-a-lassemblee-pointe-proprietaire\/#breadcrumb\"},\"inLanguage\":\"fr-FR\",\"potentialAction\":[{\"@type\":\"ReadAction\",\"target\":[\"https:\/\/vosgesinfo.fr\/remiremontinfo\/2022\/10\/thermes-de-plombieres-elisabeth-borne-evoque-situation-a-lassemblee-pointe-proprietaire\/\"]}]},{\"@type\":\"ImageObject\",\"inLanguage\":\"fr-FR\",\"@id\":\"https:\/\/vosgesinfo.fr\/remiremontinfo\/2022\/10\/thermes-de-plombieres-elisabeth-borne-evoque-situation-a-lassemblee-pointe-proprietaire\/#primaryimage\",\"url\":\"https:\/\/vosgesinfo.fr\/app\/uploads\/sites\/5\/2024\/09\/202210capture-decran-2022-10-26-093014.png\",\"contentUrl\":\"https:\/\/vosgesinfo.fr\/app\/uploads\/sites\/5\/2024\/09\/202210capture-decran-2022-10-26-093014.png\",\"width\":1070,\"height\":790},{\"@type\":\"BreadcrumbList\",\"@id\":\"https:\/\/vosgesinfo.fr\/remiremontinfo\/2022\/10\/thermes-de-plombieres-elisabeth-borne-evoque-situation-a-lassemblee-pointe-proprietaire\/#breadcrumb\",\"itemListElement\":[{\"@type\":\"ListItem\",\"position\":1,\"name\":\"Home\",\"item\":\"https:\/\/vosgesinfo.fr\/remiremontinfo\/\"},{\"@type\":\"ListItem\",\"position\":2,\"name\":\"Thermes de Plombi\u00e8res\u00a0: Elisabeth Borne \u00e9voque la situation \u00e0 l\u2019Assembl\u00e9e et pointe le propri\u00e9taire\"}]},{\"@type\":\"WebSite\",\"@id\":\"https:\/\/vosgesinfo.fr\/remiremontinfo\/#website\",\"url\":\"https:\/\/vosgesinfo.fr\/remiremontinfo\/\",\"name\":\"Remiremont Info\",\"description\":\"Toute l&#039;actualit\u00e9 de Remiremont\",\"publisher\":{\"@id\":\"https:\/\/vosgesinfo.fr\/remiremontinfo\/#organization\"},\"alternateName\":\"Toute l'actualit\u00e9 de Remiremont\",\"potentialAction\":[{\"@type\":\"SearchAction\",\"target\":{\"@type\":\"EntryPoint\",\"urlTemplate\":\"https:\/\/vosgesinfo.fr\/remiremontinfo\/?s={search_term_string}\"},\"query-input\":\"required name=search_term_string\"}],\"inLanguage\":\"fr-FR\"},{\"@type\":\"Organization\",\"@id\":\"https:\/\/vosgesinfo.fr\/remiremontinfo\/#organization\",\"name\":\"Remiremont Info\",\"url\":\"https:\/\/vosgesinfo.fr\/remiremontinfo\/\",\"logo\":{\"@type\":\"ImageObject\",\"inLanguage\":\"fr-FR\",\"@id\":\"https:\/\/vosgesinfo.fr\/remiremontinfo\/#\/schema\/logo\/image\/\",\"url\":\"https:\/\/vosgesinfo.fr\/app\/uploads\/sites\/5\/2023\/08\/favicon-remiremontinfo.png\",\"contentUrl\":\"https:\/\/vosgesinfo.fr\/app\/uploads\/sites\/5\/2023\/08\/favicon-remiremontinfo.png\",\"width\":512,\"height\":512,\"caption\":\"Remiremont Info\"},\"image\":{\"@id\":\"https:\/\/vosgesinfo.fr\/remiremontinfo\/#\/schema\/logo\/image\/\"},\"sameAs\":[\"https:\/\/www.facebook.com\/remiremontinfo\",\"https:\/\/x.com\/VosgesInfo88\",\"https:\/\/www.youtube.com\/@vosgesinfo\"]},{\"@type\":\"Person\",\"@id\":\"https:\/\/vosgesinfo.fr\/remiremontinfo\/#\/schema\/person\/3bfd164d5218a185b1db68655a265316\",\"name\":\"C D\",\"image\":{\"@type\":\"ImageObject\",\"inLanguage\":\"fr-FR\",\"@id\":\"https:\/\/vosgesinfo.fr\/remiremontinfo\/#\/schema\/person\/image\/\",\"url\":\"https:\/\/secure.gravatar.com\/avatar\/1f9a70007336511a47468b8f1c66f922b8b7cf617b02a31149ada43893a5d48f?s=96&d=mm&r=g\",\"contentUrl\":\"https:\/\/secure.gravatar.com\/avatar\/1f9a70007336511a47468b8f1c66f922b8b7cf617b02a31149ada43893a5d48f?s=96&d=mm&r=g\",\"caption\":\"C D\"},\"url\":\"https:\/\/vosgesinfo.fr\/remiremontinfo\/author\/cedric-drevet\/\"}]}<\/script>\n<!-- \/ Yoast SEO plugin. -->","yoast_head_json":{"title":"Thermes de Plombi\u00e8res\u00a0: Elisabeth Borne \u00e9voque la situation \u00e0 l\u2019Assembl\u00e9e et pointe le propri\u00e9taire - Remiremont Info","robots":{"index":"index","follow":"follow","max-snippet":"max-snippet:-1","max-image-preview":"max-image-preview:large","max-video-preview":"max-video-preview:-1"},"canonical":"https:\/\/vosgesinfo.fr\/remiremontinfo\/2022\/10\/thermes-de-plombieres-elisabeth-borne-evoque-situation-a-lassemblee-pointe-proprietaire\/","twitter_card":"summary_large_image","twitter_title":"Thermes de Plombi\u00e8res\u00a0: Elisabeth Borne \u00e9voque la situation \u00e0 l\u2019Assembl\u00e9e et pointe le propri\u00e9taire - Remiremont Info","twitter_description":"Capture d&rsquo;\u00e9cran LCP Assembl\u00e9e Nationale\u00a0 C\u2019est une affaire d\u00e9licate qui se poursuit depuis longtemps\u00a0: l\u2019ouverture des thermes de Plombi\u00e8res a [&hellip;]","twitter_image":"https:\/\/vosgesinfo.fr\/app\/uploads\/sites\/5\/2024\/09\/202210capture-decran-2022-10-26-093014.png","twitter_creator":"@VosgesInfo88","twitter_site":"@VosgesInfo88","twitter_misc":{"\u00c9crit par":"C D","Dur\u00e9e de lecture estim\u00e9e":"1 minute"},"schema":{"@context":"https:\/\/schema.org","@graph":[{"@type":"Article","@id":"https:\/\/vosgesinfo.fr\/remiremontinfo\/2022\/10\/thermes-de-plombieres-elisabeth-borne-evoque-situation-a-lassemblee-pointe-proprietaire\/#article","isPartOf":{"@id":"https:\/\/vosgesinfo.fr\/remiremontinfo\/2022\/10\/thermes-de-plombieres-elisabeth-borne-evoque-situation-a-lassemblee-pointe-proprietaire\/"},"author":{"name":"C D","@id":"https:\/\/vosgesinfo.fr\/remiremontinfo\/#\/schema\/person\/3bfd164d5218a185b1db68655a265316"},"headline":"Thermes de Plombi\u00e8res\u00a0: Elisabeth Borne \u00e9voque la situation \u00e0 l\u2019Assembl\u00e9e et pointe le propri\u00e9taire","datePublished":"2022-10-26T05:32:32+00:00","dateModified":"2022-10-26T05:32:32+00:00","mainEntityOfPage":{"@id":"https:\/\/vosgesinfo.fr\/remiremontinfo\/2022\/10\/thermes-de-plombieres-elisabeth-borne-evoque-situation-a-lassemblee-pointe-proprietaire\/"},"wordCount":205,"commentCount":0,"publisher":{"@id":"https:\/\/vosgesinfo.fr\/remiremontinfo\/#organization"},"image":{"@id":"https:\/\/vosgesinfo.fr\/remiremontinfo\/2022\/10\/thermes-de-plombieres-elisabeth-borne-evoque-situation-a-lassemblee-pointe-proprietaire\/#primaryimage"},"thumbnailUrl":"https:\/\/vosgesinfo.fr\/app\/uploads\/sites\/5\/2024\/09\/202210capture-decran-2022-10-26-093014.png","keywords":["avec","Christophe Naegelen","elisabeth borne","groupe","plombi\u00e8repolitique","thermes","Vosges"],"articleSection":["A la Une","Le Val-d'Ajol &amp; son canton","Plombi\u00e8res-l\u00e8s-Bains","Politique"],"inLanguage":"fr-FR","potentialAction":[{"@type":"CommentAction","name":"Comment","target":["https:\/\/vosgesinfo.fr\/remiremontinfo\/2022\/10\/thermes-de-plombieres-elisabeth-borne-evoque-situation-a-lassemblee-pointe-proprietaire\/#respond"]}]},{"@type":"WebPage","@id":"https:\/\/vosgesinfo.fr\/remiremontinfo\/2022\/10\/thermes-de-plombieres-elisabeth-borne-evoque-situation-a-lassemblee-pointe-proprietaire\/","url":"https:\/\/vosgesinfo.fr\/remiremontinfo\/2022\/10\/thermes-de-plombieres-elisabeth-borne-evoque-situation-a-lassemblee-pointe-proprietaire\/","name":"Thermes de Plombi\u00e8res\u00a0: Elisabeth Borne \u00e9voque la situation \u00e0 l\u2019Assembl\u00e9e et pointe le propri\u00e9taire - Remiremont Info","isPartOf":{"@id":"https:\/\/vosgesinfo.fr\/remiremontinfo\/#website"},"primaryImageOfPage":{"@id":"https:\/\/vosgesinfo.fr\/remiremontinfo\/2022\/10\/thermes-de-plombieres-elisabeth-borne-evoque-situation-a-lassemblee-pointe-proprietaire\/#primaryimage"},"image":{"@id":"https:\/\/vosgesinfo.fr\/remiremontinfo\/2022\/10\/thermes-de-plombieres-elisabeth-borne-evoque-situation-a-lassemblee-pointe-proprietaire\/#primaryimage"},"thumbnailUrl":"https:\/\/vosgesinfo.fr\/app\/uploads\/sites\/5\/2024\/09\/202210capture-decran-2022-10-26-093014.png","datePublished":"2022-10-26T05:32:32+00:00","dateModified":"2022-10-26T05:32:32+00:00","breadcrumb":{"@id":"https:\/\/vosgesinfo.fr\/remiremontinfo\/2022\/10\/thermes-de-plombieres-elisabeth-borne-evoque-situation-a-lassemblee-pointe-proprietaire\/#breadcrumb"},"inLanguage":"fr-FR","potentialAction":[{"@type":"ReadAction","target":["https:\/\/vosgesinfo.fr\/remiremontinfo\/2022\/10\/thermes-de-plombieres-elisabeth-borne-evoque-situation-a-lassemblee-pointe-proprietaire\/"]}]},{"@type":"ImageObject","inLanguage":"fr-FR","@id":"https:\/\/vosgesinfo.fr\/remiremontinfo\/2022\/10\/thermes-de-plombieres-elisabeth-borne-evoque-situation-a-lassemblee-pointe-proprietaire\/#primaryimage","url":"https:\/\/vosgesinfo.fr\/app\/uploads\/sites\/5\/2024\/09\/202210capture-decran-2022-10-26-093014.png","contentUrl":"https:\/\/vosgesinfo.fr\/app\/uploads\/sites\/5\/2024\/09\/202210capture-decran-2022-10-26-093014.png","width":1070,"height":790},{"@type":"BreadcrumbList","@id":"https:\/\/vosgesinfo.fr\/remiremontinfo\/2022\/10\/thermes-de-plombieres-elisabeth-borne-evoque-situation-a-lassemblee-pointe-proprietaire\/#breadcrumb","itemListElement":[{"@type":"ListItem","position":1,"name":"Home","item":"https:\/\/vosgesinfo.fr\/remiremontinfo\/"},{"@type":"ListItem","position":2,"name":"Thermes de Plombi\u00e8res\u00a0: Elisabeth Borne \u00e9voque la situation \u00e0 l\u2019Assembl\u00e9e et pointe le propri\u00e9taire"}]},{"@type":"WebSite","@id":"https:\/\/vosgesinfo.fr\/remiremontinfo\/#website","url":"https:\/\/vosgesinfo.fr\/remiremontinfo\/","name":"Remiremont Info","description":"Toute l&#039;actualit\u00e9 de Remiremont","publisher":{"@id":"https:\/\/vosgesinfo.fr\/remiremontinfo\/#organization"},"alternateName":"Toute l'actualit\u00e9 de Remiremont","potentialAction":[{"@type":"SearchAction","target":{"@type":"EntryPoint","urlTemplate":"https:\/\/vosgesinfo.fr\/remiremontinfo\/?s={search_term_string}"},"query-input":"required name=search_term_string"}],"inLanguage":"fr-FR"},{"@type":"Organization","@id":"https:\/\/vosgesinfo.fr\/remiremontinfo\/#organization","name":"Remiremont Info","url":"https:\/\/vosgesinfo.fr\/remiremontinfo\/","logo":{"@type":"ImageObject","inLanguage":"fr-FR","@id":"https:\/\/vosgesinfo.fr\/remiremontinfo\/#\/schema\/logo\/image\/","url":"https:\/\/vosgesinfo.fr\/app\/uploads\/sites\/5\/2023\/08\/favicon-remiremontinfo.png","contentUrl":"https:\/\/vosgesinfo.fr\/app\/uploads\/sites\/5\/2023\/08\/favicon-remiremontinfo.png","width":512,"height":512,"caption":"Remiremont Info"},"image":{"@id":"https:\/\/vosgesinfo.fr\/remiremontinfo\/#\/schema\/logo\/image\/"},"sameAs":["https:\/\/www.facebook.com\/remiremontinfo","https:\/\/x.com\/VosgesInfo88","https:\/\/www.youtube.com\/@vosgesinfo"]},{"@type":"Person","@id":"https:\/\/vosgesinfo.fr\/remiremontinfo\/#\/schema\/person\/3bfd164d5218a185b1db68655a265316","name":"C D","image":{"@type":"ImageObject","inLanguage":"fr-FR","@id":"https:\/\/vosgesinfo.fr\/remiremontinfo\/#\/schema\/person\/image\/","url":"https:\/\/secure.gravatar.com\/avatar\/1f9a70007336511a47468b8f1c66f922b8b7cf617b02a31149ada43893a5d48f?s=96&d=mm&r=g","contentUrl":"https:\/\/secure.gravatar.com\/avatar\/1f9a70007336511a47468b8f1c66f922b8b7cf617b02a31149ada43893a5d48f?s=96&d=mm&r=g","caption":"C D"},"url":"https:\/\/vosgesinfo.fr\/remiremontinfo\/author\/cedric-drevet\/"}]}},"_links":{"self":[{"href":"https:\/\/vosgesinfo.fr\/remiremontinfo\/wp-json\/wp\/v2\/posts\/63788","targetHints":{"allow":["GET"]}}],"collection":[{"href":"https:\/\/vosgesinfo.fr\/remiremontinfo\/wp-json\/wp\/v2\/posts"}],"about":[{"href":"https:\/\/vosgesinfo.fr\/remiremontinfo\/wp-json\/wp\/v2\/types\/post"}],"author":[{"embeddable":true,"href":"https:\/\/vosgesinfo.fr\/remiremontinfo\/wp-json\/wp\/v2\/users\/407"}],"replies":[{"embeddable":true,"href":"https:\/\/vosgesinfo.fr\/remiremontinfo\/wp-json\/wp\/v2\/comments?post=63788"}],"version-history":[{"count":0,"href":"https:\/\/vosgesinfo.fr\/remiremontinfo\/wp-json\/wp\/v2\/posts\/63788\/revisions"}],"wp:featuredmedia":[{"embeddable":true,"href":"https:\/\/vosgesinfo.fr\/remiremontinfo\/wp-json\/wp\/v2\/media\/63789"}],"wp:attachment":[{"href":"https:\/\/vosgesinfo.fr\/remiremontinfo\/wp-json\/wp\/v2\/media?parent=63788"}],"wp:term":[{"taxonomy":"category","embeddable":true,"href":"https:\/\/vosgesinfo.fr\/remiremontinfo\/wp-json\/wp\/v2\/categories?post=63788"},{"taxonomy":"post_tag","embeddable":true,"href":"https:\/\/vosgesinfo.fr\/remiremontinfo\/wp-json\/wp\/v2\/tags?post=63788"}],"curies":[{"name":"wp","href":"https:\/\/api.w.org\/{rel}","templated":true}]}}