{"id":63817,"date":"2022-10-27T08:32:11","date_gmt":"2022-10-27T06:32:11","guid":{"rendered":"https:\/\/vosgesinfo.fr\/remiremontinfo\/2022\/10\/plombieres-recoit-label-ville-imperiale\/"},"modified":"2022-10-27T08:32:11","modified_gmt":"2022-10-27T06:32:11","slug":"plombieres-recoit-label-ville-imperiale","status":"publish","type":"post","link":"https:\/\/vosgesinfo.fr\/remiremontinfo\/2022\/10\/plombieres-recoit-label-ville-imperiale\/","title":{"rendered":"Plombi\u00e8res re\u00e7oit le label \u00ab\u00a0Ville Imp\u00e9riale\u00a0\u00bb"},"content":{"rendered":"<p><a href=\"\/2022\/10\/1024px-Plombieres_les_bains_vueOuest1.jpg\"><img decoding=\"async\" class=\"alignnone size-full wp-image-356748\" src=\"\/2022\/10\/1024px-Plombieres_les_bains_vueOuest1.jpg\" alt=\"Plombi\u00e8res \" width=\"800\" height=\"534\" \/><\/a><\/p>\n<p><span style=\"font-size: 10pt;\"><em>Photo de\u00a0<a title=\"User:Mstorn\" href=\"https:\/\/commons.wikimedia.org\/wiki\/User:Mstorn\">Mstorn<\/a>,\u00a0CC BY-SA 4.0<\/em><\/span><\/p>\n<h2><span style=\"font-size: 12pt;\"><strong>Cela sonne comme une \u00e9vidence si l\u2019on songe au pass\u00e9 historique de la ville de Plombi\u00e8res, particuli\u00e8rement marqu\u00e9e par l\u2019\u00e9poque imp\u00e9riale. La commune vient de recevoir le label \u00ab\u00a0Ville Imp\u00e9riale\u00a0\u00bb. Une bonne nouvelle, alors que Plombi\u00e8res fait face \u00e0 de grandes difficult\u00e9s concernant l\u2019activit\u00e9 thermale.<\/strong><\/span><\/h2>\n<p>\u00ab\u00a0C&rsquo;est avec joie et honneur que nous apprenons la nouvelle\u00a0\u00bb, affirme la Mairie de Plombi\u00e8res. En effet, le Comit\u00e9 de pilotage de la Marque \u00ab\u00a0Ville Imp\u00e9riale\u00a0\u00bb, lors de l&rsquo;Assembl\u00e9e G\u00e9n\u00e9rale qui s\u2019est tenue le 21 octobre 2022 \u00e0 Ch\u00e2teauroux a accept\u00e9 la candidature de Plombi\u00e8res-les-Bains \u00e0 l\u2019unanimit\u00e9. \u00ab\u00a0F\u00e9licitations \u00e0 la Soci\u00e9t\u00e9 d&rsquo;Art et <a href=\"\/2022\/10\/312744697_2439978796141666_6765815526031220703_n.jpg\"><img decoding=\"async\" class=\" wp-image-356749 alignright\" src=\"\/2022\/10\/312744697_2439978796141666_6765815526031220703_n.jpg\" alt=\"312744697_2439978796141666_6765815526031220703_n\" width=\"342\" height=\"205\" \/><\/a>d\u2019Histoire, \u00e0 l&rsquo;initiative de cette candidature, qui portera l&rsquo;animation de ce label aux cot\u00e9s de la municipalit\u00e9. Merci \u00e0 David Chanteranne, historien sp\u00e9cialiste de Napol\u00e9on et enfant de la cit\u00e9 thermale, pour son soutien. Cela nous permettra de le revoir plus souvent dans notre belle ville !\u00a0\u00bb<\/p>\n<p>Outil de promotion et de communication, la marque a pour objectif, au travers ce r\u00e9seau, \u00ab\u00a0de donner une r\u00e9elle visibilit\u00e9 historique et touristique aux communes adh\u00e9rentes permettant de valoriser leur patrimoine li\u00e9e au Premier et au Second Empire, notamment dans le cadre de leur offre touristique\u00a0\u00bb. Une ville, quelle que soit sa taille, peut adh\u00e9rer \u00e0 la marque si elle dispose, sur son territoire, d\u2019une r\u00e9elle l\u00e9gitimit\u00e9 du point de vue du patrimoine urbain, architectural et\/ou paysager li\u00e9s \u00e0 l\u2019Empire et d\u2019un lieu de m\u00e9moire valoris\u00e9 et visible sur du patrimoine b\u00e2ti et\/ou des collections.<\/p>\n","protected":false},"excerpt":{"rendered":"<p>Photo de\u00a0Mstorn,\u00a0CC BY-SA 4.0 Cela sonne comme une \u00e9vidence si l\u2019on songe au pass\u00e9 historique de la ville de Plombi\u00e8res, [&hellip;]<\/p>\n","protected":false},"author":407,"featured_media":63818,"comment_status":"open","ping_status":"open","sticky":false,"template":"","format":"standard","meta":{"footnotes":""},"categories":[26,86,82,102],"tags":[4948,566,103,567,32],"class_list":["post-63817","post","type-post","status-publish","format-standard","has-post-thumbnail","hentry","category-a-la-une","category-histoire","category-le-val-dajol-son-canton","category-plombieres-les-bains","tag-empire","tag-napoleon","tag-plombieres","tag-ville-imperiale","tag-vosges"],"acf":[],"yoast_head":"<!-- This site is optimized with the Yoast SEO plugin v22.5 - https:\/\/yoast.com\/wordpress\/plugins\/seo\/ -->\n<title>Plombi\u00e8res re\u00e7oit le label \u00ab\u00a0Ville Imp\u00e9riale\u00a0\u00bb - Remiremont Info<\/title>\n<meta name=\"robots\" content=\"index, follow, max-snippet:-1, max-image-preview:large, max-video-preview:-1\" \/>\n<link rel=\"canonical\" href=\"https:\/\/vosgesinfo.fr\/remiremontinfo\/2022\/10\/plombieres-recoit-label-ville-imperiale\/\" \/>\n<meta name=\"twitter:card\" content=\"summary_large_image\" \/>\n<meta name=\"twitter:title\" content=\"Plombi\u00e8res re\u00e7oit le label \u00ab\u00a0Ville Imp\u00e9riale\u00a0\u00bb - Remiremont Info\" \/>\n<meta name=\"twitter:description\" content=\"Photo de\u00a0Mstorn,\u00a0CC BY-SA 4.0 Cela sonne comme une \u00e9vidence si l\u2019on songe au pass\u00e9 historique de la ville de Plombi\u00e8res, [&hellip;]\" \/>\n<meta name=\"twitter:image\" content=\"https:\/\/vosgesinfo.fr\/app\/uploads\/sites\/5\/2024\/09\/2022101024px-plombieres-les-bains-vueouest1.jpg\" \/>\n<meta name=\"twitter:creator\" content=\"@VosgesInfo88\" \/>\n<meta name=\"twitter:site\" content=\"@VosgesInfo88\" \/>\n<meta name=\"twitter:label1\" content=\"\u00c9crit par\" \/>\n\t<meta name=\"twitter:data1\" content=\"C D\" \/>\n\t<meta name=\"twitter:label2\" content=\"Dur\u00e9e de lecture estim\u00e9e\" \/>\n\t<meta name=\"twitter:data2\" content=\"1 minute\" \/>\n<script type=\"application\/ld+json\" class=\"yoast-schema-graph\">{\"@context\":\"https:\/\/schema.org\",\"@graph\":[{\"@type\":\"Article\",\"@id\":\"https:\/\/vosgesinfo.fr\/remiremontinfo\/2022\/10\/plombieres-recoit-label-ville-imperiale\/#article\",\"isPartOf\":{\"@id\":\"https:\/\/vosgesinfo.fr\/remiremontinfo\/2022\/10\/plombieres-recoit-label-ville-imperiale\/\"},\"author\":{\"name\":\"C D\",\"@id\":\"https:\/\/vosgesinfo.fr\/remiremontinfo\/#\/schema\/person\/3bfd164d5218a185b1db68655a265316\"},\"headline\":\"Plombi\u00e8res re\u00e7oit le label \u00ab\u00a0Ville Imp\u00e9riale\u00a0\u00bb\",\"datePublished\":\"2022-10-27T06:32:11+00:00\",\"dateModified\":\"2022-10-27T06:32:11+00:00\",\"mainEntityOfPage\":{\"@id\":\"https:\/\/vosgesinfo.fr\/remiremontinfo\/2022\/10\/plombieres-recoit-label-ville-imperiale\/\"},\"wordCount\":288,\"commentCount\":0,\"publisher\":{\"@id\":\"https:\/\/vosgesinfo.fr\/remiremontinfo\/#organization\"},\"image\":{\"@id\":\"https:\/\/vosgesinfo.fr\/remiremontinfo\/2022\/10\/plombieres-recoit-label-ville-imperiale\/#primaryimage\"},\"thumbnailUrl\":\"https:\/\/vosgesinfo.fr\/app\/uploads\/sites\/5\/2024\/09\/2022101024px-plombieres-les-bains-vueouest1.jpg\",\"keywords\":[\"empire\",\"napol\u00e9on\",\"plombieres\",\"ville imp\u00e9riale\",\"Vosges\"],\"articleSection\":[\"A la Une\",\"Histoire\",\"Le Val-d'Ajol &amp; son canton\",\"Plombi\u00e8res-l\u00e8s-Bains\"],\"inLanguage\":\"fr-FR\",\"potentialAction\":[{\"@type\":\"CommentAction\",\"name\":\"Comment\",\"target\":[\"https:\/\/vosgesinfo.fr\/remiremontinfo\/2022\/10\/plombieres-recoit-label-ville-imperiale\/#respond\"]}]},{\"@type\":\"WebPage\",\"@id\":\"https:\/\/vosgesinfo.fr\/remiremontinfo\/2022\/10\/plombieres-recoit-label-ville-imperiale\/\",\"url\":\"https:\/\/vosgesinfo.fr\/remiremontinfo\/2022\/10\/plombieres-recoit-label-ville-imperiale\/\",\"name\":\"Plombi\u00e8res re\u00e7oit le label \u00ab\u00a0Ville Imp\u00e9riale\u00a0\u00bb - Remiremont Info\",\"isPartOf\":{\"@id\":\"https:\/\/vosgesinfo.fr\/remiremontinfo\/#website\"},\"primaryImageOfPage\":{\"@id\":\"https:\/\/vosgesinfo.fr\/remiremontinfo\/2022\/10\/plombieres-recoit-label-ville-imperiale\/#primaryimage\"},\"image\":{\"@id\":\"https:\/\/vosgesinfo.fr\/remiremontinfo\/2022\/10\/plombieres-recoit-label-ville-imperiale\/#primaryimage\"},\"thumbnailUrl\":\"https:\/\/vosgesinfo.fr\/app\/uploads\/sites\/5\/2024\/09\/2022101024px-plombieres-les-bains-vueouest1.jpg\",\"datePublished\":\"2022-10-27T06:32:11+00:00\",\"dateModified\":\"2022-10-27T06:32:11+00:00\",\"breadcrumb\":{\"@id\":\"https:\/\/vosgesinfo.fr\/remiremontinfo\/2022\/10\/plombieres-recoit-label-ville-imperiale\/#breadcrumb\"},\"inLanguage\":\"fr-FR\",\"potentialAction\":[{\"@type\":\"ReadAction\",\"target\":[\"https:\/\/vosgesinfo.fr\/remiremontinfo\/2022\/10\/plombieres-recoit-label-ville-imperiale\/\"]}]},{\"@type\":\"ImageObject\",\"inLanguage\":\"fr-FR\",\"@id\":\"https:\/\/vosgesinfo.fr\/remiremontinfo\/2022\/10\/plombieres-recoit-label-ville-imperiale\/#primaryimage\",\"url\":\"https:\/\/vosgesinfo.fr\/app\/uploads\/sites\/5\/2024\/09\/2022101024px-plombieres-les-bains-vueouest1.jpg\",\"contentUrl\":\"https:\/\/vosgesinfo.fr\/app\/uploads\/sites\/5\/2024\/09\/2022101024px-plombieres-les-bains-vueouest1.jpg\",\"width\":800,\"height\":534},{\"@type\":\"BreadcrumbList\",\"@id\":\"https:\/\/vosgesinfo.fr\/remiremontinfo\/2022\/10\/plombieres-recoit-label-ville-imperiale\/#breadcrumb\",\"itemListElement\":[{\"@type\":\"ListItem\",\"position\":1,\"name\":\"Home\",\"item\":\"https:\/\/vosgesinfo.fr\/remiremontinfo\/\"},{\"@type\":\"ListItem\",\"position\":2,\"name\":\"Plombi\u00e8res re\u00e7oit le label \u00ab\u00a0Ville Imp\u00e9riale\u00a0\u00bb\"}]},{\"@type\":\"WebSite\",\"@id\":\"https:\/\/vosgesinfo.fr\/remiremontinfo\/#website\",\"url\":\"https:\/\/vosgesinfo.fr\/remiremontinfo\/\",\"name\":\"Remiremont Info\",\"description\":\"Toute l&#039;actualit\u00e9 de Remiremont\",\"publisher\":{\"@id\":\"https:\/\/vosgesinfo.fr\/remiremontinfo\/#organization\"},\"alternateName\":\"Toute l'actualit\u00e9 de Remiremont\",\"potentialAction\":[{\"@type\":\"SearchAction\",\"target\":{\"@type\":\"EntryPoint\",\"urlTemplate\":\"https:\/\/vosgesinfo.fr\/remiremontinfo\/?s={search_term_string}\"},\"query-input\":\"required name=search_term_string\"}],\"inLanguage\":\"fr-FR\"},{\"@type\":\"Organization\",\"@id\":\"https:\/\/vosgesinfo.fr\/remiremontinfo\/#organization\",\"name\":\"Remiremont Info\",\"url\":\"https:\/\/vosgesinfo.fr\/remiremontinfo\/\",\"logo\":{\"@type\":\"ImageObject\",\"inLanguage\":\"fr-FR\",\"@id\":\"https:\/\/vosgesinfo.fr\/remiremontinfo\/#\/schema\/logo\/image\/\",\"url\":\"https:\/\/vosgesinfo.fr\/app\/uploads\/sites\/5\/2023\/08\/favicon-remiremontinfo.png\",\"contentUrl\":\"https:\/\/vosgesinfo.fr\/app\/uploads\/sites\/5\/2023\/08\/favicon-remiremontinfo.png\",\"width\":512,\"height\":512,\"caption\":\"Remiremont Info\"},\"image\":{\"@id\":\"https:\/\/vosgesinfo.fr\/remiremontinfo\/#\/schema\/logo\/image\/\"},\"sameAs\":[\"https:\/\/www.facebook.com\/remiremontinfo\",\"https:\/\/x.com\/VosgesInfo88\",\"https:\/\/www.youtube.com\/@vosgesinfo\"]},{\"@type\":\"Person\",\"@id\":\"https:\/\/vosgesinfo.fr\/remiremontinfo\/#\/schema\/person\/3bfd164d5218a185b1db68655a265316\",\"name\":\"C D\",\"image\":{\"@type\":\"ImageObject\",\"inLanguage\":\"fr-FR\",\"@id\":\"https:\/\/vosgesinfo.fr\/remiremontinfo\/#\/schema\/person\/image\/\",\"url\":\"https:\/\/secure.gravatar.com\/avatar\/1f9a70007336511a47468b8f1c66f922b8b7cf617b02a31149ada43893a5d48f?s=96&d=mm&r=g\",\"contentUrl\":\"https:\/\/secure.gravatar.com\/avatar\/1f9a70007336511a47468b8f1c66f922b8b7cf617b02a31149ada43893a5d48f?s=96&d=mm&r=g\",\"caption\":\"C D\"},\"url\":\"https:\/\/vosgesinfo.fr\/remiremontinfo\/author\/cedric-drevet\/\"}]}<\/script>\n<!-- \/ Yoast SEO plugin. -->","yoast_head_json":{"title":"Plombi\u00e8res re\u00e7oit le label \u00ab\u00a0Ville Imp\u00e9riale\u00a0\u00bb - Remiremont Info","robots":{"index":"index","follow":"follow","max-snippet":"max-snippet:-1","max-image-preview":"max-image-preview:large","max-video-preview":"max-video-preview:-1"},"canonical":"https:\/\/vosgesinfo.fr\/remiremontinfo\/2022\/10\/plombieres-recoit-label-ville-imperiale\/","twitter_card":"summary_large_image","twitter_title":"Plombi\u00e8res re\u00e7oit le label \u00ab\u00a0Ville Imp\u00e9riale\u00a0\u00bb - Remiremont Info","twitter_description":"Photo de\u00a0Mstorn,\u00a0CC BY-SA 4.0 Cela sonne comme une \u00e9vidence si l\u2019on songe au pass\u00e9 historique de la ville de Plombi\u00e8res, [&hellip;]","twitter_image":"https:\/\/vosgesinfo.fr\/app\/uploads\/sites\/5\/2024\/09\/2022101024px-plombieres-les-bains-vueouest1.jpg","twitter_creator":"@VosgesInfo88","twitter_site":"@VosgesInfo88","twitter_misc":{"\u00c9crit par":"C D","Dur\u00e9e de lecture estim\u00e9e":"1 minute"},"schema":{"@context":"https:\/\/schema.org","@graph":[{"@type":"Article","@id":"https:\/\/vosgesinfo.fr\/remiremontinfo\/2022\/10\/plombieres-recoit-label-ville-imperiale\/#article","isPartOf":{"@id":"https:\/\/vosgesinfo.fr\/remiremontinfo\/2022\/10\/plombieres-recoit-label-ville-imperiale\/"},"author":{"name":"C D","@id":"https:\/\/vosgesinfo.fr\/remiremontinfo\/#\/schema\/person\/3bfd164d5218a185b1db68655a265316"},"headline":"Plombi\u00e8res re\u00e7oit le label \u00ab\u00a0Ville Imp\u00e9riale\u00a0\u00bb","datePublished":"2022-10-27T06:32:11+00:00","dateModified":"2022-10-27T06:32:11+00:00","mainEntityOfPage":{"@id":"https:\/\/vosgesinfo.fr\/remiremontinfo\/2022\/10\/plombieres-recoit-label-ville-imperiale\/"},"wordCount":288,"commentCount":0,"publisher":{"@id":"https:\/\/vosgesinfo.fr\/remiremontinfo\/#organization"},"image":{"@id":"https:\/\/vosgesinfo.fr\/remiremontinfo\/2022\/10\/plombieres-recoit-label-ville-imperiale\/#primaryimage"},"thumbnailUrl":"https:\/\/vosgesinfo.fr\/app\/uploads\/sites\/5\/2024\/09\/2022101024px-plombieres-les-bains-vueouest1.jpg","keywords":["empire","napol\u00e9on","plombieres","ville imp\u00e9riale","Vosges"],"articleSection":["A la Une","Histoire","Le Val-d'Ajol &amp; son canton","Plombi\u00e8res-l\u00e8s-Bains"],"inLanguage":"fr-FR","potentialAction":[{"@type":"CommentAction","name":"Comment","target":["https:\/\/vosgesinfo.fr\/remiremontinfo\/2022\/10\/plombieres-recoit-label-ville-imperiale\/#respond"]}]},{"@type":"WebPage","@id":"https:\/\/vosgesinfo.fr\/remiremontinfo\/2022\/10\/plombieres-recoit-label-ville-imperiale\/","url":"https:\/\/vosgesinfo.fr\/remiremontinfo\/2022\/10\/plombieres-recoit-label-ville-imperiale\/","name":"Plombi\u00e8res re\u00e7oit le label \u00ab\u00a0Ville Imp\u00e9riale\u00a0\u00bb - Remiremont Info","isPartOf":{"@id":"https:\/\/vosgesinfo.fr\/remiremontinfo\/#website"},"primaryImageOfPage":{"@id":"https:\/\/vosgesinfo.fr\/remiremontinfo\/2022\/10\/plombieres-recoit-label-ville-imperiale\/#primaryimage"},"image":{"@id":"https:\/\/vosgesinfo.fr\/remiremontinfo\/2022\/10\/plombieres-recoit-label-ville-imperiale\/#primaryimage"},"thumbnailUrl":"https:\/\/vosgesinfo.fr\/app\/uploads\/sites\/5\/2024\/09\/2022101024px-plombieres-les-bains-vueouest1.jpg","datePublished":"2022-10-27T06:32:11+00:00","dateModified":"2022-10-27T06:32:11+00:00","breadcrumb":{"@id":"https:\/\/vosgesinfo.fr\/remiremontinfo\/2022\/10\/plombieres-recoit-label-ville-imperiale\/#breadcrumb"},"inLanguage":"fr-FR","potentialAction":[{"@type":"ReadAction","target":["https:\/\/vosgesinfo.fr\/remiremontinfo\/2022\/10\/plombieres-recoit-label-ville-imperiale\/"]}]},{"@type":"ImageObject","inLanguage":"fr-FR","@id":"https:\/\/vosgesinfo.fr\/remiremontinfo\/2022\/10\/plombieres-recoit-label-ville-imperiale\/#primaryimage","url":"https:\/\/vosgesinfo.fr\/app\/uploads\/sites\/5\/2024\/09\/2022101024px-plombieres-les-bains-vueouest1.jpg","contentUrl":"https:\/\/vosgesinfo.fr\/app\/uploads\/sites\/5\/2024\/09\/2022101024px-plombieres-les-bains-vueouest1.jpg","width":800,"height":534},{"@type":"BreadcrumbList","@id":"https:\/\/vosgesinfo.fr\/remiremontinfo\/2022\/10\/plombieres-recoit-label-ville-imperiale\/#breadcrumb","itemListElement":[{"@type":"ListItem","position":1,"name":"Home","item":"https:\/\/vosgesinfo.fr\/remiremontinfo\/"},{"@type":"ListItem","position":2,"name":"Plombi\u00e8res re\u00e7oit le label \u00ab\u00a0Ville Imp\u00e9riale\u00a0\u00bb"}]},{"@type":"WebSite","@id":"https:\/\/vosgesinfo.fr\/remiremontinfo\/#website","url":"https:\/\/vosgesinfo.fr\/remiremontinfo\/","name":"Remiremont Info","description":"Toute l&#039;actualit\u00e9 de Remiremont","publisher":{"@id":"https:\/\/vosgesinfo.fr\/remiremontinfo\/#organization"},"alternateName":"Toute l'actualit\u00e9 de Remiremont","potentialAction":[{"@type":"SearchAction","target":{"@type":"EntryPoint","urlTemplate":"https:\/\/vosgesinfo.fr\/remiremontinfo\/?s={search_term_string}"},"query-input":"required name=search_term_string"}],"inLanguage":"fr-FR"},{"@type":"Organization","@id":"https:\/\/vosgesinfo.fr\/remiremontinfo\/#organization","name":"Remiremont Info","url":"https:\/\/vosgesinfo.fr\/remiremontinfo\/","logo":{"@type":"ImageObject","inLanguage":"fr-FR","@id":"https:\/\/vosgesinfo.fr\/remiremontinfo\/#\/schema\/logo\/image\/","url":"https:\/\/vosgesinfo.fr\/app\/uploads\/sites\/5\/2023\/08\/favicon-remiremontinfo.png","contentUrl":"https:\/\/vosgesinfo.fr\/app\/uploads\/sites\/5\/2023\/08\/favicon-remiremontinfo.png","width":512,"height":512,"caption":"Remiremont Info"},"image":{"@id":"https:\/\/vosgesinfo.fr\/remiremontinfo\/#\/schema\/logo\/image\/"},"sameAs":["https:\/\/www.facebook.com\/remiremontinfo","https:\/\/x.com\/VosgesInfo88","https:\/\/www.youtube.com\/@vosgesinfo"]},{"@type":"Person","@id":"https:\/\/vosgesinfo.fr\/remiremontinfo\/#\/schema\/person\/3bfd164d5218a185b1db68655a265316","name":"C D","image":{"@type":"ImageObject","inLanguage":"fr-FR","@id":"https:\/\/vosgesinfo.fr\/remiremontinfo\/#\/schema\/person\/image\/","url":"https:\/\/secure.gravatar.com\/avatar\/1f9a70007336511a47468b8f1c66f922b8b7cf617b02a31149ada43893a5d48f?s=96&d=mm&r=g","contentUrl":"https:\/\/secure.gravatar.com\/avatar\/1f9a70007336511a47468b8f1c66f922b8b7cf617b02a31149ada43893a5d48f?s=96&d=mm&r=g","caption":"C D"},"url":"https:\/\/vosgesinfo.fr\/remiremontinfo\/author\/cedric-drevet\/"}]}},"_links":{"self":[{"href":"https:\/\/vosgesinfo.fr\/remiremontinfo\/wp-json\/wp\/v2\/posts\/63817","targetHints":{"allow":["GET"]}}],"collection":[{"href":"https:\/\/vosgesinfo.fr\/remiremontinfo\/wp-json\/wp\/v2\/posts"}],"about":[{"href":"https:\/\/vosgesinfo.fr\/remiremontinfo\/wp-json\/wp\/v2\/types\/post"}],"author":[{"embeddable":true,"href":"https:\/\/vosgesinfo.fr\/remiremontinfo\/wp-json\/wp\/v2\/users\/407"}],"replies":[{"embeddable":true,"href":"https:\/\/vosgesinfo.fr\/remiremontinfo\/wp-json\/wp\/v2\/comments?post=63817"}],"version-history":[{"count":0,"href":"https:\/\/vosgesinfo.fr\/remiremontinfo\/wp-json\/wp\/v2\/posts\/63817\/revisions"}],"wp:featuredmedia":[{"embeddable":true,"href":"https:\/\/vosgesinfo.fr\/remiremontinfo\/wp-json\/wp\/v2\/media\/63818"}],"wp:attachment":[{"href":"https:\/\/vosgesinfo.fr\/remiremontinfo\/wp-json\/wp\/v2\/media?parent=63817"}],"wp:term":[{"taxonomy":"category","embeddable":true,"href":"https:\/\/vosgesinfo.fr\/remiremontinfo\/wp-json\/wp\/v2\/categories?post=63817"},{"taxonomy":"post_tag","embeddable":true,"href":"https:\/\/vosgesinfo.fr\/remiremontinfo\/wp-json\/wp\/v2\/tags?post=63817"}],"curies":[{"name":"wp","href":"https:\/\/api.w.org\/{rel}","templated":true}]}}