{"id":63841,"date":"2022-10-27T09:38:52","date_gmt":"2022-10-27T07:38:52","guid":{"rendered":"https:\/\/vosgesinfo.fr\/remiremontinfo\/2022\/10\/commune-val-dajol-classee-station-de-tourisme\/"},"modified":"2022-10-27T09:38:52","modified_gmt":"2022-10-27T07:38:52","slug":"commune-val-dajol-classee-station-de-tourisme","status":"publish","type":"post","link":"https:\/\/vosgesinfo.fr\/remiremontinfo\/2022\/10\/commune-val-dajol-classee-station-de-tourisme\/","title":{"rendered":"La commune du Val d\u2019Ajol est class\u00e9e \u00ab\u00a0Station de tourisme\u00a0\u00bb\u00a0"},"content":{"rendered":"<h2><a href=\"\/2022\/10\/le-val-dajol-httpswww.facebook.comvaldajol.jpg\"><img decoding=\"async\" class=\"alignnone size-large wp-image-356777\" src=\"\/2022\/10\/le-val-dajol-httpswww.facebook.comvaldajol-1024x746.jpg\" alt=\"le val d'ajol httpswww.facebook.comvaldajol\" width=\"960\" height=\"699\" \/><\/a><\/h2>\n<p><span style=\"font-size: 10pt;\"><em>Photo par\u00a0<a href=\"https:\/\/www.facebook.com\/valdajol\">Commune de Le Val d&rsquo;Ajol<\/a><\/em><\/span><\/p>\n<h2><span style=\"font-size: 12pt;\"><strong>Ce classement porte maintenant les trois communes PVD (Petites Villes de Demain) class\u00e9es Station de tourisme, sans oublier la commune du Girmont qui est pass\u00e9e Commune touristique \u00e9galement en 2022. C&rsquo;est un classement qui repr\u00e9sente un moteur fort de d\u00e9veloppement \u00e9conomique et environnemental pour le territoire du Val d\u2019Ajol.<\/strong><\/span><\/h2>\n<p>Le classement a \u00e9t\u00e9 attribu\u00e9 \u00e0 la commune le 18 Octobre 2022.<\/p>\n<p>Le Val d\u2019Ajol : station class\u00e9e de tourisme<\/p>\n<h3><span style=\"font-size: 12pt;\"><em><strong>Qu\u2019est-ce qu\u2019une station class\u00e9e ?<\/strong><\/em><\/span><\/h3>\n<p>Les premi\u00e8res stations class\u00e9es de tourisme sont apparues d\u00e8s 1912 et correspondaient aux pr\u00e9mices du d\u00e9veloppement touristique dans des villes d\u2019eaux. La loi du 24 septembre 1919 a donn\u00e9 un cadre juridique \u00e0 la station class\u00e9e et a d\u00e9fini six cat\u00e9gories possibles de commune en station class\u00e9e baln\u00e9aire, hydromin\u00e9rale, climatique, uvale, de tourisme ou de sports d\u2019hiver et d\u2019alpinisme.<\/p>\n<p>L\u2019objet du classement en station class\u00e9e de tourisme est pr\u00e9cis\u00e9 \u00e0 l\u2019article L.133-14 du code du tourisme : la volont\u00e9 du l\u00e9gislateur est que la commune candidate au classement en station de tourisme cr\u00e9e des conditions d\u2019attractivit\u00e9 p\u00e9rennes et durables.<\/p>\n<p>Les moyens mis en \u0153uvre doivent \u00eatre en ad\u00e9quation avec la fr\u00e9quentation touristique et garantir une offre de qualit\u00e9. Seules les communes ayant obtenu la d\u00e9nomination en commune touristique peuvent pr\u00e9tendre au classement en station class\u00e9e de tourisme. Il y a en France plus de 477 stations class\u00e9es.<\/p>\n<p>\u00catre station class\u00e9e, c\u2019est faire partie des communes qui sont le fleuron du tourisme en France !<\/p>\n<h3><span style=\"font-size: 12pt;\"><em><strong>Les cons\u00e9quences du classement en station de tourisme<\/strong><\/em><\/span><\/h3>\n<p>&#8211;\u00a0Le sur-classement d\u00e9mographique : il permet \u00e0 la collectivit\u00e9 d\u2019\u00eatre rang\u00e9e fictivement dans une<br \/>\ncat\u00e9gorie d\u00e9mographique sup\u00e9rieure, afin de tenir compte de la r\u00e9alit\u00e9 des t\u00e2ches et des<br \/>\nresponsabilit\u00e9s incombant au personnel d\u2019encadrement (emplois fonctionnels et non fonctionnels)<br \/>\net que la population recens\u00e9e ne refl\u00e8te pas.<br \/>\n&#8211;\u00a0L\u2019affectation directe du produit de la taxe additionnelle aux droits d\u2019enregistrement ou a\u0300 la taxe de<br \/>\npublicit\u00e9 fonci\u00e8re.<br \/>\n&#8211;\u00a0La possibilit\u00e9 de majoration de l\u2019indemnit\u00e9 des \u00e9lus.<br \/>\n&#8211;\u00a0L\u2019article L.3335-4 du code de la sant\u00e9 publique pr\u00e9voit des autorisations temporaires de vente et de<br \/>\ndistribution de boissons alcoolis\u00e9es lors de manifestations \u00e0 caract\u00e8re touristique dans la limite de 4<br \/>\nautorisations annuelles.<br \/>\n&#8211;\u00a0L\u2019article L.511-3 du code de la s\u00e9curit\u00e9 int\u00e9rieure pr\u00e9cise que des agr\u00e9ments peuvent \u00eatre donn\u00e9s \u00e0<br \/>\ndes agents titulaires de la commune habituellement affect\u00e9s \u00e0 des emplois autres que ceux de la<br \/>\npolice municipale ou \u00e0 des agents non titulaires d\u2019assister temporairement les agents de la police<br \/>\nmunicipale.<br \/>\n&#8211;\u00a0L\u2019article L.321-1 du code de la s\u00e9curit\u00e9 int\u00e9rieure fixe les autorisations temporaires d\u2019ouverture de<br \/>\ncasinos pour certaines stations class\u00e9es de tourisme.<\/p>\n<h3><span style=\"font-size: 12pt;\"><em><strong>L\u2019eco-tourisme au Val d\u2019Ajol\u00a0:<\/strong><\/em><\/span><\/h3>\n<p>Aujourd\u2019hui, les touristes sont \u00e0 la recherche de nature et de contact humain. Ils ont besoin de vivre une<br \/>\nexp\u00e9rience unique en sortant des sentiers battus et en se laissant surprendre. Et c\u2019est tout ce que le Val-<br \/>\nd\u2019Ajol propose. La ville est belle et bien \u00e9co-touristique : une destination nature et gourmande. Le Val d\u2019Ajol<br \/>\nc\u2019est un tourisme vert, durable, ma\u00eetris\u00e9 et respectueux de l\u2019environnement.<\/p>\n<h3><span style=\"font-size: 12pt;\"><em><strong>En conclusion\u00a0:<\/strong><\/em><\/span><\/h3>\n<p>Ce classement et ce label ne sont que le d\u00e9but d&rsquo;une nouvelle aventure pour Le Val d&rsquo;Ajol\u00a0!<br \/>\nL&rsquo;objectif est de mener \u00e0 bien une politique d&rsquo;\u00e9co-tourisme afin de conserver le caract\u00e8re rural du territoire.<br \/>\nC&rsquo;est ce caract\u00e8re pittoresque qui est source d&rsquo;attractivit\u00e9.<\/p>\n<p><span style=\"font-size: 10pt;\"><em>Communiqu\u00e9\u00a0<\/em><\/span><\/p>\n","protected":false},"excerpt":{"rendered":"<p>Photo par\u00a0Commune de Le Val d&rsquo;Ajol Ce classement porte maintenant les trois communes PVD (Petites Villes de Demain) class\u00e9es Station [&hellip;]<\/p>\n","protected":false},"author":407,"featured_media":63842,"comment_status":"open","ping_status":"open","sticky":false,"template":"","format":"standard","meta":{"footnotes":""},"categories":[26,121,82,15],"tags":[141,123,32],"class_list":["post-63841","post","type-post","status-publish","format-standard","has-post-thumbnail","hentry","category-a-la-une","category-le-val-dajol-le-val-dajol-son-canton","category-le-val-dajol-son-canton","category-tourisme","tag-tourisme","tag-val-dajol","tag-vosges"],"acf":[],"yoast_head":"<!-- This site is optimized with the Yoast SEO plugin v22.5 - https:\/\/yoast.com\/wordpress\/plugins\/seo\/ -->\n<title>La commune du Val d\u2019Ajol est class\u00e9e &quot;Station de tourisme&quot;\u00a0 - Remiremont Info<\/title>\n<meta name=\"robots\" content=\"index, follow, max-snippet:-1, max-image-preview:large, max-video-preview:-1\" \/>\n<link rel=\"canonical\" href=\"https:\/\/vosgesinfo.fr\/remiremontinfo\/2022\/10\/commune-val-dajol-classee-station-de-tourisme\/\" \/>\n<meta name=\"twitter:card\" content=\"summary_large_image\" \/>\n<meta name=\"twitter:title\" content=\"La commune du Val d\u2019Ajol est class\u00e9e &quot;Station de tourisme&quot;\u00a0 - Remiremont Info\" \/>\n<meta name=\"twitter:description\" content=\"Photo par\u00a0Commune de Le Val d&rsquo;Ajol Ce classement porte maintenant les trois communes PVD (Petites Villes de Demain) class\u00e9es Station [&hellip;]\" \/>\n<meta name=\"twitter:image\" content=\"https:\/\/vosgesinfo.fr\/app\/uploads\/sites\/5\/2024\/09\/202210le-val-dajol-httpswww.facebook.comvaldajol.jpg\" \/>\n<meta name=\"twitter:creator\" content=\"@VosgesInfo88\" \/>\n<meta name=\"twitter:site\" content=\"@VosgesInfo88\" \/>\n<meta name=\"twitter:label1\" content=\"\u00c9crit par\" \/>\n\t<meta name=\"twitter:data1\" content=\"C D\" \/>\n\t<meta name=\"twitter:label2\" content=\"Dur\u00e9e de lecture estim\u00e9e\" \/>\n\t<meta name=\"twitter:data2\" content=\"3 minutes\" \/>\n<script type=\"application\/ld+json\" class=\"yoast-schema-graph\">{\"@context\":\"https:\/\/schema.org\",\"@graph\":[{\"@type\":\"Article\",\"@id\":\"https:\/\/vosgesinfo.fr\/remiremontinfo\/2022\/10\/commune-val-dajol-classee-station-de-tourisme\/#article\",\"isPartOf\":{\"@id\":\"https:\/\/vosgesinfo.fr\/remiremontinfo\/2022\/10\/commune-val-dajol-classee-station-de-tourisme\/\"},\"author\":{\"name\":\"C D\",\"@id\":\"https:\/\/vosgesinfo.fr\/remiremontinfo\/#\/schema\/person\/3bfd164d5218a185b1db68655a265316\"},\"headline\":\"La commune du Val d\u2019Ajol est class\u00e9e \u00ab\u00a0Station de tourisme\u00a0\u00bb\u00a0\",\"datePublished\":\"2022-10-27T07:38:52+00:00\",\"dateModified\":\"2022-10-27T07:38:52+00:00\",\"mainEntityOfPage\":{\"@id\":\"https:\/\/vosgesinfo.fr\/remiremontinfo\/2022\/10\/commune-val-dajol-classee-station-de-tourisme\/\"},\"wordCount\":635,\"commentCount\":0,\"publisher\":{\"@id\":\"https:\/\/vosgesinfo.fr\/remiremontinfo\/#organization\"},\"image\":{\"@id\":\"https:\/\/vosgesinfo.fr\/remiremontinfo\/2022\/10\/commune-val-dajol-classee-station-de-tourisme\/#primaryimage\"},\"thumbnailUrl\":\"https:\/\/vosgesinfo.fr\/app\/uploads\/sites\/5\/2024\/09\/202210le-val-dajol-httpswww.facebook.comvaldajol.jpg\",\"keywords\":[\"Tourisme\",\"val d'ajol\",\"Vosges\"],\"articleSection\":[\"A la Une\",\"Le Val d'Ajol\",\"Le Val-d'Ajol &amp; son canton\",\"Tourisme\"],\"inLanguage\":\"fr-FR\",\"potentialAction\":[{\"@type\":\"CommentAction\",\"name\":\"Comment\",\"target\":[\"https:\/\/vosgesinfo.fr\/remiremontinfo\/2022\/10\/commune-val-dajol-classee-station-de-tourisme\/#respond\"]}]},{\"@type\":\"WebPage\",\"@id\":\"https:\/\/vosgesinfo.fr\/remiremontinfo\/2022\/10\/commune-val-dajol-classee-station-de-tourisme\/\",\"url\":\"https:\/\/vosgesinfo.fr\/remiremontinfo\/2022\/10\/commune-val-dajol-classee-station-de-tourisme\/\",\"name\":\"La commune du Val d\u2019Ajol est class\u00e9e \\\"Station de tourisme\\\"\u00a0 - Remiremont Info\",\"isPartOf\":{\"@id\":\"https:\/\/vosgesinfo.fr\/remiremontinfo\/#website\"},\"primaryImageOfPage\":{\"@id\":\"https:\/\/vosgesinfo.fr\/remiremontinfo\/2022\/10\/commune-val-dajol-classee-station-de-tourisme\/#primaryimage\"},\"image\":{\"@id\":\"https:\/\/vosgesinfo.fr\/remiremontinfo\/2022\/10\/commune-val-dajol-classee-station-de-tourisme\/#primaryimage\"},\"thumbnailUrl\":\"https:\/\/vosgesinfo.fr\/app\/uploads\/sites\/5\/2024\/09\/202210le-val-dajol-httpswww.facebook.comvaldajol.jpg\",\"datePublished\":\"2022-10-27T07:38:52+00:00\",\"dateModified\":\"2022-10-27T07:38:52+00:00\",\"breadcrumb\":{\"@id\":\"https:\/\/vosgesinfo.fr\/remiremontinfo\/2022\/10\/commune-val-dajol-classee-station-de-tourisme\/#breadcrumb\"},\"inLanguage\":\"fr-FR\",\"potentialAction\":[{\"@type\":\"ReadAction\",\"target\":[\"https:\/\/vosgesinfo.fr\/remiremontinfo\/2022\/10\/commune-val-dajol-classee-station-de-tourisme\/\"]}]},{\"@type\":\"ImageObject\",\"inLanguage\":\"fr-FR\",\"@id\":\"https:\/\/vosgesinfo.fr\/remiremontinfo\/2022\/10\/commune-val-dajol-classee-station-de-tourisme\/#primaryimage\",\"url\":\"https:\/\/vosgesinfo.fr\/app\/uploads\/sites\/5\/2024\/09\/202210le-val-dajol-httpswww.facebook.comvaldajol.jpg\",\"contentUrl\":\"https:\/\/vosgesinfo.fr\/app\/uploads\/sites\/5\/2024\/09\/202210le-val-dajol-httpswww.facebook.comvaldajol.jpg\",\"width\":1428,\"height\":1040},{\"@type\":\"BreadcrumbList\",\"@id\":\"https:\/\/vosgesinfo.fr\/remiremontinfo\/2022\/10\/commune-val-dajol-classee-station-de-tourisme\/#breadcrumb\",\"itemListElement\":[{\"@type\":\"ListItem\",\"position\":1,\"name\":\"Home\",\"item\":\"https:\/\/vosgesinfo.fr\/remiremontinfo\/\"},{\"@type\":\"ListItem\",\"position\":2,\"name\":\"La commune du Val d\u2019Ajol est class\u00e9e \u00ab\u00a0Station de tourisme\u00a0\u00bb\u00a0\"}]},{\"@type\":\"WebSite\",\"@id\":\"https:\/\/vosgesinfo.fr\/remiremontinfo\/#website\",\"url\":\"https:\/\/vosgesinfo.fr\/remiremontinfo\/\",\"name\":\"Remiremont Info\",\"description\":\"Toute l&#039;actualit\u00e9 de Remiremont\",\"publisher\":{\"@id\":\"https:\/\/vosgesinfo.fr\/remiremontinfo\/#organization\"},\"alternateName\":\"Toute l'actualit\u00e9 de Remiremont\",\"potentialAction\":[{\"@type\":\"SearchAction\",\"target\":{\"@type\":\"EntryPoint\",\"urlTemplate\":\"https:\/\/vosgesinfo.fr\/remiremontinfo\/?s={search_term_string}\"},\"query-input\":\"required name=search_term_string\"}],\"inLanguage\":\"fr-FR\"},{\"@type\":\"Organization\",\"@id\":\"https:\/\/vosgesinfo.fr\/remiremontinfo\/#organization\",\"name\":\"Remiremont Info\",\"url\":\"https:\/\/vosgesinfo.fr\/remiremontinfo\/\",\"logo\":{\"@type\":\"ImageObject\",\"inLanguage\":\"fr-FR\",\"@id\":\"https:\/\/vosgesinfo.fr\/remiremontinfo\/#\/schema\/logo\/image\/\",\"url\":\"https:\/\/vosgesinfo.fr\/app\/uploads\/sites\/5\/2023\/08\/favicon-remiremontinfo.png\",\"contentUrl\":\"https:\/\/vosgesinfo.fr\/app\/uploads\/sites\/5\/2023\/08\/favicon-remiremontinfo.png\",\"width\":512,\"height\":512,\"caption\":\"Remiremont Info\"},\"image\":{\"@id\":\"https:\/\/vosgesinfo.fr\/remiremontinfo\/#\/schema\/logo\/image\/\"},\"sameAs\":[\"https:\/\/www.facebook.com\/remiremontinfo\",\"https:\/\/x.com\/VosgesInfo88\",\"https:\/\/www.youtube.com\/@vosgesinfo\"]},{\"@type\":\"Person\",\"@id\":\"https:\/\/vosgesinfo.fr\/remiremontinfo\/#\/schema\/person\/3bfd164d5218a185b1db68655a265316\",\"name\":\"C D\",\"image\":{\"@type\":\"ImageObject\",\"inLanguage\":\"fr-FR\",\"@id\":\"https:\/\/vosgesinfo.fr\/remiremontinfo\/#\/schema\/person\/image\/\",\"url\":\"https:\/\/secure.gravatar.com\/avatar\/1f9a70007336511a47468b8f1c66f922b8b7cf617b02a31149ada43893a5d48f?s=96&d=mm&r=g\",\"contentUrl\":\"https:\/\/secure.gravatar.com\/avatar\/1f9a70007336511a47468b8f1c66f922b8b7cf617b02a31149ada43893a5d48f?s=96&d=mm&r=g\",\"caption\":\"C D\"},\"url\":\"https:\/\/vosgesinfo.fr\/remiremontinfo\/author\/cedric-drevet\/\"}]}<\/script>\n<!-- \/ Yoast SEO plugin. -->","yoast_head_json":{"title":"La commune du Val d\u2019Ajol est class\u00e9e \"Station de tourisme\"\u00a0 - Remiremont Info","robots":{"index":"index","follow":"follow","max-snippet":"max-snippet:-1","max-image-preview":"max-image-preview:large","max-video-preview":"max-video-preview:-1"},"canonical":"https:\/\/vosgesinfo.fr\/remiremontinfo\/2022\/10\/commune-val-dajol-classee-station-de-tourisme\/","twitter_card":"summary_large_image","twitter_title":"La commune du Val d\u2019Ajol est class\u00e9e \"Station de tourisme\"\u00a0 - Remiremont Info","twitter_description":"Photo par\u00a0Commune de Le Val d&rsquo;Ajol Ce classement porte maintenant les trois communes PVD (Petites Villes de Demain) class\u00e9es Station [&hellip;]","twitter_image":"https:\/\/vosgesinfo.fr\/app\/uploads\/sites\/5\/2024\/09\/202210le-val-dajol-httpswww.facebook.comvaldajol.jpg","twitter_creator":"@VosgesInfo88","twitter_site":"@VosgesInfo88","twitter_misc":{"\u00c9crit par":"C D","Dur\u00e9e de lecture estim\u00e9e":"3 minutes"},"schema":{"@context":"https:\/\/schema.org","@graph":[{"@type":"Article","@id":"https:\/\/vosgesinfo.fr\/remiremontinfo\/2022\/10\/commune-val-dajol-classee-station-de-tourisme\/#article","isPartOf":{"@id":"https:\/\/vosgesinfo.fr\/remiremontinfo\/2022\/10\/commune-val-dajol-classee-station-de-tourisme\/"},"author":{"name":"C D","@id":"https:\/\/vosgesinfo.fr\/remiremontinfo\/#\/schema\/person\/3bfd164d5218a185b1db68655a265316"},"headline":"La commune du Val d\u2019Ajol est class\u00e9e \u00ab\u00a0Station de tourisme\u00a0\u00bb\u00a0","datePublished":"2022-10-27T07:38:52+00:00","dateModified":"2022-10-27T07:38:52+00:00","mainEntityOfPage":{"@id":"https:\/\/vosgesinfo.fr\/remiremontinfo\/2022\/10\/commune-val-dajol-classee-station-de-tourisme\/"},"wordCount":635,"commentCount":0,"publisher":{"@id":"https:\/\/vosgesinfo.fr\/remiremontinfo\/#organization"},"image":{"@id":"https:\/\/vosgesinfo.fr\/remiremontinfo\/2022\/10\/commune-val-dajol-classee-station-de-tourisme\/#primaryimage"},"thumbnailUrl":"https:\/\/vosgesinfo.fr\/app\/uploads\/sites\/5\/2024\/09\/202210le-val-dajol-httpswww.facebook.comvaldajol.jpg","keywords":["Tourisme","val d'ajol","Vosges"],"articleSection":["A la Une","Le Val d'Ajol","Le Val-d'Ajol &amp; son canton","Tourisme"],"inLanguage":"fr-FR","potentialAction":[{"@type":"CommentAction","name":"Comment","target":["https:\/\/vosgesinfo.fr\/remiremontinfo\/2022\/10\/commune-val-dajol-classee-station-de-tourisme\/#respond"]}]},{"@type":"WebPage","@id":"https:\/\/vosgesinfo.fr\/remiremontinfo\/2022\/10\/commune-val-dajol-classee-station-de-tourisme\/","url":"https:\/\/vosgesinfo.fr\/remiremontinfo\/2022\/10\/commune-val-dajol-classee-station-de-tourisme\/","name":"La commune du Val d\u2019Ajol est class\u00e9e \"Station de tourisme\"\u00a0 - Remiremont Info","isPartOf":{"@id":"https:\/\/vosgesinfo.fr\/remiremontinfo\/#website"},"primaryImageOfPage":{"@id":"https:\/\/vosgesinfo.fr\/remiremontinfo\/2022\/10\/commune-val-dajol-classee-station-de-tourisme\/#primaryimage"},"image":{"@id":"https:\/\/vosgesinfo.fr\/remiremontinfo\/2022\/10\/commune-val-dajol-classee-station-de-tourisme\/#primaryimage"},"thumbnailUrl":"https:\/\/vosgesinfo.fr\/app\/uploads\/sites\/5\/2024\/09\/202210le-val-dajol-httpswww.facebook.comvaldajol.jpg","datePublished":"2022-10-27T07:38:52+00:00","dateModified":"2022-10-27T07:38:52+00:00","breadcrumb":{"@id":"https:\/\/vosgesinfo.fr\/remiremontinfo\/2022\/10\/commune-val-dajol-classee-station-de-tourisme\/#breadcrumb"},"inLanguage":"fr-FR","potentialAction":[{"@type":"ReadAction","target":["https:\/\/vosgesinfo.fr\/remiremontinfo\/2022\/10\/commune-val-dajol-classee-station-de-tourisme\/"]}]},{"@type":"ImageObject","inLanguage":"fr-FR","@id":"https:\/\/vosgesinfo.fr\/remiremontinfo\/2022\/10\/commune-val-dajol-classee-station-de-tourisme\/#primaryimage","url":"https:\/\/vosgesinfo.fr\/app\/uploads\/sites\/5\/2024\/09\/202210le-val-dajol-httpswww.facebook.comvaldajol.jpg","contentUrl":"https:\/\/vosgesinfo.fr\/app\/uploads\/sites\/5\/2024\/09\/202210le-val-dajol-httpswww.facebook.comvaldajol.jpg","width":1428,"height":1040},{"@type":"BreadcrumbList","@id":"https:\/\/vosgesinfo.fr\/remiremontinfo\/2022\/10\/commune-val-dajol-classee-station-de-tourisme\/#breadcrumb","itemListElement":[{"@type":"ListItem","position":1,"name":"Home","item":"https:\/\/vosgesinfo.fr\/remiremontinfo\/"},{"@type":"ListItem","position":2,"name":"La commune du Val d\u2019Ajol est class\u00e9e \u00ab\u00a0Station de tourisme\u00a0\u00bb\u00a0"}]},{"@type":"WebSite","@id":"https:\/\/vosgesinfo.fr\/remiremontinfo\/#website","url":"https:\/\/vosgesinfo.fr\/remiremontinfo\/","name":"Remiremont Info","description":"Toute l&#039;actualit\u00e9 de Remiremont","publisher":{"@id":"https:\/\/vosgesinfo.fr\/remiremontinfo\/#organization"},"alternateName":"Toute l'actualit\u00e9 de Remiremont","potentialAction":[{"@type":"SearchAction","target":{"@type":"EntryPoint","urlTemplate":"https:\/\/vosgesinfo.fr\/remiremontinfo\/?s={search_term_string}"},"query-input":"required name=search_term_string"}],"inLanguage":"fr-FR"},{"@type":"Organization","@id":"https:\/\/vosgesinfo.fr\/remiremontinfo\/#organization","name":"Remiremont Info","url":"https:\/\/vosgesinfo.fr\/remiremontinfo\/","logo":{"@type":"ImageObject","inLanguage":"fr-FR","@id":"https:\/\/vosgesinfo.fr\/remiremontinfo\/#\/schema\/logo\/image\/","url":"https:\/\/vosgesinfo.fr\/app\/uploads\/sites\/5\/2023\/08\/favicon-remiremontinfo.png","contentUrl":"https:\/\/vosgesinfo.fr\/app\/uploads\/sites\/5\/2023\/08\/favicon-remiremontinfo.png","width":512,"height":512,"caption":"Remiremont Info"},"image":{"@id":"https:\/\/vosgesinfo.fr\/remiremontinfo\/#\/schema\/logo\/image\/"},"sameAs":["https:\/\/www.facebook.com\/remiremontinfo","https:\/\/x.com\/VosgesInfo88","https:\/\/www.youtube.com\/@vosgesinfo"]},{"@type":"Person","@id":"https:\/\/vosgesinfo.fr\/remiremontinfo\/#\/schema\/person\/3bfd164d5218a185b1db68655a265316","name":"C D","image":{"@type":"ImageObject","inLanguage":"fr-FR","@id":"https:\/\/vosgesinfo.fr\/remiremontinfo\/#\/schema\/person\/image\/","url":"https:\/\/secure.gravatar.com\/avatar\/1f9a70007336511a47468b8f1c66f922b8b7cf617b02a31149ada43893a5d48f?s=96&d=mm&r=g","contentUrl":"https:\/\/secure.gravatar.com\/avatar\/1f9a70007336511a47468b8f1c66f922b8b7cf617b02a31149ada43893a5d48f?s=96&d=mm&r=g","caption":"C D"},"url":"https:\/\/vosgesinfo.fr\/remiremontinfo\/author\/cedric-drevet\/"}]}},"_links":{"self":[{"href":"https:\/\/vosgesinfo.fr\/remiremontinfo\/wp-json\/wp\/v2\/posts\/63841","targetHints":{"allow":["GET"]}}],"collection":[{"href":"https:\/\/vosgesinfo.fr\/remiremontinfo\/wp-json\/wp\/v2\/posts"}],"about":[{"href":"https:\/\/vosgesinfo.fr\/remiremontinfo\/wp-json\/wp\/v2\/types\/post"}],"author":[{"embeddable":true,"href":"https:\/\/vosgesinfo.fr\/remiremontinfo\/wp-json\/wp\/v2\/users\/407"}],"replies":[{"embeddable":true,"href":"https:\/\/vosgesinfo.fr\/remiremontinfo\/wp-json\/wp\/v2\/comments?post=63841"}],"version-history":[{"count":0,"href":"https:\/\/vosgesinfo.fr\/remiremontinfo\/wp-json\/wp\/v2\/posts\/63841\/revisions"}],"wp:featuredmedia":[{"embeddable":true,"href":"https:\/\/vosgesinfo.fr\/remiremontinfo\/wp-json\/wp\/v2\/media\/63842"}],"wp:attachment":[{"href":"https:\/\/vosgesinfo.fr\/remiremontinfo\/wp-json\/wp\/v2\/media?parent=63841"}],"wp:term":[{"taxonomy":"category","embeddable":true,"href":"https:\/\/vosgesinfo.fr\/remiremontinfo\/wp-json\/wp\/v2\/categories?post=63841"},{"taxonomy":"post_tag","embeddable":true,"href":"https:\/\/vosgesinfo.fr\/remiremontinfo\/wp-json\/wp\/v2\/tags?post=63841"}],"curies":[{"name":"wp","href":"https:\/\/api.w.org\/{rel}","templated":true}]}}