{"id":63843,"date":"2022-10-27T09:57:28","date_gmt":"2022-10-27T07:57:28","guid":{"rendered":"https:\/\/vosgesinfo.fr\/remiremontinfo\/2022\/10\/lepisode-de-cesar-wagner-tourne-vosges-a-ete-diffuse-belgique\/"},"modified":"2022-10-27T09:57:28","modified_gmt":"2022-10-27T07:57:28","slug":"lepisode-de-cesar-wagner-tourne-vosges-a-ete-diffuse-belgique","status":"publish","type":"post","link":"https:\/\/vosgesinfo.fr\/remiremontinfo\/2022\/10\/lepisode-de-cesar-wagner-tourne-vosges-a-ete-diffuse-belgique\/","title":{"rendered":"L&rsquo;\u00e9pisode de \u00ab\u00a0C\u00e9sar Wagner\u00a0\u00bb tourn\u00e9 dans les Vosges a \u00e9t\u00e9 diffus\u00e9 en Belgique"},"content":{"rendered":"\n<h2><span style=\"font-size: 12pt;\"><strong>En juin dernier, un nouvel \u00e9pisode de la s\u00e9rie polici\u00e8re \u00ab C\u00e9sar Wagner \u00bb, intitul\u00e9 \u00abL\u2019\u0152il du lynx\u00bb a \u00e9t\u00e9 tourn\u00e9 en partie dans les Vosges. L\u2019\u00e9quipe de tournage s\u2019\u00e9tait notamment install\u00e9e sur la place de l\u2019\u00e9glise \u00e0 Plombi\u00e8res pour r\u00e9aliser une s\u00e9quence de l\u2019\u00e9pisode r\u00e9alis\u00e9 par Bruno Garcia. Le film a \u00e9t\u00e9 diffus\u00e9 ce mardi \u00e0 20h25 sur la cha\u00eene de t\u00e9l\u00e9vision belge La Une.<\/strong><\/span><\/h2>\n<p>Les t\u00e9l\u00e9spectateurs fran\u00e7ais devront attendre encore un peu avant la diffusion de l\u2019\u00e9pisode sur France 2. Pour ceux qui ne connaissent pas la s\u00e9rie, voici l\u2019id\u00e9e de d\u00e9part : le capitaine de police C\u00e9sar Wagner, anxieux et hypocondriaque, est mut\u00e9 \u00e0 Strasbourg, sa ville natale dans laquelle la maire n\u2019est autre que sa propre m\u00e8re. Il essaie de s\u2019imposer au sein de sa brigade avec le soutien de la l\u00e9giste, fantasque et d\u00e9complex\u00e9e, \u00c9lise Beaumont. Au casting, on retrouve Gil Alma, dans le r\u00f4le du capitaine C\u00e9sar Wagner. Coralie Russier interpr\u00e9te le lieutenant L\u00e9a Saskevitch et Soufiane Guerrab le lieutenant Farid Belladj. La s\u00e9rie est une coproduction d\u2019Incognita, France T\u00e9l\u00e9visions, Be-Films et la RTBF (t\u00e9l\u00e9vision belge), avec la participation de la Radio t\u00e9l\u00e9vision suisse (RTS) et avec le soutien de l\u2019Eurom\u00e9tropole de Strasbourg et de la r\u00e9gion Grand Est. Pour voir ou revoir quelques images du tournage, cliquez ici :\u00a0<a href=\"https:\/\/remiremontinfo.fr\/2022\/06\/serie-de-france-2-cesar-wagner-tournage-centre-de-plombieres\/\">La s\u00e9rie de France 2 \u00ab\u00a0C\u00e9sar Wagner\u00a0\u00bb en tournage au centre de Plombi\u00e8res &#8211; Remiremont Info<\/a><\/p>\n<p>&nbsp;<\/p>\n","protected":false},"excerpt":{"rendered":"<p>En juin dernier, un nouvel \u00e9pisode de la s\u00e9rie polici\u00e8re \u00ab C\u00e9sar Wagner \u00bb, intitul\u00e9 \u00abL\u2019\u0152il du lynx\u00bb a \u00e9t\u00e9 [&hellip;]<\/p>\n","protected":false},"author":407,"featured_media":63844,"comment_status":"open","ping_status":"open","sticky":false,"template":"","format":"standard","meta":{"footnotes":""},"categories":[26,82,102],"tags":[4950,4951,3852,1775,103,3591,1776,370,32],"class_list":["post-63843","post","type-post","status-publish","format-standard","has-post-thumbnail","hentry","category-a-la-une","category-le-val-dajol-son-canton","category-plombieres-les-bains","tag-4950","tag-belgique-une-fois","tag-cesar-wagner","tag-france","tag-plombieres","tag-serie","tag-television","tag-tournage","tag-vosges"],"acf":[],"yoast_head":"<!-- This site is optimized with the Yoast SEO plugin v22.5 - https:\/\/yoast.com\/wordpress\/plugins\/seo\/ -->\n<title>L&#039;\u00e9pisode de &quot;C\u00e9sar Wagner&quot; tourn\u00e9 dans les Vosges a \u00e9t\u00e9 diffus\u00e9 en Belgique - Remiremont Info<\/title>\n<meta name=\"robots\" content=\"index, follow, max-snippet:-1, max-image-preview:large, max-video-preview:-1\" \/>\n<link rel=\"canonical\" href=\"https:\/\/vosgesinfo.fr\/remiremontinfo\/2022\/10\/lepisode-de-cesar-wagner-tourne-vosges-a-ete-diffuse-belgique\/\" \/>\n<meta name=\"twitter:card\" content=\"summary_large_image\" \/>\n<meta name=\"twitter:title\" content=\"L&#039;\u00e9pisode de &quot;C\u00e9sar Wagner&quot; tourn\u00e9 dans les Vosges a \u00e9t\u00e9 diffus\u00e9 en Belgique - Remiremont Info\" \/>\n<meta name=\"twitter:description\" content=\"En juin dernier, un nouvel \u00e9pisode de la s\u00e9rie polici\u00e8re \u00ab C\u00e9sar Wagner \u00bb, intitul\u00e9 \u00abL\u2019\u0152il du lynx\u00bb a \u00e9t\u00e9 [&hellip;]\" \/>\n<meta name=\"twitter:image\" content=\"https:\/\/vosgesinfo.fr\/app\/uploads\/sites\/5\/2024\/09\/202206dsc-00571-1.jpg\" \/>\n<meta name=\"twitter:creator\" content=\"@VosgesInfo88\" \/>\n<meta name=\"twitter:site\" content=\"@VosgesInfo88\" \/>\n<meta name=\"twitter:label1\" content=\"\u00c9crit par\" \/>\n\t<meta name=\"twitter:data1\" content=\"C D\" \/>\n\t<meta name=\"twitter:label2\" content=\"Dur\u00e9e de lecture estim\u00e9e\" \/>\n\t<meta name=\"twitter:data2\" content=\"1 minute\" \/>\n<script type=\"application\/ld+json\" class=\"yoast-schema-graph\">{\"@context\":\"https:\/\/schema.org\",\"@graph\":[{\"@type\":\"Article\",\"@id\":\"https:\/\/vosgesinfo.fr\/remiremontinfo\/2022\/10\/lepisode-de-cesar-wagner-tourne-vosges-a-ete-diffuse-belgique\/#article\",\"isPartOf\":{\"@id\":\"https:\/\/vosgesinfo.fr\/remiremontinfo\/2022\/10\/lepisode-de-cesar-wagner-tourne-vosges-a-ete-diffuse-belgique\/\"},\"author\":{\"name\":\"C D\",\"@id\":\"https:\/\/vosgesinfo.fr\/remiremontinfo\/#\/schema\/person\/3bfd164d5218a185b1db68655a265316\"},\"headline\":\"L&rsquo;\u00e9pisode de \u00ab\u00a0C\u00e9sar Wagner\u00a0\u00bb tourn\u00e9 dans les Vosges a \u00e9t\u00e9 diffus\u00e9 en Belgique\",\"datePublished\":\"2022-10-27T07:57:28+00:00\",\"dateModified\":\"2022-10-27T07:57:28+00:00\",\"mainEntityOfPage\":{\"@id\":\"https:\/\/vosgesinfo.fr\/remiremontinfo\/2022\/10\/lepisode-de-cesar-wagner-tourne-vosges-a-ete-diffuse-belgique\/\"},\"wordCount\":296,\"commentCount\":0,\"publisher\":{\"@id\":\"https:\/\/vosgesinfo.fr\/remiremontinfo\/#organization\"},\"image\":{\"@id\":\"https:\/\/vosgesinfo.fr\/remiremontinfo\/2022\/10\/lepisode-de-cesar-wagner-tourne-vosges-a-ete-diffuse-belgique\/#primaryimage\"},\"thumbnailUrl\":\"https:\/\/vosgesinfo.fr\/app\/uploads\/sites\/5\/2024\/09\/202206dsc-00571-1.jpg\",\"keywords\":[\"2 %\",\"belgique une fois\",\"c\u00e9sar wagner\",\"France\",\"plombieres\",\"s\u00e9rie\",\"t\u00e9l\u00e9vision\",\"tournage\",\"Vosges\"],\"articleSection\":[\"A la Une\",\"Le Val-d'Ajol &amp; son canton\",\"Plombi\u00e8res-l\u00e8s-Bains\"],\"inLanguage\":\"fr-FR\",\"potentialAction\":[{\"@type\":\"CommentAction\",\"name\":\"Comment\",\"target\":[\"https:\/\/vosgesinfo.fr\/remiremontinfo\/2022\/10\/lepisode-de-cesar-wagner-tourne-vosges-a-ete-diffuse-belgique\/#respond\"]}]},{\"@type\":\"WebPage\",\"@id\":\"https:\/\/vosgesinfo.fr\/remiremontinfo\/2022\/10\/lepisode-de-cesar-wagner-tourne-vosges-a-ete-diffuse-belgique\/\",\"url\":\"https:\/\/vosgesinfo.fr\/remiremontinfo\/2022\/10\/lepisode-de-cesar-wagner-tourne-vosges-a-ete-diffuse-belgique\/\",\"name\":\"L'\u00e9pisode de \\\"C\u00e9sar Wagner\\\" tourn\u00e9 dans les Vosges a \u00e9t\u00e9 diffus\u00e9 en Belgique - Remiremont Info\",\"isPartOf\":{\"@id\":\"https:\/\/vosgesinfo.fr\/remiremontinfo\/#website\"},\"primaryImageOfPage\":{\"@id\":\"https:\/\/vosgesinfo.fr\/remiremontinfo\/2022\/10\/lepisode-de-cesar-wagner-tourne-vosges-a-ete-diffuse-belgique\/#primaryimage\"},\"image\":{\"@id\":\"https:\/\/vosgesinfo.fr\/remiremontinfo\/2022\/10\/lepisode-de-cesar-wagner-tourne-vosges-a-ete-diffuse-belgique\/#primaryimage\"},\"thumbnailUrl\":\"https:\/\/vosgesinfo.fr\/app\/uploads\/sites\/5\/2024\/09\/202206dsc-00571-1.jpg\",\"datePublished\":\"2022-10-27T07:57:28+00:00\",\"dateModified\":\"2022-10-27T07:57:28+00:00\",\"breadcrumb\":{\"@id\":\"https:\/\/vosgesinfo.fr\/remiremontinfo\/2022\/10\/lepisode-de-cesar-wagner-tourne-vosges-a-ete-diffuse-belgique\/#breadcrumb\"},\"inLanguage\":\"fr-FR\",\"potentialAction\":[{\"@type\":\"ReadAction\",\"target\":[\"https:\/\/vosgesinfo.fr\/remiremontinfo\/2022\/10\/lepisode-de-cesar-wagner-tourne-vosges-a-ete-diffuse-belgique\/\"]}]},{\"@type\":\"ImageObject\",\"inLanguage\":\"fr-FR\",\"@id\":\"https:\/\/vosgesinfo.fr\/remiremontinfo\/2022\/10\/lepisode-de-cesar-wagner-tourne-vosges-a-ete-diffuse-belgique\/#primaryimage\",\"url\":\"https:\/\/vosgesinfo.fr\/app\/uploads\/sites\/5\/2024\/09\/202206dsc-00571-1.jpg\",\"contentUrl\":\"https:\/\/vosgesinfo.fr\/app\/uploads\/sites\/5\/2024\/09\/202206dsc-00571-1.jpg\",\"width\":1600,\"height\":1064},{\"@type\":\"BreadcrumbList\",\"@id\":\"https:\/\/vosgesinfo.fr\/remiremontinfo\/2022\/10\/lepisode-de-cesar-wagner-tourne-vosges-a-ete-diffuse-belgique\/#breadcrumb\",\"itemListElement\":[{\"@type\":\"ListItem\",\"position\":1,\"name\":\"Home\",\"item\":\"https:\/\/vosgesinfo.fr\/remiremontinfo\/\"},{\"@type\":\"ListItem\",\"position\":2,\"name\":\"L&rsquo;\u00e9pisode de \u00ab\u00a0C\u00e9sar Wagner\u00a0\u00bb tourn\u00e9 dans les Vosges a \u00e9t\u00e9 diffus\u00e9 en Belgique\"}]},{\"@type\":\"WebSite\",\"@id\":\"https:\/\/vosgesinfo.fr\/remiremontinfo\/#website\",\"url\":\"https:\/\/vosgesinfo.fr\/remiremontinfo\/\",\"name\":\"Remiremont Info\",\"description\":\"Toute l&#039;actualit\u00e9 de Remiremont\",\"publisher\":{\"@id\":\"https:\/\/vosgesinfo.fr\/remiremontinfo\/#organization\"},\"alternateName\":\"Toute l'actualit\u00e9 de Remiremont\",\"potentialAction\":[{\"@type\":\"SearchAction\",\"target\":{\"@type\":\"EntryPoint\",\"urlTemplate\":\"https:\/\/vosgesinfo.fr\/remiremontinfo\/?s={search_term_string}\"},\"query-input\":\"required name=search_term_string\"}],\"inLanguage\":\"fr-FR\"},{\"@type\":\"Organization\",\"@id\":\"https:\/\/vosgesinfo.fr\/remiremontinfo\/#organization\",\"name\":\"Remiremont Info\",\"url\":\"https:\/\/vosgesinfo.fr\/remiremontinfo\/\",\"logo\":{\"@type\":\"ImageObject\",\"inLanguage\":\"fr-FR\",\"@id\":\"https:\/\/vosgesinfo.fr\/remiremontinfo\/#\/schema\/logo\/image\/\",\"url\":\"https:\/\/vosgesinfo.fr\/app\/uploads\/sites\/5\/2023\/08\/favicon-remiremontinfo.png\",\"contentUrl\":\"https:\/\/vosgesinfo.fr\/app\/uploads\/sites\/5\/2023\/08\/favicon-remiremontinfo.png\",\"width\":512,\"height\":512,\"caption\":\"Remiremont Info\"},\"image\":{\"@id\":\"https:\/\/vosgesinfo.fr\/remiremontinfo\/#\/schema\/logo\/image\/\"},\"sameAs\":[\"https:\/\/www.facebook.com\/remiremontinfo\",\"https:\/\/x.com\/VosgesInfo88\",\"https:\/\/www.youtube.com\/@vosgesinfo\"]},{\"@type\":\"Person\",\"@id\":\"https:\/\/vosgesinfo.fr\/remiremontinfo\/#\/schema\/person\/3bfd164d5218a185b1db68655a265316\",\"name\":\"C D\",\"image\":{\"@type\":\"ImageObject\",\"inLanguage\":\"fr-FR\",\"@id\":\"https:\/\/vosgesinfo.fr\/remiremontinfo\/#\/schema\/person\/image\/\",\"url\":\"https:\/\/secure.gravatar.com\/avatar\/1f9a70007336511a47468b8f1c66f922b8b7cf617b02a31149ada43893a5d48f?s=96&d=mm&r=g\",\"contentUrl\":\"https:\/\/secure.gravatar.com\/avatar\/1f9a70007336511a47468b8f1c66f922b8b7cf617b02a31149ada43893a5d48f?s=96&d=mm&r=g\",\"caption\":\"C D\"},\"url\":\"https:\/\/vosgesinfo.fr\/remiremontinfo\/author\/cedric-drevet\/\"}]}<\/script>\n<!-- \/ Yoast SEO plugin. -->","yoast_head_json":{"title":"L'\u00e9pisode de \"C\u00e9sar Wagner\" tourn\u00e9 dans les Vosges a \u00e9t\u00e9 diffus\u00e9 en Belgique - Remiremont Info","robots":{"index":"index","follow":"follow","max-snippet":"max-snippet:-1","max-image-preview":"max-image-preview:large","max-video-preview":"max-video-preview:-1"},"canonical":"https:\/\/vosgesinfo.fr\/remiremontinfo\/2022\/10\/lepisode-de-cesar-wagner-tourne-vosges-a-ete-diffuse-belgique\/","twitter_card":"summary_large_image","twitter_title":"L'\u00e9pisode de \"C\u00e9sar Wagner\" tourn\u00e9 dans les Vosges a \u00e9t\u00e9 diffus\u00e9 en Belgique - Remiremont Info","twitter_description":"En juin dernier, un nouvel \u00e9pisode de la s\u00e9rie polici\u00e8re \u00ab C\u00e9sar Wagner \u00bb, intitul\u00e9 \u00abL\u2019\u0152il du lynx\u00bb a \u00e9t\u00e9 [&hellip;]","twitter_image":"https:\/\/vosgesinfo.fr\/app\/uploads\/sites\/5\/2024\/09\/202206dsc-00571-1.jpg","twitter_creator":"@VosgesInfo88","twitter_site":"@VosgesInfo88","twitter_misc":{"\u00c9crit par":"C D","Dur\u00e9e de lecture estim\u00e9e":"1 minute"},"schema":{"@context":"https:\/\/schema.org","@graph":[{"@type":"Article","@id":"https:\/\/vosgesinfo.fr\/remiremontinfo\/2022\/10\/lepisode-de-cesar-wagner-tourne-vosges-a-ete-diffuse-belgique\/#article","isPartOf":{"@id":"https:\/\/vosgesinfo.fr\/remiremontinfo\/2022\/10\/lepisode-de-cesar-wagner-tourne-vosges-a-ete-diffuse-belgique\/"},"author":{"name":"C D","@id":"https:\/\/vosgesinfo.fr\/remiremontinfo\/#\/schema\/person\/3bfd164d5218a185b1db68655a265316"},"headline":"L&rsquo;\u00e9pisode de \u00ab\u00a0C\u00e9sar Wagner\u00a0\u00bb tourn\u00e9 dans les Vosges a \u00e9t\u00e9 diffus\u00e9 en Belgique","datePublished":"2022-10-27T07:57:28+00:00","dateModified":"2022-10-27T07:57:28+00:00","mainEntityOfPage":{"@id":"https:\/\/vosgesinfo.fr\/remiremontinfo\/2022\/10\/lepisode-de-cesar-wagner-tourne-vosges-a-ete-diffuse-belgique\/"},"wordCount":296,"commentCount":0,"publisher":{"@id":"https:\/\/vosgesinfo.fr\/remiremontinfo\/#organization"},"image":{"@id":"https:\/\/vosgesinfo.fr\/remiremontinfo\/2022\/10\/lepisode-de-cesar-wagner-tourne-vosges-a-ete-diffuse-belgique\/#primaryimage"},"thumbnailUrl":"https:\/\/vosgesinfo.fr\/app\/uploads\/sites\/5\/2024\/09\/202206dsc-00571-1.jpg","keywords":["2 %","belgique une fois","c\u00e9sar wagner","France","plombieres","s\u00e9rie","t\u00e9l\u00e9vision","tournage","Vosges"],"articleSection":["A la Une","Le Val-d'Ajol &amp; son canton","Plombi\u00e8res-l\u00e8s-Bains"],"inLanguage":"fr-FR","potentialAction":[{"@type":"CommentAction","name":"Comment","target":["https:\/\/vosgesinfo.fr\/remiremontinfo\/2022\/10\/lepisode-de-cesar-wagner-tourne-vosges-a-ete-diffuse-belgique\/#respond"]}]},{"@type":"WebPage","@id":"https:\/\/vosgesinfo.fr\/remiremontinfo\/2022\/10\/lepisode-de-cesar-wagner-tourne-vosges-a-ete-diffuse-belgique\/","url":"https:\/\/vosgesinfo.fr\/remiremontinfo\/2022\/10\/lepisode-de-cesar-wagner-tourne-vosges-a-ete-diffuse-belgique\/","name":"L'\u00e9pisode de \"C\u00e9sar Wagner\" tourn\u00e9 dans les Vosges a \u00e9t\u00e9 diffus\u00e9 en Belgique - Remiremont Info","isPartOf":{"@id":"https:\/\/vosgesinfo.fr\/remiremontinfo\/#website"},"primaryImageOfPage":{"@id":"https:\/\/vosgesinfo.fr\/remiremontinfo\/2022\/10\/lepisode-de-cesar-wagner-tourne-vosges-a-ete-diffuse-belgique\/#primaryimage"},"image":{"@id":"https:\/\/vosgesinfo.fr\/remiremontinfo\/2022\/10\/lepisode-de-cesar-wagner-tourne-vosges-a-ete-diffuse-belgique\/#primaryimage"},"thumbnailUrl":"https:\/\/vosgesinfo.fr\/app\/uploads\/sites\/5\/2024\/09\/202206dsc-00571-1.jpg","datePublished":"2022-10-27T07:57:28+00:00","dateModified":"2022-10-27T07:57:28+00:00","breadcrumb":{"@id":"https:\/\/vosgesinfo.fr\/remiremontinfo\/2022\/10\/lepisode-de-cesar-wagner-tourne-vosges-a-ete-diffuse-belgique\/#breadcrumb"},"inLanguage":"fr-FR","potentialAction":[{"@type":"ReadAction","target":["https:\/\/vosgesinfo.fr\/remiremontinfo\/2022\/10\/lepisode-de-cesar-wagner-tourne-vosges-a-ete-diffuse-belgique\/"]}]},{"@type":"ImageObject","inLanguage":"fr-FR","@id":"https:\/\/vosgesinfo.fr\/remiremontinfo\/2022\/10\/lepisode-de-cesar-wagner-tourne-vosges-a-ete-diffuse-belgique\/#primaryimage","url":"https:\/\/vosgesinfo.fr\/app\/uploads\/sites\/5\/2024\/09\/202206dsc-00571-1.jpg","contentUrl":"https:\/\/vosgesinfo.fr\/app\/uploads\/sites\/5\/2024\/09\/202206dsc-00571-1.jpg","width":1600,"height":1064},{"@type":"BreadcrumbList","@id":"https:\/\/vosgesinfo.fr\/remiremontinfo\/2022\/10\/lepisode-de-cesar-wagner-tourne-vosges-a-ete-diffuse-belgique\/#breadcrumb","itemListElement":[{"@type":"ListItem","position":1,"name":"Home","item":"https:\/\/vosgesinfo.fr\/remiremontinfo\/"},{"@type":"ListItem","position":2,"name":"L&rsquo;\u00e9pisode de \u00ab\u00a0C\u00e9sar Wagner\u00a0\u00bb tourn\u00e9 dans les Vosges a \u00e9t\u00e9 diffus\u00e9 en Belgique"}]},{"@type":"WebSite","@id":"https:\/\/vosgesinfo.fr\/remiremontinfo\/#website","url":"https:\/\/vosgesinfo.fr\/remiremontinfo\/","name":"Remiremont Info","description":"Toute l&#039;actualit\u00e9 de Remiremont","publisher":{"@id":"https:\/\/vosgesinfo.fr\/remiremontinfo\/#organization"},"alternateName":"Toute l'actualit\u00e9 de Remiremont","potentialAction":[{"@type":"SearchAction","target":{"@type":"EntryPoint","urlTemplate":"https:\/\/vosgesinfo.fr\/remiremontinfo\/?s={search_term_string}"},"query-input":"required name=search_term_string"}],"inLanguage":"fr-FR"},{"@type":"Organization","@id":"https:\/\/vosgesinfo.fr\/remiremontinfo\/#organization","name":"Remiremont Info","url":"https:\/\/vosgesinfo.fr\/remiremontinfo\/","logo":{"@type":"ImageObject","inLanguage":"fr-FR","@id":"https:\/\/vosgesinfo.fr\/remiremontinfo\/#\/schema\/logo\/image\/","url":"https:\/\/vosgesinfo.fr\/app\/uploads\/sites\/5\/2023\/08\/favicon-remiremontinfo.png","contentUrl":"https:\/\/vosgesinfo.fr\/app\/uploads\/sites\/5\/2023\/08\/favicon-remiremontinfo.png","width":512,"height":512,"caption":"Remiremont Info"},"image":{"@id":"https:\/\/vosgesinfo.fr\/remiremontinfo\/#\/schema\/logo\/image\/"},"sameAs":["https:\/\/www.facebook.com\/remiremontinfo","https:\/\/x.com\/VosgesInfo88","https:\/\/www.youtube.com\/@vosgesinfo"]},{"@type":"Person","@id":"https:\/\/vosgesinfo.fr\/remiremontinfo\/#\/schema\/person\/3bfd164d5218a185b1db68655a265316","name":"C D","image":{"@type":"ImageObject","inLanguage":"fr-FR","@id":"https:\/\/vosgesinfo.fr\/remiremontinfo\/#\/schema\/person\/image\/","url":"https:\/\/secure.gravatar.com\/avatar\/1f9a70007336511a47468b8f1c66f922b8b7cf617b02a31149ada43893a5d48f?s=96&d=mm&r=g","contentUrl":"https:\/\/secure.gravatar.com\/avatar\/1f9a70007336511a47468b8f1c66f922b8b7cf617b02a31149ada43893a5d48f?s=96&d=mm&r=g","caption":"C D"},"url":"https:\/\/vosgesinfo.fr\/remiremontinfo\/author\/cedric-drevet\/"}]}},"_links":{"self":[{"href":"https:\/\/vosgesinfo.fr\/remiremontinfo\/wp-json\/wp\/v2\/posts\/63843","targetHints":{"allow":["GET"]}}],"collection":[{"href":"https:\/\/vosgesinfo.fr\/remiremontinfo\/wp-json\/wp\/v2\/posts"}],"about":[{"href":"https:\/\/vosgesinfo.fr\/remiremontinfo\/wp-json\/wp\/v2\/types\/post"}],"author":[{"embeddable":true,"href":"https:\/\/vosgesinfo.fr\/remiremontinfo\/wp-json\/wp\/v2\/users\/407"}],"replies":[{"embeddable":true,"href":"https:\/\/vosgesinfo.fr\/remiremontinfo\/wp-json\/wp\/v2\/comments?post=63843"}],"version-history":[{"count":0,"href":"https:\/\/vosgesinfo.fr\/remiremontinfo\/wp-json\/wp\/v2\/posts\/63843\/revisions"}],"wp:featuredmedia":[{"embeddable":true,"href":"https:\/\/vosgesinfo.fr\/remiremontinfo\/wp-json\/wp\/v2\/media\/63844"}],"wp:attachment":[{"href":"https:\/\/vosgesinfo.fr\/remiremontinfo\/wp-json\/wp\/v2\/media?parent=63843"}],"wp:term":[{"taxonomy":"category","embeddable":true,"href":"https:\/\/vosgesinfo.fr\/remiremontinfo\/wp-json\/wp\/v2\/categories?post=63843"},{"taxonomy":"post_tag","embeddable":true,"href":"https:\/\/vosgesinfo.fr\/remiremontinfo\/wp-json\/wp\/v2\/tags?post=63843"}],"curies":[{"name":"wp","href":"https:\/\/api.w.org\/{rel}","templated":true}]}}