{"id":63867,"date":"2022-10-28T08:20:56","date_gmt":"2022-10-28T06:20:56","guid":{"rendered":"https:\/\/vosgesinfo.fr\/remiremontinfo\/2022\/10\/francois-vannson-poursuivi-conduite-dangereuse-etat-debriete\/"},"modified":"2022-10-28T08:20:56","modified_gmt":"2022-10-28T06:20:56","slug":"francois-vannson-poursuivi-conduite-dangereuse-etat-debriete","status":"publish","type":"post","link":"https:\/\/vosgesinfo.fr\/remiremontinfo\/2022\/10\/francois-vannson-poursuivi-conduite-dangereuse-etat-debriete\/","title":{"rendered":"Fran\u00e7ois Vannson poursuivi pour \u00ab conduite dangereuse \u00bb et en \u00e9tat d\u2019\u00e9bri\u00e9t\u00e9"},"content":{"rendered":"<h2>Le pr\u00e9sident du Conseil d\u00e9partemental des Vosges,\u00a0Fran\u00e7ois Vannson sera jug\u00e9 pour \u00ab\u00a0conduite dangereuse\u00a0\u00bb et en \u00e9tat d\u2019\u00e9bri\u00e9t\u00e9. Il avait \u00e9t\u00e9 interpell\u00e9 le week-end dernier, \u00e0 hauteur de Saint-Nabord, par les forces de l\u2019ordre\u00a0au volant de son v\u00e9hicule, alors qu\u2019il roulait alcoolis\u00e9 sur la nationale 57 dans le sens Epinal\/Remiremont.<\/h2>\n<p>Les faits ont eu lieu le week-end dernier, le\u00a0samedi 22 octobre.\u00a0Fran\u00e7ois Vannson, le pr\u00e9sident du Conseil d\u00e9partemental des Vosges\u00a0\u00e9tait au volant de son v\u00e9hicule sur la nationale 57 dans le sens Epinal\/Remiremont quand il<\/p>\n","protected":false},"excerpt":{"rendered":"<p>Le pr\u00e9sident du Conseil d\u00e9partemental des Vosges,\u00a0Fran\u00e7ois Vannson sera jug\u00e9 pour \u00ab\u00a0conduite dangereuse\u00a0\u00bb et en \u00e9tat d\u2019\u00e9bri\u00e9t\u00e9. Il avait \u00e9t\u00e9 [&hellip;]<\/p>\n","protected":false},"author":407,"featured_media":63868,"comment_status":"open","ping_status":"open","sticky":false,"template":"","format":"standard","meta":{"footnotes":""},"categories":[26,8,18],"tags":[274,1442,32],"class_list":["post-63867","post","type-post","status-publish","format-standard","has-post-thumbnail","hentry","category-a-la-une","category-faits-divers","category-vosges","tag-conseil-departemental","tag-vannson","tag-vosges"],"acf":[],"yoast_head":"<!-- This site is optimized with the Yoast SEO plugin v22.5 - https:\/\/yoast.com\/wordpress\/plugins\/seo\/ -->\n<title>Fran\u00e7ois Vannson poursuivi pour \u00ab conduite dangereuse \u00bb et en \u00e9tat d\u2019\u00e9bri\u00e9t\u00e9 - Remiremont Info<\/title>\n<meta name=\"robots\" content=\"index, follow, max-snippet:-1, max-image-preview:large, max-video-preview:-1\" \/>\n<link rel=\"canonical\" href=\"https:\/\/vosgesinfo.fr\/remiremontinfo\/2022\/10\/francois-vannson-poursuivi-conduite-dangereuse-etat-debriete\/\" \/>\n<meta name=\"twitter:card\" content=\"summary_large_image\" \/>\n<meta name=\"twitter:title\" content=\"Fran\u00e7ois Vannson poursuivi pour \u00ab conduite dangereuse \u00bb et en \u00e9tat d\u2019\u00e9bri\u00e9t\u00e9 - Remiremont Info\" \/>\n<meta name=\"twitter:description\" content=\"Le pr\u00e9sident du Conseil d\u00e9partemental des Vosges,\u00a0Fran\u00e7ois Vannson sera jug\u00e9 pour \u00ab\u00a0conduite dangereuse\u00a0\u00bb et en \u00e9tat d\u2019\u00e9bri\u00e9t\u00e9. Il avait \u00e9t\u00e9 [&hellip;]\" \/>\n<meta name=\"twitter:image\" content=\"https:\/\/vosgesinfo.fr\/app\/uploads\/sites\/5\/2024\/09\/202004francois-vannson-1-scaled.jpg\" \/>\n<meta name=\"twitter:creator\" content=\"@VosgesInfo88\" \/>\n<meta name=\"twitter:site\" content=\"@VosgesInfo88\" \/>\n<meta name=\"twitter:label1\" content=\"\u00c9crit par\" \/>\n\t<meta name=\"twitter:data1\" content=\"C D\" \/>\n<script type=\"application\/ld+json\" class=\"yoast-schema-graph\">{\"@context\":\"https:\/\/schema.org\",\"@graph\":[{\"@type\":\"Article\",\"@id\":\"https:\/\/vosgesinfo.fr\/remiremontinfo\/2022\/10\/francois-vannson-poursuivi-conduite-dangereuse-etat-debriete\/#article\",\"isPartOf\":{\"@id\":\"https:\/\/vosgesinfo.fr\/remiremontinfo\/2022\/10\/francois-vannson-poursuivi-conduite-dangereuse-etat-debriete\/\"},\"author\":{\"name\":\"C D\",\"@id\":\"https:\/\/vosgesinfo.fr\/remiremontinfo\/#\/schema\/person\/3bfd164d5218a185b1db68655a265316\"},\"headline\":\"Fran\u00e7ois Vannson poursuivi pour \u00ab conduite dangereuse \u00bb et en \u00e9tat d\u2019\u00e9bri\u00e9t\u00e9\",\"datePublished\":\"2022-10-28T06:20:56+00:00\",\"dateModified\":\"2022-10-28T06:20:56+00:00\",\"mainEntityOfPage\":{\"@id\":\"https:\/\/vosgesinfo.fr\/remiremontinfo\/2022\/10\/francois-vannson-poursuivi-conduite-dangereuse-etat-debriete\/\"},\"wordCount\":111,\"commentCount\":0,\"publisher\":{\"@id\":\"https:\/\/vosgesinfo.fr\/remiremontinfo\/#organization\"},\"image\":{\"@id\":\"https:\/\/vosgesinfo.fr\/remiremontinfo\/2022\/10\/francois-vannson-poursuivi-conduite-dangereuse-etat-debriete\/#primaryimage\"},\"thumbnailUrl\":\"https:\/\/vosgesinfo.fr\/app\/uploads\/sites\/5\/2024\/09\/202004francois-vannson-1-scaled.jpg\",\"keywords\":[\"Conseil d\u00e9partemental\",\"vannson\",\"Vosges\"],\"articleSection\":[\"A la Une\",\"Faits-divers\",\"Vosges\"],\"inLanguage\":\"fr-FR\",\"potentialAction\":[{\"@type\":\"CommentAction\",\"name\":\"Comment\",\"target\":[\"https:\/\/vosgesinfo.fr\/remiremontinfo\/2022\/10\/francois-vannson-poursuivi-conduite-dangereuse-etat-debriete\/#respond\"]}]},{\"@type\":\"WebPage\",\"@id\":\"https:\/\/vosgesinfo.fr\/remiremontinfo\/2022\/10\/francois-vannson-poursuivi-conduite-dangereuse-etat-debriete\/\",\"url\":\"https:\/\/vosgesinfo.fr\/remiremontinfo\/2022\/10\/francois-vannson-poursuivi-conduite-dangereuse-etat-debriete\/\",\"name\":\"Fran\u00e7ois Vannson poursuivi pour \u00ab conduite dangereuse \u00bb et en \u00e9tat d\u2019\u00e9bri\u00e9t\u00e9 - Remiremont Info\",\"isPartOf\":{\"@id\":\"https:\/\/vosgesinfo.fr\/remiremontinfo\/#website\"},\"primaryImageOfPage\":{\"@id\":\"https:\/\/vosgesinfo.fr\/remiremontinfo\/2022\/10\/francois-vannson-poursuivi-conduite-dangereuse-etat-debriete\/#primaryimage\"},\"image\":{\"@id\":\"https:\/\/vosgesinfo.fr\/remiremontinfo\/2022\/10\/francois-vannson-poursuivi-conduite-dangereuse-etat-debriete\/#primaryimage\"},\"thumbnailUrl\":\"https:\/\/vosgesinfo.fr\/app\/uploads\/sites\/5\/2024\/09\/202004francois-vannson-1-scaled.jpg\",\"datePublished\":\"2022-10-28T06:20:56+00:00\",\"dateModified\":\"2022-10-28T06:20:56+00:00\",\"breadcrumb\":{\"@id\":\"https:\/\/vosgesinfo.fr\/remiremontinfo\/2022\/10\/francois-vannson-poursuivi-conduite-dangereuse-etat-debriete\/#breadcrumb\"},\"inLanguage\":\"fr-FR\",\"potentialAction\":[{\"@type\":\"ReadAction\",\"target\":[\"https:\/\/vosgesinfo.fr\/remiremontinfo\/2022\/10\/francois-vannson-poursuivi-conduite-dangereuse-etat-debriete\/\"]}]},{\"@type\":\"ImageObject\",\"inLanguage\":\"fr-FR\",\"@id\":\"https:\/\/vosgesinfo.fr\/remiremontinfo\/2022\/10\/francois-vannson-poursuivi-conduite-dangereuse-etat-debriete\/#primaryimage\",\"url\":\"https:\/\/vosgesinfo.fr\/app\/uploads\/sites\/5\/2024\/09\/202004francois-vannson-1-scaled.jpg\",\"contentUrl\":\"https:\/\/vosgesinfo.fr\/app\/uploads\/sites\/5\/2024\/09\/202004francois-vannson-1-scaled.jpg\",\"width\":2560,\"height\":1440},{\"@type\":\"BreadcrumbList\",\"@id\":\"https:\/\/vosgesinfo.fr\/remiremontinfo\/2022\/10\/francois-vannson-poursuivi-conduite-dangereuse-etat-debriete\/#breadcrumb\",\"itemListElement\":[{\"@type\":\"ListItem\",\"position\":1,\"name\":\"Home\",\"item\":\"https:\/\/vosgesinfo.fr\/remiremontinfo\/\"},{\"@type\":\"ListItem\",\"position\":2,\"name\":\"Fran\u00e7ois Vannson poursuivi pour \u00ab conduite dangereuse \u00bb et en \u00e9tat d\u2019\u00e9bri\u00e9t\u00e9\"}]},{\"@type\":\"WebSite\",\"@id\":\"https:\/\/vosgesinfo.fr\/remiremontinfo\/#website\",\"url\":\"https:\/\/vosgesinfo.fr\/remiremontinfo\/\",\"name\":\"Remiremont Info\",\"description\":\"Toute l&#039;actualit\u00e9 de Remiremont\",\"publisher\":{\"@id\":\"https:\/\/vosgesinfo.fr\/remiremontinfo\/#organization\"},\"alternateName\":\"Toute l'actualit\u00e9 de Remiremont\",\"potentialAction\":[{\"@type\":\"SearchAction\",\"target\":{\"@type\":\"EntryPoint\",\"urlTemplate\":\"https:\/\/vosgesinfo.fr\/remiremontinfo\/?s={search_term_string}\"},\"query-input\":\"required name=search_term_string\"}],\"inLanguage\":\"fr-FR\"},{\"@type\":\"Organization\",\"@id\":\"https:\/\/vosgesinfo.fr\/remiremontinfo\/#organization\",\"name\":\"Remiremont Info\",\"url\":\"https:\/\/vosgesinfo.fr\/remiremontinfo\/\",\"logo\":{\"@type\":\"ImageObject\",\"inLanguage\":\"fr-FR\",\"@id\":\"https:\/\/vosgesinfo.fr\/remiremontinfo\/#\/schema\/logo\/image\/\",\"url\":\"https:\/\/vosgesinfo.fr\/app\/uploads\/sites\/5\/2023\/08\/favicon-remiremontinfo.png\",\"contentUrl\":\"https:\/\/vosgesinfo.fr\/app\/uploads\/sites\/5\/2023\/08\/favicon-remiremontinfo.png\",\"width\":512,\"height\":512,\"caption\":\"Remiremont Info\"},\"image\":{\"@id\":\"https:\/\/vosgesinfo.fr\/remiremontinfo\/#\/schema\/logo\/image\/\"},\"sameAs\":[\"https:\/\/www.facebook.com\/remiremontinfo\",\"https:\/\/x.com\/VosgesInfo88\",\"https:\/\/www.youtube.com\/@vosgesinfo\"]},{\"@type\":\"Person\",\"@id\":\"https:\/\/vosgesinfo.fr\/remiremontinfo\/#\/schema\/person\/3bfd164d5218a185b1db68655a265316\",\"name\":\"C D\",\"image\":{\"@type\":\"ImageObject\",\"inLanguage\":\"fr-FR\",\"@id\":\"https:\/\/vosgesinfo.fr\/remiremontinfo\/#\/schema\/person\/image\/\",\"url\":\"https:\/\/secure.gravatar.com\/avatar\/1f9a70007336511a47468b8f1c66f922b8b7cf617b02a31149ada43893a5d48f?s=96&d=mm&r=g\",\"contentUrl\":\"https:\/\/secure.gravatar.com\/avatar\/1f9a70007336511a47468b8f1c66f922b8b7cf617b02a31149ada43893a5d48f?s=96&d=mm&r=g\",\"caption\":\"C D\"},\"url\":\"https:\/\/vosgesinfo.fr\/remiremontinfo\/author\/cedric-drevet\/\"}]}<\/script>\n<!-- \/ Yoast SEO plugin. -->","yoast_head_json":{"title":"Fran\u00e7ois Vannson poursuivi pour \u00ab conduite dangereuse \u00bb et en \u00e9tat d\u2019\u00e9bri\u00e9t\u00e9 - Remiremont Info","robots":{"index":"index","follow":"follow","max-snippet":"max-snippet:-1","max-image-preview":"max-image-preview:large","max-video-preview":"max-video-preview:-1"},"canonical":"https:\/\/vosgesinfo.fr\/remiremontinfo\/2022\/10\/francois-vannson-poursuivi-conduite-dangereuse-etat-debriete\/","twitter_card":"summary_large_image","twitter_title":"Fran\u00e7ois Vannson poursuivi pour \u00ab conduite dangereuse \u00bb et en \u00e9tat d\u2019\u00e9bri\u00e9t\u00e9 - Remiremont Info","twitter_description":"Le pr\u00e9sident du Conseil d\u00e9partemental des Vosges,\u00a0Fran\u00e7ois Vannson sera jug\u00e9 pour \u00ab\u00a0conduite dangereuse\u00a0\u00bb et en \u00e9tat d\u2019\u00e9bri\u00e9t\u00e9. Il avait \u00e9t\u00e9 [&hellip;]","twitter_image":"https:\/\/vosgesinfo.fr\/app\/uploads\/sites\/5\/2024\/09\/202004francois-vannson-1-scaled.jpg","twitter_creator":"@VosgesInfo88","twitter_site":"@VosgesInfo88","twitter_misc":{"\u00c9crit par":"C D"},"schema":{"@context":"https:\/\/schema.org","@graph":[{"@type":"Article","@id":"https:\/\/vosgesinfo.fr\/remiremontinfo\/2022\/10\/francois-vannson-poursuivi-conduite-dangereuse-etat-debriete\/#article","isPartOf":{"@id":"https:\/\/vosgesinfo.fr\/remiremontinfo\/2022\/10\/francois-vannson-poursuivi-conduite-dangereuse-etat-debriete\/"},"author":{"name":"C D","@id":"https:\/\/vosgesinfo.fr\/remiremontinfo\/#\/schema\/person\/3bfd164d5218a185b1db68655a265316"},"headline":"Fran\u00e7ois Vannson poursuivi pour \u00ab conduite dangereuse \u00bb et en \u00e9tat d\u2019\u00e9bri\u00e9t\u00e9","datePublished":"2022-10-28T06:20:56+00:00","dateModified":"2022-10-28T06:20:56+00:00","mainEntityOfPage":{"@id":"https:\/\/vosgesinfo.fr\/remiremontinfo\/2022\/10\/francois-vannson-poursuivi-conduite-dangereuse-etat-debriete\/"},"wordCount":111,"commentCount":0,"publisher":{"@id":"https:\/\/vosgesinfo.fr\/remiremontinfo\/#organization"},"image":{"@id":"https:\/\/vosgesinfo.fr\/remiremontinfo\/2022\/10\/francois-vannson-poursuivi-conduite-dangereuse-etat-debriete\/#primaryimage"},"thumbnailUrl":"https:\/\/vosgesinfo.fr\/app\/uploads\/sites\/5\/2024\/09\/202004francois-vannson-1-scaled.jpg","keywords":["Conseil d\u00e9partemental","vannson","Vosges"],"articleSection":["A la Une","Faits-divers","Vosges"],"inLanguage":"fr-FR","potentialAction":[{"@type":"CommentAction","name":"Comment","target":["https:\/\/vosgesinfo.fr\/remiremontinfo\/2022\/10\/francois-vannson-poursuivi-conduite-dangereuse-etat-debriete\/#respond"]}]},{"@type":"WebPage","@id":"https:\/\/vosgesinfo.fr\/remiremontinfo\/2022\/10\/francois-vannson-poursuivi-conduite-dangereuse-etat-debriete\/","url":"https:\/\/vosgesinfo.fr\/remiremontinfo\/2022\/10\/francois-vannson-poursuivi-conduite-dangereuse-etat-debriete\/","name":"Fran\u00e7ois Vannson poursuivi pour \u00ab conduite dangereuse \u00bb et en \u00e9tat d\u2019\u00e9bri\u00e9t\u00e9 - Remiremont Info","isPartOf":{"@id":"https:\/\/vosgesinfo.fr\/remiremontinfo\/#website"},"primaryImageOfPage":{"@id":"https:\/\/vosgesinfo.fr\/remiremontinfo\/2022\/10\/francois-vannson-poursuivi-conduite-dangereuse-etat-debriete\/#primaryimage"},"image":{"@id":"https:\/\/vosgesinfo.fr\/remiremontinfo\/2022\/10\/francois-vannson-poursuivi-conduite-dangereuse-etat-debriete\/#primaryimage"},"thumbnailUrl":"https:\/\/vosgesinfo.fr\/app\/uploads\/sites\/5\/2024\/09\/202004francois-vannson-1-scaled.jpg","datePublished":"2022-10-28T06:20:56+00:00","dateModified":"2022-10-28T06:20:56+00:00","breadcrumb":{"@id":"https:\/\/vosgesinfo.fr\/remiremontinfo\/2022\/10\/francois-vannson-poursuivi-conduite-dangereuse-etat-debriete\/#breadcrumb"},"inLanguage":"fr-FR","potentialAction":[{"@type":"ReadAction","target":["https:\/\/vosgesinfo.fr\/remiremontinfo\/2022\/10\/francois-vannson-poursuivi-conduite-dangereuse-etat-debriete\/"]}]},{"@type":"ImageObject","inLanguage":"fr-FR","@id":"https:\/\/vosgesinfo.fr\/remiremontinfo\/2022\/10\/francois-vannson-poursuivi-conduite-dangereuse-etat-debriete\/#primaryimage","url":"https:\/\/vosgesinfo.fr\/app\/uploads\/sites\/5\/2024\/09\/202004francois-vannson-1-scaled.jpg","contentUrl":"https:\/\/vosgesinfo.fr\/app\/uploads\/sites\/5\/2024\/09\/202004francois-vannson-1-scaled.jpg","width":2560,"height":1440},{"@type":"BreadcrumbList","@id":"https:\/\/vosgesinfo.fr\/remiremontinfo\/2022\/10\/francois-vannson-poursuivi-conduite-dangereuse-etat-debriete\/#breadcrumb","itemListElement":[{"@type":"ListItem","position":1,"name":"Home","item":"https:\/\/vosgesinfo.fr\/remiremontinfo\/"},{"@type":"ListItem","position":2,"name":"Fran\u00e7ois Vannson poursuivi pour \u00ab conduite dangereuse \u00bb et en \u00e9tat d\u2019\u00e9bri\u00e9t\u00e9"}]},{"@type":"WebSite","@id":"https:\/\/vosgesinfo.fr\/remiremontinfo\/#website","url":"https:\/\/vosgesinfo.fr\/remiremontinfo\/","name":"Remiremont Info","description":"Toute l&#039;actualit\u00e9 de Remiremont","publisher":{"@id":"https:\/\/vosgesinfo.fr\/remiremontinfo\/#organization"},"alternateName":"Toute l'actualit\u00e9 de Remiremont","potentialAction":[{"@type":"SearchAction","target":{"@type":"EntryPoint","urlTemplate":"https:\/\/vosgesinfo.fr\/remiremontinfo\/?s={search_term_string}"},"query-input":"required name=search_term_string"}],"inLanguage":"fr-FR"},{"@type":"Organization","@id":"https:\/\/vosgesinfo.fr\/remiremontinfo\/#organization","name":"Remiremont Info","url":"https:\/\/vosgesinfo.fr\/remiremontinfo\/","logo":{"@type":"ImageObject","inLanguage":"fr-FR","@id":"https:\/\/vosgesinfo.fr\/remiremontinfo\/#\/schema\/logo\/image\/","url":"https:\/\/vosgesinfo.fr\/app\/uploads\/sites\/5\/2023\/08\/favicon-remiremontinfo.png","contentUrl":"https:\/\/vosgesinfo.fr\/app\/uploads\/sites\/5\/2023\/08\/favicon-remiremontinfo.png","width":512,"height":512,"caption":"Remiremont Info"},"image":{"@id":"https:\/\/vosgesinfo.fr\/remiremontinfo\/#\/schema\/logo\/image\/"},"sameAs":["https:\/\/www.facebook.com\/remiremontinfo","https:\/\/x.com\/VosgesInfo88","https:\/\/www.youtube.com\/@vosgesinfo"]},{"@type":"Person","@id":"https:\/\/vosgesinfo.fr\/remiremontinfo\/#\/schema\/person\/3bfd164d5218a185b1db68655a265316","name":"C D","image":{"@type":"ImageObject","inLanguage":"fr-FR","@id":"https:\/\/vosgesinfo.fr\/remiremontinfo\/#\/schema\/person\/image\/","url":"https:\/\/secure.gravatar.com\/avatar\/1f9a70007336511a47468b8f1c66f922b8b7cf617b02a31149ada43893a5d48f?s=96&d=mm&r=g","contentUrl":"https:\/\/secure.gravatar.com\/avatar\/1f9a70007336511a47468b8f1c66f922b8b7cf617b02a31149ada43893a5d48f?s=96&d=mm&r=g","caption":"C D"},"url":"https:\/\/vosgesinfo.fr\/remiremontinfo\/author\/cedric-drevet\/"}]}},"_links":{"self":[{"href":"https:\/\/vosgesinfo.fr\/remiremontinfo\/wp-json\/wp\/v2\/posts\/63867","targetHints":{"allow":["GET"]}}],"collection":[{"href":"https:\/\/vosgesinfo.fr\/remiremontinfo\/wp-json\/wp\/v2\/posts"}],"about":[{"href":"https:\/\/vosgesinfo.fr\/remiremontinfo\/wp-json\/wp\/v2\/types\/post"}],"author":[{"embeddable":true,"href":"https:\/\/vosgesinfo.fr\/remiremontinfo\/wp-json\/wp\/v2\/users\/407"}],"replies":[{"embeddable":true,"href":"https:\/\/vosgesinfo.fr\/remiremontinfo\/wp-json\/wp\/v2\/comments?post=63867"}],"version-history":[{"count":0,"href":"https:\/\/vosgesinfo.fr\/remiremontinfo\/wp-json\/wp\/v2\/posts\/63867\/revisions"}],"wp:featuredmedia":[{"embeddable":true,"href":"https:\/\/vosgesinfo.fr\/remiremontinfo\/wp-json\/wp\/v2\/media\/63868"}],"wp:attachment":[{"href":"https:\/\/vosgesinfo.fr\/remiremontinfo\/wp-json\/wp\/v2\/media?parent=63867"}],"wp:term":[{"taxonomy":"category","embeddable":true,"href":"https:\/\/vosgesinfo.fr\/remiremontinfo\/wp-json\/wp\/v2\/categories?post=63867"},{"taxonomy":"post_tag","embeddable":true,"href":"https:\/\/vosgesinfo.fr\/remiremontinfo\/wp-json\/wp\/v2\/tags?post=63867"}],"curies":[{"name":"wp","href":"https:\/\/api.w.org\/{rel}","templated":true}]}}