{"id":63869,"date":"2022-10-28T08:47:12","date_gmt":"2022-10-28T06:47:12","guid":{"rendered":"https:\/\/vosgesinfo.fr\/remiremontinfo\/2022\/10\/chantier-delagage-rd-42-departement-appelle-automobilistes-a-vigilance-respect-de-signalisation\/"},"modified":"2022-10-28T08:47:12","modified_gmt":"2022-10-28T06:47:12","slug":"chantier-delagage-rd-42-departement-appelle-automobilistes-a-vigilance-respect-de-signalisation","status":"publish","type":"post","link":"https:\/\/vosgesinfo.fr\/remiremontinfo\/2022\/10\/chantier-delagage-rd-42-departement-appelle-automobilistes-a-vigilance-respect-de-signalisation\/","title":{"rendered":"Chantier d\u2019\u00e9lagage sur la RD 42 : le D\u00e9partement appelle les automobilistes \u00e0 la vigilance et au respect de la signalisation"},"content":{"rendered":"<h2>Depuis le 17 octobre, un chantier d\u2019\u00e9lagage, men\u00e9 par le D\u00e9partement, est en cours sur la route d\u00e9partementale 42 entre Epinal et Jarm\u00e9nil. Ce chantier se d\u00e9roule en deux phases : dans un premier temps, du 17 au 28 octobre, il concerne le tron\u00e7on Epinal Archettes et dans un second temps, du 27 octobre au 4 novembre il se poursuivra entre Archettes et Jarm\u00e9nil.<\/h2>\n<p>Cette intervention n\u00e9cessite la fermeture de la route \u00e0 la circulation. Des itin\u00e9raires de d\u00e9viation sont propos\u00e9s et une signalisation ad\u00e9quate est mise en place pour informer les automobilistes. Malgr\u00e9 ce dispositif, certains usagers tentent de passer outre l\u2019interdiction.<\/p>\n<p>Dans ce contexte, le D\u00e9partement, bien que conscient des d\u00e9sagr\u00e9ments que peuvent g\u00e9n\u00e9rer ce type de chantiers, tient \u00e0 rappeler qu\u2019il est imp\u00e9ratif de respecter les<\/p>\n","protected":false},"excerpt":{"rendered":"<p>Depuis le 17 octobre, un chantier d\u2019\u00e9lagage, men\u00e9 par le D\u00e9partement, est en cours sur la route d\u00e9partementale 42 entre [&hellip;]<\/p>\n","protected":false},"author":407,"featured_media":63870,"comment_status":"open","ping_status":"open","sticky":false,"template":"","format":"standard","meta":{"footnotes":""},"categories":[26,18],"tags":[4954,136,32],"class_list":["post-63869","post","type-post","status-publish","format-standard","has-post-thumbnail","hentry","category-a-la-une","category-vosges","tag-elagage","tag-travaux","tag-vosges"],"acf":[],"yoast_head":"<!-- This site is optimized with the Yoast SEO plugin v22.5 - https:\/\/yoast.com\/wordpress\/plugins\/seo\/ -->\n<title>Chantier d\u2019\u00e9lagage sur la RD 42 : le D\u00e9partement appelle les automobilistes \u00e0 la vigilance et au respect de la signalisation - Remiremont Info<\/title>\n<meta name=\"robots\" content=\"index, follow, max-snippet:-1, max-image-preview:large, max-video-preview:-1\" \/>\n<link rel=\"canonical\" href=\"https:\/\/vosgesinfo.fr\/remiremontinfo\/2022\/10\/chantier-delagage-rd-42-departement-appelle-automobilistes-a-vigilance-respect-de-signalisation\/\" \/>\n<meta name=\"twitter:card\" content=\"summary_large_image\" \/>\n<meta name=\"twitter:title\" content=\"Chantier d\u2019\u00e9lagage sur la RD 42 : le D\u00e9partement appelle les automobilistes \u00e0 la vigilance et au respect de la signalisation - Remiremont Info\" \/>\n<meta name=\"twitter:description\" content=\"Depuis le 17 octobre, un chantier d\u2019\u00e9lagage, men\u00e9 par le D\u00e9partement, est en cours sur la route d\u00e9partementale 42 entre [&hellip;]\" \/>\n<meta name=\"twitter:image\" content=\"https:\/\/vosgesinfo.fr\/app\/uploads\/sites\/5\/2024\/09\/202210barrageelagagerd42-800x450-1.jpg\" \/>\n<meta name=\"twitter:creator\" content=\"@VosgesInfo88\" \/>\n<meta name=\"twitter:site\" content=\"@VosgesInfo88\" \/>\n<meta name=\"twitter:label1\" content=\"\u00c9crit par\" \/>\n\t<meta name=\"twitter:data1\" content=\"C D\" \/>\n\t<meta name=\"twitter:label2\" content=\"Dur\u00e9e de lecture estim\u00e9e\" \/>\n\t<meta name=\"twitter:data2\" content=\"1 minute\" \/>\n<script type=\"application\/ld+json\" class=\"yoast-schema-graph\">{\"@context\":\"https:\/\/schema.org\",\"@graph\":[{\"@type\":\"Article\",\"@id\":\"https:\/\/vosgesinfo.fr\/remiremontinfo\/2022\/10\/chantier-delagage-rd-42-departement-appelle-automobilistes-a-vigilance-respect-de-signalisation\/#article\",\"isPartOf\":{\"@id\":\"https:\/\/vosgesinfo.fr\/remiremontinfo\/2022\/10\/chantier-delagage-rd-42-departement-appelle-automobilistes-a-vigilance-respect-de-signalisation\/\"},\"author\":{\"name\":\"C D\",\"@id\":\"https:\/\/vosgesinfo.fr\/remiremontinfo\/#\/schema\/person\/3bfd164d5218a185b1db68655a265316\"},\"headline\":\"Chantier d\u2019\u00e9lagage sur la RD 42 : le D\u00e9partement appelle les automobilistes \u00e0 la vigilance et au respect de la signalisation\",\"datePublished\":\"2022-10-28T06:47:12+00:00\",\"dateModified\":\"2022-10-28T06:47:12+00:00\",\"mainEntityOfPage\":{\"@id\":\"https:\/\/vosgesinfo.fr\/remiremontinfo\/2022\/10\/chantier-delagage-rd-42-departement-appelle-automobilistes-a-vigilance-respect-de-signalisation\/\"},\"wordCount\":160,\"commentCount\":0,\"publisher\":{\"@id\":\"https:\/\/vosgesinfo.fr\/remiremontinfo\/#organization\"},\"image\":{\"@id\":\"https:\/\/vosgesinfo.fr\/remiremontinfo\/2022\/10\/chantier-delagage-rd-42-departement-appelle-automobilistes-a-vigilance-respect-de-signalisation\/#primaryimage\"},\"thumbnailUrl\":\"https:\/\/vosgesinfo.fr\/app\/uploads\/sites\/5\/2024\/09\/202210barrageelagagerd42-800x450-1.jpg\",\"keywords\":[\"Elagage\",\"travaux\",\"Vosges\"],\"articleSection\":[\"A la Une\",\"Vosges\"],\"inLanguage\":\"fr-FR\",\"potentialAction\":[{\"@type\":\"CommentAction\",\"name\":\"Comment\",\"target\":[\"https:\/\/vosgesinfo.fr\/remiremontinfo\/2022\/10\/chantier-delagage-rd-42-departement-appelle-automobilistes-a-vigilance-respect-de-signalisation\/#respond\"]}]},{\"@type\":\"WebPage\",\"@id\":\"https:\/\/vosgesinfo.fr\/remiremontinfo\/2022\/10\/chantier-delagage-rd-42-departement-appelle-automobilistes-a-vigilance-respect-de-signalisation\/\",\"url\":\"https:\/\/vosgesinfo.fr\/remiremontinfo\/2022\/10\/chantier-delagage-rd-42-departement-appelle-automobilistes-a-vigilance-respect-de-signalisation\/\",\"name\":\"Chantier d\u2019\u00e9lagage sur la RD 42 : le D\u00e9partement appelle les automobilistes \u00e0 la vigilance et au respect de la signalisation - Remiremont Info\",\"isPartOf\":{\"@id\":\"https:\/\/vosgesinfo.fr\/remiremontinfo\/#website\"},\"primaryImageOfPage\":{\"@id\":\"https:\/\/vosgesinfo.fr\/remiremontinfo\/2022\/10\/chantier-delagage-rd-42-departement-appelle-automobilistes-a-vigilance-respect-de-signalisation\/#primaryimage\"},\"image\":{\"@id\":\"https:\/\/vosgesinfo.fr\/remiremontinfo\/2022\/10\/chantier-delagage-rd-42-departement-appelle-automobilistes-a-vigilance-respect-de-signalisation\/#primaryimage\"},\"thumbnailUrl\":\"https:\/\/vosgesinfo.fr\/app\/uploads\/sites\/5\/2024\/09\/202210barrageelagagerd42-800x450-1.jpg\",\"datePublished\":\"2022-10-28T06:47:12+00:00\",\"dateModified\":\"2022-10-28T06:47:12+00:00\",\"breadcrumb\":{\"@id\":\"https:\/\/vosgesinfo.fr\/remiremontinfo\/2022\/10\/chantier-delagage-rd-42-departement-appelle-automobilistes-a-vigilance-respect-de-signalisation\/#breadcrumb\"},\"inLanguage\":\"fr-FR\",\"potentialAction\":[{\"@type\":\"ReadAction\",\"target\":[\"https:\/\/vosgesinfo.fr\/remiremontinfo\/2022\/10\/chantier-delagage-rd-42-departement-appelle-automobilistes-a-vigilance-respect-de-signalisation\/\"]}]},{\"@type\":\"ImageObject\",\"inLanguage\":\"fr-FR\",\"@id\":\"https:\/\/vosgesinfo.fr\/remiremontinfo\/2022\/10\/chantier-delagage-rd-42-departement-appelle-automobilistes-a-vigilance-respect-de-signalisation\/#primaryimage\",\"url\":\"https:\/\/vosgesinfo.fr\/app\/uploads\/sites\/5\/2024\/09\/202210barrageelagagerd42-800x450-1.jpg\",\"contentUrl\":\"https:\/\/vosgesinfo.fr\/app\/uploads\/sites\/5\/2024\/09\/202210barrageelagagerd42-800x450-1.jpg\",\"width\":800,\"height\":450},{\"@type\":\"BreadcrumbList\",\"@id\":\"https:\/\/vosgesinfo.fr\/remiremontinfo\/2022\/10\/chantier-delagage-rd-42-departement-appelle-automobilistes-a-vigilance-respect-de-signalisation\/#breadcrumb\",\"itemListElement\":[{\"@type\":\"ListItem\",\"position\":1,\"name\":\"Home\",\"item\":\"https:\/\/vosgesinfo.fr\/remiremontinfo\/\"},{\"@type\":\"ListItem\",\"position\":2,\"name\":\"Chantier d\u2019\u00e9lagage sur la RD 42 : le D\u00e9partement appelle les automobilistes \u00e0 la vigilance et au respect de la signalisation\"}]},{\"@type\":\"WebSite\",\"@id\":\"https:\/\/vosgesinfo.fr\/remiremontinfo\/#website\",\"url\":\"https:\/\/vosgesinfo.fr\/remiremontinfo\/\",\"name\":\"Remiremont Info\",\"description\":\"Toute l&#039;actualit\u00e9 de Remiremont\",\"publisher\":{\"@id\":\"https:\/\/vosgesinfo.fr\/remiremontinfo\/#organization\"},\"alternateName\":\"Toute l'actualit\u00e9 de Remiremont\",\"potentialAction\":[{\"@type\":\"SearchAction\",\"target\":{\"@type\":\"EntryPoint\",\"urlTemplate\":\"https:\/\/vosgesinfo.fr\/remiremontinfo\/?s={search_term_string}\"},\"query-input\":\"required name=search_term_string\"}],\"inLanguage\":\"fr-FR\"},{\"@type\":\"Organization\",\"@id\":\"https:\/\/vosgesinfo.fr\/remiremontinfo\/#organization\",\"name\":\"Remiremont Info\",\"url\":\"https:\/\/vosgesinfo.fr\/remiremontinfo\/\",\"logo\":{\"@type\":\"ImageObject\",\"inLanguage\":\"fr-FR\",\"@id\":\"https:\/\/vosgesinfo.fr\/remiremontinfo\/#\/schema\/logo\/image\/\",\"url\":\"https:\/\/vosgesinfo.fr\/app\/uploads\/sites\/5\/2023\/08\/favicon-remiremontinfo.png\",\"contentUrl\":\"https:\/\/vosgesinfo.fr\/app\/uploads\/sites\/5\/2023\/08\/favicon-remiremontinfo.png\",\"width\":512,\"height\":512,\"caption\":\"Remiremont Info\"},\"image\":{\"@id\":\"https:\/\/vosgesinfo.fr\/remiremontinfo\/#\/schema\/logo\/image\/\"},\"sameAs\":[\"https:\/\/www.facebook.com\/remiremontinfo\",\"https:\/\/x.com\/VosgesInfo88\",\"https:\/\/www.youtube.com\/@vosgesinfo\"]},{\"@type\":\"Person\",\"@id\":\"https:\/\/vosgesinfo.fr\/remiremontinfo\/#\/schema\/person\/3bfd164d5218a185b1db68655a265316\",\"name\":\"C D\",\"image\":{\"@type\":\"ImageObject\",\"inLanguage\":\"fr-FR\",\"@id\":\"https:\/\/vosgesinfo.fr\/remiremontinfo\/#\/schema\/person\/image\/\",\"url\":\"https:\/\/secure.gravatar.com\/avatar\/1f9a70007336511a47468b8f1c66f922b8b7cf617b02a31149ada43893a5d48f?s=96&d=mm&r=g\",\"contentUrl\":\"https:\/\/secure.gravatar.com\/avatar\/1f9a70007336511a47468b8f1c66f922b8b7cf617b02a31149ada43893a5d48f?s=96&d=mm&r=g\",\"caption\":\"C D\"},\"url\":\"https:\/\/vosgesinfo.fr\/remiremontinfo\/author\/cedric-drevet\/\"}]}<\/script>\n<!-- \/ Yoast SEO plugin. -->","yoast_head_json":{"title":"Chantier d\u2019\u00e9lagage sur la RD 42 : le D\u00e9partement appelle les automobilistes \u00e0 la vigilance et au respect de la signalisation - Remiremont Info","robots":{"index":"index","follow":"follow","max-snippet":"max-snippet:-1","max-image-preview":"max-image-preview:large","max-video-preview":"max-video-preview:-1"},"canonical":"https:\/\/vosgesinfo.fr\/remiremontinfo\/2022\/10\/chantier-delagage-rd-42-departement-appelle-automobilistes-a-vigilance-respect-de-signalisation\/","twitter_card":"summary_large_image","twitter_title":"Chantier d\u2019\u00e9lagage sur la RD 42 : le D\u00e9partement appelle les automobilistes \u00e0 la vigilance et au respect de la signalisation - Remiremont Info","twitter_description":"Depuis le 17 octobre, un chantier d\u2019\u00e9lagage, men\u00e9 par le D\u00e9partement, est en cours sur la route d\u00e9partementale 42 entre [&hellip;]","twitter_image":"https:\/\/vosgesinfo.fr\/app\/uploads\/sites\/5\/2024\/09\/202210barrageelagagerd42-800x450-1.jpg","twitter_creator":"@VosgesInfo88","twitter_site":"@VosgesInfo88","twitter_misc":{"\u00c9crit par":"C D","Dur\u00e9e de lecture estim\u00e9e":"1 minute"},"schema":{"@context":"https:\/\/schema.org","@graph":[{"@type":"Article","@id":"https:\/\/vosgesinfo.fr\/remiremontinfo\/2022\/10\/chantier-delagage-rd-42-departement-appelle-automobilistes-a-vigilance-respect-de-signalisation\/#article","isPartOf":{"@id":"https:\/\/vosgesinfo.fr\/remiremontinfo\/2022\/10\/chantier-delagage-rd-42-departement-appelle-automobilistes-a-vigilance-respect-de-signalisation\/"},"author":{"name":"C D","@id":"https:\/\/vosgesinfo.fr\/remiremontinfo\/#\/schema\/person\/3bfd164d5218a185b1db68655a265316"},"headline":"Chantier d\u2019\u00e9lagage sur la RD 42 : le D\u00e9partement appelle les automobilistes \u00e0 la vigilance et au respect de la signalisation","datePublished":"2022-10-28T06:47:12+00:00","dateModified":"2022-10-28T06:47:12+00:00","mainEntityOfPage":{"@id":"https:\/\/vosgesinfo.fr\/remiremontinfo\/2022\/10\/chantier-delagage-rd-42-departement-appelle-automobilistes-a-vigilance-respect-de-signalisation\/"},"wordCount":160,"commentCount":0,"publisher":{"@id":"https:\/\/vosgesinfo.fr\/remiremontinfo\/#organization"},"image":{"@id":"https:\/\/vosgesinfo.fr\/remiremontinfo\/2022\/10\/chantier-delagage-rd-42-departement-appelle-automobilistes-a-vigilance-respect-de-signalisation\/#primaryimage"},"thumbnailUrl":"https:\/\/vosgesinfo.fr\/app\/uploads\/sites\/5\/2024\/09\/202210barrageelagagerd42-800x450-1.jpg","keywords":["Elagage","travaux","Vosges"],"articleSection":["A la Une","Vosges"],"inLanguage":"fr-FR","potentialAction":[{"@type":"CommentAction","name":"Comment","target":["https:\/\/vosgesinfo.fr\/remiremontinfo\/2022\/10\/chantier-delagage-rd-42-departement-appelle-automobilistes-a-vigilance-respect-de-signalisation\/#respond"]}]},{"@type":"WebPage","@id":"https:\/\/vosgesinfo.fr\/remiremontinfo\/2022\/10\/chantier-delagage-rd-42-departement-appelle-automobilistes-a-vigilance-respect-de-signalisation\/","url":"https:\/\/vosgesinfo.fr\/remiremontinfo\/2022\/10\/chantier-delagage-rd-42-departement-appelle-automobilistes-a-vigilance-respect-de-signalisation\/","name":"Chantier d\u2019\u00e9lagage sur la RD 42 : le D\u00e9partement appelle les automobilistes \u00e0 la vigilance et au respect de la signalisation - Remiremont Info","isPartOf":{"@id":"https:\/\/vosgesinfo.fr\/remiremontinfo\/#website"},"primaryImageOfPage":{"@id":"https:\/\/vosgesinfo.fr\/remiremontinfo\/2022\/10\/chantier-delagage-rd-42-departement-appelle-automobilistes-a-vigilance-respect-de-signalisation\/#primaryimage"},"image":{"@id":"https:\/\/vosgesinfo.fr\/remiremontinfo\/2022\/10\/chantier-delagage-rd-42-departement-appelle-automobilistes-a-vigilance-respect-de-signalisation\/#primaryimage"},"thumbnailUrl":"https:\/\/vosgesinfo.fr\/app\/uploads\/sites\/5\/2024\/09\/202210barrageelagagerd42-800x450-1.jpg","datePublished":"2022-10-28T06:47:12+00:00","dateModified":"2022-10-28T06:47:12+00:00","breadcrumb":{"@id":"https:\/\/vosgesinfo.fr\/remiremontinfo\/2022\/10\/chantier-delagage-rd-42-departement-appelle-automobilistes-a-vigilance-respect-de-signalisation\/#breadcrumb"},"inLanguage":"fr-FR","potentialAction":[{"@type":"ReadAction","target":["https:\/\/vosgesinfo.fr\/remiremontinfo\/2022\/10\/chantier-delagage-rd-42-departement-appelle-automobilistes-a-vigilance-respect-de-signalisation\/"]}]},{"@type":"ImageObject","inLanguage":"fr-FR","@id":"https:\/\/vosgesinfo.fr\/remiremontinfo\/2022\/10\/chantier-delagage-rd-42-departement-appelle-automobilistes-a-vigilance-respect-de-signalisation\/#primaryimage","url":"https:\/\/vosgesinfo.fr\/app\/uploads\/sites\/5\/2024\/09\/202210barrageelagagerd42-800x450-1.jpg","contentUrl":"https:\/\/vosgesinfo.fr\/app\/uploads\/sites\/5\/2024\/09\/202210barrageelagagerd42-800x450-1.jpg","width":800,"height":450},{"@type":"BreadcrumbList","@id":"https:\/\/vosgesinfo.fr\/remiremontinfo\/2022\/10\/chantier-delagage-rd-42-departement-appelle-automobilistes-a-vigilance-respect-de-signalisation\/#breadcrumb","itemListElement":[{"@type":"ListItem","position":1,"name":"Home","item":"https:\/\/vosgesinfo.fr\/remiremontinfo\/"},{"@type":"ListItem","position":2,"name":"Chantier d\u2019\u00e9lagage sur la RD 42 : le D\u00e9partement appelle les automobilistes \u00e0 la vigilance et au respect de la signalisation"}]},{"@type":"WebSite","@id":"https:\/\/vosgesinfo.fr\/remiremontinfo\/#website","url":"https:\/\/vosgesinfo.fr\/remiremontinfo\/","name":"Remiremont Info","description":"Toute l&#039;actualit\u00e9 de Remiremont","publisher":{"@id":"https:\/\/vosgesinfo.fr\/remiremontinfo\/#organization"},"alternateName":"Toute l'actualit\u00e9 de Remiremont","potentialAction":[{"@type":"SearchAction","target":{"@type":"EntryPoint","urlTemplate":"https:\/\/vosgesinfo.fr\/remiremontinfo\/?s={search_term_string}"},"query-input":"required name=search_term_string"}],"inLanguage":"fr-FR"},{"@type":"Organization","@id":"https:\/\/vosgesinfo.fr\/remiremontinfo\/#organization","name":"Remiremont Info","url":"https:\/\/vosgesinfo.fr\/remiremontinfo\/","logo":{"@type":"ImageObject","inLanguage":"fr-FR","@id":"https:\/\/vosgesinfo.fr\/remiremontinfo\/#\/schema\/logo\/image\/","url":"https:\/\/vosgesinfo.fr\/app\/uploads\/sites\/5\/2023\/08\/favicon-remiremontinfo.png","contentUrl":"https:\/\/vosgesinfo.fr\/app\/uploads\/sites\/5\/2023\/08\/favicon-remiremontinfo.png","width":512,"height":512,"caption":"Remiremont Info"},"image":{"@id":"https:\/\/vosgesinfo.fr\/remiremontinfo\/#\/schema\/logo\/image\/"},"sameAs":["https:\/\/www.facebook.com\/remiremontinfo","https:\/\/x.com\/VosgesInfo88","https:\/\/www.youtube.com\/@vosgesinfo"]},{"@type":"Person","@id":"https:\/\/vosgesinfo.fr\/remiremontinfo\/#\/schema\/person\/3bfd164d5218a185b1db68655a265316","name":"C D","image":{"@type":"ImageObject","inLanguage":"fr-FR","@id":"https:\/\/vosgesinfo.fr\/remiremontinfo\/#\/schema\/person\/image\/","url":"https:\/\/secure.gravatar.com\/avatar\/1f9a70007336511a47468b8f1c66f922b8b7cf617b02a31149ada43893a5d48f?s=96&d=mm&r=g","contentUrl":"https:\/\/secure.gravatar.com\/avatar\/1f9a70007336511a47468b8f1c66f922b8b7cf617b02a31149ada43893a5d48f?s=96&d=mm&r=g","caption":"C D"},"url":"https:\/\/vosgesinfo.fr\/remiremontinfo\/author\/cedric-drevet\/"}]}},"_links":{"self":[{"href":"https:\/\/vosgesinfo.fr\/remiremontinfo\/wp-json\/wp\/v2\/posts\/63869","targetHints":{"allow":["GET"]}}],"collection":[{"href":"https:\/\/vosgesinfo.fr\/remiremontinfo\/wp-json\/wp\/v2\/posts"}],"about":[{"href":"https:\/\/vosgesinfo.fr\/remiremontinfo\/wp-json\/wp\/v2\/types\/post"}],"author":[{"embeddable":true,"href":"https:\/\/vosgesinfo.fr\/remiremontinfo\/wp-json\/wp\/v2\/users\/407"}],"replies":[{"embeddable":true,"href":"https:\/\/vosgesinfo.fr\/remiremontinfo\/wp-json\/wp\/v2\/comments?post=63869"}],"version-history":[{"count":0,"href":"https:\/\/vosgesinfo.fr\/remiremontinfo\/wp-json\/wp\/v2\/posts\/63869\/revisions"}],"wp:featuredmedia":[{"embeddable":true,"href":"https:\/\/vosgesinfo.fr\/remiremontinfo\/wp-json\/wp\/v2\/media\/63870"}],"wp:attachment":[{"href":"https:\/\/vosgesinfo.fr\/remiremontinfo\/wp-json\/wp\/v2\/media?parent=63869"}],"wp:term":[{"taxonomy":"category","embeddable":true,"href":"https:\/\/vosgesinfo.fr\/remiremontinfo\/wp-json\/wp\/v2\/categories?post=63869"},{"taxonomy":"post_tag","embeddable":true,"href":"https:\/\/vosgesinfo.fr\/remiremontinfo\/wp-json\/wp\/v2\/tags?post=63869"}],"curies":[{"name":"wp","href":"https:\/\/api.w.org\/{rel}","templated":true}]}}