{"id":63902,"date":"2022-10-28T07:45:07","date_gmt":"2022-10-28T05:45:07","guid":{"rendered":"https:\/\/vosgesinfo.fr\/remiremontinfo\/2022\/10\/stage-elite-foot-jeunes-a-saint-etienne-remiremont\/"},"modified":"2022-10-28T07:45:07","modified_gmt":"2022-10-28T05:45:07","slug":"stage-elite-foot-jeunes-a-saint-etienne-remiremont","status":"publish","type":"post","link":"https:\/\/vosgesinfo.fr\/remiremontinfo\/2022\/10\/stage-elite-foot-jeunes-a-saint-etienne-remiremont\/","title":{"rendered":"Stage \u00e9lite FOOT jeunes \u00e0 Saint-Etienne-l\u00e8s-Remiremont"},"content":{"rendered":"<p style=\"text-align: center;\"><a href=\"\/2022\/10\/13.png\"><img decoding=\"async\" class=\"alignnone size-full wp-image-356889\" src=\"\/2022\/10\/13.png\" alt=\"stage foot saint etienne\" width=\"706\" height=\"553\" \/><\/a><\/p>\n<blockquote>\n<h2><span style=\"font-size: 12pt;\"><strong>Dans le cadre de son partenariat avec le Remiremont\/Saint Etienne FC, le club AKDMi de Vandoeuvre, sp\u00e9cialis\u00e9 dans la formation des jeunes, propose sur les installations locales un stage tout foot ouvert aux gar\u00e7ons de U9 \u00e0 U14 et aux filles de U9F \u00e0 U15F, du lundi 31 octobre au vendredi 4 novembre.<\/strong><\/span><\/h2>\n<p>Encadr\u00e9 par des \u00e9ducateurs dipl\u00f4m\u00e9s qui articulent leurs entra\u00eenements sur le mod\u00e8le de l&rsquo;Ajax Amsterdam, ce stage se d\u00e9cline en deux versions, l&rsquo;une r\u00e9serv\u00e9e aux joueurs de champ et l&rsquo;autre aux gardiens de but. Le montant de la participation est fix\u00e9 \u00e0 200 euros en demi-pension (150 pour les licenci\u00e9s RSEFC) ou 350 euros en pension compl\u00e8te (au lyc\u00e9e Jeanne d&rsquo;Arc).<\/p>\n<p>Inscriptions au 06 03 56 87 71 ou sur\u00a0<a href=\"http:\/\/www.stage-akdmi.net\/\" target=\"_blank\" data-saferedirecturl=\"https:\/\/www.google.com\/url?q=http:\/\/www.stage-akdmi.net&amp;source=gmail&amp;ust=1667057919874000&amp;usg=AOvVaw2GIthNDWhW9GYCX-7mXfRD\" rel=\"noopener\">www.stage-akdmi.net<\/a><\/p><\/blockquote>\n<p style=\"text-align: center;\"><a href=\"\/2022\/10\/stage-foot-saint-etienne-1.png\"><img decoding=\"async\" class=\"alignnone size-full wp-image-356890\" src=\"\/2022\/10\/stage-foot-saint-etienne-1.png\" alt=\"stage foot saint etienne (1)\" width=\"420\" height=\"604\" \/><\/a> <a href=\"\/2022\/10\/stage-foot-saint-etienne-2.png\"><img decoding=\"async\" class=\"alignnone size-large wp-image-356891\" src=\"\/2022\/10\/stage-foot-saint-etienne-2.png\" alt=\"stage foot saint etienne (2)\" width=\"426\" height=\"603\" \/><\/a><\/p>\n","protected":false},"excerpt":{"rendered":"<p>Dans le cadre de son partenariat avec le Remiremont\/Saint Etienne FC, le club AKDMi de Vandoeuvre, sp\u00e9cialis\u00e9 dans la formation [&hellip;]<\/p>\n","protected":false},"author":407,"featured_media":63903,"comment_status":"open","ping_status":"open","sticky":false,"template":"","format":"standard","meta":{"footnotes":""},"categories":[26,35,155,14],"tags":[2268,156,61,336,4962],"class_list":["post-63902","post","type-post","status-publish","format-standard","has-post-thumbnail","hentry","category-a-la-une","category-remiremont-son-canton","category-saint-etienne","category-sport","tag-foot","tag-saint-etienne","tag-sport","tag-stage","tag-stage-elite-football"],"acf":[],"yoast_head":"<!-- This site is optimized with the Yoast SEO plugin v22.5 - https:\/\/yoast.com\/wordpress\/plugins\/seo\/ -->\n<title>Stage \u00e9lite FOOT jeunes \u00e0 Saint-Etienne-l\u00e8s-Remiremont - Remiremont Info<\/title>\n<meta name=\"robots\" content=\"index, follow, max-snippet:-1, max-image-preview:large, max-video-preview:-1\" \/>\n<link rel=\"canonical\" href=\"https:\/\/vosgesinfo.fr\/remiremontinfo\/2022\/10\/stage-elite-foot-jeunes-a-saint-etienne-remiremont\/\" \/>\n<meta name=\"twitter:card\" content=\"summary_large_image\" \/>\n<meta name=\"twitter:title\" content=\"Stage \u00e9lite FOOT jeunes \u00e0 Saint-Etienne-l\u00e8s-Remiremont - Remiremont Info\" \/>\n<meta name=\"twitter:description\" content=\"Dans le cadre de son partenariat avec le Remiremont\/Saint Etienne FC, le club AKDMi de Vandoeuvre, sp\u00e9cialis\u00e9 dans la formation [&hellip;]\" \/>\n<meta name=\"twitter:image\" content=\"https:\/\/vosgesinfo.fr\/app\/uploads\/sites\/5\/2024\/09\/20221013.png\" \/>\n<meta name=\"twitter:creator\" content=\"@VosgesInfo88\" \/>\n<meta name=\"twitter:site\" content=\"@VosgesInfo88\" \/>\n<meta name=\"twitter:label1\" content=\"\u00c9crit par\" \/>\n\t<meta name=\"twitter:data1\" content=\"C D\" \/>\n\t<meta name=\"twitter:label2\" content=\"Dur\u00e9e de lecture estim\u00e9e\" \/>\n\t<meta name=\"twitter:data2\" content=\"1 minute\" \/>\n<script type=\"application\/ld+json\" class=\"yoast-schema-graph\">{\"@context\":\"https:\/\/schema.org\",\"@graph\":[{\"@type\":\"Article\",\"@id\":\"https:\/\/vosgesinfo.fr\/remiremontinfo\/2022\/10\/stage-elite-foot-jeunes-a-saint-etienne-remiremont\/#article\",\"isPartOf\":{\"@id\":\"https:\/\/vosgesinfo.fr\/remiremontinfo\/2022\/10\/stage-elite-foot-jeunes-a-saint-etienne-remiremont\/\"},\"author\":{\"name\":\"C D\",\"@id\":\"https:\/\/vosgesinfo.fr\/remiremontinfo\/#\/schema\/person\/3bfd164d5218a185b1db68655a265316\"},\"headline\":\"Stage \u00e9lite FOOT jeunes \u00e0 Saint-Etienne-l\u00e8s-Remiremont\",\"datePublished\":\"2022-10-28T05:45:07+00:00\",\"dateModified\":\"2022-10-28T05:45:07+00:00\",\"mainEntityOfPage\":{\"@id\":\"https:\/\/vosgesinfo.fr\/remiremontinfo\/2022\/10\/stage-elite-foot-jeunes-a-saint-etienne-remiremont\/\"},\"wordCount\":138,\"commentCount\":0,\"publisher\":{\"@id\":\"https:\/\/vosgesinfo.fr\/remiremontinfo\/#organization\"},\"image\":{\"@id\":\"https:\/\/vosgesinfo.fr\/remiremontinfo\/2022\/10\/stage-elite-foot-jeunes-a-saint-etienne-remiremont\/#primaryimage\"},\"thumbnailUrl\":\"https:\/\/vosgesinfo.fr\/app\/uploads\/sites\/5\/2024\/09\/20221013.png\",\"keywords\":[\"foot\",\"saint \u00e9tienne\",\"sport\",\"stage\",\"stage elite football\"],\"articleSection\":[\"A la Une\",\"Remiremont &amp; son canton\",\"Saint-Etienne\",\"Sport\"],\"inLanguage\":\"fr-FR\",\"potentialAction\":[{\"@type\":\"CommentAction\",\"name\":\"Comment\",\"target\":[\"https:\/\/vosgesinfo.fr\/remiremontinfo\/2022\/10\/stage-elite-foot-jeunes-a-saint-etienne-remiremont\/#respond\"]}]},{\"@type\":\"WebPage\",\"@id\":\"https:\/\/vosgesinfo.fr\/remiremontinfo\/2022\/10\/stage-elite-foot-jeunes-a-saint-etienne-remiremont\/\",\"url\":\"https:\/\/vosgesinfo.fr\/remiremontinfo\/2022\/10\/stage-elite-foot-jeunes-a-saint-etienne-remiremont\/\",\"name\":\"Stage \u00e9lite FOOT jeunes \u00e0 Saint-Etienne-l\u00e8s-Remiremont - Remiremont Info\",\"isPartOf\":{\"@id\":\"https:\/\/vosgesinfo.fr\/remiremontinfo\/#website\"},\"primaryImageOfPage\":{\"@id\":\"https:\/\/vosgesinfo.fr\/remiremontinfo\/2022\/10\/stage-elite-foot-jeunes-a-saint-etienne-remiremont\/#primaryimage\"},\"image\":{\"@id\":\"https:\/\/vosgesinfo.fr\/remiremontinfo\/2022\/10\/stage-elite-foot-jeunes-a-saint-etienne-remiremont\/#primaryimage\"},\"thumbnailUrl\":\"https:\/\/vosgesinfo.fr\/app\/uploads\/sites\/5\/2024\/09\/20221013.png\",\"datePublished\":\"2022-10-28T05:45:07+00:00\",\"dateModified\":\"2022-10-28T05:45:07+00:00\",\"breadcrumb\":{\"@id\":\"https:\/\/vosgesinfo.fr\/remiremontinfo\/2022\/10\/stage-elite-foot-jeunes-a-saint-etienne-remiremont\/#breadcrumb\"},\"inLanguage\":\"fr-FR\",\"potentialAction\":[{\"@type\":\"ReadAction\",\"target\":[\"https:\/\/vosgesinfo.fr\/remiremontinfo\/2022\/10\/stage-elite-foot-jeunes-a-saint-etienne-remiremont\/\"]}]},{\"@type\":\"ImageObject\",\"inLanguage\":\"fr-FR\",\"@id\":\"https:\/\/vosgesinfo.fr\/remiremontinfo\/2022\/10\/stage-elite-foot-jeunes-a-saint-etienne-remiremont\/#primaryimage\",\"url\":\"https:\/\/vosgesinfo.fr\/app\/uploads\/sites\/5\/2024\/09\/20221013.png\",\"contentUrl\":\"https:\/\/vosgesinfo.fr\/app\/uploads\/sites\/5\/2024\/09\/20221013.png\",\"width\":706,\"height\":553},{\"@type\":\"BreadcrumbList\",\"@id\":\"https:\/\/vosgesinfo.fr\/remiremontinfo\/2022\/10\/stage-elite-foot-jeunes-a-saint-etienne-remiremont\/#breadcrumb\",\"itemListElement\":[{\"@type\":\"ListItem\",\"position\":1,\"name\":\"Home\",\"item\":\"https:\/\/vosgesinfo.fr\/remiremontinfo\/\"},{\"@type\":\"ListItem\",\"position\":2,\"name\":\"Stage \u00e9lite FOOT jeunes \u00e0 Saint-Etienne-l\u00e8s-Remiremont\"}]},{\"@type\":\"WebSite\",\"@id\":\"https:\/\/vosgesinfo.fr\/remiremontinfo\/#website\",\"url\":\"https:\/\/vosgesinfo.fr\/remiremontinfo\/\",\"name\":\"Remiremont Info\",\"description\":\"Toute l&#039;actualit\u00e9 de Remiremont\",\"publisher\":{\"@id\":\"https:\/\/vosgesinfo.fr\/remiremontinfo\/#organization\"},\"alternateName\":\"Toute l'actualit\u00e9 de Remiremont\",\"potentialAction\":[{\"@type\":\"SearchAction\",\"target\":{\"@type\":\"EntryPoint\",\"urlTemplate\":\"https:\/\/vosgesinfo.fr\/remiremontinfo\/?s={search_term_string}\"},\"query-input\":\"required name=search_term_string\"}],\"inLanguage\":\"fr-FR\"},{\"@type\":\"Organization\",\"@id\":\"https:\/\/vosgesinfo.fr\/remiremontinfo\/#organization\",\"name\":\"Remiremont Info\",\"url\":\"https:\/\/vosgesinfo.fr\/remiremontinfo\/\",\"logo\":{\"@type\":\"ImageObject\",\"inLanguage\":\"fr-FR\",\"@id\":\"https:\/\/vosgesinfo.fr\/remiremontinfo\/#\/schema\/logo\/image\/\",\"url\":\"https:\/\/vosgesinfo.fr\/app\/uploads\/sites\/5\/2023\/08\/favicon-remiremontinfo.png\",\"contentUrl\":\"https:\/\/vosgesinfo.fr\/app\/uploads\/sites\/5\/2023\/08\/favicon-remiremontinfo.png\",\"width\":512,\"height\":512,\"caption\":\"Remiremont Info\"},\"image\":{\"@id\":\"https:\/\/vosgesinfo.fr\/remiremontinfo\/#\/schema\/logo\/image\/\"},\"sameAs\":[\"https:\/\/www.facebook.com\/remiremontinfo\",\"https:\/\/x.com\/VosgesInfo88\",\"https:\/\/www.youtube.com\/@vosgesinfo\"]},{\"@type\":\"Person\",\"@id\":\"https:\/\/vosgesinfo.fr\/remiremontinfo\/#\/schema\/person\/3bfd164d5218a185b1db68655a265316\",\"name\":\"C D\",\"image\":{\"@type\":\"ImageObject\",\"inLanguage\":\"fr-FR\",\"@id\":\"https:\/\/vosgesinfo.fr\/remiremontinfo\/#\/schema\/person\/image\/\",\"url\":\"https:\/\/secure.gravatar.com\/avatar\/1f9a70007336511a47468b8f1c66f922b8b7cf617b02a31149ada43893a5d48f?s=96&d=mm&r=g\",\"contentUrl\":\"https:\/\/secure.gravatar.com\/avatar\/1f9a70007336511a47468b8f1c66f922b8b7cf617b02a31149ada43893a5d48f?s=96&d=mm&r=g\",\"caption\":\"C D\"},\"url\":\"https:\/\/vosgesinfo.fr\/remiremontinfo\/author\/cedric-drevet\/\"}]}<\/script>\n<!-- \/ Yoast SEO plugin. -->","yoast_head_json":{"title":"Stage \u00e9lite FOOT jeunes \u00e0 Saint-Etienne-l\u00e8s-Remiremont - Remiremont Info","robots":{"index":"index","follow":"follow","max-snippet":"max-snippet:-1","max-image-preview":"max-image-preview:large","max-video-preview":"max-video-preview:-1"},"canonical":"https:\/\/vosgesinfo.fr\/remiremontinfo\/2022\/10\/stage-elite-foot-jeunes-a-saint-etienne-remiremont\/","twitter_card":"summary_large_image","twitter_title":"Stage \u00e9lite FOOT jeunes \u00e0 Saint-Etienne-l\u00e8s-Remiremont - Remiremont Info","twitter_description":"Dans le cadre de son partenariat avec le Remiremont\/Saint Etienne FC, le club AKDMi de Vandoeuvre, sp\u00e9cialis\u00e9 dans la formation [&hellip;]","twitter_image":"https:\/\/vosgesinfo.fr\/app\/uploads\/sites\/5\/2024\/09\/20221013.png","twitter_creator":"@VosgesInfo88","twitter_site":"@VosgesInfo88","twitter_misc":{"\u00c9crit par":"C D","Dur\u00e9e de lecture estim\u00e9e":"1 minute"},"schema":{"@context":"https:\/\/schema.org","@graph":[{"@type":"Article","@id":"https:\/\/vosgesinfo.fr\/remiremontinfo\/2022\/10\/stage-elite-foot-jeunes-a-saint-etienne-remiremont\/#article","isPartOf":{"@id":"https:\/\/vosgesinfo.fr\/remiremontinfo\/2022\/10\/stage-elite-foot-jeunes-a-saint-etienne-remiremont\/"},"author":{"name":"C D","@id":"https:\/\/vosgesinfo.fr\/remiremontinfo\/#\/schema\/person\/3bfd164d5218a185b1db68655a265316"},"headline":"Stage \u00e9lite FOOT jeunes \u00e0 Saint-Etienne-l\u00e8s-Remiremont","datePublished":"2022-10-28T05:45:07+00:00","dateModified":"2022-10-28T05:45:07+00:00","mainEntityOfPage":{"@id":"https:\/\/vosgesinfo.fr\/remiremontinfo\/2022\/10\/stage-elite-foot-jeunes-a-saint-etienne-remiremont\/"},"wordCount":138,"commentCount":0,"publisher":{"@id":"https:\/\/vosgesinfo.fr\/remiremontinfo\/#organization"},"image":{"@id":"https:\/\/vosgesinfo.fr\/remiremontinfo\/2022\/10\/stage-elite-foot-jeunes-a-saint-etienne-remiremont\/#primaryimage"},"thumbnailUrl":"https:\/\/vosgesinfo.fr\/app\/uploads\/sites\/5\/2024\/09\/20221013.png","keywords":["foot","saint \u00e9tienne","sport","stage","stage elite football"],"articleSection":["A la Une","Remiremont &amp; son canton","Saint-Etienne","Sport"],"inLanguage":"fr-FR","potentialAction":[{"@type":"CommentAction","name":"Comment","target":["https:\/\/vosgesinfo.fr\/remiremontinfo\/2022\/10\/stage-elite-foot-jeunes-a-saint-etienne-remiremont\/#respond"]}]},{"@type":"WebPage","@id":"https:\/\/vosgesinfo.fr\/remiremontinfo\/2022\/10\/stage-elite-foot-jeunes-a-saint-etienne-remiremont\/","url":"https:\/\/vosgesinfo.fr\/remiremontinfo\/2022\/10\/stage-elite-foot-jeunes-a-saint-etienne-remiremont\/","name":"Stage \u00e9lite FOOT jeunes \u00e0 Saint-Etienne-l\u00e8s-Remiremont - Remiremont Info","isPartOf":{"@id":"https:\/\/vosgesinfo.fr\/remiremontinfo\/#website"},"primaryImageOfPage":{"@id":"https:\/\/vosgesinfo.fr\/remiremontinfo\/2022\/10\/stage-elite-foot-jeunes-a-saint-etienne-remiremont\/#primaryimage"},"image":{"@id":"https:\/\/vosgesinfo.fr\/remiremontinfo\/2022\/10\/stage-elite-foot-jeunes-a-saint-etienne-remiremont\/#primaryimage"},"thumbnailUrl":"https:\/\/vosgesinfo.fr\/app\/uploads\/sites\/5\/2024\/09\/20221013.png","datePublished":"2022-10-28T05:45:07+00:00","dateModified":"2022-10-28T05:45:07+00:00","breadcrumb":{"@id":"https:\/\/vosgesinfo.fr\/remiremontinfo\/2022\/10\/stage-elite-foot-jeunes-a-saint-etienne-remiremont\/#breadcrumb"},"inLanguage":"fr-FR","potentialAction":[{"@type":"ReadAction","target":["https:\/\/vosgesinfo.fr\/remiremontinfo\/2022\/10\/stage-elite-foot-jeunes-a-saint-etienne-remiremont\/"]}]},{"@type":"ImageObject","inLanguage":"fr-FR","@id":"https:\/\/vosgesinfo.fr\/remiremontinfo\/2022\/10\/stage-elite-foot-jeunes-a-saint-etienne-remiremont\/#primaryimage","url":"https:\/\/vosgesinfo.fr\/app\/uploads\/sites\/5\/2024\/09\/20221013.png","contentUrl":"https:\/\/vosgesinfo.fr\/app\/uploads\/sites\/5\/2024\/09\/20221013.png","width":706,"height":553},{"@type":"BreadcrumbList","@id":"https:\/\/vosgesinfo.fr\/remiremontinfo\/2022\/10\/stage-elite-foot-jeunes-a-saint-etienne-remiremont\/#breadcrumb","itemListElement":[{"@type":"ListItem","position":1,"name":"Home","item":"https:\/\/vosgesinfo.fr\/remiremontinfo\/"},{"@type":"ListItem","position":2,"name":"Stage \u00e9lite FOOT jeunes \u00e0 Saint-Etienne-l\u00e8s-Remiremont"}]},{"@type":"WebSite","@id":"https:\/\/vosgesinfo.fr\/remiremontinfo\/#website","url":"https:\/\/vosgesinfo.fr\/remiremontinfo\/","name":"Remiremont Info","description":"Toute l&#039;actualit\u00e9 de Remiremont","publisher":{"@id":"https:\/\/vosgesinfo.fr\/remiremontinfo\/#organization"},"alternateName":"Toute l'actualit\u00e9 de Remiremont","potentialAction":[{"@type":"SearchAction","target":{"@type":"EntryPoint","urlTemplate":"https:\/\/vosgesinfo.fr\/remiremontinfo\/?s={search_term_string}"},"query-input":"required name=search_term_string"}],"inLanguage":"fr-FR"},{"@type":"Organization","@id":"https:\/\/vosgesinfo.fr\/remiremontinfo\/#organization","name":"Remiremont Info","url":"https:\/\/vosgesinfo.fr\/remiremontinfo\/","logo":{"@type":"ImageObject","inLanguage":"fr-FR","@id":"https:\/\/vosgesinfo.fr\/remiremontinfo\/#\/schema\/logo\/image\/","url":"https:\/\/vosgesinfo.fr\/app\/uploads\/sites\/5\/2023\/08\/favicon-remiremontinfo.png","contentUrl":"https:\/\/vosgesinfo.fr\/app\/uploads\/sites\/5\/2023\/08\/favicon-remiremontinfo.png","width":512,"height":512,"caption":"Remiremont Info"},"image":{"@id":"https:\/\/vosgesinfo.fr\/remiremontinfo\/#\/schema\/logo\/image\/"},"sameAs":["https:\/\/www.facebook.com\/remiremontinfo","https:\/\/x.com\/VosgesInfo88","https:\/\/www.youtube.com\/@vosgesinfo"]},{"@type":"Person","@id":"https:\/\/vosgesinfo.fr\/remiremontinfo\/#\/schema\/person\/3bfd164d5218a185b1db68655a265316","name":"C D","image":{"@type":"ImageObject","inLanguage":"fr-FR","@id":"https:\/\/vosgesinfo.fr\/remiremontinfo\/#\/schema\/person\/image\/","url":"https:\/\/secure.gravatar.com\/avatar\/1f9a70007336511a47468b8f1c66f922b8b7cf617b02a31149ada43893a5d48f?s=96&d=mm&r=g","contentUrl":"https:\/\/secure.gravatar.com\/avatar\/1f9a70007336511a47468b8f1c66f922b8b7cf617b02a31149ada43893a5d48f?s=96&d=mm&r=g","caption":"C D"},"url":"https:\/\/vosgesinfo.fr\/remiremontinfo\/author\/cedric-drevet\/"}]}},"_links":{"self":[{"href":"https:\/\/vosgesinfo.fr\/remiremontinfo\/wp-json\/wp\/v2\/posts\/63902","targetHints":{"allow":["GET"]}}],"collection":[{"href":"https:\/\/vosgesinfo.fr\/remiremontinfo\/wp-json\/wp\/v2\/posts"}],"about":[{"href":"https:\/\/vosgesinfo.fr\/remiremontinfo\/wp-json\/wp\/v2\/types\/post"}],"author":[{"embeddable":true,"href":"https:\/\/vosgesinfo.fr\/remiremontinfo\/wp-json\/wp\/v2\/users\/407"}],"replies":[{"embeddable":true,"href":"https:\/\/vosgesinfo.fr\/remiremontinfo\/wp-json\/wp\/v2\/comments?post=63902"}],"version-history":[{"count":0,"href":"https:\/\/vosgesinfo.fr\/remiremontinfo\/wp-json\/wp\/v2\/posts\/63902\/revisions"}],"wp:featuredmedia":[{"embeddable":true,"href":"https:\/\/vosgesinfo.fr\/remiremontinfo\/wp-json\/wp\/v2\/media\/63903"}],"wp:attachment":[{"href":"https:\/\/vosgesinfo.fr\/remiremontinfo\/wp-json\/wp\/v2\/media?parent=63902"}],"wp:term":[{"taxonomy":"category","embeddable":true,"href":"https:\/\/vosgesinfo.fr\/remiremontinfo\/wp-json\/wp\/v2\/categories?post=63902"},{"taxonomy":"post_tag","embeddable":true,"href":"https:\/\/vosgesinfo.fr\/remiremontinfo\/wp-json\/wp\/v2\/tags?post=63902"}],"curies":[{"name":"wp","href":"https:\/\/api.w.org\/{rel}","templated":true}]}}