{"id":64134,"date":"2022-11-03T08:39:58","date_gmt":"2022-11-03T07:39:58","guid":{"rendered":"https:\/\/vosgesinfo.fr\/remiremontinfo\/2022\/11\/val-dajol-5eme-journee-jeu-video-a-mediatheque\/"},"modified":"2022-11-03T08:39:58","modified_gmt":"2022-11-03T07:39:58","slug":"val-dajol-5eme-journee-jeu-video-a-mediatheque","status":"publish","type":"post","link":"https:\/\/vosgesinfo.fr\/remiremontinfo\/2022\/11\/val-dajol-5eme-journee-jeu-video-a-mediatheque\/","title":{"rendered":"Le Val d&rsquo;Ajol : 5\u00e8me journ\u00e9e du jeu vid\u00e9o \u00e0 la M\u00e9diath\u00e8que"},"content":{"rendered":"<h2><a href=\"\/2022\/11\/jeu-video-m\u00e9diath\u00e8que-val-dajol.jpg\"><img decoding=\"async\" class=\"alignnone size-full wp-image-357263\" src=\"\/2022\/11\/jeu-video-m\u00e9diath\u00e8que-val-dajol.jpg\" alt=\"jeu video m\u00e9diath\u00e8que val d'ajol\" width=\"666\" height=\"941\" \/><\/a><\/h2>\n<h2><span style=\"font-size: 12pt;\"><strong>Comme chaque ann\u00e9e en novembre, la m\u00e9diath\u00e8que intercommunale Le Cercle propose une journ\u00e9e exceptionnelle enti\u00e8rement d\u00e9di\u00e9e au jeu vid\u00e9o. L\u2019\u00e9dition 2022 se d\u00e9roulera \u00e0 la m\u00e9diath\u00e8que du Val-d\u2019Ajol. A l&rsquo;occasion des Journ\u00e9es Mondiales du Jeu Vid\u00e9o 2022, la M\u00e9diath\u00e8que est heureuse d&rsquo;inviter \u00e0 nouveau petits et grands \u00e0 venir jouer ensemble.<\/strong><\/span><\/h2>\n<p>Au programme de cette journ\u00e9e :<br \/>\n&#8211; Des consoles portables et de salon, tablettes et ordinateurs seront propos\u00e9s en acc\u00e8s libre, avec un choix de titres s\u00e9lectionn\u00e9s par les m\u00e9diath\u00e9caires.<br \/>\n&#8211; Un coin \u00ab d\u00e9couverte de la r\u00e9alit\u00e9 virtuelle \u00bb.<br \/>\n&#8211; Un atelier cr\u00e9atif \u00ab Pixel Art \u00bb en libre acc\u00e8s, avec nos tr\u00e8s pris\u00e9s \u00ab pixels aimant\u00e9s \u00bb et \u00ab pixels \u00e0 clipser \u00bb<\/p>\n<p>Et comme chaque ann\u00e9e, nous proposons un concours avec de sympathiques lots \u00e0 gagner parmi lesquels une mini borne Pac-Man, des figurines Super Mario, des mugs, des BD, des posters&#8230; Pour gagner, il vous subira de r\u00e9pondre au petit quiz que nous vous avons concoct\u00e9 : nul besoin d\u2019\u00eatre un gamer acharn\u00e9 pour relever le d\u00e9fi, c\u2019est promis ! Entr\u00e9e libre. Inscription au concours \u00e0 partir de 7 ans, le jour m\u00eame, jusqu\u2019\u00e0 16h. Remise des prix et go\u00fbter \u00e0 16h30. R\u00e8glement disponible dans toutes les m\u00e9diath\u00e8ques du r\u00e9seau et sur mediatheque.ccpvm.fr.<\/p>\n<p>Rendez-vous le samedi 19 novembre de 10h00 \u00e0 12h00, puis de 13h30 \u00e0 17h30 \u00e0 la m\u00e9diath\u00e8que du Val-d\u2019Ajol, 2\u00e8me \u00e9tage du B\u00e2timent des Epinettes, 8 place de l\u2019H\u00f4tel de Ville.<\/p>\n<p><span style=\"font-size: 10pt;\"><em>Communiqu\u00e9 de la\u00a0M\u00e9diath\u00e8que intercommunale Le Cercle<\/em><\/span><\/p>\n","protected":false},"excerpt":{"rendered":"<p>Comme chaque ann\u00e9e en novembre, la m\u00e9diath\u00e8que intercommunale Le Cercle propose une journ\u00e9e exceptionnelle enti\u00e8rement d\u00e9di\u00e9e au jeu vid\u00e9o. L\u2019\u00e9dition [&hellip;]<\/p>\n","protected":false},"author":407,"featured_media":64135,"comment_status":"open","ping_status":"open","sticky":false,"template":"","format":"standard","meta":{"footnotes":""},"categories":[26,121,82,54],"tags":[364,55,154,123,32],"class_list":["post-64134","post","type-post","status-publish","format-standard","has-post-thumbnail","hentry","category-a-la-une","category-le-val-dajol-le-val-dajol-son-canton","category-le-val-dajol-son-canton","category-loisirs","tag-jeu-video","tag-loisirs","tag-mediatheque","tag-val-dajol","tag-vosges"],"acf":[],"yoast_head":"<!-- This site is optimized with the Yoast SEO plugin v22.5 - https:\/\/yoast.com\/wordpress\/plugins\/seo\/ -->\n<title>Le Val d&#039;Ajol : 5\u00e8me journ\u00e9e du jeu vid\u00e9o \u00e0 la M\u00e9diath\u00e8que - Remiremont Info<\/title>\n<meta name=\"robots\" content=\"index, follow, max-snippet:-1, max-image-preview:large, max-video-preview:-1\" \/>\n<link rel=\"canonical\" href=\"https:\/\/vosgesinfo.fr\/remiremontinfo\/2022\/11\/val-dajol-5eme-journee-jeu-video-a-mediatheque\/\" \/>\n<meta name=\"twitter:card\" content=\"summary_large_image\" \/>\n<meta name=\"twitter:title\" content=\"Le Val d&#039;Ajol : 5\u00e8me journ\u00e9e du jeu vid\u00e9o \u00e0 la M\u00e9diath\u00e8que - Remiremont Info\" \/>\n<meta name=\"twitter:description\" content=\"Comme chaque ann\u00e9e en novembre, la m\u00e9diath\u00e8que intercommunale Le Cercle propose une journ\u00e9e exceptionnelle enti\u00e8rement d\u00e9di\u00e9e au jeu vid\u00e9o. L\u2019\u00e9dition [&hellip;]\" \/>\n<meta name=\"twitter:image\" content=\"https:\/\/vosgesinfo.fr\/app\/uploads\/sites\/5\/2024\/09\/202206game-1232879-960-720-1.jpg\" \/>\n<meta name=\"twitter:creator\" content=\"@VosgesInfo88\" \/>\n<meta name=\"twitter:site\" content=\"@VosgesInfo88\" \/>\n<meta name=\"twitter:label1\" content=\"\u00c9crit par\" \/>\n\t<meta name=\"twitter:data1\" content=\"C D\" \/>\n\t<meta name=\"twitter:label2\" content=\"Dur\u00e9e de lecture estim\u00e9e\" \/>\n\t<meta name=\"twitter:data2\" content=\"1 minute\" \/>\n<script type=\"application\/ld+json\" class=\"yoast-schema-graph\">{\"@context\":\"https:\/\/schema.org\",\"@graph\":[{\"@type\":\"Article\",\"@id\":\"https:\/\/vosgesinfo.fr\/remiremontinfo\/2022\/11\/val-dajol-5eme-journee-jeu-video-a-mediatheque\/#article\",\"isPartOf\":{\"@id\":\"https:\/\/vosgesinfo.fr\/remiremontinfo\/2022\/11\/val-dajol-5eme-journee-jeu-video-a-mediatheque\/\"},\"author\":{\"name\":\"C D\",\"@id\":\"https:\/\/vosgesinfo.fr\/remiremontinfo\/#\/schema\/person\/3bfd164d5218a185b1db68655a265316\"},\"headline\":\"Le Val d&rsquo;Ajol : 5\u00e8me journ\u00e9e du jeu vid\u00e9o \u00e0 la M\u00e9diath\u00e8que\",\"datePublished\":\"2022-11-03T07:39:58+00:00\",\"dateModified\":\"2022-11-03T07:39:58+00:00\",\"mainEntityOfPage\":{\"@id\":\"https:\/\/vosgesinfo.fr\/remiremontinfo\/2022\/11\/val-dajol-5eme-journee-jeu-video-a-mediatheque\/\"},\"wordCount\":290,\"commentCount\":0,\"publisher\":{\"@id\":\"https:\/\/vosgesinfo.fr\/remiremontinfo\/#organization\"},\"image\":{\"@id\":\"https:\/\/vosgesinfo.fr\/remiremontinfo\/2022\/11\/val-dajol-5eme-journee-jeu-video-a-mediatheque\/#primaryimage\"},\"thumbnailUrl\":\"https:\/\/vosgesinfo.fr\/app\/uploads\/sites\/5\/2024\/09\/202206game-1232879-960-720-1.jpg\",\"keywords\":[\"jeu vid\u00e9o\",\"Loisirs\",\"m\u00e9diath\u00e8que\",\"val d'ajol\",\"Vosges\"],\"articleSection\":[\"A la Une\",\"Le Val d'Ajol\",\"Le Val-d'Ajol &amp; son canton\",\"Loisirs\"],\"inLanguage\":\"fr-FR\",\"potentialAction\":[{\"@type\":\"CommentAction\",\"name\":\"Comment\",\"target\":[\"https:\/\/vosgesinfo.fr\/remiremontinfo\/2022\/11\/val-dajol-5eme-journee-jeu-video-a-mediatheque\/#respond\"]}]},{\"@type\":\"WebPage\",\"@id\":\"https:\/\/vosgesinfo.fr\/remiremontinfo\/2022\/11\/val-dajol-5eme-journee-jeu-video-a-mediatheque\/\",\"url\":\"https:\/\/vosgesinfo.fr\/remiremontinfo\/2022\/11\/val-dajol-5eme-journee-jeu-video-a-mediatheque\/\",\"name\":\"Le Val d'Ajol : 5\u00e8me journ\u00e9e du jeu vid\u00e9o \u00e0 la M\u00e9diath\u00e8que - Remiremont Info\",\"isPartOf\":{\"@id\":\"https:\/\/vosgesinfo.fr\/remiremontinfo\/#website\"},\"primaryImageOfPage\":{\"@id\":\"https:\/\/vosgesinfo.fr\/remiremontinfo\/2022\/11\/val-dajol-5eme-journee-jeu-video-a-mediatheque\/#primaryimage\"},\"image\":{\"@id\":\"https:\/\/vosgesinfo.fr\/remiremontinfo\/2022\/11\/val-dajol-5eme-journee-jeu-video-a-mediatheque\/#primaryimage\"},\"thumbnailUrl\":\"https:\/\/vosgesinfo.fr\/app\/uploads\/sites\/5\/2024\/09\/202206game-1232879-960-720-1.jpg\",\"datePublished\":\"2022-11-03T07:39:58+00:00\",\"dateModified\":\"2022-11-03T07:39:58+00:00\",\"breadcrumb\":{\"@id\":\"https:\/\/vosgesinfo.fr\/remiremontinfo\/2022\/11\/val-dajol-5eme-journee-jeu-video-a-mediatheque\/#breadcrumb\"},\"inLanguage\":\"fr-FR\",\"potentialAction\":[{\"@type\":\"ReadAction\",\"target\":[\"https:\/\/vosgesinfo.fr\/remiremontinfo\/2022\/11\/val-dajol-5eme-journee-jeu-video-a-mediatheque\/\"]}]},{\"@type\":\"ImageObject\",\"inLanguage\":\"fr-FR\",\"@id\":\"https:\/\/vosgesinfo.fr\/remiremontinfo\/2022\/11\/val-dajol-5eme-journee-jeu-video-a-mediatheque\/#primaryimage\",\"url\":\"https:\/\/vosgesinfo.fr\/app\/uploads\/sites\/5\/2024\/09\/202206game-1232879-960-720-1.jpg\",\"contentUrl\":\"https:\/\/vosgesinfo.fr\/app\/uploads\/sites\/5\/2024\/09\/202206game-1232879-960-720-1.jpg\",\"width\":960,\"height\":640},{\"@type\":\"BreadcrumbList\",\"@id\":\"https:\/\/vosgesinfo.fr\/remiremontinfo\/2022\/11\/val-dajol-5eme-journee-jeu-video-a-mediatheque\/#breadcrumb\",\"itemListElement\":[{\"@type\":\"ListItem\",\"position\":1,\"name\":\"Home\",\"item\":\"https:\/\/vosgesinfo.fr\/remiremontinfo\/\"},{\"@type\":\"ListItem\",\"position\":2,\"name\":\"Le Val d&rsquo;Ajol : 5\u00e8me journ\u00e9e du jeu vid\u00e9o \u00e0 la M\u00e9diath\u00e8que\"}]},{\"@type\":\"WebSite\",\"@id\":\"https:\/\/vosgesinfo.fr\/remiremontinfo\/#website\",\"url\":\"https:\/\/vosgesinfo.fr\/remiremontinfo\/\",\"name\":\"Remiremont Info\",\"description\":\"Toute l&#039;actualit\u00e9 de Remiremont\",\"publisher\":{\"@id\":\"https:\/\/vosgesinfo.fr\/remiremontinfo\/#organization\"},\"alternateName\":\"Toute l'actualit\u00e9 de Remiremont\",\"potentialAction\":[{\"@type\":\"SearchAction\",\"target\":{\"@type\":\"EntryPoint\",\"urlTemplate\":\"https:\/\/vosgesinfo.fr\/remiremontinfo\/?s={search_term_string}\"},\"query-input\":\"required name=search_term_string\"}],\"inLanguage\":\"fr-FR\"},{\"@type\":\"Organization\",\"@id\":\"https:\/\/vosgesinfo.fr\/remiremontinfo\/#organization\",\"name\":\"Remiremont Info\",\"url\":\"https:\/\/vosgesinfo.fr\/remiremontinfo\/\",\"logo\":{\"@type\":\"ImageObject\",\"inLanguage\":\"fr-FR\",\"@id\":\"https:\/\/vosgesinfo.fr\/remiremontinfo\/#\/schema\/logo\/image\/\",\"url\":\"https:\/\/vosgesinfo.fr\/app\/uploads\/sites\/5\/2023\/08\/favicon-remiremontinfo.png\",\"contentUrl\":\"https:\/\/vosgesinfo.fr\/app\/uploads\/sites\/5\/2023\/08\/favicon-remiremontinfo.png\",\"width\":512,\"height\":512,\"caption\":\"Remiremont Info\"},\"image\":{\"@id\":\"https:\/\/vosgesinfo.fr\/remiremontinfo\/#\/schema\/logo\/image\/\"},\"sameAs\":[\"https:\/\/www.facebook.com\/remiremontinfo\",\"https:\/\/x.com\/VosgesInfo88\",\"https:\/\/www.youtube.com\/@vosgesinfo\"]},{\"@type\":\"Person\",\"@id\":\"https:\/\/vosgesinfo.fr\/remiremontinfo\/#\/schema\/person\/3bfd164d5218a185b1db68655a265316\",\"name\":\"C D\",\"image\":{\"@type\":\"ImageObject\",\"inLanguage\":\"fr-FR\",\"@id\":\"https:\/\/vosgesinfo.fr\/remiremontinfo\/#\/schema\/person\/image\/\",\"url\":\"https:\/\/secure.gravatar.com\/avatar\/1f9a70007336511a47468b8f1c66f922b8b7cf617b02a31149ada43893a5d48f?s=96&d=mm&r=g\",\"contentUrl\":\"https:\/\/secure.gravatar.com\/avatar\/1f9a70007336511a47468b8f1c66f922b8b7cf617b02a31149ada43893a5d48f?s=96&d=mm&r=g\",\"caption\":\"C D\"},\"url\":\"https:\/\/vosgesinfo.fr\/remiremontinfo\/author\/cedric-drevet\/\"}]}<\/script>\n<!-- \/ Yoast SEO plugin. -->","yoast_head_json":{"title":"Le Val d'Ajol : 5\u00e8me journ\u00e9e du jeu vid\u00e9o \u00e0 la M\u00e9diath\u00e8que - Remiremont Info","robots":{"index":"index","follow":"follow","max-snippet":"max-snippet:-1","max-image-preview":"max-image-preview:large","max-video-preview":"max-video-preview:-1"},"canonical":"https:\/\/vosgesinfo.fr\/remiremontinfo\/2022\/11\/val-dajol-5eme-journee-jeu-video-a-mediatheque\/","twitter_card":"summary_large_image","twitter_title":"Le Val d'Ajol : 5\u00e8me journ\u00e9e du jeu vid\u00e9o \u00e0 la M\u00e9diath\u00e8que - Remiremont Info","twitter_description":"Comme chaque ann\u00e9e en novembre, la m\u00e9diath\u00e8que intercommunale Le Cercle propose une journ\u00e9e exceptionnelle enti\u00e8rement d\u00e9di\u00e9e au jeu vid\u00e9o. L\u2019\u00e9dition [&hellip;]","twitter_image":"https:\/\/vosgesinfo.fr\/app\/uploads\/sites\/5\/2024\/09\/202206game-1232879-960-720-1.jpg","twitter_creator":"@VosgesInfo88","twitter_site":"@VosgesInfo88","twitter_misc":{"\u00c9crit par":"C D","Dur\u00e9e de lecture estim\u00e9e":"1 minute"},"schema":{"@context":"https:\/\/schema.org","@graph":[{"@type":"Article","@id":"https:\/\/vosgesinfo.fr\/remiremontinfo\/2022\/11\/val-dajol-5eme-journee-jeu-video-a-mediatheque\/#article","isPartOf":{"@id":"https:\/\/vosgesinfo.fr\/remiremontinfo\/2022\/11\/val-dajol-5eme-journee-jeu-video-a-mediatheque\/"},"author":{"name":"C D","@id":"https:\/\/vosgesinfo.fr\/remiremontinfo\/#\/schema\/person\/3bfd164d5218a185b1db68655a265316"},"headline":"Le Val d&rsquo;Ajol : 5\u00e8me journ\u00e9e du jeu vid\u00e9o \u00e0 la M\u00e9diath\u00e8que","datePublished":"2022-11-03T07:39:58+00:00","dateModified":"2022-11-03T07:39:58+00:00","mainEntityOfPage":{"@id":"https:\/\/vosgesinfo.fr\/remiremontinfo\/2022\/11\/val-dajol-5eme-journee-jeu-video-a-mediatheque\/"},"wordCount":290,"commentCount":0,"publisher":{"@id":"https:\/\/vosgesinfo.fr\/remiremontinfo\/#organization"},"image":{"@id":"https:\/\/vosgesinfo.fr\/remiremontinfo\/2022\/11\/val-dajol-5eme-journee-jeu-video-a-mediatheque\/#primaryimage"},"thumbnailUrl":"https:\/\/vosgesinfo.fr\/app\/uploads\/sites\/5\/2024\/09\/202206game-1232879-960-720-1.jpg","keywords":["jeu vid\u00e9o","Loisirs","m\u00e9diath\u00e8que","val d'ajol","Vosges"],"articleSection":["A la Une","Le Val d'Ajol","Le Val-d'Ajol &amp; son canton","Loisirs"],"inLanguage":"fr-FR","potentialAction":[{"@type":"CommentAction","name":"Comment","target":["https:\/\/vosgesinfo.fr\/remiremontinfo\/2022\/11\/val-dajol-5eme-journee-jeu-video-a-mediatheque\/#respond"]}]},{"@type":"WebPage","@id":"https:\/\/vosgesinfo.fr\/remiremontinfo\/2022\/11\/val-dajol-5eme-journee-jeu-video-a-mediatheque\/","url":"https:\/\/vosgesinfo.fr\/remiremontinfo\/2022\/11\/val-dajol-5eme-journee-jeu-video-a-mediatheque\/","name":"Le Val d'Ajol : 5\u00e8me journ\u00e9e du jeu vid\u00e9o \u00e0 la M\u00e9diath\u00e8que - Remiremont Info","isPartOf":{"@id":"https:\/\/vosgesinfo.fr\/remiremontinfo\/#website"},"primaryImageOfPage":{"@id":"https:\/\/vosgesinfo.fr\/remiremontinfo\/2022\/11\/val-dajol-5eme-journee-jeu-video-a-mediatheque\/#primaryimage"},"image":{"@id":"https:\/\/vosgesinfo.fr\/remiremontinfo\/2022\/11\/val-dajol-5eme-journee-jeu-video-a-mediatheque\/#primaryimage"},"thumbnailUrl":"https:\/\/vosgesinfo.fr\/app\/uploads\/sites\/5\/2024\/09\/202206game-1232879-960-720-1.jpg","datePublished":"2022-11-03T07:39:58+00:00","dateModified":"2022-11-03T07:39:58+00:00","breadcrumb":{"@id":"https:\/\/vosgesinfo.fr\/remiremontinfo\/2022\/11\/val-dajol-5eme-journee-jeu-video-a-mediatheque\/#breadcrumb"},"inLanguage":"fr-FR","potentialAction":[{"@type":"ReadAction","target":["https:\/\/vosgesinfo.fr\/remiremontinfo\/2022\/11\/val-dajol-5eme-journee-jeu-video-a-mediatheque\/"]}]},{"@type":"ImageObject","inLanguage":"fr-FR","@id":"https:\/\/vosgesinfo.fr\/remiremontinfo\/2022\/11\/val-dajol-5eme-journee-jeu-video-a-mediatheque\/#primaryimage","url":"https:\/\/vosgesinfo.fr\/app\/uploads\/sites\/5\/2024\/09\/202206game-1232879-960-720-1.jpg","contentUrl":"https:\/\/vosgesinfo.fr\/app\/uploads\/sites\/5\/2024\/09\/202206game-1232879-960-720-1.jpg","width":960,"height":640},{"@type":"BreadcrumbList","@id":"https:\/\/vosgesinfo.fr\/remiremontinfo\/2022\/11\/val-dajol-5eme-journee-jeu-video-a-mediatheque\/#breadcrumb","itemListElement":[{"@type":"ListItem","position":1,"name":"Home","item":"https:\/\/vosgesinfo.fr\/remiremontinfo\/"},{"@type":"ListItem","position":2,"name":"Le Val d&rsquo;Ajol : 5\u00e8me journ\u00e9e du jeu vid\u00e9o \u00e0 la M\u00e9diath\u00e8que"}]},{"@type":"WebSite","@id":"https:\/\/vosgesinfo.fr\/remiremontinfo\/#website","url":"https:\/\/vosgesinfo.fr\/remiremontinfo\/","name":"Remiremont Info","description":"Toute l&#039;actualit\u00e9 de Remiremont","publisher":{"@id":"https:\/\/vosgesinfo.fr\/remiremontinfo\/#organization"},"alternateName":"Toute l'actualit\u00e9 de Remiremont","potentialAction":[{"@type":"SearchAction","target":{"@type":"EntryPoint","urlTemplate":"https:\/\/vosgesinfo.fr\/remiremontinfo\/?s={search_term_string}"},"query-input":"required name=search_term_string"}],"inLanguage":"fr-FR"},{"@type":"Organization","@id":"https:\/\/vosgesinfo.fr\/remiremontinfo\/#organization","name":"Remiremont Info","url":"https:\/\/vosgesinfo.fr\/remiremontinfo\/","logo":{"@type":"ImageObject","inLanguage":"fr-FR","@id":"https:\/\/vosgesinfo.fr\/remiremontinfo\/#\/schema\/logo\/image\/","url":"https:\/\/vosgesinfo.fr\/app\/uploads\/sites\/5\/2023\/08\/favicon-remiremontinfo.png","contentUrl":"https:\/\/vosgesinfo.fr\/app\/uploads\/sites\/5\/2023\/08\/favicon-remiremontinfo.png","width":512,"height":512,"caption":"Remiremont Info"},"image":{"@id":"https:\/\/vosgesinfo.fr\/remiremontinfo\/#\/schema\/logo\/image\/"},"sameAs":["https:\/\/www.facebook.com\/remiremontinfo","https:\/\/x.com\/VosgesInfo88","https:\/\/www.youtube.com\/@vosgesinfo"]},{"@type":"Person","@id":"https:\/\/vosgesinfo.fr\/remiremontinfo\/#\/schema\/person\/3bfd164d5218a185b1db68655a265316","name":"C D","image":{"@type":"ImageObject","inLanguage":"fr-FR","@id":"https:\/\/vosgesinfo.fr\/remiremontinfo\/#\/schema\/person\/image\/","url":"https:\/\/secure.gravatar.com\/avatar\/1f9a70007336511a47468b8f1c66f922b8b7cf617b02a31149ada43893a5d48f?s=96&d=mm&r=g","contentUrl":"https:\/\/secure.gravatar.com\/avatar\/1f9a70007336511a47468b8f1c66f922b8b7cf617b02a31149ada43893a5d48f?s=96&d=mm&r=g","caption":"C D"},"url":"https:\/\/vosgesinfo.fr\/remiremontinfo\/author\/cedric-drevet\/"}]}},"_links":{"self":[{"href":"https:\/\/vosgesinfo.fr\/remiremontinfo\/wp-json\/wp\/v2\/posts\/64134","targetHints":{"allow":["GET"]}}],"collection":[{"href":"https:\/\/vosgesinfo.fr\/remiremontinfo\/wp-json\/wp\/v2\/posts"}],"about":[{"href":"https:\/\/vosgesinfo.fr\/remiremontinfo\/wp-json\/wp\/v2\/types\/post"}],"author":[{"embeddable":true,"href":"https:\/\/vosgesinfo.fr\/remiremontinfo\/wp-json\/wp\/v2\/users\/407"}],"replies":[{"embeddable":true,"href":"https:\/\/vosgesinfo.fr\/remiremontinfo\/wp-json\/wp\/v2\/comments?post=64134"}],"version-history":[{"count":0,"href":"https:\/\/vosgesinfo.fr\/remiremontinfo\/wp-json\/wp\/v2\/posts\/64134\/revisions"}],"wp:featuredmedia":[{"embeddable":true,"href":"https:\/\/vosgesinfo.fr\/remiremontinfo\/wp-json\/wp\/v2\/media\/64135"}],"wp:attachment":[{"href":"https:\/\/vosgesinfo.fr\/remiremontinfo\/wp-json\/wp\/v2\/media?parent=64134"}],"wp:term":[{"taxonomy":"category","embeddable":true,"href":"https:\/\/vosgesinfo.fr\/remiremontinfo\/wp-json\/wp\/v2\/categories?post=64134"},{"taxonomy":"post_tag","embeddable":true,"href":"https:\/\/vosgesinfo.fr\/remiremontinfo\/wp-json\/wp\/v2\/tags?post=64134"}],"curies":[{"name":"wp","href":"https:\/\/api.w.org\/{rel}","templated":true}]}}