{"id":64161,"date":"2022-11-04T07:55:16","date_gmt":"2022-11-04T06:55:16","guid":{"rendered":"https:\/\/vosgesinfo.fr\/remiremontinfo\/2022\/11\/saint-etienne-faut-quon-parle-lhumoriste-arnaud-demanche\/"},"modified":"2022-11-04T07:55:16","modified_gmt":"2022-11-04T06:55:16","slug":"saint-etienne-faut-quon-parle-lhumoriste-arnaud-demanche","status":"publish","type":"post","link":"https:\/\/vosgesinfo.fr\/remiremontinfo\/2022\/11\/saint-etienne-faut-quon-parle-lhumoriste-arnaud-demanche\/","title":{"rendered":"Saint-Etienne : \u00ab Faut qu\u2019on parle ! \u00bb, avec l&rsquo;humoriste Arnaud Demanche"},"content":{"rendered":"<p><a href=\"\/2022\/11\/arnaud-demanche.jpg\"><img decoding=\"async\" class=\"alignnone size-full wp-image-357313\" src=\"\/2022\/11\/arnaud-demanche.jpg\" alt=\"arnaud demanche\" width=\"843\" height=\"600\" \/><\/a><\/p>\n<p><span style=\"font-size: 10pt;\"><em>Photo par\u00a0<a href=\"https:\/\/www.facebook.com\/ArnaudDemanchePage\">Arnaud Demanche<\/a>\u00a0<\/em><\/span><\/p>\n<h2><span style=\"font-size: 12pt;\"><strong>L\u2019humoriste Arnaud Demanche est en tourn\u00e9e. Il sera dans les Vosges le samedi 5 novembre prochain \u00e0 20h30 \u00e0 l\u2019espace Pont des F\u00e9es SMA \u00e0 Saint-\u00c9tienne-l\u00e8s-Remiremont pour pr\u00e9senter son nouveau spectacle \u00ab\u00a0Faut qu\u2019on parle !\u00a0\u00bb<\/strong><\/span><\/h2>\n<p><span style=\"font-size: 12pt;\">Il s\u2019agira de sa \u00ab\u00a0premi\u00e8re fois dans les Vosges en plus\u00a0\u00bb, affirme-t-il sur la page Facebook de la commune de Saint-Etienne. Chaque jour, Arnaud pr\u00e9sente ses chroniques durant la matinale d\u2019Apolline Matin sur RMC Info Talk\u00a0<a href=\"\/2022\/10\/arnaud-demanche-spectacle.jpg\" data-featherlight=\"image\"><img decoding=\"async\" class=\" wp-image-357087 alignright\" src=\"\/2022\/10\/arnaud-demanche-spectacle.jpg\" alt=\"arnaud demanche spectacle\" width=\"311\" height=\"467\" \/><\/a>Sport. Un billet d\u2019humour et d\u2019humeur grin\u00e7ante ! Si vous souhaitez le d\u00e9couvrir sur sc\u00e8ne, la vente des billets, c\u2019est par ici\u00a0:<\/span><\/p>\n<div dir=\"auto\"><span style=\"font-size: 12pt;\">\u2013\u00a0Weezevent :\u00a0<a class=\"x1i10hfl xjbqb8w x6umtig x1b1mbwd xaqea5y xav7gou x9f619 x1ypdohk xt0psk2 xe8uvvx xdj266r x11i5rnm xat24cr x1mh8g0r xexx8yu x4uap5 x18d9i69 xkhd6sd x16tdsg8 x1hl2dhg xggy1nq x1a2a7pz xt0b8zv x1fey0fg\" tabindex=\"0\" href=\"https:\/\/bit.ly\/3Fj8xto?fbclid=IwAR0t5NjlUyDjmxPGGTqQz3IbMLW-UDYGpQ68V0KUJ8dZ2u1bz5Iq2yEk1FY\" target=\"_blank\" rel=\"nofollow noopener\">https:\/\/bit.ly\/3Fj8xto<\/a><\/span><\/div>\n<div dir=\"auto\"><span style=\"font-size: 12pt;\">\u2013\u00a0Francebillet :\u00a0<a class=\"x1i10hfl xjbqb8w x6umtig x1b1mbwd xaqea5y xav7gou x9f619 x1ypdohk xt0psk2 xe8uvvx xdj266r x11i5rnm xat24cr x1mh8g0r xexx8yu x4uap5 x18d9i69 xkhd6sd x16tdsg8 x1hl2dhg xggy1nq x1a2a7pz xt0b8zv x1fey0fg\" tabindex=\"0\" href=\"https:\/\/bit.ly\/3NbepH2?fbclid=IwAR3I8OoJ723Tn7z58nSJBrJa9gwwBzzzahnCqOZZqgFI2u3upYhedE6vG2Q\" target=\"_blank\" rel=\"nofollow noopener\">https:\/\/bit.ly\/3NbepH2<\/a><\/span><\/div>\n<div dir=\"auto\"><span style=\"font-size: 12pt;\">\u2013\u00a0Ticketmaster :\u00a0<a class=\"x1i10hfl xjbqb8w x6umtig x1b1mbwd xaqea5y xav7gou x9f619 x1ypdohk xt0psk2 xe8uvvx xdj266r x11i5rnm xat24cr x1mh8g0r xexx8yu x4uap5 x18d9i69 xkhd6sd x16tdsg8 x1hl2dhg xggy1nq x1a2a7pz xt0b8zv x1fey0fg\" tabindex=\"0\" href=\"https:\/\/l.facebook.com\/l.php?u=https%3A%2F%2Fbit.ly%2F3TSmeTO%3Ffbclid%3DIwAR2SvEG2aCXUTL_syMW2DI1veWLQz22KI0xoDblObiO--Jmg-CqJG7m_N7U&amp;h=AT3MFnI9J6JlFcTnEffgC8zej9YZgZYfiONO_G3tm6CchPu4uMiBrPgQrlth8nY6K-TIMapEU30RQdQ5m_p3VaV8fM6yEwUhsitq-WJ8ifmVbg8w-RgaDCUjgtYS6iKIhvmijrWehzGX5UMChtjq&amp;__tn__=-UK-R&amp;c[0]=AT1-Nmb6U5vkMIeeZE4XGkRNooTpat6511ffFcmeW9-4UaCeSUPNeqP6lU9FMM11u2aGzTb2bR99oqDsEXrUR3lhD2UoFOlheIjJ0wJeHTtd4qyjvmcP1g-u_0uXlyIclDt8OgEyD-oMHs_KWfXqSwTYFeXG7cm0aV4R6WO-dJqFdumnhkz7NnK-_m55cXKn_0UxIjHREjcz\" target=\"_blank\" rel=\"nofollow noopener\">https:\/\/bit.ly\/3TSmeTO<\/a><\/span><\/div>\n<div dir=\"auto\"><span style=\"font-size: 12pt;\">\u2013\u00a0ou rendez-vous \u00e0 l\u2019agence\u00a0<a class=\"x1i10hfl xjbqb8w x6umtig x1b1mbwd xaqea5y xav7gou x9f619 x1ypdohk xt0psk2 xe8uvvx xdj266r x11i5rnm xat24cr x1mh8g0r xexx8yu x4uap5 x18d9i69 xkhd6sd x16tdsg8 x1hl2dhg xggy1nq x1a2a7pz xt0b8zv x1qq9wsj xo1l8bm\" tabindex=\"0\" href=\"https:\/\/www.facebook.com\/pacctvosges\/?__cft__[0]=AZWztgeSd1imYokS2-r5JVLMgxqFixEaFajgF7QDDWWTF6J214UTscD1-nhXfVzXvVDE4kGxG3MNxTpFkTpq23v9ImT-QEdkjsDvB4j1NAHeiu-9kjAo0BXpqkxpF1K6T7DDrvHHSWZH2fzse4qxy1MEeBxD04KWYnRVFv0Y9dWNNOJoVSQpAN_HHw0tQ2ziAqQ&amp;__tn__=kK-R\"><span class=\"xt0psk2\">PACCT<\/span><\/a>, 5 rue des Pr\u00eatres \u00e0 Remiremont<\/span><\/div>\n<p><span style=\"font-size: 12pt;\">Il s\u2019agit du premier spectacle des \u00ab Jeudis du rire \u00bb 2022-2023. Cette soir\u00e9e sp\u00e9ciale est exceptionnellement un samedi. Cr\u00e9\u00e9s en 2021 par l\u2019association PACCT et Cornolti Production, les \u00ab Jeudis du rire \u00bb ont pour but de promouvoir les spectacles d\u2019humoristes et mettre en avant les diff\u00e9rentes sc\u00e8nes des trois communes de Remiremont, Saint-Etienne-l\u00e8s-Remiremont et Saint-Nabord, respectivement au centre culturel Gilbert Zaug, \u00e0 la Salle Multi Activit\u00e9s ou encore au centre socioculturel.<\/span><\/p>\n<h3><span style=\"font-size: 12pt;\"><strong><em>Au programme de cette saison :<\/em><\/strong><\/span><\/h3>\n<p><span style=\"font-size: 12pt;\">\u2013 Arnaud Demanche : Samedi 05 novembre \u00e0 Saint-Etienne-les-Remiremont (SMA)<\/span><\/p>\n<p><span style=\"font-size: 12pt;\">\u2013 Marc Tourneboeuf : Jeudi 01 d\u00e9cembre \u00e0 Remiremont (Centre culturel)<\/span><\/p>\n<p><span style=\"font-size: 12pt;\">\u2013 Mah\u00e9 : Jeudi 05 janvier \u00e0 Saint-Nabord (Centre socio-culturel)<\/span><\/p>\n<p><span style=\"font-size: 12pt;\">\u2013 Denise : Jeudi 02 f\u00e9vrier \u00e0 Saint-Etienne-les-Remiremont (SMA)<\/span><\/p>\n<p><span style=\"font-size: 12pt;\">\u2013 Guillaume Bats : Jeudi 06 avril \u00e0 Remiremont (Centre culturel)<\/span><\/p>\n<p><span style=\"font-size: 12pt;\">\u2013 Charlie et Styl\u2019O : Jeudi 04 mai \u00e0 Saint-Nabord (Centre socio-culturel)<\/span><\/p>\n","protected":false},"excerpt":{"rendered":"<p>Photo par\u00a0Arnaud Demanche\u00a0 L\u2019humoriste Arnaud Demanche est en tourn\u00e9e. Il sera dans les Vosges le samedi 5 novembre prochain \u00e0 [&hellip;]<\/p>\n","protected":false},"author":407,"featured_media":64162,"comment_status":"open","ping_status":"open","sticky":false,"template":"","format":"standard","meta":{"footnotes":""},"categories":[26,4,35,155],"tags":[4929,3159,156],"class_list":["post-64161","post","type-post","status-publish","format-standard","has-post-thumbnail","hentry","category-a-la-une","category-culture","category-remiremont-son-canton","category-saint-etienne","tag-arnaud-demanche","tag-humour","tag-saint-etienne"],"acf":[],"yoast_head":"<!-- This site is optimized with the Yoast SEO plugin v22.5 - https:\/\/yoast.com\/wordpress\/plugins\/seo\/ -->\n<title>Saint-Etienne : \u00ab Faut qu\u2019on parle ! \u00bb, avec l&#039;humoriste Arnaud Demanche - Remiremont Info<\/title>\n<meta name=\"robots\" content=\"index, follow, max-snippet:-1, max-image-preview:large, max-video-preview:-1\" \/>\n<link rel=\"canonical\" href=\"https:\/\/vosgesinfo.fr\/remiremontinfo\/2022\/11\/saint-etienne-faut-quon-parle-lhumoriste-arnaud-demanche\/\" \/>\n<meta name=\"twitter:card\" content=\"summary_large_image\" \/>\n<meta name=\"twitter:title\" content=\"Saint-Etienne : \u00ab Faut qu\u2019on parle ! \u00bb, avec l&#039;humoriste Arnaud Demanche - Remiremont Info\" \/>\n<meta name=\"twitter:description\" content=\"Photo par\u00a0Arnaud Demanche\u00a0 L\u2019humoriste Arnaud Demanche est en tourn\u00e9e. Il sera dans les Vosges le samedi 5 novembre prochain \u00e0 [&hellip;]\" \/>\n<meta name=\"twitter:image\" content=\"https:\/\/vosgesinfo.fr\/app\/uploads\/sites\/5\/2024\/09\/202211arnaud-demanche.jpg\" \/>\n<meta name=\"twitter:creator\" content=\"@VosgesInfo88\" \/>\n<meta name=\"twitter:site\" content=\"@VosgesInfo88\" \/>\n<meta name=\"twitter:label1\" content=\"\u00c9crit par\" \/>\n\t<meta name=\"twitter:data1\" content=\"C D\" \/>\n\t<meta name=\"twitter:label2\" content=\"Dur\u00e9e de lecture estim\u00e9e\" \/>\n\t<meta name=\"twitter:data2\" content=\"1 minute\" \/>\n<script type=\"application\/ld+json\" class=\"yoast-schema-graph\">{\"@context\":\"https:\/\/schema.org\",\"@graph\":[{\"@type\":\"Article\",\"@id\":\"https:\/\/vosgesinfo.fr\/remiremontinfo\/2022\/11\/saint-etienne-faut-quon-parle-lhumoriste-arnaud-demanche\/#article\",\"isPartOf\":{\"@id\":\"https:\/\/vosgesinfo.fr\/remiremontinfo\/2022\/11\/saint-etienne-faut-quon-parle-lhumoriste-arnaud-demanche\/\"},\"author\":{\"name\":\"C D\",\"@id\":\"https:\/\/vosgesinfo.fr\/remiremontinfo\/#\/schema\/person\/3bfd164d5218a185b1db68655a265316\"},\"headline\":\"Saint-Etienne : \u00ab Faut qu\u2019on parle ! \u00bb, avec l&rsquo;humoriste Arnaud Demanche\",\"datePublished\":\"2022-11-04T06:55:16+00:00\",\"dateModified\":\"2022-11-04T06:55:16+00:00\",\"mainEntityOfPage\":{\"@id\":\"https:\/\/vosgesinfo.fr\/remiremontinfo\/2022\/11\/saint-etienne-faut-quon-parle-lhumoriste-arnaud-demanche\/\"},\"wordCount\":269,\"commentCount\":0,\"publisher\":{\"@id\":\"https:\/\/vosgesinfo.fr\/remiremontinfo\/#organization\"},\"image\":{\"@id\":\"https:\/\/vosgesinfo.fr\/remiremontinfo\/2022\/11\/saint-etienne-faut-quon-parle-lhumoriste-arnaud-demanche\/#primaryimage\"},\"thumbnailUrl\":\"https:\/\/vosgesinfo.fr\/app\/uploads\/sites\/5\/2024\/09\/202211arnaud-demanche.jpg\",\"keywords\":[\"arnaud demanche\",\"humour\",\"saint \u00e9tienne\"],\"articleSection\":[\"A la Une\",\"Culture\",\"Remiremont &amp; son canton\",\"Saint-Etienne\"],\"inLanguage\":\"fr-FR\",\"potentialAction\":[{\"@type\":\"CommentAction\",\"name\":\"Comment\",\"target\":[\"https:\/\/vosgesinfo.fr\/remiremontinfo\/2022\/11\/saint-etienne-faut-quon-parle-lhumoriste-arnaud-demanche\/#respond\"]}]},{\"@type\":\"WebPage\",\"@id\":\"https:\/\/vosgesinfo.fr\/remiremontinfo\/2022\/11\/saint-etienne-faut-quon-parle-lhumoriste-arnaud-demanche\/\",\"url\":\"https:\/\/vosgesinfo.fr\/remiremontinfo\/2022\/11\/saint-etienne-faut-quon-parle-lhumoriste-arnaud-demanche\/\",\"name\":\"Saint-Etienne : \u00ab Faut qu\u2019on parle ! \u00bb, avec l'humoriste Arnaud Demanche - Remiremont Info\",\"isPartOf\":{\"@id\":\"https:\/\/vosgesinfo.fr\/remiremontinfo\/#website\"},\"primaryImageOfPage\":{\"@id\":\"https:\/\/vosgesinfo.fr\/remiremontinfo\/2022\/11\/saint-etienne-faut-quon-parle-lhumoriste-arnaud-demanche\/#primaryimage\"},\"image\":{\"@id\":\"https:\/\/vosgesinfo.fr\/remiremontinfo\/2022\/11\/saint-etienne-faut-quon-parle-lhumoriste-arnaud-demanche\/#primaryimage\"},\"thumbnailUrl\":\"https:\/\/vosgesinfo.fr\/app\/uploads\/sites\/5\/2024\/09\/202211arnaud-demanche.jpg\",\"datePublished\":\"2022-11-04T06:55:16+00:00\",\"dateModified\":\"2022-11-04T06:55:16+00:00\",\"breadcrumb\":{\"@id\":\"https:\/\/vosgesinfo.fr\/remiremontinfo\/2022\/11\/saint-etienne-faut-quon-parle-lhumoriste-arnaud-demanche\/#breadcrumb\"},\"inLanguage\":\"fr-FR\",\"potentialAction\":[{\"@type\":\"ReadAction\",\"target\":[\"https:\/\/vosgesinfo.fr\/remiremontinfo\/2022\/11\/saint-etienne-faut-quon-parle-lhumoriste-arnaud-demanche\/\"]}]},{\"@type\":\"ImageObject\",\"inLanguage\":\"fr-FR\",\"@id\":\"https:\/\/vosgesinfo.fr\/remiremontinfo\/2022\/11\/saint-etienne-faut-quon-parle-lhumoriste-arnaud-demanche\/#primaryimage\",\"url\":\"https:\/\/vosgesinfo.fr\/app\/uploads\/sites\/5\/2024\/09\/202211arnaud-demanche.jpg\",\"contentUrl\":\"https:\/\/vosgesinfo.fr\/app\/uploads\/sites\/5\/2024\/09\/202211arnaud-demanche.jpg\",\"width\":843,\"height\":600},{\"@type\":\"BreadcrumbList\",\"@id\":\"https:\/\/vosgesinfo.fr\/remiremontinfo\/2022\/11\/saint-etienne-faut-quon-parle-lhumoriste-arnaud-demanche\/#breadcrumb\",\"itemListElement\":[{\"@type\":\"ListItem\",\"position\":1,\"name\":\"Home\",\"item\":\"https:\/\/vosgesinfo.fr\/remiremontinfo\/\"},{\"@type\":\"ListItem\",\"position\":2,\"name\":\"Saint-Etienne : \u00ab Faut qu\u2019on parle ! \u00bb, avec l&rsquo;humoriste Arnaud Demanche\"}]},{\"@type\":\"WebSite\",\"@id\":\"https:\/\/vosgesinfo.fr\/remiremontinfo\/#website\",\"url\":\"https:\/\/vosgesinfo.fr\/remiremontinfo\/\",\"name\":\"Remiremont Info\",\"description\":\"Toute l&#039;actualit\u00e9 de Remiremont\",\"publisher\":{\"@id\":\"https:\/\/vosgesinfo.fr\/remiremontinfo\/#organization\"},\"alternateName\":\"Toute l'actualit\u00e9 de Remiremont\",\"potentialAction\":[{\"@type\":\"SearchAction\",\"target\":{\"@type\":\"EntryPoint\",\"urlTemplate\":\"https:\/\/vosgesinfo.fr\/remiremontinfo\/?s={search_term_string}\"},\"query-input\":\"required name=search_term_string\"}],\"inLanguage\":\"fr-FR\"},{\"@type\":\"Organization\",\"@id\":\"https:\/\/vosgesinfo.fr\/remiremontinfo\/#organization\",\"name\":\"Remiremont Info\",\"url\":\"https:\/\/vosgesinfo.fr\/remiremontinfo\/\",\"logo\":{\"@type\":\"ImageObject\",\"inLanguage\":\"fr-FR\",\"@id\":\"https:\/\/vosgesinfo.fr\/remiremontinfo\/#\/schema\/logo\/image\/\",\"url\":\"https:\/\/vosgesinfo.fr\/app\/uploads\/sites\/5\/2023\/08\/favicon-remiremontinfo.png\",\"contentUrl\":\"https:\/\/vosgesinfo.fr\/app\/uploads\/sites\/5\/2023\/08\/favicon-remiremontinfo.png\",\"width\":512,\"height\":512,\"caption\":\"Remiremont Info\"},\"image\":{\"@id\":\"https:\/\/vosgesinfo.fr\/remiremontinfo\/#\/schema\/logo\/image\/\"},\"sameAs\":[\"https:\/\/www.facebook.com\/remiremontinfo\",\"https:\/\/x.com\/VosgesInfo88\",\"https:\/\/www.youtube.com\/@vosgesinfo\"]},{\"@type\":\"Person\",\"@id\":\"https:\/\/vosgesinfo.fr\/remiremontinfo\/#\/schema\/person\/3bfd164d5218a185b1db68655a265316\",\"name\":\"C D\",\"image\":{\"@type\":\"ImageObject\",\"inLanguage\":\"fr-FR\",\"@id\":\"https:\/\/vosgesinfo.fr\/remiremontinfo\/#\/schema\/person\/image\/\",\"url\":\"https:\/\/secure.gravatar.com\/avatar\/1f9a70007336511a47468b8f1c66f922b8b7cf617b02a31149ada43893a5d48f?s=96&d=mm&r=g\",\"contentUrl\":\"https:\/\/secure.gravatar.com\/avatar\/1f9a70007336511a47468b8f1c66f922b8b7cf617b02a31149ada43893a5d48f?s=96&d=mm&r=g\",\"caption\":\"C D\"},\"url\":\"https:\/\/vosgesinfo.fr\/remiremontinfo\/author\/cedric-drevet\/\"}]}<\/script>\n<!-- \/ Yoast SEO plugin. -->","yoast_head_json":{"title":"Saint-Etienne : \u00ab Faut qu\u2019on parle ! \u00bb, avec l'humoriste Arnaud Demanche - Remiremont Info","robots":{"index":"index","follow":"follow","max-snippet":"max-snippet:-1","max-image-preview":"max-image-preview:large","max-video-preview":"max-video-preview:-1"},"canonical":"https:\/\/vosgesinfo.fr\/remiremontinfo\/2022\/11\/saint-etienne-faut-quon-parle-lhumoriste-arnaud-demanche\/","twitter_card":"summary_large_image","twitter_title":"Saint-Etienne : \u00ab Faut qu\u2019on parle ! \u00bb, avec l'humoriste Arnaud Demanche - Remiremont Info","twitter_description":"Photo par\u00a0Arnaud Demanche\u00a0 L\u2019humoriste Arnaud Demanche est en tourn\u00e9e. Il sera dans les Vosges le samedi 5 novembre prochain \u00e0 [&hellip;]","twitter_image":"https:\/\/vosgesinfo.fr\/app\/uploads\/sites\/5\/2024\/09\/202211arnaud-demanche.jpg","twitter_creator":"@VosgesInfo88","twitter_site":"@VosgesInfo88","twitter_misc":{"\u00c9crit par":"C D","Dur\u00e9e de lecture estim\u00e9e":"1 minute"},"schema":{"@context":"https:\/\/schema.org","@graph":[{"@type":"Article","@id":"https:\/\/vosgesinfo.fr\/remiremontinfo\/2022\/11\/saint-etienne-faut-quon-parle-lhumoriste-arnaud-demanche\/#article","isPartOf":{"@id":"https:\/\/vosgesinfo.fr\/remiremontinfo\/2022\/11\/saint-etienne-faut-quon-parle-lhumoriste-arnaud-demanche\/"},"author":{"name":"C D","@id":"https:\/\/vosgesinfo.fr\/remiremontinfo\/#\/schema\/person\/3bfd164d5218a185b1db68655a265316"},"headline":"Saint-Etienne : \u00ab Faut qu\u2019on parle ! \u00bb, avec l&rsquo;humoriste Arnaud Demanche","datePublished":"2022-11-04T06:55:16+00:00","dateModified":"2022-11-04T06:55:16+00:00","mainEntityOfPage":{"@id":"https:\/\/vosgesinfo.fr\/remiremontinfo\/2022\/11\/saint-etienne-faut-quon-parle-lhumoriste-arnaud-demanche\/"},"wordCount":269,"commentCount":0,"publisher":{"@id":"https:\/\/vosgesinfo.fr\/remiremontinfo\/#organization"},"image":{"@id":"https:\/\/vosgesinfo.fr\/remiremontinfo\/2022\/11\/saint-etienne-faut-quon-parle-lhumoriste-arnaud-demanche\/#primaryimage"},"thumbnailUrl":"https:\/\/vosgesinfo.fr\/app\/uploads\/sites\/5\/2024\/09\/202211arnaud-demanche.jpg","keywords":["arnaud demanche","humour","saint \u00e9tienne"],"articleSection":["A la Une","Culture","Remiremont &amp; son canton","Saint-Etienne"],"inLanguage":"fr-FR","potentialAction":[{"@type":"CommentAction","name":"Comment","target":["https:\/\/vosgesinfo.fr\/remiremontinfo\/2022\/11\/saint-etienne-faut-quon-parle-lhumoriste-arnaud-demanche\/#respond"]}]},{"@type":"WebPage","@id":"https:\/\/vosgesinfo.fr\/remiremontinfo\/2022\/11\/saint-etienne-faut-quon-parle-lhumoriste-arnaud-demanche\/","url":"https:\/\/vosgesinfo.fr\/remiremontinfo\/2022\/11\/saint-etienne-faut-quon-parle-lhumoriste-arnaud-demanche\/","name":"Saint-Etienne : \u00ab Faut qu\u2019on parle ! \u00bb, avec l'humoriste Arnaud Demanche - Remiremont Info","isPartOf":{"@id":"https:\/\/vosgesinfo.fr\/remiremontinfo\/#website"},"primaryImageOfPage":{"@id":"https:\/\/vosgesinfo.fr\/remiremontinfo\/2022\/11\/saint-etienne-faut-quon-parle-lhumoriste-arnaud-demanche\/#primaryimage"},"image":{"@id":"https:\/\/vosgesinfo.fr\/remiremontinfo\/2022\/11\/saint-etienne-faut-quon-parle-lhumoriste-arnaud-demanche\/#primaryimage"},"thumbnailUrl":"https:\/\/vosgesinfo.fr\/app\/uploads\/sites\/5\/2024\/09\/202211arnaud-demanche.jpg","datePublished":"2022-11-04T06:55:16+00:00","dateModified":"2022-11-04T06:55:16+00:00","breadcrumb":{"@id":"https:\/\/vosgesinfo.fr\/remiremontinfo\/2022\/11\/saint-etienne-faut-quon-parle-lhumoriste-arnaud-demanche\/#breadcrumb"},"inLanguage":"fr-FR","potentialAction":[{"@type":"ReadAction","target":["https:\/\/vosgesinfo.fr\/remiremontinfo\/2022\/11\/saint-etienne-faut-quon-parle-lhumoriste-arnaud-demanche\/"]}]},{"@type":"ImageObject","inLanguage":"fr-FR","@id":"https:\/\/vosgesinfo.fr\/remiremontinfo\/2022\/11\/saint-etienne-faut-quon-parle-lhumoriste-arnaud-demanche\/#primaryimage","url":"https:\/\/vosgesinfo.fr\/app\/uploads\/sites\/5\/2024\/09\/202211arnaud-demanche.jpg","contentUrl":"https:\/\/vosgesinfo.fr\/app\/uploads\/sites\/5\/2024\/09\/202211arnaud-demanche.jpg","width":843,"height":600},{"@type":"BreadcrumbList","@id":"https:\/\/vosgesinfo.fr\/remiremontinfo\/2022\/11\/saint-etienne-faut-quon-parle-lhumoriste-arnaud-demanche\/#breadcrumb","itemListElement":[{"@type":"ListItem","position":1,"name":"Home","item":"https:\/\/vosgesinfo.fr\/remiremontinfo\/"},{"@type":"ListItem","position":2,"name":"Saint-Etienne : \u00ab Faut qu\u2019on parle ! \u00bb, avec l&rsquo;humoriste Arnaud Demanche"}]},{"@type":"WebSite","@id":"https:\/\/vosgesinfo.fr\/remiremontinfo\/#website","url":"https:\/\/vosgesinfo.fr\/remiremontinfo\/","name":"Remiremont Info","description":"Toute l&#039;actualit\u00e9 de Remiremont","publisher":{"@id":"https:\/\/vosgesinfo.fr\/remiremontinfo\/#organization"},"alternateName":"Toute l'actualit\u00e9 de Remiremont","potentialAction":[{"@type":"SearchAction","target":{"@type":"EntryPoint","urlTemplate":"https:\/\/vosgesinfo.fr\/remiremontinfo\/?s={search_term_string}"},"query-input":"required name=search_term_string"}],"inLanguage":"fr-FR"},{"@type":"Organization","@id":"https:\/\/vosgesinfo.fr\/remiremontinfo\/#organization","name":"Remiremont Info","url":"https:\/\/vosgesinfo.fr\/remiremontinfo\/","logo":{"@type":"ImageObject","inLanguage":"fr-FR","@id":"https:\/\/vosgesinfo.fr\/remiremontinfo\/#\/schema\/logo\/image\/","url":"https:\/\/vosgesinfo.fr\/app\/uploads\/sites\/5\/2023\/08\/favicon-remiremontinfo.png","contentUrl":"https:\/\/vosgesinfo.fr\/app\/uploads\/sites\/5\/2023\/08\/favicon-remiremontinfo.png","width":512,"height":512,"caption":"Remiremont Info"},"image":{"@id":"https:\/\/vosgesinfo.fr\/remiremontinfo\/#\/schema\/logo\/image\/"},"sameAs":["https:\/\/www.facebook.com\/remiremontinfo","https:\/\/x.com\/VosgesInfo88","https:\/\/www.youtube.com\/@vosgesinfo"]},{"@type":"Person","@id":"https:\/\/vosgesinfo.fr\/remiremontinfo\/#\/schema\/person\/3bfd164d5218a185b1db68655a265316","name":"C D","image":{"@type":"ImageObject","inLanguage":"fr-FR","@id":"https:\/\/vosgesinfo.fr\/remiremontinfo\/#\/schema\/person\/image\/","url":"https:\/\/secure.gravatar.com\/avatar\/1f9a70007336511a47468b8f1c66f922b8b7cf617b02a31149ada43893a5d48f?s=96&d=mm&r=g","contentUrl":"https:\/\/secure.gravatar.com\/avatar\/1f9a70007336511a47468b8f1c66f922b8b7cf617b02a31149ada43893a5d48f?s=96&d=mm&r=g","caption":"C D"},"url":"https:\/\/vosgesinfo.fr\/remiremontinfo\/author\/cedric-drevet\/"}]}},"_links":{"self":[{"href":"https:\/\/vosgesinfo.fr\/remiremontinfo\/wp-json\/wp\/v2\/posts\/64161","targetHints":{"allow":["GET"]}}],"collection":[{"href":"https:\/\/vosgesinfo.fr\/remiremontinfo\/wp-json\/wp\/v2\/posts"}],"about":[{"href":"https:\/\/vosgesinfo.fr\/remiremontinfo\/wp-json\/wp\/v2\/types\/post"}],"author":[{"embeddable":true,"href":"https:\/\/vosgesinfo.fr\/remiremontinfo\/wp-json\/wp\/v2\/users\/407"}],"replies":[{"embeddable":true,"href":"https:\/\/vosgesinfo.fr\/remiremontinfo\/wp-json\/wp\/v2\/comments?post=64161"}],"version-history":[{"count":0,"href":"https:\/\/vosgesinfo.fr\/remiremontinfo\/wp-json\/wp\/v2\/posts\/64161\/revisions"}],"wp:featuredmedia":[{"embeddable":true,"href":"https:\/\/vosgesinfo.fr\/remiremontinfo\/wp-json\/wp\/v2\/media\/64162"}],"wp:attachment":[{"href":"https:\/\/vosgesinfo.fr\/remiremontinfo\/wp-json\/wp\/v2\/media?parent=64161"}],"wp:term":[{"taxonomy":"category","embeddable":true,"href":"https:\/\/vosgesinfo.fr\/remiremontinfo\/wp-json\/wp\/v2\/categories?post=64161"},{"taxonomy":"post_tag","embeddable":true,"href":"https:\/\/vosgesinfo.fr\/remiremontinfo\/wp-json\/wp\/v2\/tags?post=64161"}],"curies":[{"name":"wp","href":"https:\/\/api.w.org\/{rel}","templated":true}]}}