{"id":64170,"date":"2022-11-04T10:15:27","date_gmt":"2022-11-04T09:15:27","guid":{"rendered":"https:\/\/vosgesinfo.fr\/remiremontinfo\/2022\/11\/saint-ame-sapin-de-19-metres-installe-place-stanislas-a-nancy\/"},"modified":"2022-11-04T10:15:27","modified_gmt":"2022-11-04T09:15:27","slug":"saint-ame-sapin-de-19-metres-installe-place-stanislas-a-nancy","status":"publish","type":"post","link":"https:\/\/vosgesinfo.fr\/remiremontinfo\/2022\/11\/saint-ame-sapin-de-19-metres-installe-place-stanislas-a-nancy\/","title":{"rendered":"Saint-Am\u00e9 : le sapin de 19 m\u00e8tres install\u00e9 place Stanislas \u00e0 Nancy"},"content":{"rendered":"<div class=\"xdj266r x11i5rnm xat24cr x1mh8g0r x1vvkbs x126k92a\">\n\n<p dir=\"auto\"><span style=\"font-size: 10pt;\"><em>Photos par\u00a0<a href=\"https:\/\/www.facebook.com\/VilledeNancy\">Ville de Nancy<\/a><\/em><\/span><\/p>\n<h3 dir=\"auto\"><strong><span style=\"font-size: 12pt;\"><span style=\"font-size: 12pt;\">Le sapin qui orne la place Stanislas \u00e0 Nancy pour les f\u00eates de No\u00ebl est arriv\u00e9 ce vendredi matin. Il a \u00e9t\u00e9 coup\u00e9 ce jeudi dans les Vosges, plus <\/span><span style=\"font-size: 16px;\">pr\u00e9cis\u00e9ment<\/span><span style=\"font-size: 12pt;\">\u00a0sur le territoire de la commune de Saint-Am\u00e9, o\u00f9 il avait pris beaucoup d&rsquo;ampleur sur un terrain priv\u00e9.\u00a0<\/span><\/span><\/strong><\/h3>\n<div dir=\"auto\">Le propri\u00e9taire\u00a0de l&rsquo;arbre a d\u00e9cid\u00e9\u00a0de l&rsquo;offrir \u00e0 la commune de Nancy. Tr\u00e8s branchu,\u00a0le sapin\u00a0mesure 19 m\u00e8tres et p\u00e8se environ 4,8 tonnes. Il a \u00e9t\u00e9 install\u00e9 ce vendredi matin sur la c\u00e9l\u00e8bre place Stanislas. Son illumination, <em>\u00ab\u00a0\u00e9l\u00e9ment incontournable du lancement des <a class=\"x1i10hfl xjbqb8w x6umtig x1b1mbwd xaqea5y xav7gou x9f619 x1ypdohk xt0psk2 xe8uvvx xdj266r x11i5rnm xat24cr x1mh8g0r xexx8yu x4uap5 x18d9i69 xkhd6sd x16tdsg8 x1hl2dhg xggy1nq x1a2a7pz xt0b8zv x1qq9wsj xo1l8bm\" tabindex=\"0\" href=\"https:\/\/www.facebook.com\/fetesdesaintnicolas?__cft__[0]=AZWdoAmNarAKu_g4EK51PBtrDvI99iPN2xsiWxihCZwzso3WZKh7jsYrLwRSkSEBCCmBt2XkyAUVxcfLGGzAoAZ-t3V5JoqIqL7pwsntdV1XCjWr-YVDa8BH620DNCaJS1b76cr4XyeJEEXj86TK3lLCf9oJCfSf21GO3T1rb6N3liDctsNRJWWelQWiiVd5d0c&amp;__tn__=-]K-R\"><span class=\"xt0psk2\">F\u00eates de Saint-Nicolas de Nancy<\/span><\/a>\u00ab\u00a0<\/em>\u00a0est attendue le 18 novembre.<\/div>\n<\/div>\n<div dir=\"auto\"><\/div>\n","protected":false},"excerpt":{"rendered":"<p>Photos par\u00a0Ville de Nancy Le sapin qui orne la place Stanislas \u00e0 Nancy pour les f\u00eates de No\u00ebl est arriv\u00e9 [&hellip;]<\/p>\n","protected":false},"author":407,"featured_media":64171,"comment_status":"open","ping_status":"open","sticky":false,"template":"","format":"standard","meta":{"footnotes":""},"categories":[26,124,35,223],"tags":[2676,345,2422,225,3008,32],"class_list":["post-64170","post","type-post","status-publish","format-standard","has-post-thumbnail","hentry","category-a-la-une","category-fetes","category-remiremont-son-canton","category-saint-ame","tag-nancy","tag-noel","tag-place-stanislas","tag-saint-ame","tag-sapin-de-noel","tag-vosges"],"acf":[],"yoast_head":"<!-- This site is optimized with the Yoast SEO plugin v22.5 - https:\/\/yoast.com\/wordpress\/plugins\/seo\/ -->\n<title>Saint-Am\u00e9 : le sapin de 19 m\u00e8tres install\u00e9 place Stanislas \u00e0 Nancy - Remiremont Info<\/title>\n<meta name=\"robots\" content=\"index, follow, max-snippet:-1, max-image-preview:large, max-video-preview:-1\" \/>\n<link rel=\"canonical\" href=\"https:\/\/vosgesinfo.fr\/remiremontinfo\/2022\/11\/saint-ame-sapin-de-19-metres-installe-place-stanislas-a-nancy\/\" \/>\n<meta name=\"twitter:card\" content=\"summary_large_image\" \/>\n<meta name=\"twitter:title\" content=\"Saint-Am\u00e9 : le sapin de 19 m\u00e8tres install\u00e9 place Stanislas \u00e0 Nancy - Remiremont Info\" \/>\n<meta name=\"twitter:description\" content=\"Photos par\u00a0Ville de Nancy Le sapin qui orne la place Stanislas \u00e0 Nancy pour les f\u00eates de No\u00ebl est arriv\u00e9 [&hellip;]\" \/>\n<meta name=\"twitter:image\" content=\"https:\/\/vosgesinfo.fr\/app\/uploads\/sites\/5\/2024\/09\/202211sapin-nancy-stanislas-saint-ame-vosges-2.jpg\" \/>\n<meta name=\"twitter:creator\" content=\"@VosgesInfo88\" \/>\n<meta name=\"twitter:site\" content=\"@VosgesInfo88\" \/>\n<meta name=\"twitter:label1\" content=\"\u00c9crit par\" \/>\n\t<meta name=\"twitter:data1\" content=\"C D\" \/>\n\t<meta name=\"twitter:label2\" content=\"Dur\u00e9e de lecture estim\u00e9e\" \/>\n\t<meta name=\"twitter:data2\" content=\"1 minute\" \/>\n<script type=\"application\/ld+json\" class=\"yoast-schema-graph\">{\"@context\":\"https:\/\/schema.org\",\"@graph\":[{\"@type\":\"Article\",\"@id\":\"https:\/\/vosgesinfo.fr\/remiremontinfo\/2022\/11\/saint-ame-sapin-de-19-metres-installe-place-stanislas-a-nancy\/#article\",\"isPartOf\":{\"@id\":\"https:\/\/vosgesinfo.fr\/remiremontinfo\/2022\/11\/saint-ame-sapin-de-19-metres-installe-place-stanislas-a-nancy\/\"},\"author\":{\"name\":\"C D\",\"@id\":\"https:\/\/vosgesinfo.fr\/remiremontinfo\/#\/schema\/person\/3bfd164d5218a185b1db68655a265316\"},\"headline\":\"Saint-Am\u00e9 : le sapin de 19 m\u00e8tres install\u00e9 place Stanislas \u00e0 Nancy\",\"datePublished\":\"2022-11-04T09:15:27+00:00\",\"dateModified\":\"2022-11-04T09:15:27+00:00\",\"mainEntityOfPage\":{\"@id\":\"https:\/\/vosgesinfo.fr\/remiremontinfo\/2022\/11\/saint-ame-sapin-de-19-metres-installe-place-stanislas-a-nancy\/\"},\"wordCount\":136,\"commentCount\":0,\"publisher\":{\"@id\":\"https:\/\/vosgesinfo.fr\/remiremontinfo\/#organization\"},\"image\":{\"@id\":\"https:\/\/vosgesinfo.fr\/remiremontinfo\/2022\/11\/saint-ame-sapin-de-19-metres-installe-place-stanislas-a-nancy\/#primaryimage\"},\"thumbnailUrl\":\"https:\/\/vosgesinfo.fr\/app\/uploads\/sites\/5\/2024\/09\/202211sapin-nancy-stanislas-saint-ame-vosges-2.jpg\",\"keywords\":[\"nancy\",\"No\u00ebl\",\"place stanislas\",\"saint-am\u00e9\",\"sapin de noel\",\"Vosges\"],\"articleSection\":[\"A la Une\",\"F\u00eates\",\"Remiremont &amp; son canton\",\"Saint-Am\u00e9\"],\"inLanguage\":\"fr-FR\",\"potentialAction\":[{\"@type\":\"CommentAction\",\"name\":\"Comment\",\"target\":[\"https:\/\/vosgesinfo.fr\/remiremontinfo\/2022\/11\/saint-ame-sapin-de-19-metres-installe-place-stanislas-a-nancy\/#respond\"]}]},{\"@type\":\"WebPage\",\"@id\":\"https:\/\/vosgesinfo.fr\/remiremontinfo\/2022\/11\/saint-ame-sapin-de-19-metres-installe-place-stanislas-a-nancy\/\",\"url\":\"https:\/\/vosgesinfo.fr\/remiremontinfo\/2022\/11\/saint-ame-sapin-de-19-metres-installe-place-stanislas-a-nancy\/\",\"name\":\"Saint-Am\u00e9 : le sapin de 19 m\u00e8tres install\u00e9 place Stanislas \u00e0 Nancy - Remiremont Info\",\"isPartOf\":{\"@id\":\"https:\/\/vosgesinfo.fr\/remiremontinfo\/#website\"},\"primaryImageOfPage\":{\"@id\":\"https:\/\/vosgesinfo.fr\/remiremontinfo\/2022\/11\/saint-ame-sapin-de-19-metres-installe-place-stanislas-a-nancy\/#primaryimage\"},\"image\":{\"@id\":\"https:\/\/vosgesinfo.fr\/remiremontinfo\/2022\/11\/saint-ame-sapin-de-19-metres-installe-place-stanislas-a-nancy\/#primaryimage\"},\"thumbnailUrl\":\"https:\/\/vosgesinfo.fr\/app\/uploads\/sites\/5\/2024\/09\/202211sapin-nancy-stanislas-saint-ame-vosges-2.jpg\",\"datePublished\":\"2022-11-04T09:15:27+00:00\",\"dateModified\":\"2022-11-04T09:15:27+00:00\",\"breadcrumb\":{\"@id\":\"https:\/\/vosgesinfo.fr\/remiremontinfo\/2022\/11\/saint-ame-sapin-de-19-metres-installe-place-stanislas-a-nancy\/#breadcrumb\"},\"inLanguage\":\"fr-FR\",\"potentialAction\":[{\"@type\":\"ReadAction\",\"target\":[\"https:\/\/vosgesinfo.fr\/remiremontinfo\/2022\/11\/saint-ame-sapin-de-19-metres-installe-place-stanislas-a-nancy\/\"]}]},{\"@type\":\"ImageObject\",\"inLanguage\":\"fr-FR\",\"@id\":\"https:\/\/vosgesinfo.fr\/remiremontinfo\/2022\/11\/saint-ame-sapin-de-19-metres-installe-place-stanislas-a-nancy\/#primaryimage\",\"url\":\"https:\/\/vosgesinfo.fr\/app\/uploads\/sites\/5\/2024\/09\/202211sapin-nancy-stanislas-saint-ame-vosges-2.jpg\",\"contentUrl\":\"https:\/\/vosgesinfo.fr\/app\/uploads\/sites\/5\/2024\/09\/202211sapin-nancy-stanislas-saint-ame-vosges-2.jpg\",\"width\":1024,\"height\":683},{\"@type\":\"BreadcrumbList\",\"@id\":\"https:\/\/vosgesinfo.fr\/remiremontinfo\/2022\/11\/saint-ame-sapin-de-19-metres-installe-place-stanislas-a-nancy\/#breadcrumb\",\"itemListElement\":[{\"@type\":\"ListItem\",\"position\":1,\"name\":\"Home\",\"item\":\"https:\/\/vosgesinfo.fr\/remiremontinfo\/\"},{\"@type\":\"ListItem\",\"position\":2,\"name\":\"Saint-Am\u00e9 : le sapin de 19 m\u00e8tres install\u00e9 place Stanislas \u00e0 Nancy\"}]},{\"@type\":\"WebSite\",\"@id\":\"https:\/\/vosgesinfo.fr\/remiremontinfo\/#website\",\"url\":\"https:\/\/vosgesinfo.fr\/remiremontinfo\/\",\"name\":\"Remiremont Info\",\"description\":\"Toute l&#039;actualit\u00e9 de Remiremont\",\"publisher\":{\"@id\":\"https:\/\/vosgesinfo.fr\/remiremontinfo\/#organization\"},\"alternateName\":\"Toute l'actualit\u00e9 de Remiremont\",\"potentialAction\":[{\"@type\":\"SearchAction\",\"target\":{\"@type\":\"EntryPoint\",\"urlTemplate\":\"https:\/\/vosgesinfo.fr\/remiremontinfo\/?s={search_term_string}\"},\"query-input\":\"required name=search_term_string\"}],\"inLanguage\":\"fr-FR\"},{\"@type\":\"Organization\",\"@id\":\"https:\/\/vosgesinfo.fr\/remiremontinfo\/#organization\",\"name\":\"Remiremont Info\",\"url\":\"https:\/\/vosgesinfo.fr\/remiremontinfo\/\",\"logo\":{\"@type\":\"ImageObject\",\"inLanguage\":\"fr-FR\",\"@id\":\"https:\/\/vosgesinfo.fr\/remiremontinfo\/#\/schema\/logo\/image\/\",\"url\":\"https:\/\/vosgesinfo.fr\/app\/uploads\/sites\/5\/2023\/08\/favicon-remiremontinfo.png\",\"contentUrl\":\"https:\/\/vosgesinfo.fr\/app\/uploads\/sites\/5\/2023\/08\/favicon-remiremontinfo.png\",\"width\":512,\"height\":512,\"caption\":\"Remiremont Info\"},\"image\":{\"@id\":\"https:\/\/vosgesinfo.fr\/remiremontinfo\/#\/schema\/logo\/image\/\"},\"sameAs\":[\"https:\/\/www.facebook.com\/remiremontinfo\",\"https:\/\/x.com\/VosgesInfo88\",\"https:\/\/www.youtube.com\/@vosgesinfo\"]},{\"@type\":\"Person\",\"@id\":\"https:\/\/vosgesinfo.fr\/remiremontinfo\/#\/schema\/person\/3bfd164d5218a185b1db68655a265316\",\"name\":\"C D\",\"image\":{\"@type\":\"ImageObject\",\"inLanguage\":\"fr-FR\",\"@id\":\"https:\/\/vosgesinfo.fr\/remiremontinfo\/#\/schema\/person\/image\/\",\"url\":\"https:\/\/secure.gravatar.com\/avatar\/1f9a70007336511a47468b8f1c66f922b8b7cf617b02a31149ada43893a5d48f?s=96&d=mm&r=g\",\"contentUrl\":\"https:\/\/secure.gravatar.com\/avatar\/1f9a70007336511a47468b8f1c66f922b8b7cf617b02a31149ada43893a5d48f?s=96&d=mm&r=g\",\"caption\":\"C D\"},\"url\":\"https:\/\/vosgesinfo.fr\/remiremontinfo\/author\/cedric-drevet\/\"}]}<\/script>\n<!-- \/ Yoast SEO plugin. -->","yoast_head_json":{"title":"Saint-Am\u00e9 : le sapin de 19 m\u00e8tres install\u00e9 place Stanislas \u00e0 Nancy - Remiremont Info","robots":{"index":"index","follow":"follow","max-snippet":"max-snippet:-1","max-image-preview":"max-image-preview:large","max-video-preview":"max-video-preview:-1"},"canonical":"https:\/\/vosgesinfo.fr\/remiremontinfo\/2022\/11\/saint-ame-sapin-de-19-metres-installe-place-stanislas-a-nancy\/","twitter_card":"summary_large_image","twitter_title":"Saint-Am\u00e9 : le sapin de 19 m\u00e8tres install\u00e9 place Stanislas \u00e0 Nancy - Remiremont Info","twitter_description":"Photos par\u00a0Ville de Nancy Le sapin qui orne la place Stanislas \u00e0 Nancy pour les f\u00eates de No\u00ebl est arriv\u00e9 [&hellip;]","twitter_image":"https:\/\/vosgesinfo.fr\/app\/uploads\/sites\/5\/2024\/09\/202211sapin-nancy-stanislas-saint-ame-vosges-2.jpg","twitter_creator":"@VosgesInfo88","twitter_site":"@VosgesInfo88","twitter_misc":{"\u00c9crit par":"C D","Dur\u00e9e de lecture estim\u00e9e":"1 minute"},"schema":{"@context":"https:\/\/schema.org","@graph":[{"@type":"Article","@id":"https:\/\/vosgesinfo.fr\/remiremontinfo\/2022\/11\/saint-ame-sapin-de-19-metres-installe-place-stanislas-a-nancy\/#article","isPartOf":{"@id":"https:\/\/vosgesinfo.fr\/remiremontinfo\/2022\/11\/saint-ame-sapin-de-19-metres-installe-place-stanislas-a-nancy\/"},"author":{"name":"C D","@id":"https:\/\/vosgesinfo.fr\/remiremontinfo\/#\/schema\/person\/3bfd164d5218a185b1db68655a265316"},"headline":"Saint-Am\u00e9 : le sapin de 19 m\u00e8tres install\u00e9 place Stanislas \u00e0 Nancy","datePublished":"2022-11-04T09:15:27+00:00","dateModified":"2022-11-04T09:15:27+00:00","mainEntityOfPage":{"@id":"https:\/\/vosgesinfo.fr\/remiremontinfo\/2022\/11\/saint-ame-sapin-de-19-metres-installe-place-stanislas-a-nancy\/"},"wordCount":136,"commentCount":0,"publisher":{"@id":"https:\/\/vosgesinfo.fr\/remiremontinfo\/#organization"},"image":{"@id":"https:\/\/vosgesinfo.fr\/remiremontinfo\/2022\/11\/saint-ame-sapin-de-19-metres-installe-place-stanislas-a-nancy\/#primaryimage"},"thumbnailUrl":"https:\/\/vosgesinfo.fr\/app\/uploads\/sites\/5\/2024\/09\/202211sapin-nancy-stanislas-saint-ame-vosges-2.jpg","keywords":["nancy","No\u00ebl","place stanislas","saint-am\u00e9","sapin de noel","Vosges"],"articleSection":["A la Une","F\u00eates","Remiremont &amp; son canton","Saint-Am\u00e9"],"inLanguage":"fr-FR","potentialAction":[{"@type":"CommentAction","name":"Comment","target":["https:\/\/vosgesinfo.fr\/remiremontinfo\/2022\/11\/saint-ame-sapin-de-19-metres-installe-place-stanislas-a-nancy\/#respond"]}]},{"@type":"WebPage","@id":"https:\/\/vosgesinfo.fr\/remiremontinfo\/2022\/11\/saint-ame-sapin-de-19-metres-installe-place-stanislas-a-nancy\/","url":"https:\/\/vosgesinfo.fr\/remiremontinfo\/2022\/11\/saint-ame-sapin-de-19-metres-installe-place-stanislas-a-nancy\/","name":"Saint-Am\u00e9 : le sapin de 19 m\u00e8tres install\u00e9 place Stanislas \u00e0 Nancy - Remiremont Info","isPartOf":{"@id":"https:\/\/vosgesinfo.fr\/remiremontinfo\/#website"},"primaryImageOfPage":{"@id":"https:\/\/vosgesinfo.fr\/remiremontinfo\/2022\/11\/saint-ame-sapin-de-19-metres-installe-place-stanislas-a-nancy\/#primaryimage"},"image":{"@id":"https:\/\/vosgesinfo.fr\/remiremontinfo\/2022\/11\/saint-ame-sapin-de-19-metres-installe-place-stanislas-a-nancy\/#primaryimage"},"thumbnailUrl":"https:\/\/vosgesinfo.fr\/app\/uploads\/sites\/5\/2024\/09\/202211sapin-nancy-stanislas-saint-ame-vosges-2.jpg","datePublished":"2022-11-04T09:15:27+00:00","dateModified":"2022-11-04T09:15:27+00:00","breadcrumb":{"@id":"https:\/\/vosgesinfo.fr\/remiremontinfo\/2022\/11\/saint-ame-sapin-de-19-metres-installe-place-stanislas-a-nancy\/#breadcrumb"},"inLanguage":"fr-FR","potentialAction":[{"@type":"ReadAction","target":["https:\/\/vosgesinfo.fr\/remiremontinfo\/2022\/11\/saint-ame-sapin-de-19-metres-installe-place-stanislas-a-nancy\/"]}]},{"@type":"ImageObject","inLanguage":"fr-FR","@id":"https:\/\/vosgesinfo.fr\/remiremontinfo\/2022\/11\/saint-ame-sapin-de-19-metres-installe-place-stanislas-a-nancy\/#primaryimage","url":"https:\/\/vosgesinfo.fr\/app\/uploads\/sites\/5\/2024\/09\/202211sapin-nancy-stanislas-saint-ame-vosges-2.jpg","contentUrl":"https:\/\/vosgesinfo.fr\/app\/uploads\/sites\/5\/2024\/09\/202211sapin-nancy-stanislas-saint-ame-vosges-2.jpg","width":1024,"height":683},{"@type":"BreadcrumbList","@id":"https:\/\/vosgesinfo.fr\/remiremontinfo\/2022\/11\/saint-ame-sapin-de-19-metres-installe-place-stanislas-a-nancy\/#breadcrumb","itemListElement":[{"@type":"ListItem","position":1,"name":"Home","item":"https:\/\/vosgesinfo.fr\/remiremontinfo\/"},{"@type":"ListItem","position":2,"name":"Saint-Am\u00e9 : le sapin de 19 m\u00e8tres install\u00e9 place Stanislas \u00e0 Nancy"}]},{"@type":"WebSite","@id":"https:\/\/vosgesinfo.fr\/remiremontinfo\/#website","url":"https:\/\/vosgesinfo.fr\/remiremontinfo\/","name":"Remiremont Info","description":"Toute l&#039;actualit\u00e9 de Remiremont","publisher":{"@id":"https:\/\/vosgesinfo.fr\/remiremontinfo\/#organization"},"alternateName":"Toute l'actualit\u00e9 de Remiremont","potentialAction":[{"@type":"SearchAction","target":{"@type":"EntryPoint","urlTemplate":"https:\/\/vosgesinfo.fr\/remiremontinfo\/?s={search_term_string}"},"query-input":"required name=search_term_string"}],"inLanguage":"fr-FR"},{"@type":"Organization","@id":"https:\/\/vosgesinfo.fr\/remiremontinfo\/#organization","name":"Remiremont Info","url":"https:\/\/vosgesinfo.fr\/remiremontinfo\/","logo":{"@type":"ImageObject","inLanguage":"fr-FR","@id":"https:\/\/vosgesinfo.fr\/remiremontinfo\/#\/schema\/logo\/image\/","url":"https:\/\/vosgesinfo.fr\/app\/uploads\/sites\/5\/2023\/08\/favicon-remiremontinfo.png","contentUrl":"https:\/\/vosgesinfo.fr\/app\/uploads\/sites\/5\/2023\/08\/favicon-remiremontinfo.png","width":512,"height":512,"caption":"Remiremont Info"},"image":{"@id":"https:\/\/vosgesinfo.fr\/remiremontinfo\/#\/schema\/logo\/image\/"},"sameAs":["https:\/\/www.facebook.com\/remiremontinfo","https:\/\/x.com\/VosgesInfo88","https:\/\/www.youtube.com\/@vosgesinfo"]},{"@type":"Person","@id":"https:\/\/vosgesinfo.fr\/remiremontinfo\/#\/schema\/person\/3bfd164d5218a185b1db68655a265316","name":"C D","image":{"@type":"ImageObject","inLanguage":"fr-FR","@id":"https:\/\/vosgesinfo.fr\/remiremontinfo\/#\/schema\/person\/image\/","url":"https:\/\/secure.gravatar.com\/avatar\/1f9a70007336511a47468b8f1c66f922b8b7cf617b02a31149ada43893a5d48f?s=96&d=mm&r=g","contentUrl":"https:\/\/secure.gravatar.com\/avatar\/1f9a70007336511a47468b8f1c66f922b8b7cf617b02a31149ada43893a5d48f?s=96&d=mm&r=g","caption":"C D"},"url":"https:\/\/vosgesinfo.fr\/remiremontinfo\/author\/cedric-drevet\/"}]}},"_links":{"self":[{"href":"https:\/\/vosgesinfo.fr\/remiremontinfo\/wp-json\/wp\/v2\/posts\/64170","targetHints":{"allow":["GET"]}}],"collection":[{"href":"https:\/\/vosgesinfo.fr\/remiremontinfo\/wp-json\/wp\/v2\/posts"}],"about":[{"href":"https:\/\/vosgesinfo.fr\/remiremontinfo\/wp-json\/wp\/v2\/types\/post"}],"author":[{"embeddable":true,"href":"https:\/\/vosgesinfo.fr\/remiremontinfo\/wp-json\/wp\/v2\/users\/407"}],"replies":[{"embeddable":true,"href":"https:\/\/vosgesinfo.fr\/remiremontinfo\/wp-json\/wp\/v2\/comments?post=64170"}],"version-history":[{"count":0,"href":"https:\/\/vosgesinfo.fr\/remiremontinfo\/wp-json\/wp\/v2\/posts\/64170\/revisions"}],"wp:featuredmedia":[{"embeddable":true,"href":"https:\/\/vosgesinfo.fr\/remiremontinfo\/wp-json\/wp\/v2\/media\/64171"}],"wp:attachment":[{"href":"https:\/\/vosgesinfo.fr\/remiremontinfo\/wp-json\/wp\/v2\/media?parent=64170"}],"wp:term":[{"taxonomy":"category","embeddable":true,"href":"https:\/\/vosgesinfo.fr\/remiremontinfo\/wp-json\/wp\/v2\/categories?post=64170"},{"taxonomy":"post_tag","embeddable":true,"href":"https:\/\/vosgesinfo.fr\/remiremontinfo\/wp-json\/wp\/v2\/tags?post=64170"}],"curies":[{"name":"wp","href":"https:\/\/api.w.org\/{rel}","templated":true}]}}