{"id":64186,"date":"2022-11-04T07:51:25","date_gmt":"2022-11-04T06:51:25","guid":{"rendered":"https:\/\/vosgesinfo.fr\/remiremontinfo\/2022\/11\/saint-etienne-nouvelle-edition-marche-davant-lavent-19-20-novembre\/"},"modified":"2022-11-04T07:51:25","modified_gmt":"2022-11-04T06:51:25","slug":"saint-etienne-nouvelle-edition-marche-davant-lavent-19-20-novembre","status":"publish","type":"post","link":"https:\/\/vosgesinfo.fr\/remiremontinfo\/2022\/11\/saint-etienne-nouvelle-edition-marche-davant-lavent-19-20-novembre\/","title":{"rendered":"Saint-Etienne : une nouvelle \u00e9dition du march\u00e9 d\u2019avant l\u2019Avent les 19 et 20 novembre"},"content":{"rendered":"<h2><a href=\"\/2022\/11\/march\u00e9-noel-saint-etienne.jpg\"><img decoding=\"async\" class=\"alignnone size-full wp-image-357354\" src=\"\/2022\/11\/march\u00e9-noel-saint-etienne.jpg\" alt=\"march\u00e9 noel saint etienne\" width=\"800\" height=\"547\" \/><\/a><\/h2>\n<h2><span style=\"font-size: 12pt;\"><strong>L\u2019ambiance des f\u00eates sera une nouvelle fois\u00a0un peu en avance \u00e0 Saint-Etienne-l\u00e8s-Remiremont cette ann\u00e9e. En effet, un march\u00e9 de No\u00ebl d\u2019avant l\u2019Avent aura lieu le samedi 19 et le dimanche 20 novembre prochain \u00e0 la salle multi-activit\u00e9s de la Mouti\u00e8re. <\/strong><\/span><\/h2>\n<p>De nombreux stands \u00e0 d\u00e9couvrir, de la musique, et une buvette.\u00a0 Au programme :\u00a0artisans d\u2019art, vin chaud, huitres, escargots, sp\u00e9cialit\u00e9s portugaises, etc. Sans oublier les clowns\u00a0gonfleurs de ballons ! Rendez-vous est donn\u00e9 le samedi de 10h \u00e0 19h et le dimanche de 10h \u00e0 18h.<\/p>\n<p><a href=\"\/2022\/11\/March\u00e9-d-avant-l-Avent-2022_compressed-page-001.jpg\"><img decoding=\"async\" class=\"alignnone size-large wp-image-357353\" src=\"\/2022\/11\/March\u00e9-d-avant-l-Avent-2022_compressed-page-001-730x1024.jpg\" alt=\"March\u00e9 d avant l Avent 2022_compressed-page-001\" width=\"730\" height=\"1024\" \/><\/a><\/p>\n","protected":false},"excerpt":{"rendered":"<p>L\u2019ambiance des f\u00eates sera une nouvelle fois\u00a0un peu en avance \u00e0 Saint-Etienne-l\u00e8s-Remiremont cette ann\u00e9e. En effet, un march\u00e9 de No\u00ebl [&hellip;]<\/p>\n","protected":false},"author":407,"featured_media":64187,"comment_status":"open","ping_status":"open","sticky":false,"template":"","format":"standard","meta":{"footnotes":""},"categories":[26,124,35,155],"tags":[3048,460,345,156,32],"class_list":["post-64186","post","type-post","status-publish","format-standard","has-post-thumbnail","hentry","category-a-la-une","category-fetes","category-remiremont-son-canton","category-saint-etienne","tag-avent","tag-marche-de-noel","tag-noel","tag-saint-etienne","tag-vosges"],"acf":[],"yoast_head":"<!-- This site is optimized with the Yoast SEO plugin v22.5 - https:\/\/yoast.com\/wordpress\/plugins\/seo\/ -->\n<title>Saint-Etienne : une nouvelle \u00e9dition du march\u00e9 d\u2019avant l\u2019Avent les 19 et 20 novembre - Remiremont Info<\/title>\n<meta name=\"robots\" content=\"index, follow, max-snippet:-1, max-image-preview:large, max-video-preview:-1\" \/>\n<link rel=\"canonical\" href=\"https:\/\/vosgesinfo.fr\/remiremontinfo\/2022\/11\/saint-etienne-nouvelle-edition-marche-davant-lavent-19-20-novembre\/\" \/>\n<meta name=\"twitter:card\" content=\"summary_large_image\" \/>\n<meta name=\"twitter:title\" content=\"Saint-Etienne : une nouvelle \u00e9dition du march\u00e9 d\u2019avant l\u2019Avent les 19 et 20 novembre - Remiremont Info\" \/>\n<meta name=\"twitter:description\" content=\"L\u2019ambiance des f\u00eates sera une nouvelle fois\u00a0un peu en avance \u00e0 Saint-Etienne-l\u00e8s-Remiremont cette ann\u00e9e. En effet, un march\u00e9 de No\u00ebl [&hellip;]\" \/>\n<meta name=\"twitter:image\" content=\"https:\/\/vosgesinfo.fr\/app\/uploads\/sites\/5\/2024\/09\/202211marche-noel-saint-etienne.jpg\" \/>\n<meta name=\"twitter:creator\" content=\"@VosgesInfo88\" \/>\n<meta name=\"twitter:site\" content=\"@VosgesInfo88\" \/>\n<meta name=\"twitter:label1\" content=\"\u00c9crit par\" \/>\n\t<meta name=\"twitter:data1\" content=\"C D\" \/>\n<script type=\"application\/ld+json\" class=\"yoast-schema-graph\">{\"@context\":\"https:\/\/schema.org\",\"@graph\":[{\"@type\":\"Article\",\"@id\":\"https:\/\/vosgesinfo.fr\/remiremontinfo\/2022\/11\/saint-etienne-nouvelle-edition-marche-davant-lavent-19-20-novembre\/#article\",\"isPartOf\":{\"@id\":\"https:\/\/vosgesinfo.fr\/remiremontinfo\/2022\/11\/saint-etienne-nouvelle-edition-marche-davant-lavent-19-20-novembre\/\"},\"author\":{\"name\":\"C D\",\"@id\":\"https:\/\/vosgesinfo.fr\/remiremontinfo\/#\/schema\/person\/3bfd164d5218a185b1db68655a265316\"},\"headline\":\"Saint-Etienne : une nouvelle \u00e9dition du march\u00e9 d\u2019avant l\u2019Avent les 19 et 20 novembre\",\"datePublished\":\"2022-11-04T06:51:25+00:00\",\"dateModified\":\"2022-11-04T06:51:25+00:00\",\"mainEntityOfPage\":{\"@id\":\"https:\/\/vosgesinfo.fr\/remiremontinfo\/2022\/11\/saint-etienne-nouvelle-edition-marche-davant-lavent-19-20-novembre\/\"},\"wordCount\":105,\"commentCount\":0,\"publisher\":{\"@id\":\"https:\/\/vosgesinfo.fr\/remiremontinfo\/#organization\"},\"image\":{\"@id\":\"https:\/\/vosgesinfo.fr\/remiremontinfo\/2022\/11\/saint-etienne-nouvelle-edition-marche-davant-lavent-19-20-novembre\/#primaryimage\"},\"thumbnailUrl\":\"https:\/\/vosgesinfo.fr\/app\/uploads\/sites\/5\/2024\/09\/202211marche-noel-saint-etienne.jpg\",\"keywords\":[\"avent\",\"MARCHE DE NOEL\",\"No\u00ebl\",\"saint \u00e9tienne\",\"Vosges\"],\"articleSection\":[\"A la Une\",\"F\u00eates\",\"Remiremont &amp; son canton\",\"Saint-Etienne\"],\"inLanguage\":\"fr-FR\",\"potentialAction\":[{\"@type\":\"CommentAction\",\"name\":\"Comment\",\"target\":[\"https:\/\/vosgesinfo.fr\/remiremontinfo\/2022\/11\/saint-etienne-nouvelle-edition-marche-davant-lavent-19-20-novembre\/#respond\"]}]},{\"@type\":\"WebPage\",\"@id\":\"https:\/\/vosgesinfo.fr\/remiremontinfo\/2022\/11\/saint-etienne-nouvelle-edition-marche-davant-lavent-19-20-novembre\/\",\"url\":\"https:\/\/vosgesinfo.fr\/remiremontinfo\/2022\/11\/saint-etienne-nouvelle-edition-marche-davant-lavent-19-20-novembre\/\",\"name\":\"Saint-Etienne : une nouvelle \u00e9dition du march\u00e9 d\u2019avant l\u2019Avent les 19 et 20 novembre - Remiremont Info\",\"isPartOf\":{\"@id\":\"https:\/\/vosgesinfo.fr\/remiremontinfo\/#website\"},\"primaryImageOfPage\":{\"@id\":\"https:\/\/vosgesinfo.fr\/remiremontinfo\/2022\/11\/saint-etienne-nouvelle-edition-marche-davant-lavent-19-20-novembre\/#primaryimage\"},\"image\":{\"@id\":\"https:\/\/vosgesinfo.fr\/remiremontinfo\/2022\/11\/saint-etienne-nouvelle-edition-marche-davant-lavent-19-20-novembre\/#primaryimage\"},\"thumbnailUrl\":\"https:\/\/vosgesinfo.fr\/app\/uploads\/sites\/5\/2024\/09\/202211marche-noel-saint-etienne.jpg\",\"datePublished\":\"2022-11-04T06:51:25+00:00\",\"dateModified\":\"2022-11-04T06:51:25+00:00\",\"breadcrumb\":{\"@id\":\"https:\/\/vosgesinfo.fr\/remiremontinfo\/2022\/11\/saint-etienne-nouvelle-edition-marche-davant-lavent-19-20-novembre\/#breadcrumb\"},\"inLanguage\":\"fr-FR\",\"potentialAction\":[{\"@type\":\"ReadAction\",\"target\":[\"https:\/\/vosgesinfo.fr\/remiremontinfo\/2022\/11\/saint-etienne-nouvelle-edition-marche-davant-lavent-19-20-novembre\/\"]}]},{\"@type\":\"ImageObject\",\"inLanguage\":\"fr-FR\",\"@id\":\"https:\/\/vosgesinfo.fr\/remiremontinfo\/2022\/11\/saint-etienne-nouvelle-edition-marche-davant-lavent-19-20-novembre\/#primaryimage\",\"url\":\"https:\/\/vosgesinfo.fr\/app\/uploads\/sites\/5\/2024\/09\/202211marche-noel-saint-etienne.jpg\",\"contentUrl\":\"https:\/\/vosgesinfo.fr\/app\/uploads\/sites\/5\/2024\/09\/202211marche-noel-saint-etienne.jpg\",\"width\":800,\"height\":547,\"caption\":\"Photographie d'archives.\"},{\"@type\":\"BreadcrumbList\",\"@id\":\"https:\/\/vosgesinfo.fr\/remiremontinfo\/2022\/11\/saint-etienne-nouvelle-edition-marche-davant-lavent-19-20-novembre\/#breadcrumb\",\"itemListElement\":[{\"@type\":\"ListItem\",\"position\":1,\"name\":\"Home\",\"item\":\"https:\/\/vosgesinfo.fr\/remiremontinfo\/\"},{\"@type\":\"ListItem\",\"position\":2,\"name\":\"Saint-Etienne : une nouvelle \u00e9dition du march\u00e9 d\u2019avant l\u2019Avent les 19 et 20 novembre\"}]},{\"@type\":\"WebSite\",\"@id\":\"https:\/\/vosgesinfo.fr\/remiremontinfo\/#website\",\"url\":\"https:\/\/vosgesinfo.fr\/remiremontinfo\/\",\"name\":\"Remiremont Info\",\"description\":\"Toute l&#039;actualit\u00e9 de Remiremont\",\"publisher\":{\"@id\":\"https:\/\/vosgesinfo.fr\/remiremontinfo\/#organization\"},\"alternateName\":\"Toute l'actualit\u00e9 de Remiremont\",\"potentialAction\":[{\"@type\":\"SearchAction\",\"target\":{\"@type\":\"EntryPoint\",\"urlTemplate\":\"https:\/\/vosgesinfo.fr\/remiremontinfo\/?s={search_term_string}\"},\"query-input\":\"required name=search_term_string\"}],\"inLanguage\":\"fr-FR\"},{\"@type\":\"Organization\",\"@id\":\"https:\/\/vosgesinfo.fr\/remiremontinfo\/#organization\",\"name\":\"Remiremont Info\",\"url\":\"https:\/\/vosgesinfo.fr\/remiremontinfo\/\",\"logo\":{\"@type\":\"ImageObject\",\"inLanguage\":\"fr-FR\",\"@id\":\"https:\/\/vosgesinfo.fr\/remiremontinfo\/#\/schema\/logo\/image\/\",\"url\":\"https:\/\/vosgesinfo.fr\/app\/uploads\/sites\/5\/2023\/08\/favicon-remiremontinfo.png\",\"contentUrl\":\"https:\/\/vosgesinfo.fr\/app\/uploads\/sites\/5\/2023\/08\/favicon-remiremontinfo.png\",\"width\":512,\"height\":512,\"caption\":\"Remiremont Info\"},\"image\":{\"@id\":\"https:\/\/vosgesinfo.fr\/remiremontinfo\/#\/schema\/logo\/image\/\"},\"sameAs\":[\"https:\/\/www.facebook.com\/remiremontinfo\",\"https:\/\/x.com\/VosgesInfo88\",\"https:\/\/www.youtube.com\/@vosgesinfo\"]},{\"@type\":\"Person\",\"@id\":\"https:\/\/vosgesinfo.fr\/remiremontinfo\/#\/schema\/person\/3bfd164d5218a185b1db68655a265316\",\"name\":\"C D\",\"image\":{\"@type\":\"ImageObject\",\"inLanguage\":\"fr-FR\",\"@id\":\"https:\/\/vosgesinfo.fr\/remiremontinfo\/#\/schema\/person\/image\/\",\"url\":\"https:\/\/secure.gravatar.com\/avatar\/1f9a70007336511a47468b8f1c66f922b8b7cf617b02a31149ada43893a5d48f?s=96&d=mm&r=g\",\"contentUrl\":\"https:\/\/secure.gravatar.com\/avatar\/1f9a70007336511a47468b8f1c66f922b8b7cf617b02a31149ada43893a5d48f?s=96&d=mm&r=g\",\"caption\":\"C D\"},\"url\":\"https:\/\/vosgesinfo.fr\/remiremontinfo\/author\/cedric-drevet\/\"}]}<\/script>\n<!-- \/ Yoast SEO plugin. -->","yoast_head_json":{"title":"Saint-Etienne : une nouvelle \u00e9dition du march\u00e9 d\u2019avant l\u2019Avent les 19 et 20 novembre - Remiremont Info","robots":{"index":"index","follow":"follow","max-snippet":"max-snippet:-1","max-image-preview":"max-image-preview:large","max-video-preview":"max-video-preview:-1"},"canonical":"https:\/\/vosgesinfo.fr\/remiremontinfo\/2022\/11\/saint-etienne-nouvelle-edition-marche-davant-lavent-19-20-novembre\/","twitter_card":"summary_large_image","twitter_title":"Saint-Etienne : une nouvelle \u00e9dition du march\u00e9 d\u2019avant l\u2019Avent les 19 et 20 novembre - Remiremont Info","twitter_description":"L\u2019ambiance des f\u00eates sera une nouvelle fois\u00a0un peu en avance \u00e0 Saint-Etienne-l\u00e8s-Remiremont cette ann\u00e9e. En effet, un march\u00e9 de No\u00ebl [&hellip;]","twitter_image":"https:\/\/vosgesinfo.fr\/app\/uploads\/sites\/5\/2024\/09\/202211marche-noel-saint-etienne.jpg","twitter_creator":"@VosgesInfo88","twitter_site":"@VosgesInfo88","twitter_misc":{"\u00c9crit par":"C D"},"schema":{"@context":"https:\/\/schema.org","@graph":[{"@type":"Article","@id":"https:\/\/vosgesinfo.fr\/remiremontinfo\/2022\/11\/saint-etienne-nouvelle-edition-marche-davant-lavent-19-20-novembre\/#article","isPartOf":{"@id":"https:\/\/vosgesinfo.fr\/remiremontinfo\/2022\/11\/saint-etienne-nouvelle-edition-marche-davant-lavent-19-20-novembre\/"},"author":{"name":"C D","@id":"https:\/\/vosgesinfo.fr\/remiremontinfo\/#\/schema\/person\/3bfd164d5218a185b1db68655a265316"},"headline":"Saint-Etienne : une nouvelle \u00e9dition du march\u00e9 d\u2019avant l\u2019Avent les 19 et 20 novembre","datePublished":"2022-11-04T06:51:25+00:00","dateModified":"2022-11-04T06:51:25+00:00","mainEntityOfPage":{"@id":"https:\/\/vosgesinfo.fr\/remiremontinfo\/2022\/11\/saint-etienne-nouvelle-edition-marche-davant-lavent-19-20-novembre\/"},"wordCount":105,"commentCount":0,"publisher":{"@id":"https:\/\/vosgesinfo.fr\/remiremontinfo\/#organization"},"image":{"@id":"https:\/\/vosgesinfo.fr\/remiremontinfo\/2022\/11\/saint-etienne-nouvelle-edition-marche-davant-lavent-19-20-novembre\/#primaryimage"},"thumbnailUrl":"https:\/\/vosgesinfo.fr\/app\/uploads\/sites\/5\/2024\/09\/202211marche-noel-saint-etienne.jpg","keywords":["avent","MARCHE DE NOEL","No\u00ebl","saint \u00e9tienne","Vosges"],"articleSection":["A la Une","F\u00eates","Remiremont &amp; son canton","Saint-Etienne"],"inLanguage":"fr-FR","potentialAction":[{"@type":"CommentAction","name":"Comment","target":["https:\/\/vosgesinfo.fr\/remiremontinfo\/2022\/11\/saint-etienne-nouvelle-edition-marche-davant-lavent-19-20-novembre\/#respond"]}]},{"@type":"WebPage","@id":"https:\/\/vosgesinfo.fr\/remiremontinfo\/2022\/11\/saint-etienne-nouvelle-edition-marche-davant-lavent-19-20-novembre\/","url":"https:\/\/vosgesinfo.fr\/remiremontinfo\/2022\/11\/saint-etienne-nouvelle-edition-marche-davant-lavent-19-20-novembre\/","name":"Saint-Etienne : une nouvelle \u00e9dition du march\u00e9 d\u2019avant l\u2019Avent les 19 et 20 novembre - Remiremont Info","isPartOf":{"@id":"https:\/\/vosgesinfo.fr\/remiremontinfo\/#website"},"primaryImageOfPage":{"@id":"https:\/\/vosgesinfo.fr\/remiremontinfo\/2022\/11\/saint-etienne-nouvelle-edition-marche-davant-lavent-19-20-novembre\/#primaryimage"},"image":{"@id":"https:\/\/vosgesinfo.fr\/remiremontinfo\/2022\/11\/saint-etienne-nouvelle-edition-marche-davant-lavent-19-20-novembre\/#primaryimage"},"thumbnailUrl":"https:\/\/vosgesinfo.fr\/app\/uploads\/sites\/5\/2024\/09\/202211marche-noel-saint-etienne.jpg","datePublished":"2022-11-04T06:51:25+00:00","dateModified":"2022-11-04T06:51:25+00:00","breadcrumb":{"@id":"https:\/\/vosgesinfo.fr\/remiremontinfo\/2022\/11\/saint-etienne-nouvelle-edition-marche-davant-lavent-19-20-novembre\/#breadcrumb"},"inLanguage":"fr-FR","potentialAction":[{"@type":"ReadAction","target":["https:\/\/vosgesinfo.fr\/remiremontinfo\/2022\/11\/saint-etienne-nouvelle-edition-marche-davant-lavent-19-20-novembre\/"]}]},{"@type":"ImageObject","inLanguage":"fr-FR","@id":"https:\/\/vosgesinfo.fr\/remiremontinfo\/2022\/11\/saint-etienne-nouvelle-edition-marche-davant-lavent-19-20-novembre\/#primaryimage","url":"https:\/\/vosgesinfo.fr\/app\/uploads\/sites\/5\/2024\/09\/202211marche-noel-saint-etienne.jpg","contentUrl":"https:\/\/vosgesinfo.fr\/app\/uploads\/sites\/5\/2024\/09\/202211marche-noel-saint-etienne.jpg","width":800,"height":547,"caption":"Photographie d'archives."},{"@type":"BreadcrumbList","@id":"https:\/\/vosgesinfo.fr\/remiremontinfo\/2022\/11\/saint-etienne-nouvelle-edition-marche-davant-lavent-19-20-novembre\/#breadcrumb","itemListElement":[{"@type":"ListItem","position":1,"name":"Home","item":"https:\/\/vosgesinfo.fr\/remiremontinfo\/"},{"@type":"ListItem","position":2,"name":"Saint-Etienne : une nouvelle \u00e9dition du march\u00e9 d\u2019avant l\u2019Avent les 19 et 20 novembre"}]},{"@type":"WebSite","@id":"https:\/\/vosgesinfo.fr\/remiremontinfo\/#website","url":"https:\/\/vosgesinfo.fr\/remiremontinfo\/","name":"Remiremont Info","description":"Toute l&#039;actualit\u00e9 de Remiremont","publisher":{"@id":"https:\/\/vosgesinfo.fr\/remiremontinfo\/#organization"},"alternateName":"Toute l'actualit\u00e9 de Remiremont","potentialAction":[{"@type":"SearchAction","target":{"@type":"EntryPoint","urlTemplate":"https:\/\/vosgesinfo.fr\/remiremontinfo\/?s={search_term_string}"},"query-input":"required name=search_term_string"}],"inLanguage":"fr-FR"},{"@type":"Organization","@id":"https:\/\/vosgesinfo.fr\/remiremontinfo\/#organization","name":"Remiremont Info","url":"https:\/\/vosgesinfo.fr\/remiremontinfo\/","logo":{"@type":"ImageObject","inLanguage":"fr-FR","@id":"https:\/\/vosgesinfo.fr\/remiremontinfo\/#\/schema\/logo\/image\/","url":"https:\/\/vosgesinfo.fr\/app\/uploads\/sites\/5\/2023\/08\/favicon-remiremontinfo.png","contentUrl":"https:\/\/vosgesinfo.fr\/app\/uploads\/sites\/5\/2023\/08\/favicon-remiremontinfo.png","width":512,"height":512,"caption":"Remiremont Info"},"image":{"@id":"https:\/\/vosgesinfo.fr\/remiremontinfo\/#\/schema\/logo\/image\/"},"sameAs":["https:\/\/www.facebook.com\/remiremontinfo","https:\/\/x.com\/VosgesInfo88","https:\/\/www.youtube.com\/@vosgesinfo"]},{"@type":"Person","@id":"https:\/\/vosgesinfo.fr\/remiremontinfo\/#\/schema\/person\/3bfd164d5218a185b1db68655a265316","name":"C D","image":{"@type":"ImageObject","inLanguage":"fr-FR","@id":"https:\/\/vosgesinfo.fr\/remiremontinfo\/#\/schema\/person\/image\/","url":"https:\/\/secure.gravatar.com\/avatar\/1f9a70007336511a47468b8f1c66f922b8b7cf617b02a31149ada43893a5d48f?s=96&d=mm&r=g","contentUrl":"https:\/\/secure.gravatar.com\/avatar\/1f9a70007336511a47468b8f1c66f922b8b7cf617b02a31149ada43893a5d48f?s=96&d=mm&r=g","caption":"C D"},"url":"https:\/\/vosgesinfo.fr\/remiremontinfo\/author\/cedric-drevet\/"}]}},"_links":{"self":[{"href":"https:\/\/vosgesinfo.fr\/remiremontinfo\/wp-json\/wp\/v2\/posts\/64186","targetHints":{"allow":["GET"]}}],"collection":[{"href":"https:\/\/vosgesinfo.fr\/remiremontinfo\/wp-json\/wp\/v2\/posts"}],"about":[{"href":"https:\/\/vosgesinfo.fr\/remiremontinfo\/wp-json\/wp\/v2\/types\/post"}],"author":[{"embeddable":true,"href":"https:\/\/vosgesinfo.fr\/remiremontinfo\/wp-json\/wp\/v2\/users\/407"}],"replies":[{"embeddable":true,"href":"https:\/\/vosgesinfo.fr\/remiremontinfo\/wp-json\/wp\/v2\/comments?post=64186"}],"version-history":[{"count":0,"href":"https:\/\/vosgesinfo.fr\/remiremontinfo\/wp-json\/wp\/v2\/posts\/64186\/revisions"}],"wp:featuredmedia":[{"embeddable":true,"href":"https:\/\/vosgesinfo.fr\/remiremontinfo\/wp-json\/wp\/v2\/media\/64187"}],"wp:attachment":[{"href":"https:\/\/vosgesinfo.fr\/remiremontinfo\/wp-json\/wp\/v2\/media?parent=64186"}],"wp:term":[{"taxonomy":"category","embeddable":true,"href":"https:\/\/vosgesinfo.fr\/remiremontinfo\/wp-json\/wp\/v2\/categories?post=64186"},{"taxonomy":"post_tag","embeddable":true,"href":"https:\/\/vosgesinfo.fr\/remiremontinfo\/wp-json\/wp\/v2\/tags?post=64186"}],"curies":[{"name":"wp","href":"https:\/\/api.w.org\/{rel}","templated":true}]}}