{"id":64189,"date":"2022-11-04T06:52:24","date_gmt":"2022-11-04T05:52:24","guid":{"rendered":"https:\/\/vosgesinfo.fr\/remiremontinfo\/2022\/11\/originaire-vosges-charlotte-thiebaut-publie-deuxieme-ouvrage-a-23-ans\/"},"modified":"2022-11-04T06:52:24","modified_gmt":"2022-11-04T05:52:24","slug":"originaire-vosges-charlotte-thiebaut-publie-deuxieme-ouvrage-a-23-ans","status":"publish","type":"post","link":"https:\/\/vosgesinfo.fr\/remiremontinfo\/2022\/11\/originaire-vosges-charlotte-thiebaut-publie-deuxieme-ouvrage-a-23-ans\/","title":{"rendered":"Originaire des Vosges, Charlotte Thiebaut publie son deuxi\u00e8me ouvrage \u00e0 seulement 23 ans"},"content":{"rendered":"<h2>A seulement 23 ans, la jeune vosgienne Charlotte Thiebaut vient de publier son deuxi\u00e8me ouvrage en auto-\u00e9dition. Dans son livre \u00ab\u00a0Pause\u00a0\u00bb, l\u2019auteure originaire de\u00a0Moyenmoutier,\u00a0\u00e9voque une histoire vraie, son histoire.\u00a0Originaire d\u2019une petite ville des Vosges, c\u2019est \u00e0 l\u2019aube de ses 17 ans que Charlotte a commenc\u00e9 \u00e0 \u00e9crire.<\/h2>\n<div>Le livre de Charlotte Thiebaut, \u00ab\u00a0Pause\u00a0\u00bb, retrace le parcours d\u2019une jeune fille ayant v\u00e9cu \u00e9norm\u00e9ment de traumatismes, mais qui continue de se battre pour remettre des couleurs dans sa vie de jeune adulte. Entre sa travers\u00e9e des enfers, ses peurs, ses joies, ses peines, l\u2019h\u00e9ro\u00efne ne demande qu\u2019une chose : Une pause.<\/div>\n<div><em>\u00ab\u00a0L\u2019historie de ce roman est une histoire vraie, c\u2019est mon histoire.\u00a0\u00bb<\/em>\u00a0commente la jeune vosgienne, Charlotte Thiebaut, qui vient de publier son deuxi\u00e8me ouvrage en auto-\u00e9dition.<\/div>\n<div>Apr\u00e8s un premier roman \u00e9crit \u00e0 17 ans et publi\u00e9 en 2021, elle a d\u00e9cid\u00e9 de prendre pour sujet de son deuxi\u00e8me livre ses propres maux.<em>\u00a0\u00ab\u00a0Je veux prouver aux \u00e2mes bris\u00e9es, aux victimes d\u2019agression que nous pouvons nous en sortir, que p<\/em><\/div>\n","protected":false},"excerpt":{"rendered":"<p>A seulement 23 ans, la jeune vosgienne Charlotte Thiebaut vient de publier son deuxi\u00e8me ouvrage en auto-\u00e9dition. Dans son livre [&hellip;]<\/p>\n","protected":false},"author":407,"featured_media":64190,"comment_status":"open","ping_status":"open","sticky":false,"template":"","format":"standard","meta":{"footnotes":""},"categories":[26,4,18],"tags":[4994,360,32],"class_list":["post-64189","post","type-post","status-publish","format-standard","has-post-thumbnail","hentry","category-a-la-une","category-culture","category-vosges","tag-charlotte-thiebaut","tag-livre","tag-vosges"],"acf":[],"yoast_head":"<!-- This site is optimized with the Yoast SEO plugin v22.5 - https:\/\/yoast.com\/wordpress\/plugins\/seo\/ -->\n<title>Originaire des Vosges, Charlotte Thiebaut publie son deuxi\u00e8me ouvrage \u00e0 seulement 23 ans - Remiremont Info<\/title>\n<meta name=\"robots\" content=\"index, follow, max-snippet:-1, max-image-preview:large, max-video-preview:-1\" \/>\n<link rel=\"canonical\" href=\"https:\/\/vosgesinfo.fr\/remiremontinfo\/2022\/11\/originaire-vosges-charlotte-thiebaut-publie-deuxieme-ouvrage-a-23-ans\/\" \/>\n<meta name=\"twitter:card\" content=\"summary_large_image\" \/>\n<meta name=\"twitter:title\" content=\"Originaire des Vosges, Charlotte Thiebaut publie son deuxi\u00e8me ouvrage \u00e0 seulement 23 ans - Remiremont Info\" \/>\n<meta name=\"twitter:description\" content=\"A seulement 23 ans, la jeune vosgienne Charlotte Thiebaut vient de publier son deuxi\u00e8me ouvrage en auto-\u00e9dition. Dans son livre [&hellip;]\" \/>\n<meta name=\"twitter:image\" content=\"https:\/\/vosgesinfo.fr\/app\/uploads\/sites\/5\/2024\/09\/202211charlotte-thiebaut-ouvrage-pause-800x600-1.png\" \/>\n<meta name=\"twitter:creator\" content=\"@VosgesInfo88\" \/>\n<meta name=\"twitter:site\" content=\"@VosgesInfo88\" \/>\n<meta name=\"twitter:label1\" content=\"\u00c9crit par\" \/>\n\t<meta name=\"twitter:data1\" content=\"C D\" \/>\n\t<meta name=\"twitter:label2\" content=\"Dur\u00e9e de lecture estim\u00e9e\" \/>\n\t<meta name=\"twitter:data2\" content=\"1 minute\" \/>\n<script type=\"application\/ld+json\" class=\"yoast-schema-graph\">{\"@context\":\"https:\/\/schema.org\",\"@graph\":[{\"@type\":\"Article\",\"@id\":\"https:\/\/vosgesinfo.fr\/remiremontinfo\/2022\/11\/originaire-vosges-charlotte-thiebaut-publie-deuxieme-ouvrage-a-23-ans\/#article\",\"isPartOf\":{\"@id\":\"https:\/\/vosgesinfo.fr\/remiremontinfo\/2022\/11\/originaire-vosges-charlotte-thiebaut-publie-deuxieme-ouvrage-a-23-ans\/\"},\"author\":{\"name\":\"C D\",\"@id\":\"https:\/\/vosgesinfo.fr\/remiremontinfo\/#\/schema\/person\/3bfd164d5218a185b1db68655a265316\"},\"headline\":\"Originaire des Vosges, Charlotte Thiebaut publie son deuxi\u00e8me ouvrage \u00e0 seulement 23 ans\",\"datePublished\":\"2022-11-04T05:52:24+00:00\",\"dateModified\":\"2022-11-04T05:52:24+00:00\",\"mainEntityOfPage\":{\"@id\":\"https:\/\/vosgesinfo.fr\/remiremontinfo\/2022\/11\/originaire-vosges-charlotte-thiebaut-publie-deuxieme-ouvrage-a-23-ans\/\"},\"wordCount\":198,\"commentCount\":0,\"publisher\":{\"@id\":\"https:\/\/vosgesinfo.fr\/remiremontinfo\/#organization\"},\"image\":{\"@id\":\"https:\/\/vosgesinfo.fr\/remiremontinfo\/2022\/11\/originaire-vosges-charlotte-thiebaut-publie-deuxieme-ouvrage-a-23-ans\/#primaryimage\"},\"thumbnailUrl\":\"https:\/\/vosgesinfo.fr\/app\/uploads\/sites\/5\/2024\/09\/202211charlotte-thiebaut-ouvrage-pause-800x600-1.png\",\"keywords\":[\"charlotte thiebaut\",\"livre\",\"Vosges\"],\"articleSection\":[\"A la Une\",\"Culture\",\"Vosges\"],\"inLanguage\":\"fr-FR\",\"potentialAction\":[{\"@type\":\"CommentAction\",\"name\":\"Comment\",\"target\":[\"https:\/\/vosgesinfo.fr\/remiremontinfo\/2022\/11\/originaire-vosges-charlotte-thiebaut-publie-deuxieme-ouvrage-a-23-ans\/#respond\"]}]},{\"@type\":\"WebPage\",\"@id\":\"https:\/\/vosgesinfo.fr\/remiremontinfo\/2022\/11\/originaire-vosges-charlotte-thiebaut-publie-deuxieme-ouvrage-a-23-ans\/\",\"url\":\"https:\/\/vosgesinfo.fr\/remiremontinfo\/2022\/11\/originaire-vosges-charlotte-thiebaut-publie-deuxieme-ouvrage-a-23-ans\/\",\"name\":\"Originaire des Vosges, Charlotte Thiebaut publie son deuxi\u00e8me ouvrage \u00e0 seulement 23 ans - Remiremont Info\",\"isPartOf\":{\"@id\":\"https:\/\/vosgesinfo.fr\/remiremontinfo\/#website\"},\"primaryImageOfPage\":{\"@id\":\"https:\/\/vosgesinfo.fr\/remiremontinfo\/2022\/11\/originaire-vosges-charlotte-thiebaut-publie-deuxieme-ouvrage-a-23-ans\/#primaryimage\"},\"image\":{\"@id\":\"https:\/\/vosgesinfo.fr\/remiremontinfo\/2022\/11\/originaire-vosges-charlotte-thiebaut-publie-deuxieme-ouvrage-a-23-ans\/#primaryimage\"},\"thumbnailUrl\":\"https:\/\/vosgesinfo.fr\/app\/uploads\/sites\/5\/2024\/09\/202211charlotte-thiebaut-ouvrage-pause-800x600-1.png\",\"datePublished\":\"2022-11-04T05:52:24+00:00\",\"dateModified\":\"2022-11-04T05:52:24+00:00\",\"breadcrumb\":{\"@id\":\"https:\/\/vosgesinfo.fr\/remiremontinfo\/2022\/11\/originaire-vosges-charlotte-thiebaut-publie-deuxieme-ouvrage-a-23-ans\/#breadcrumb\"},\"inLanguage\":\"fr-FR\",\"potentialAction\":[{\"@type\":\"ReadAction\",\"target\":[\"https:\/\/vosgesinfo.fr\/remiremontinfo\/2022\/11\/originaire-vosges-charlotte-thiebaut-publie-deuxieme-ouvrage-a-23-ans\/\"]}]},{\"@type\":\"ImageObject\",\"inLanguage\":\"fr-FR\",\"@id\":\"https:\/\/vosgesinfo.fr\/remiremontinfo\/2022\/11\/originaire-vosges-charlotte-thiebaut-publie-deuxieme-ouvrage-a-23-ans\/#primaryimage\",\"url\":\"https:\/\/vosgesinfo.fr\/app\/uploads\/sites\/5\/2024\/09\/202211charlotte-thiebaut-ouvrage-pause-800x600-1.png\",\"contentUrl\":\"https:\/\/vosgesinfo.fr\/app\/uploads\/sites\/5\/2024\/09\/202211charlotte-thiebaut-ouvrage-pause-800x600-1.png\",\"width\":800,\"height\":600},{\"@type\":\"BreadcrumbList\",\"@id\":\"https:\/\/vosgesinfo.fr\/remiremontinfo\/2022\/11\/originaire-vosges-charlotte-thiebaut-publie-deuxieme-ouvrage-a-23-ans\/#breadcrumb\",\"itemListElement\":[{\"@type\":\"ListItem\",\"position\":1,\"name\":\"Home\",\"item\":\"https:\/\/vosgesinfo.fr\/remiremontinfo\/\"},{\"@type\":\"ListItem\",\"position\":2,\"name\":\"Originaire des Vosges, Charlotte Thiebaut publie son deuxi\u00e8me ouvrage \u00e0 seulement 23 ans\"}]},{\"@type\":\"WebSite\",\"@id\":\"https:\/\/vosgesinfo.fr\/remiremontinfo\/#website\",\"url\":\"https:\/\/vosgesinfo.fr\/remiremontinfo\/\",\"name\":\"Remiremont Info\",\"description\":\"Toute l&#039;actualit\u00e9 de Remiremont\",\"publisher\":{\"@id\":\"https:\/\/vosgesinfo.fr\/remiremontinfo\/#organization\"},\"alternateName\":\"Toute l'actualit\u00e9 de Remiremont\",\"potentialAction\":[{\"@type\":\"SearchAction\",\"target\":{\"@type\":\"EntryPoint\",\"urlTemplate\":\"https:\/\/vosgesinfo.fr\/remiremontinfo\/?s={search_term_string}\"},\"query-input\":\"required name=search_term_string\"}],\"inLanguage\":\"fr-FR\"},{\"@type\":\"Organization\",\"@id\":\"https:\/\/vosgesinfo.fr\/remiremontinfo\/#organization\",\"name\":\"Remiremont Info\",\"url\":\"https:\/\/vosgesinfo.fr\/remiremontinfo\/\",\"logo\":{\"@type\":\"ImageObject\",\"inLanguage\":\"fr-FR\",\"@id\":\"https:\/\/vosgesinfo.fr\/remiremontinfo\/#\/schema\/logo\/image\/\",\"url\":\"https:\/\/vosgesinfo.fr\/app\/uploads\/sites\/5\/2023\/08\/favicon-remiremontinfo.png\",\"contentUrl\":\"https:\/\/vosgesinfo.fr\/app\/uploads\/sites\/5\/2023\/08\/favicon-remiremontinfo.png\",\"width\":512,\"height\":512,\"caption\":\"Remiremont Info\"},\"image\":{\"@id\":\"https:\/\/vosgesinfo.fr\/remiremontinfo\/#\/schema\/logo\/image\/\"},\"sameAs\":[\"https:\/\/www.facebook.com\/remiremontinfo\",\"https:\/\/x.com\/VosgesInfo88\",\"https:\/\/www.youtube.com\/@vosgesinfo\"]},{\"@type\":\"Person\",\"@id\":\"https:\/\/vosgesinfo.fr\/remiremontinfo\/#\/schema\/person\/3bfd164d5218a185b1db68655a265316\",\"name\":\"C D\",\"image\":{\"@type\":\"ImageObject\",\"inLanguage\":\"fr-FR\",\"@id\":\"https:\/\/vosgesinfo.fr\/remiremontinfo\/#\/schema\/person\/image\/\",\"url\":\"https:\/\/secure.gravatar.com\/avatar\/1f9a70007336511a47468b8f1c66f922b8b7cf617b02a31149ada43893a5d48f?s=96&d=mm&r=g\",\"contentUrl\":\"https:\/\/secure.gravatar.com\/avatar\/1f9a70007336511a47468b8f1c66f922b8b7cf617b02a31149ada43893a5d48f?s=96&d=mm&r=g\",\"caption\":\"C D\"},\"url\":\"https:\/\/vosgesinfo.fr\/remiremontinfo\/author\/cedric-drevet\/\"}]}<\/script>\n<!-- \/ Yoast SEO plugin. -->","yoast_head_json":{"title":"Originaire des Vosges, Charlotte Thiebaut publie son deuxi\u00e8me ouvrage \u00e0 seulement 23 ans - Remiremont Info","robots":{"index":"index","follow":"follow","max-snippet":"max-snippet:-1","max-image-preview":"max-image-preview:large","max-video-preview":"max-video-preview:-1"},"canonical":"https:\/\/vosgesinfo.fr\/remiremontinfo\/2022\/11\/originaire-vosges-charlotte-thiebaut-publie-deuxieme-ouvrage-a-23-ans\/","twitter_card":"summary_large_image","twitter_title":"Originaire des Vosges, Charlotte Thiebaut publie son deuxi\u00e8me ouvrage \u00e0 seulement 23 ans - Remiremont Info","twitter_description":"A seulement 23 ans, la jeune vosgienne Charlotte Thiebaut vient de publier son deuxi\u00e8me ouvrage en auto-\u00e9dition. Dans son livre [&hellip;]","twitter_image":"https:\/\/vosgesinfo.fr\/app\/uploads\/sites\/5\/2024\/09\/202211charlotte-thiebaut-ouvrage-pause-800x600-1.png","twitter_creator":"@VosgesInfo88","twitter_site":"@VosgesInfo88","twitter_misc":{"\u00c9crit par":"C D","Dur\u00e9e de lecture estim\u00e9e":"1 minute"},"schema":{"@context":"https:\/\/schema.org","@graph":[{"@type":"Article","@id":"https:\/\/vosgesinfo.fr\/remiremontinfo\/2022\/11\/originaire-vosges-charlotte-thiebaut-publie-deuxieme-ouvrage-a-23-ans\/#article","isPartOf":{"@id":"https:\/\/vosgesinfo.fr\/remiremontinfo\/2022\/11\/originaire-vosges-charlotte-thiebaut-publie-deuxieme-ouvrage-a-23-ans\/"},"author":{"name":"C D","@id":"https:\/\/vosgesinfo.fr\/remiremontinfo\/#\/schema\/person\/3bfd164d5218a185b1db68655a265316"},"headline":"Originaire des Vosges, Charlotte Thiebaut publie son deuxi\u00e8me ouvrage \u00e0 seulement 23 ans","datePublished":"2022-11-04T05:52:24+00:00","dateModified":"2022-11-04T05:52:24+00:00","mainEntityOfPage":{"@id":"https:\/\/vosgesinfo.fr\/remiremontinfo\/2022\/11\/originaire-vosges-charlotte-thiebaut-publie-deuxieme-ouvrage-a-23-ans\/"},"wordCount":198,"commentCount":0,"publisher":{"@id":"https:\/\/vosgesinfo.fr\/remiremontinfo\/#organization"},"image":{"@id":"https:\/\/vosgesinfo.fr\/remiremontinfo\/2022\/11\/originaire-vosges-charlotte-thiebaut-publie-deuxieme-ouvrage-a-23-ans\/#primaryimage"},"thumbnailUrl":"https:\/\/vosgesinfo.fr\/app\/uploads\/sites\/5\/2024\/09\/202211charlotte-thiebaut-ouvrage-pause-800x600-1.png","keywords":["charlotte thiebaut","livre","Vosges"],"articleSection":["A la Une","Culture","Vosges"],"inLanguage":"fr-FR","potentialAction":[{"@type":"CommentAction","name":"Comment","target":["https:\/\/vosgesinfo.fr\/remiremontinfo\/2022\/11\/originaire-vosges-charlotte-thiebaut-publie-deuxieme-ouvrage-a-23-ans\/#respond"]}]},{"@type":"WebPage","@id":"https:\/\/vosgesinfo.fr\/remiremontinfo\/2022\/11\/originaire-vosges-charlotte-thiebaut-publie-deuxieme-ouvrage-a-23-ans\/","url":"https:\/\/vosgesinfo.fr\/remiremontinfo\/2022\/11\/originaire-vosges-charlotte-thiebaut-publie-deuxieme-ouvrage-a-23-ans\/","name":"Originaire des Vosges, Charlotte Thiebaut publie son deuxi\u00e8me ouvrage \u00e0 seulement 23 ans - Remiremont Info","isPartOf":{"@id":"https:\/\/vosgesinfo.fr\/remiremontinfo\/#website"},"primaryImageOfPage":{"@id":"https:\/\/vosgesinfo.fr\/remiremontinfo\/2022\/11\/originaire-vosges-charlotte-thiebaut-publie-deuxieme-ouvrage-a-23-ans\/#primaryimage"},"image":{"@id":"https:\/\/vosgesinfo.fr\/remiremontinfo\/2022\/11\/originaire-vosges-charlotte-thiebaut-publie-deuxieme-ouvrage-a-23-ans\/#primaryimage"},"thumbnailUrl":"https:\/\/vosgesinfo.fr\/app\/uploads\/sites\/5\/2024\/09\/202211charlotte-thiebaut-ouvrage-pause-800x600-1.png","datePublished":"2022-11-04T05:52:24+00:00","dateModified":"2022-11-04T05:52:24+00:00","breadcrumb":{"@id":"https:\/\/vosgesinfo.fr\/remiremontinfo\/2022\/11\/originaire-vosges-charlotte-thiebaut-publie-deuxieme-ouvrage-a-23-ans\/#breadcrumb"},"inLanguage":"fr-FR","potentialAction":[{"@type":"ReadAction","target":["https:\/\/vosgesinfo.fr\/remiremontinfo\/2022\/11\/originaire-vosges-charlotte-thiebaut-publie-deuxieme-ouvrage-a-23-ans\/"]}]},{"@type":"ImageObject","inLanguage":"fr-FR","@id":"https:\/\/vosgesinfo.fr\/remiremontinfo\/2022\/11\/originaire-vosges-charlotte-thiebaut-publie-deuxieme-ouvrage-a-23-ans\/#primaryimage","url":"https:\/\/vosgesinfo.fr\/app\/uploads\/sites\/5\/2024\/09\/202211charlotte-thiebaut-ouvrage-pause-800x600-1.png","contentUrl":"https:\/\/vosgesinfo.fr\/app\/uploads\/sites\/5\/2024\/09\/202211charlotte-thiebaut-ouvrage-pause-800x600-1.png","width":800,"height":600},{"@type":"BreadcrumbList","@id":"https:\/\/vosgesinfo.fr\/remiremontinfo\/2022\/11\/originaire-vosges-charlotte-thiebaut-publie-deuxieme-ouvrage-a-23-ans\/#breadcrumb","itemListElement":[{"@type":"ListItem","position":1,"name":"Home","item":"https:\/\/vosgesinfo.fr\/remiremontinfo\/"},{"@type":"ListItem","position":2,"name":"Originaire des Vosges, Charlotte Thiebaut publie son deuxi\u00e8me ouvrage \u00e0 seulement 23 ans"}]},{"@type":"WebSite","@id":"https:\/\/vosgesinfo.fr\/remiremontinfo\/#website","url":"https:\/\/vosgesinfo.fr\/remiremontinfo\/","name":"Remiremont Info","description":"Toute l&#039;actualit\u00e9 de Remiremont","publisher":{"@id":"https:\/\/vosgesinfo.fr\/remiremontinfo\/#organization"},"alternateName":"Toute l'actualit\u00e9 de Remiremont","potentialAction":[{"@type":"SearchAction","target":{"@type":"EntryPoint","urlTemplate":"https:\/\/vosgesinfo.fr\/remiremontinfo\/?s={search_term_string}"},"query-input":"required name=search_term_string"}],"inLanguage":"fr-FR"},{"@type":"Organization","@id":"https:\/\/vosgesinfo.fr\/remiremontinfo\/#organization","name":"Remiremont Info","url":"https:\/\/vosgesinfo.fr\/remiremontinfo\/","logo":{"@type":"ImageObject","inLanguage":"fr-FR","@id":"https:\/\/vosgesinfo.fr\/remiremontinfo\/#\/schema\/logo\/image\/","url":"https:\/\/vosgesinfo.fr\/app\/uploads\/sites\/5\/2023\/08\/favicon-remiremontinfo.png","contentUrl":"https:\/\/vosgesinfo.fr\/app\/uploads\/sites\/5\/2023\/08\/favicon-remiremontinfo.png","width":512,"height":512,"caption":"Remiremont Info"},"image":{"@id":"https:\/\/vosgesinfo.fr\/remiremontinfo\/#\/schema\/logo\/image\/"},"sameAs":["https:\/\/www.facebook.com\/remiremontinfo","https:\/\/x.com\/VosgesInfo88","https:\/\/www.youtube.com\/@vosgesinfo"]},{"@type":"Person","@id":"https:\/\/vosgesinfo.fr\/remiremontinfo\/#\/schema\/person\/3bfd164d5218a185b1db68655a265316","name":"C D","image":{"@type":"ImageObject","inLanguage":"fr-FR","@id":"https:\/\/vosgesinfo.fr\/remiremontinfo\/#\/schema\/person\/image\/","url":"https:\/\/secure.gravatar.com\/avatar\/1f9a70007336511a47468b8f1c66f922b8b7cf617b02a31149ada43893a5d48f?s=96&d=mm&r=g","contentUrl":"https:\/\/secure.gravatar.com\/avatar\/1f9a70007336511a47468b8f1c66f922b8b7cf617b02a31149ada43893a5d48f?s=96&d=mm&r=g","caption":"C D"},"url":"https:\/\/vosgesinfo.fr\/remiremontinfo\/author\/cedric-drevet\/"}]}},"_links":{"self":[{"href":"https:\/\/vosgesinfo.fr\/remiremontinfo\/wp-json\/wp\/v2\/posts\/64189","targetHints":{"allow":["GET"]}}],"collection":[{"href":"https:\/\/vosgesinfo.fr\/remiremontinfo\/wp-json\/wp\/v2\/posts"}],"about":[{"href":"https:\/\/vosgesinfo.fr\/remiremontinfo\/wp-json\/wp\/v2\/types\/post"}],"author":[{"embeddable":true,"href":"https:\/\/vosgesinfo.fr\/remiremontinfo\/wp-json\/wp\/v2\/users\/407"}],"replies":[{"embeddable":true,"href":"https:\/\/vosgesinfo.fr\/remiremontinfo\/wp-json\/wp\/v2\/comments?post=64189"}],"version-history":[{"count":0,"href":"https:\/\/vosgesinfo.fr\/remiremontinfo\/wp-json\/wp\/v2\/posts\/64189\/revisions"}],"wp:featuredmedia":[{"embeddable":true,"href":"https:\/\/vosgesinfo.fr\/remiremontinfo\/wp-json\/wp\/v2\/media\/64190"}],"wp:attachment":[{"href":"https:\/\/vosgesinfo.fr\/remiremontinfo\/wp-json\/wp\/v2\/media?parent=64189"}],"wp:term":[{"taxonomy":"category","embeddable":true,"href":"https:\/\/vosgesinfo.fr\/remiremontinfo\/wp-json\/wp\/v2\/categories?post=64189"},{"taxonomy":"post_tag","embeddable":true,"href":"https:\/\/vosgesinfo.fr\/remiremontinfo\/wp-json\/wp\/v2\/tags?post=64189"}],"curies":[{"name":"wp","href":"https:\/\/api.w.org\/{rel}","templated":true}]}}