{"id":64322,"date":"2022-11-09T10:17:07","date_gmt":"2022-11-09T09:17:07","guid":{"rendered":"https:\/\/vosgesinfo.fr\/remiremontinfo\/2022\/11\/remiremont-j-2-louverture-salon-de-lhabitat\/"},"modified":"2022-11-09T10:17:07","modified_gmt":"2022-11-09T09:17:07","slug":"remiremont-j-2-louverture-salon-de-lhabitat","status":"publish","type":"post","link":"https:\/\/vosgesinfo.fr\/remiremontinfo\/2022\/11\/remiremont-j-2-louverture-salon-de-lhabitat\/","title":{"rendered":"Remiremont : J-2 avant l&rsquo;ouverture du Salon de l\u2019Habitat"},"content":{"rendered":"<p><a href=\"\/2022\/11\/DSC_0282.jpg\"><img decoding=\"async\" class=\"alignnone size-large wp-image-357308\" src=\"\/2022\/11\/DSC_0282-1024x749.jpg\" alt=\"salon habitat remiremont\" width=\"960\" height=\"702\" \/><\/a><\/p>\n<h3><span style=\"font-size: 12pt;\"><strong>Remiremont accueillera le week-end des 11, 12 et 13 novembre prochains l\u2019\u00e9dition 2022 du Salon de l\u2019Habitat organis\u00e9e par Vosg\u2019Event. Quelque 40 exposants seront pr\u00e9sents au Centre des congr\u00e8s pour pr\u00e9senter leur savoir-faire. L\u2019entr\u00e9e est gratuite. L\u2019\u00e9v\u00e9nement est tr\u00e8s attendu par les exposants comme par les potentiels clients.<\/strong><\/span><\/h3>\n<p>Les exposants sont tous vosgiens, reconnus comme professionnels comp\u00e9tents dans leur domaine d\u2019activit\u00e9. Les organisateurs du salon souhaitent promouvoir les circuits courts, et garantir des services de proximit\u00e9. Le bassin de vie de Remiremont est une nouvelle fois bien repr\u00e9sent\u00e9 \u00e0 l\u2019occasion de cette neuvi\u00e8me \u00e9dition ! Tous les secteurs du m\u00e9tier sont repr\u00e9sent\u00e9s : b\u00e2timent, d\u00e9coration, ameublement, am\u00e9nagement du jardin. Pour construire, agrandir, r\u00e9nover, embellir, s\u00e9curiser, isoler. Pour l\u2019ext\u00e9rieur comme pour l\u2019int\u00e9rieur. On va retrouver cette ann\u00e9e encore sur le salon tous les corps de m\u00e9tier. De l\u2019artisan qui exerce seul \u00e0 la grande PME du d\u00e9partement.<\/p>\n<h4><strong><em>100% Vosgitude et 100% \u00e9conomie d\u2019\u00e9nergie\u00a0<\/em><\/strong><\/h4>\n<p>Les \u00e9conomies d\u2019\u00e9nergie seront \u00e0 l\u2019honneur cette ann\u00e9e, avec notamment des solutions pour produire sa propre \u00e9lectricit\u00e9. Notons une nouveaut\u00e9\u00a0: la pr\u00e9sence de 2 sp\u00e9cialistes en panneaux photovolta\u00efques. Tous les m\u00e9tiers de l\u2019isolation et du chauffage seront par ailleurs repr\u00e9sent\u00e9s\u00a0: isolation par l\u2019ext\u00e9rieur, par l\u2019int\u00e9rieur, des combles, des sous-sols, pompes \u00e0 chaleur, po\u00eale \u00e0 bois, \u00e0 granul\u00e9s, menuiseries ext\u00e9rieures en bois, en pvc, en aluminium, triple vitrage, etc. La Communaut\u00e9 de Commune de la Porte des Vosges M\u00e9ridionales sera pr\u00e9sente pour pr\u00e9senter aux visiteurs les solutions d\u2019accompagnement financier du programme national France Renov\u2019 mis en place par le Minist\u00e8re de la Transition Ecologique.<\/p>\n","protected":false},"excerpt":{"rendered":"<p>Remiremont accueillera le week-end des 11, 12 et 13 novembre prochains l\u2019\u00e9dition 2022 du Salon de l\u2019Habitat organis\u00e9e par Vosg\u2019Event. [&hellip;]<\/p>\n","protected":false},"author":407,"featured_media":64323,"comment_status":"open","ping_status":"open","sticky":false,"template":"","format":"standard","meta":{"footnotes":""},"categories":[26,1556,35],"tags":[2635,1672,44,2874,32],"class_list":["post-64322","post","type-post","status-publish","format-standard","has-post-thumbnail","hentry","category-a-la-une","category-remiremont-remiremont-son-canton-2","category-remiremont-son-canton","tag-centre-des-congres","tag-maison","tag-remiremont","tag-salon-de-lhabitat","tag-vosges"],"acf":[],"yoast_head":"<!-- This site is optimized with the Yoast SEO plugin v22.5 - https:\/\/yoast.com\/wordpress\/plugins\/seo\/ -->\n<title>Remiremont : J-2 avant l&#039;ouverture du Salon de l\u2019Habitat - Remiremont Info<\/title>\n<meta name=\"robots\" content=\"index, follow, max-snippet:-1, max-image-preview:large, max-video-preview:-1\" \/>\n<link rel=\"canonical\" href=\"https:\/\/vosgesinfo.fr\/remiremontinfo\/2022\/11\/remiremont-j-2-louverture-salon-de-lhabitat\/\" \/>\n<meta name=\"twitter:card\" content=\"summary_large_image\" \/>\n<meta name=\"twitter:title\" content=\"Remiremont : J-2 avant l&#039;ouverture du Salon de l\u2019Habitat - Remiremont Info\" \/>\n<meta name=\"twitter:description\" content=\"Remiremont accueillera le week-end des 11, 12 et 13 novembre prochains l\u2019\u00e9dition 2022 du Salon de l\u2019Habitat organis\u00e9e par Vosg\u2019Event. [&hellip;]\" \/>\n<meta name=\"twitter:image\" content=\"https:\/\/vosgesinfo.fr\/app\/uploads\/sites\/5\/2024\/09\/202211dsc-0282-1.jpg\" \/>\n<meta name=\"twitter:creator\" content=\"@VosgesInfo88\" \/>\n<meta name=\"twitter:site\" content=\"@VosgesInfo88\" \/>\n<meta name=\"twitter:label1\" content=\"\u00c9crit par\" \/>\n\t<meta name=\"twitter:data1\" content=\"C D\" \/>\n\t<meta name=\"twitter:label2\" content=\"Dur\u00e9e de lecture estim\u00e9e\" \/>\n\t<meta name=\"twitter:data2\" content=\"1 minute\" \/>\n<script type=\"application\/ld+json\" class=\"yoast-schema-graph\">{\"@context\":\"https:\/\/schema.org\",\"@graph\":[{\"@type\":\"Article\",\"@id\":\"https:\/\/vosgesinfo.fr\/remiremontinfo\/2022\/11\/remiremont-j-2-louverture-salon-de-lhabitat\/#article\",\"isPartOf\":{\"@id\":\"https:\/\/vosgesinfo.fr\/remiremontinfo\/2022\/11\/remiremont-j-2-louverture-salon-de-lhabitat\/\"},\"author\":{\"name\":\"C D\",\"@id\":\"https:\/\/vosgesinfo.fr\/remiremontinfo\/#\/schema\/person\/3bfd164d5218a185b1db68655a265316\"},\"headline\":\"Remiremont : J-2 avant l&rsquo;ouverture du Salon de l\u2019Habitat\",\"datePublished\":\"2022-11-09T09:17:07+00:00\",\"dateModified\":\"2022-11-09T09:17:07+00:00\",\"mainEntityOfPage\":{\"@id\":\"https:\/\/vosgesinfo.fr\/remiremontinfo\/2022\/11\/remiremont-j-2-louverture-salon-de-lhabitat\/\"},\"wordCount\":305,\"commentCount\":0,\"publisher\":{\"@id\":\"https:\/\/vosgesinfo.fr\/remiremontinfo\/#organization\"},\"image\":{\"@id\":\"https:\/\/vosgesinfo.fr\/remiremontinfo\/2022\/11\/remiremont-j-2-louverture-salon-de-lhabitat\/#primaryimage\"},\"thumbnailUrl\":\"https:\/\/vosgesinfo.fr\/app\/uploads\/sites\/5\/2024\/09\/202211dsc-0282-1.jpg\",\"keywords\":[\"centre des congr\u00e8s\",\"Maison\",\"remiremont\",\"salon de l'habitat\",\"Vosges\"],\"articleSection\":[\"A la Une\",\"Remiremont\",\"Remiremont &amp; son canton\"],\"inLanguage\":\"fr-FR\",\"potentialAction\":[{\"@type\":\"CommentAction\",\"name\":\"Comment\",\"target\":[\"https:\/\/vosgesinfo.fr\/remiremontinfo\/2022\/11\/remiremont-j-2-louverture-salon-de-lhabitat\/#respond\"]}]},{\"@type\":\"WebPage\",\"@id\":\"https:\/\/vosgesinfo.fr\/remiremontinfo\/2022\/11\/remiremont-j-2-louverture-salon-de-lhabitat\/\",\"url\":\"https:\/\/vosgesinfo.fr\/remiremontinfo\/2022\/11\/remiremont-j-2-louverture-salon-de-lhabitat\/\",\"name\":\"Remiremont : J-2 avant l'ouverture du Salon de l\u2019Habitat - Remiremont Info\",\"isPartOf\":{\"@id\":\"https:\/\/vosgesinfo.fr\/remiremontinfo\/#website\"},\"primaryImageOfPage\":{\"@id\":\"https:\/\/vosgesinfo.fr\/remiremontinfo\/2022\/11\/remiremont-j-2-louverture-salon-de-lhabitat\/#primaryimage\"},\"image\":{\"@id\":\"https:\/\/vosgesinfo.fr\/remiremontinfo\/2022\/11\/remiremont-j-2-louverture-salon-de-lhabitat\/#primaryimage\"},\"thumbnailUrl\":\"https:\/\/vosgesinfo.fr\/app\/uploads\/sites\/5\/2024\/09\/202211dsc-0282-1.jpg\",\"datePublished\":\"2022-11-09T09:17:07+00:00\",\"dateModified\":\"2022-11-09T09:17:07+00:00\",\"breadcrumb\":{\"@id\":\"https:\/\/vosgesinfo.fr\/remiremontinfo\/2022\/11\/remiremont-j-2-louverture-salon-de-lhabitat\/#breadcrumb\"},\"inLanguage\":\"fr-FR\",\"potentialAction\":[{\"@type\":\"ReadAction\",\"target\":[\"https:\/\/vosgesinfo.fr\/remiremontinfo\/2022\/11\/remiremont-j-2-louverture-salon-de-lhabitat\/\"]}]},{\"@type\":\"ImageObject\",\"inLanguage\":\"fr-FR\",\"@id\":\"https:\/\/vosgesinfo.fr\/remiremontinfo\/2022\/11\/remiremont-j-2-louverture-salon-de-lhabitat\/#primaryimage\",\"url\":\"https:\/\/vosgesinfo.fr\/app\/uploads\/sites\/5\/2024\/09\/202211dsc-0282-1.jpg\",\"contentUrl\":\"https:\/\/vosgesinfo.fr\/app\/uploads\/sites\/5\/2024\/09\/202211dsc-0282-1.jpg\",\"width\":1600,\"height\":1170},{\"@type\":\"BreadcrumbList\",\"@id\":\"https:\/\/vosgesinfo.fr\/remiremontinfo\/2022\/11\/remiremont-j-2-louverture-salon-de-lhabitat\/#breadcrumb\",\"itemListElement\":[{\"@type\":\"ListItem\",\"position\":1,\"name\":\"Home\",\"item\":\"https:\/\/vosgesinfo.fr\/remiremontinfo\/\"},{\"@type\":\"ListItem\",\"position\":2,\"name\":\"Remiremont : J-2 avant l&rsquo;ouverture du Salon de l\u2019Habitat\"}]},{\"@type\":\"WebSite\",\"@id\":\"https:\/\/vosgesinfo.fr\/remiremontinfo\/#website\",\"url\":\"https:\/\/vosgesinfo.fr\/remiremontinfo\/\",\"name\":\"Remiremont Info\",\"description\":\"Toute l&#039;actualit\u00e9 de Remiremont\",\"publisher\":{\"@id\":\"https:\/\/vosgesinfo.fr\/remiremontinfo\/#organization\"},\"alternateName\":\"Toute l'actualit\u00e9 de Remiremont\",\"potentialAction\":[{\"@type\":\"SearchAction\",\"target\":{\"@type\":\"EntryPoint\",\"urlTemplate\":\"https:\/\/vosgesinfo.fr\/remiremontinfo\/?s={search_term_string}\"},\"query-input\":\"required name=search_term_string\"}],\"inLanguage\":\"fr-FR\"},{\"@type\":\"Organization\",\"@id\":\"https:\/\/vosgesinfo.fr\/remiremontinfo\/#organization\",\"name\":\"Remiremont Info\",\"url\":\"https:\/\/vosgesinfo.fr\/remiremontinfo\/\",\"logo\":{\"@type\":\"ImageObject\",\"inLanguage\":\"fr-FR\",\"@id\":\"https:\/\/vosgesinfo.fr\/remiremontinfo\/#\/schema\/logo\/image\/\",\"url\":\"https:\/\/vosgesinfo.fr\/app\/uploads\/sites\/5\/2023\/08\/favicon-remiremontinfo.png\",\"contentUrl\":\"https:\/\/vosgesinfo.fr\/app\/uploads\/sites\/5\/2023\/08\/favicon-remiremontinfo.png\",\"width\":512,\"height\":512,\"caption\":\"Remiremont Info\"},\"image\":{\"@id\":\"https:\/\/vosgesinfo.fr\/remiremontinfo\/#\/schema\/logo\/image\/\"},\"sameAs\":[\"https:\/\/www.facebook.com\/remiremontinfo\",\"https:\/\/x.com\/VosgesInfo88\",\"https:\/\/www.youtube.com\/@vosgesinfo\"]},{\"@type\":\"Person\",\"@id\":\"https:\/\/vosgesinfo.fr\/remiremontinfo\/#\/schema\/person\/3bfd164d5218a185b1db68655a265316\",\"name\":\"C D\",\"image\":{\"@type\":\"ImageObject\",\"inLanguage\":\"fr-FR\",\"@id\":\"https:\/\/vosgesinfo.fr\/remiremontinfo\/#\/schema\/person\/image\/\",\"url\":\"https:\/\/secure.gravatar.com\/avatar\/1f9a70007336511a47468b8f1c66f922b8b7cf617b02a31149ada43893a5d48f?s=96&d=mm&r=g\",\"contentUrl\":\"https:\/\/secure.gravatar.com\/avatar\/1f9a70007336511a47468b8f1c66f922b8b7cf617b02a31149ada43893a5d48f?s=96&d=mm&r=g\",\"caption\":\"C D\"},\"url\":\"https:\/\/vosgesinfo.fr\/remiremontinfo\/author\/cedric-drevet\/\"}]}<\/script>\n<!-- \/ Yoast SEO plugin. -->","yoast_head_json":{"title":"Remiremont : J-2 avant l'ouverture du Salon de l\u2019Habitat - Remiremont Info","robots":{"index":"index","follow":"follow","max-snippet":"max-snippet:-1","max-image-preview":"max-image-preview:large","max-video-preview":"max-video-preview:-1"},"canonical":"https:\/\/vosgesinfo.fr\/remiremontinfo\/2022\/11\/remiremont-j-2-louverture-salon-de-lhabitat\/","twitter_card":"summary_large_image","twitter_title":"Remiremont : J-2 avant l'ouverture du Salon de l\u2019Habitat - Remiremont Info","twitter_description":"Remiremont accueillera le week-end des 11, 12 et 13 novembre prochains l\u2019\u00e9dition 2022 du Salon de l\u2019Habitat organis\u00e9e par Vosg\u2019Event. [&hellip;]","twitter_image":"https:\/\/vosgesinfo.fr\/app\/uploads\/sites\/5\/2024\/09\/202211dsc-0282-1.jpg","twitter_creator":"@VosgesInfo88","twitter_site":"@VosgesInfo88","twitter_misc":{"\u00c9crit par":"C D","Dur\u00e9e de lecture estim\u00e9e":"1 minute"},"schema":{"@context":"https:\/\/schema.org","@graph":[{"@type":"Article","@id":"https:\/\/vosgesinfo.fr\/remiremontinfo\/2022\/11\/remiremont-j-2-louverture-salon-de-lhabitat\/#article","isPartOf":{"@id":"https:\/\/vosgesinfo.fr\/remiremontinfo\/2022\/11\/remiremont-j-2-louverture-salon-de-lhabitat\/"},"author":{"name":"C D","@id":"https:\/\/vosgesinfo.fr\/remiremontinfo\/#\/schema\/person\/3bfd164d5218a185b1db68655a265316"},"headline":"Remiremont : J-2 avant l&rsquo;ouverture du Salon de l\u2019Habitat","datePublished":"2022-11-09T09:17:07+00:00","dateModified":"2022-11-09T09:17:07+00:00","mainEntityOfPage":{"@id":"https:\/\/vosgesinfo.fr\/remiremontinfo\/2022\/11\/remiremont-j-2-louverture-salon-de-lhabitat\/"},"wordCount":305,"commentCount":0,"publisher":{"@id":"https:\/\/vosgesinfo.fr\/remiremontinfo\/#organization"},"image":{"@id":"https:\/\/vosgesinfo.fr\/remiremontinfo\/2022\/11\/remiremont-j-2-louverture-salon-de-lhabitat\/#primaryimage"},"thumbnailUrl":"https:\/\/vosgesinfo.fr\/app\/uploads\/sites\/5\/2024\/09\/202211dsc-0282-1.jpg","keywords":["centre des congr\u00e8s","Maison","remiremont","salon de l'habitat","Vosges"],"articleSection":["A la Une","Remiremont","Remiremont &amp; son canton"],"inLanguage":"fr-FR","potentialAction":[{"@type":"CommentAction","name":"Comment","target":["https:\/\/vosgesinfo.fr\/remiremontinfo\/2022\/11\/remiremont-j-2-louverture-salon-de-lhabitat\/#respond"]}]},{"@type":"WebPage","@id":"https:\/\/vosgesinfo.fr\/remiremontinfo\/2022\/11\/remiremont-j-2-louverture-salon-de-lhabitat\/","url":"https:\/\/vosgesinfo.fr\/remiremontinfo\/2022\/11\/remiremont-j-2-louverture-salon-de-lhabitat\/","name":"Remiremont : J-2 avant l'ouverture du Salon de l\u2019Habitat - Remiremont Info","isPartOf":{"@id":"https:\/\/vosgesinfo.fr\/remiremontinfo\/#website"},"primaryImageOfPage":{"@id":"https:\/\/vosgesinfo.fr\/remiremontinfo\/2022\/11\/remiremont-j-2-louverture-salon-de-lhabitat\/#primaryimage"},"image":{"@id":"https:\/\/vosgesinfo.fr\/remiremontinfo\/2022\/11\/remiremont-j-2-louverture-salon-de-lhabitat\/#primaryimage"},"thumbnailUrl":"https:\/\/vosgesinfo.fr\/app\/uploads\/sites\/5\/2024\/09\/202211dsc-0282-1.jpg","datePublished":"2022-11-09T09:17:07+00:00","dateModified":"2022-11-09T09:17:07+00:00","breadcrumb":{"@id":"https:\/\/vosgesinfo.fr\/remiremontinfo\/2022\/11\/remiremont-j-2-louverture-salon-de-lhabitat\/#breadcrumb"},"inLanguage":"fr-FR","potentialAction":[{"@type":"ReadAction","target":["https:\/\/vosgesinfo.fr\/remiremontinfo\/2022\/11\/remiremont-j-2-louverture-salon-de-lhabitat\/"]}]},{"@type":"ImageObject","inLanguage":"fr-FR","@id":"https:\/\/vosgesinfo.fr\/remiremontinfo\/2022\/11\/remiremont-j-2-louverture-salon-de-lhabitat\/#primaryimage","url":"https:\/\/vosgesinfo.fr\/app\/uploads\/sites\/5\/2024\/09\/202211dsc-0282-1.jpg","contentUrl":"https:\/\/vosgesinfo.fr\/app\/uploads\/sites\/5\/2024\/09\/202211dsc-0282-1.jpg","width":1600,"height":1170},{"@type":"BreadcrumbList","@id":"https:\/\/vosgesinfo.fr\/remiremontinfo\/2022\/11\/remiremont-j-2-louverture-salon-de-lhabitat\/#breadcrumb","itemListElement":[{"@type":"ListItem","position":1,"name":"Home","item":"https:\/\/vosgesinfo.fr\/remiremontinfo\/"},{"@type":"ListItem","position":2,"name":"Remiremont : J-2 avant l&rsquo;ouverture du Salon de l\u2019Habitat"}]},{"@type":"WebSite","@id":"https:\/\/vosgesinfo.fr\/remiremontinfo\/#website","url":"https:\/\/vosgesinfo.fr\/remiremontinfo\/","name":"Remiremont Info","description":"Toute l&#039;actualit\u00e9 de Remiremont","publisher":{"@id":"https:\/\/vosgesinfo.fr\/remiremontinfo\/#organization"},"alternateName":"Toute l'actualit\u00e9 de Remiremont","potentialAction":[{"@type":"SearchAction","target":{"@type":"EntryPoint","urlTemplate":"https:\/\/vosgesinfo.fr\/remiremontinfo\/?s={search_term_string}"},"query-input":"required name=search_term_string"}],"inLanguage":"fr-FR"},{"@type":"Organization","@id":"https:\/\/vosgesinfo.fr\/remiremontinfo\/#organization","name":"Remiremont Info","url":"https:\/\/vosgesinfo.fr\/remiremontinfo\/","logo":{"@type":"ImageObject","inLanguage":"fr-FR","@id":"https:\/\/vosgesinfo.fr\/remiremontinfo\/#\/schema\/logo\/image\/","url":"https:\/\/vosgesinfo.fr\/app\/uploads\/sites\/5\/2023\/08\/favicon-remiremontinfo.png","contentUrl":"https:\/\/vosgesinfo.fr\/app\/uploads\/sites\/5\/2023\/08\/favicon-remiremontinfo.png","width":512,"height":512,"caption":"Remiremont Info"},"image":{"@id":"https:\/\/vosgesinfo.fr\/remiremontinfo\/#\/schema\/logo\/image\/"},"sameAs":["https:\/\/www.facebook.com\/remiremontinfo","https:\/\/x.com\/VosgesInfo88","https:\/\/www.youtube.com\/@vosgesinfo"]},{"@type":"Person","@id":"https:\/\/vosgesinfo.fr\/remiremontinfo\/#\/schema\/person\/3bfd164d5218a185b1db68655a265316","name":"C D","image":{"@type":"ImageObject","inLanguage":"fr-FR","@id":"https:\/\/vosgesinfo.fr\/remiremontinfo\/#\/schema\/person\/image\/","url":"https:\/\/secure.gravatar.com\/avatar\/1f9a70007336511a47468b8f1c66f922b8b7cf617b02a31149ada43893a5d48f?s=96&d=mm&r=g","contentUrl":"https:\/\/secure.gravatar.com\/avatar\/1f9a70007336511a47468b8f1c66f922b8b7cf617b02a31149ada43893a5d48f?s=96&d=mm&r=g","caption":"C D"},"url":"https:\/\/vosgesinfo.fr\/remiremontinfo\/author\/cedric-drevet\/"}]}},"_links":{"self":[{"href":"https:\/\/vosgesinfo.fr\/remiremontinfo\/wp-json\/wp\/v2\/posts\/64322","targetHints":{"allow":["GET"]}}],"collection":[{"href":"https:\/\/vosgesinfo.fr\/remiremontinfo\/wp-json\/wp\/v2\/posts"}],"about":[{"href":"https:\/\/vosgesinfo.fr\/remiremontinfo\/wp-json\/wp\/v2\/types\/post"}],"author":[{"embeddable":true,"href":"https:\/\/vosgesinfo.fr\/remiremontinfo\/wp-json\/wp\/v2\/users\/407"}],"replies":[{"embeddable":true,"href":"https:\/\/vosgesinfo.fr\/remiremontinfo\/wp-json\/wp\/v2\/comments?post=64322"}],"version-history":[{"count":0,"href":"https:\/\/vosgesinfo.fr\/remiremontinfo\/wp-json\/wp\/v2\/posts\/64322\/revisions"}],"wp:featuredmedia":[{"embeddable":true,"href":"https:\/\/vosgesinfo.fr\/remiremontinfo\/wp-json\/wp\/v2\/media\/64323"}],"wp:attachment":[{"href":"https:\/\/vosgesinfo.fr\/remiremontinfo\/wp-json\/wp\/v2\/media?parent=64322"}],"wp:term":[{"taxonomy":"category","embeddable":true,"href":"https:\/\/vosgesinfo.fr\/remiremontinfo\/wp-json\/wp\/v2\/categories?post=64322"},{"taxonomy":"post_tag","embeddable":true,"href":"https:\/\/vosgesinfo.fr\/remiremontinfo\/wp-json\/wp\/v2\/tags?post=64322"}],"curies":[{"name":"wp","href":"https:\/\/api.w.org\/{rel}","templated":true}]}}