{"id":64326,"date":"2022-11-09T10:50:49","date_gmt":"2022-11-09T09:50:49","guid":{"rendered":"https:\/\/vosgesinfo.fr\/remiremontinfo\/2022\/11\/clemence-beretta-route-jo-de-paris-2024-groupe-mauffrey\/"},"modified":"2022-11-09T10:50:49","modified_gmt":"2022-11-09T09:50:49","slug":"clemence-beretta-route-jo-de-paris-2024-groupe-mauffrey","status":"publish","type":"post","link":"https:\/\/vosgesinfo.fr\/remiremontinfo\/2022\/11\/clemence-beretta-route-jo-de-paris-2024-groupe-mauffrey\/","title":{"rendered":"Cl\u00e9mence Beretta en route pour les JO de Paris 2024 avec le groupe Mauffrey"},"content":{"rendered":"<p><a href=\"\/2022\/11\/beretta-mauffrey.jpg\"><img decoding=\"async\" class=\"alignnone size-large wp-image-357598\" src=\"\/2022\/11\/beretta-mauffrey-683x1024.jpg\" alt=\"beretta mauffrey\" width=\"683\" height=\"1024\" \/><\/a><\/p>\n<p><span style=\"font-size: 10pt;\"><em>Photo par le groupe Mauffrey\u00a0<\/em><\/span><\/p>\n<h2><span style=\"font-size: 12pt;\"><strong>Le Groupe Mauffrey a annonc\u00e9 son soutien \u00e0 Cl\u00e9mence Beretta, la marcheuse athl\u00e9tique vosgienne de 24 ans, dans sa qu\u00eate de performance aux Jeux Olympique de Paris qui auront lieu en 2024. Ayant obtenu la 6\u00e8me place lors des Championnat d&rsquo;Europe d&rsquo;Athl\u00e9tisme \u00e0 Munich en ao\u00fbt dernier, et r\u00e9alisant le record de France de 20 kilom\u00e8tres marche, l&rsquo;athl\u00e9te se pr\u00e9pare pour le grand rendez-vous sportif international.\u00a0<\/strong><\/span><\/h2>\n<p>\u00ab\u00a0Les valeurs du groupe que sont l\u2019implication, la confiance et la rigueur ont rendu ce rapprochement \u00e9vident\u00a0\u00bb, affirme le groupe Mauffrey. \u00ab\u00a0Quant aux valeurs familiales communes, elles ne font que renforcer ce partenariat ! Toute l\u2019\u00e9quipe du Groupe Mauffrey te souhaite une belle pr\u00e9paration olympique, Cl\u00e9mence !\u00a0\u00bb. Un partenariat dont se r\u00e9jouit la principale int\u00e9ress\u00e9e. \u00ab\u00a0Merci beaucoup au Groupe Mauffrey de m&rsquo;accompagner dans cette aventure olympique !\u00a0\u00bb, a d\u00e9clar\u00e9 l\u2019athl\u00e8te. \u00ab\u00a0C&rsquo;est avec une grande fiert\u00e9 que je porterais les couleurs de l&rsquo;entreprise en France et \u00e0 l&rsquo;international en v\u00e9hiculant nos valeurs communes\u00a0\u00bb. Une satisfaction aussi pour la Mairie de Saint-Nabord\u00a0: \u00ab\u00a0Cl\u00e9mence nous a prouv\u00e9 par ses performances de l&rsquo;ann\u00e9e, sa d\u00e9termination et sa capacit\u00e9 \u00e0 surmonter les obstacles. Une telle union, lib\u00e9rant l&rsquo;esprit de notre grande sportive de certaines contraintes \u00e9conomiques, lui permettra de se consacrer \u00e0 sa carri\u00e8re de sportive et d&rsquo;atteindre peut-\u00eatre des sommets olympiques\u00a0\u00bb.<\/p>\n","protected":false},"excerpt":{"rendered":"<p>Photo par le groupe Mauffrey\u00a0 Le Groupe Mauffrey a annonc\u00e9 son soutien \u00e0 Cl\u00e9mence Beretta, la marcheuse athl\u00e9tique vosgienne de [&hellip;]<\/p>\n","protected":false},"author":407,"featured_media":64327,"comment_status":"open","ping_status":"open","sticky":false,"template":"","format":"standard","meta":{"footnotes":""},"categories":[26,35,100,14],"tags":[1265,1344,3311,1333,493,5027,5028,42,2277,32],"class_list":["post-64326","post","type-post","status-publish","format-standard","has-post-thumbnail","hentry","category-a-la-une","category-remiremont-son-canton","category-saint-nabord","category-sport","tag-clemence-beretta","tag-jeux-olympiques","tag-jo","tag-jo-paris-2024","tag-marche","tag-marche-rapide","tag-mauffray","tag-saint-nabord","tag-transport","tag-vosges"],"acf":[],"yoast_head":"<!-- This site is optimized with the Yoast SEO plugin v22.5 - https:\/\/yoast.com\/wordpress\/plugins\/seo\/ -->\n<title>Cl\u00e9mence Beretta en route pour les JO de Paris 2024 avec le groupe Mauffrey - Remiremont Info<\/title>\n<meta name=\"robots\" content=\"index, follow, max-snippet:-1, max-image-preview:large, max-video-preview:-1\" \/>\n<link rel=\"canonical\" href=\"https:\/\/vosgesinfo.fr\/remiremontinfo\/2022\/11\/clemence-beretta-route-jo-de-paris-2024-groupe-mauffrey\/\" \/>\n<meta name=\"twitter:card\" content=\"summary_large_image\" \/>\n<meta name=\"twitter:title\" content=\"Cl\u00e9mence Beretta en route pour les JO de Paris 2024 avec le groupe Mauffrey - Remiremont Info\" \/>\n<meta name=\"twitter:description\" content=\"Photo par le groupe Mauffrey\u00a0 Le Groupe Mauffrey a annonc\u00e9 son soutien \u00e0 Cl\u00e9mence Beretta, la marcheuse athl\u00e9tique vosgienne de [&hellip;]\" \/>\n<meta name=\"twitter:image\" content=\"https:\/\/vosgesinfo.fr\/app\/uploads\/sites\/5\/2024\/09\/202211beretta-mauffrey1.jpg\" \/>\n<meta name=\"twitter:creator\" content=\"@VosgesInfo88\" \/>\n<meta name=\"twitter:site\" content=\"@VosgesInfo88\" \/>\n<meta name=\"twitter:label1\" content=\"\u00c9crit par\" \/>\n\t<meta name=\"twitter:data1\" content=\"C D\" \/>\n\t<meta name=\"twitter:label2\" content=\"Dur\u00e9e de lecture estim\u00e9e\" \/>\n\t<meta name=\"twitter:data2\" content=\"1 minute\" \/>\n<script type=\"application\/ld+json\" class=\"yoast-schema-graph\">{\"@context\":\"https:\/\/schema.org\",\"@graph\":[{\"@type\":\"Article\",\"@id\":\"https:\/\/vosgesinfo.fr\/remiremontinfo\/2022\/11\/clemence-beretta-route-jo-de-paris-2024-groupe-mauffrey\/#article\",\"isPartOf\":{\"@id\":\"https:\/\/vosgesinfo.fr\/remiremontinfo\/2022\/11\/clemence-beretta-route-jo-de-paris-2024-groupe-mauffrey\/\"},\"author\":{\"name\":\"C D\",\"@id\":\"https:\/\/vosgesinfo.fr\/remiremontinfo\/#\/schema\/person\/3bfd164d5218a185b1db68655a265316\"},\"headline\":\"Cl\u00e9mence Beretta en route pour les JO de Paris 2024 avec le groupe Mauffrey\",\"datePublished\":\"2022-11-09T09:50:49+00:00\",\"dateModified\":\"2022-11-09T09:50:49+00:00\",\"mainEntityOfPage\":{\"@id\":\"https:\/\/vosgesinfo.fr\/remiremontinfo\/2022\/11\/clemence-beretta-route-jo-de-paris-2024-groupe-mauffrey\/\"},\"wordCount\":257,\"commentCount\":0,\"publisher\":{\"@id\":\"https:\/\/vosgesinfo.fr\/remiremontinfo\/#organization\"},\"image\":{\"@id\":\"https:\/\/vosgesinfo.fr\/remiremontinfo\/2022\/11\/clemence-beretta-route-jo-de-paris-2024-groupe-mauffrey\/#primaryimage\"},\"thumbnailUrl\":\"https:\/\/vosgesinfo.fr\/app\/uploads\/sites\/5\/2024\/09\/202211beretta-mauffrey1.jpg\",\"keywords\":[\"Cl\u00e9mence beretta\",\"Jeux Olympiques\",\"JO\",\"JO Paris 2024\",\"march\u00e9\",\"marche rapide\",\"mauffray\",\"saint-nabord\",\"transport\",\"Vosges\"],\"articleSection\":[\"A la Une\",\"Remiremont &amp; son canton\",\"Saint-Nabord\",\"Sport\"],\"inLanguage\":\"fr-FR\",\"potentialAction\":[{\"@type\":\"CommentAction\",\"name\":\"Comment\",\"target\":[\"https:\/\/vosgesinfo.fr\/remiremontinfo\/2022\/11\/clemence-beretta-route-jo-de-paris-2024-groupe-mauffrey\/#respond\"]}]},{\"@type\":\"WebPage\",\"@id\":\"https:\/\/vosgesinfo.fr\/remiremontinfo\/2022\/11\/clemence-beretta-route-jo-de-paris-2024-groupe-mauffrey\/\",\"url\":\"https:\/\/vosgesinfo.fr\/remiremontinfo\/2022\/11\/clemence-beretta-route-jo-de-paris-2024-groupe-mauffrey\/\",\"name\":\"Cl\u00e9mence Beretta en route pour les JO de Paris 2024 avec le groupe Mauffrey - Remiremont Info\",\"isPartOf\":{\"@id\":\"https:\/\/vosgesinfo.fr\/remiremontinfo\/#website\"},\"primaryImageOfPage\":{\"@id\":\"https:\/\/vosgesinfo.fr\/remiremontinfo\/2022\/11\/clemence-beretta-route-jo-de-paris-2024-groupe-mauffrey\/#primaryimage\"},\"image\":{\"@id\":\"https:\/\/vosgesinfo.fr\/remiremontinfo\/2022\/11\/clemence-beretta-route-jo-de-paris-2024-groupe-mauffrey\/#primaryimage\"},\"thumbnailUrl\":\"https:\/\/vosgesinfo.fr\/app\/uploads\/sites\/5\/2024\/09\/202211beretta-mauffrey1.jpg\",\"datePublished\":\"2022-11-09T09:50:49+00:00\",\"dateModified\":\"2022-11-09T09:50:49+00:00\",\"breadcrumb\":{\"@id\":\"https:\/\/vosgesinfo.fr\/remiremontinfo\/2022\/11\/clemence-beretta-route-jo-de-paris-2024-groupe-mauffrey\/#breadcrumb\"},\"inLanguage\":\"fr-FR\",\"potentialAction\":[{\"@type\":\"ReadAction\",\"target\":[\"https:\/\/vosgesinfo.fr\/remiremontinfo\/2022\/11\/clemence-beretta-route-jo-de-paris-2024-groupe-mauffrey\/\"]}]},{\"@type\":\"ImageObject\",\"inLanguage\":\"fr-FR\",\"@id\":\"https:\/\/vosgesinfo.fr\/remiremontinfo\/2022\/11\/clemence-beretta-route-jo-de-paris-2024-groupe-mauffrey\/#primaryimage\",\"url\":\"https:\/\/vosgesinfo.fr\/app\/uploads\/sites\/5\/2024\/09\/202211beretta-mauffrey1.jpg\",\"contentUrl\":\"https:\/\/vosgesinfo.fr\/app\/uploads\/sites\/5\/2024\/09\/202211beretta-mauffrey1.jpg\",\"width\":1177,\"height\":962},{\"@type\":\"BreadcrumbList\",\"@id\":\"https:\/\/vosgesinfo.fr\/remiremontinfo\/2022\/11\/clemence-beretta-route-jo-de-paris-2024-groupe-mauffrey\/#breadcrumb\",\"itemListElement\":[{\"@type\":\"ListItem\",\"position\":1,\"name\":\"Home\",\"item\":\"https:\/\/vosgesinfo.fr\/remiremontinfo\/\"},{\"@type\":\"ListItem\",\"position\":2,\"name\":\"Cl\u00e9mence Beretta en route pour les JO de Paris 2024 avec le groupe Mauffrey\"}]},{\"@type\":\"WebSite\",\"@id\":\"https:\/\/vosgesinfo.fr\/remiremontinfo\/#website\",\"url\":\"https:\/\/vosgesinfo.fr\/remiremontinfo\/\",\"name\":\"Remiremont Info\",\"description\":\"Toute l&#039;actualit\u00e9 de Remiremont\",\"publisher\":{\"@id\":\"https:\/\/vosgesinfo.fr\/remiremontinfo\/#organization\"},\"alternateName\":\"Toute l'actualit\u00e9 de Remiremont\",\"potentialAction\":[{\"@type\":\"SearchAction\",\"target\":{\"@type\":\"EntryPoint\",\"urlTemplate\":\"https:\/\/vosgesinfo.fr\/remiremontinfo\/?s={search_term_string}\"},\"query-input\":\"required name=search_term_string\"}],\"inLanguage\":\"fr-FR\"},{\"@type\":\"Organization\",\"@id\":\"https:\/\/vosgesinfo.fr\/remiremontinfo\/#organization\",\"name\":\"Remiremont Info\",\"url\":\"https:\/\/vosgesinfo.fr\/remiremontinfo\/\",\"logo\":{\"@type\":\"ImageObject\",\"inLanguage\":\"fr-FR\",\"@id\":\"https:\/\/vosgesinfo.fr\/remiremontinfo\/#\/schema\/logo\/image\/\",\"url\":\"https:\/\/vosgesinfo.fr\/app\/uploads\/sites\/5\/2023\/08\/favicon-remiremontinfo.png\",\"contentUrl\":\"https:\/\/vosgesinfo.fr\/app\/uploads\/sites\/5\/2023\/08\/favicon-remiremontinfo.png\",\"width\":512,\"height\":512,\"caption\":\"Remiremont Info\"},\"image\":{\"@id\":\"https:\/\/vosgesinfo.fr\/remiremontinfo\/#\/schema\/logo\/image\/\"},\"sameAs\":[\"https:\/\/www.facebook.com\/remiremontinfo\",\"https:\/\/x.com\/VosgesInfo88\",\"https:\/\/www.youtube.com\/@vosgesinfo\"]},{\"@type\":\"Person\",\"@id\":\"https:\/\/vosgesinfo.fr\/remiremontinfo\/#\/schema\/person\/3bfd164d5218a185b1db68655a265316\",\"name\":\"C D\",\"image\":{\"@type\":\"ImageObject\",\"inLanguage\":\"fr-FR\",\"@id\":\"https:\/\/vosgesinfo.fr\/remiremontinfo\/#\/schema\/person\/image\/\",\"url\":\"https:\/\/secure.gravatar.com\/avatar\/1f9a70007336511a47468b8f1c66f922b8b7cf617b02a31149ada43893a5d48f?s=96&d=mm&r=g\",\"contentUrl\":\"https:\/\/secure.gravatar.com\/avatar\/1f9a70007336511a47468b8f1c66f922b8b7cf617b02a31149ada43893a5d48f?s=96&d=mm&r=g\",\"caption\":\"C D\"},\"url\":\"https:\/\/vosgesinfo.fr\/remiremontinfo\/author\/cedric-drevet\/\"}]}<\/script>\n<!-- \/ Yoast SEO plugin. -->","yoast_head_json":{"title":"Cl\u00e9mence Beretta en route pour les JO de Paris 2024 avec le groupe Mauffrey - Remiremont Info","robots":{"index":"index","follow":"follow","max-snippet":"max-snippet:-1","max-image-preview":"max-image-preview:large","max-video-preview":"max-video-preview:-1"},"canonical":"https:\/\/vosgesinfo.fr\/remiremontinfo\/2022\/11\/clemence-beretta-route-jo-de-paris-2024-groupe-mauffrey\/","twitter_card":"summary_large_image","twitter_title":"Cl\u00e9mence Beretta en route pour les JO de Paris 2024 avec le groupe Mauffrey - Remiremont Info","twitter_description":"Photo par le groupe Mauffrey\u00a0 Le Groupe Mauffrey a annonc\u00e9 son soutien \u00e0 Cl\u00e9mence Beretta, la marcheuse athl\u00e9tique vosgienne de [&hellip;]","twitter_image":"https:\/\/vosgesinfo.fr\/app\/uploads\/sites\/5\/2024\/09\/202211beretta-mauffrey1.jpg","twitter_creator":"@VosgesInfo88","twitter_site":"@VosgesInfo88","twitter_misc":{"\u00c9crit par":"C D","Dur\u00e9e de lecture estim\u00e9e":"1 minute"},"schema":{"@context":"https:\/\/schema.org","@graph":[{"@type":"Article","@id":"https:\/\/vosgesinfo.fr\/remiremontinfo\/2022\/11\/clemence-beretta-route-jo-de-paris-2024-groupe-mauffrey\/#article","isPartOf":{"@id":"https:\/\/vosgesinfo.fr\/remiremontinfo\/2022\/11\/clemence-beretta-route-jo-de-paris-2024-groupe-mauffrey\/"},"author":{"name":"C D","@id":"https:\/\/vosgesinfo.fr\/remiremontinfo\/#\/schema\/person\/3bfd164d5218a185b1db68655a265316"},"headline":"Cl\u00e9mence Beretta en route pour les JO de Paris 2024 avec le groupe Mauffrey","datePublished":"2022-11-09T09:50:49+00:00","dateModified":"2022-11-09T09:50:49+00:00","mainEntityOfPage":{"@id":"https:\/\/vosgesinfo.fr\/remiremontinfo\/2022\/11\/clemence-beretta-route-jo-de-paris-2024-groupe-mauffrey\/"},"wordCount":257,"commentCount":0,"publisher":{"@id":"https:\/\/vosgesinfo.fr\/remiremontinfo\/#organization"},"image":{"@id":"https:\/\/vosgesinfo.fr\/remiremontinfo\/2022\/11\/clemence-beretta-route-jo-de-paris-2024-groupe-mauffrey\/#primaryimage"},"thumbnailUrl":"https:\/\/vosgesinfo.fr\/app\/uploads\/sites\/5\/2024\/09\/202211beretta-mauffrey1.jpg","keywords":["Cl\u00e9mence beretta","Jeux Olympiques","JO","JO Paris 2024","march\u00e9","marche rapide","mauffray","saint-nabord","transport","Vosges"],"articleSection":["A la Une","Remiremont &amp; son canton","Saint-Nabord","Sport"],"inLanguage":"fr-FR","potentialAction":[{"@type":"CommentAction","name":"Comment","target":["https:\/\/vosgesinfo.fr\/remiremontinfo\/2022\/11\/clemence-beretta-route-jo-de-paris-2024-groupe-mauffrey\/#respond"]}]},{"@type":"WebPage","@id":"https:\/\/vosgesinfo.fr\/remiremontinfo\/2022\/11\/clemence-beretta-route-jo-de-paris-2024-groupe-mauffrey\/","url":"https:\/\/vosgesinfo.fr\/remiremontinfo\/2022\/11\/clemence-beretta-route-jo-de-paris-2024-groupe-mauffrey\/","name":"Cl\u00e9mence Beretta en route pour les JO de Paris 2024 avec le groupe Mauffrey - Remiremont Info","isPartOf":{"@id":"https:\/\/vosgesinfo.fr\/remiremontinfo\/#website"},"primaryImageOfPage":{"@id":"https:\/\/vosgesinfo.fr\/remiremontinfo\/2022\/11\/clemence-beretta-route-jo-de-paris-2024-groupe-mauffrey\/#primaryimage"},"image":{"@id":"https:\/\/vosgesinfo.fr\/remiremontinfo\/2022\/11\/clemence-beretta-route-jo-de-paris-2024-groupe-mauffrey\/#primaryimage"},"thumbnailUrl":"https:\/\/vosgesinfo.fr\/app\/uploads\/sites\/5\/2024\/09\/202211beretta-mauffrey1.jpg","datePublished":"2022-11-09T09:50:49+00:00","dateModified":"2022-11-09T09:50:49+00:00","breadcrumb":{"@id":"https:\/\/vosgesinfo.fr\/remiremontinfo\/2022\/11\/clemence-beretta-route-jo-de-paris-2024-groupe-mauffrey\/#breadcrumb"},"inLanguage":"fr-FR","potentialAction":[{"@type":"ReadAction","target":["https:\/\/vosgesinfo.fr\/remiremontinfo\/2022\/11\/clemence-beretta-route-jo-de-paris-2024-groupe-mauffrey\/"]}]},{"@type":"ImageObject","inLanguage":"fr-FR","@id":"https:\/\/vosgesinfo.fr\/remiremontinfo\/2022\/11\/clemence-beretta-route-jo-de-paris-2024-groupe-mauffrey\/#primaryimage","url":"https:\/\/vosgesinfo.fr\/app\/uploads\/sites\/5\/2024\/09\/202211beretta-mauffrey1.jpg","contentUrl":"https:\/\/vosgesinfo.fr\/app\/uploads\/sites\/5\/2024\/09\/202211beretta-mauffrey1.jpg","width":1177,"height":962},{"@type":"BreadcrumbList","@id":"https:\/\/vosgesinfo.fr\/remiremontinfo\/2022\/11\/clemence-beretta-route-jo-de-paris-2024-groupe-mauffrey\/#breadcrumb","itemListElement":[{"@type":"ListItem","position":1,"name":"Home","item":"https:\/\/vosgesinfo.fr\/remiremontinfo\/"},{"@type":"ListItem","position":2,"name":"Cl\u00e9mence Beretta en route pour les JO de Paris 2024 avec le groupe Mauffrey"}]},{"@type":"WebSite","@id":"https:\/\/vosgesinfo.fr\/remiremontinfo\/#website","url":"https:\/\/vosgesinfo.fr\/remiremontinfo\/","name":"Remiremont Info","description":"Toute l&#039;actualit\u00e9 de Remiremont","publisher":{"@id":"https:\/\/vosgesinfo.fr\/remiremontinfo\/#organization"},"alternateName":"Toute l'actualit\u00e9 de Remiremont","potentialAction":[{"@type":"SearchAction","target":{"@type":"EntryPoint","urlTemplate":"https:\/\/vosgesinfo.fr\/remiremontinfo\/?s={search_term_string}"},"query-input":"required name=search_term_string"}],"inLanguage":"fr-FR"},{"@type":"Organization","@id":"https:\/\/vosgesinfo.fr\/remiremontinfo\/#organization","name":"Remiremont Info","url":"https:\/\/vosgesinfo.fr\/remiremontinfo\/","logo":{"@type":"ImageObject","inLanguage":"fr-FR","@id":"https:\/\/vosgesinfo.fr\/remiremontinfo\/#\/schema\/logo\/image\/","url":"https:\/\/vosgesinfo.fr\/app\/uploads\/sites\/5\/2023\/08\/favicon-remiremontinfo.png","contentUrl":"https:\/\/vosgesinfo.fr\/app\/uploads\/sites\/5\/2023\/08\/favicon-remiremontinfo.png","width":512,"height":512,"caption":"Remiremont Info"},"image":{"@id":"https:\/\/vosgesinfo.fr\/remiremontinfo\/#\/schema\/logo\/image\/"},"sameAs":["https:\/\/www.facebook.com\/remiremontinfo","https:\/\/x.com\/VosgesInfo88","https:\/\/www.youtube.com\/@vosgesinfo"]},{"@type":"Person","@id":"https:\/\/vosgesinfo.fr\/remiremontinfo\/#\/schema\/person\/3bfd164d5218a185b1db68655a265316","name":"C D","image":{"@type":"ImageObject","inLanguage":"fr-FR","@id":"https:\/\/vosgesinfo.fr\/remiremontinfo\/#\/schema\/person\/image\/","url":"https:\/\/secure.gravatar.com\/avatar\/1f9a70007336511a47468b8f1c66f922b8b7cf617b02a31149ada43893a5d48f?s=96&d=mm&r=g","contentUrl":"https:\/\/secure.gravatar.com\/avatar\/1f9a70007336511a47468b8f1c66f922b8b7cf617b02a31149ada43893a5d48f?s=96&d=mm&r=g","caption":"C D"},"url":"https:\/\/vosgesinfo.fr\/remiremontinfo\/author\/cedric-drevet\/"}]}},"_links":{"self":[{"href":"https:\/\/vosgesinfo.fr\/remiremontinfo\/wp-json\/wp\/v2\/posts\/64326","targetHints":{"allow":["GET"]}}],"collection":[{"href":"https:\/\/vosgesinfo.fr\/remiremontinfo\/wp-json\/wp\/v2\/posts"}],"about":[{"href":"https:\/\/vosgesinfo.fr\/remiremontinfo\/wp-json\/wp\/v2\/types\/post"}],"author":[{"embeddable":true,"href":"https:\/\/vosgesinfo.fr\/remiremontinfo\/wp-json\/wp\/v2\/users\/407"}],"replies":[{"embeddable":true,"href":"https:\/\/vosgesinfo.fr\/remiremontinfo\/wp-json\/wp\/v2\/comments?post=64326"}],"version-history":[{"count":0,"href":"https:\/\/vosgesinfo.fr\/remiremontinfo\/wp-json\/wp\/v2\/posts\/64326\/revisions"}],"wp:featuredmedia":[{"embeddable":true,"href":"https:\/\/vosgesinfo.fr\/remiremontinfo\/wp-json\/wp\/v2\/media\/64327"}],"wp:attachment":[{"href":"https:\/\/vosgesinfo.fr\/remiremontinfo\/wp-json\/wp\/v2\/media?parent=64326"}],"wp:term":[{"taxonomy":"category","embeddable":true,"href":"https:\/\/vosgesinfo.fr\/remiremontinfo\/wp-json\/wp\/v2\/categories?post=64326"},{"taxonomy":"post_tag","embeddable":true,"href":"https:\/\/vosgesinfo.fr\/remiremontinfo\/wp-json\/wp\/v2\/tags?post=64326"}],"curies":[{"name":"wp","href":"https:\/\/api.w.org\/{rel}","templated":true}]}}