{"id":64329,"date":"2022-11-09T11:00:12","date_gmt":"2022-11-09T10:00:12","guid":{"rendered":"https:\/\/vosgesinfo.fr\/remiremontinfo\/2022\/11\/trois-nouveaux-sapeurs-pompiers-professionnels-affectes-a-remiremont\/"},"modified":"2022-11-09T11:00:12","modified_gmt":"2022-11-09T10:00:12","slug":"trois-nouveaux-sapeurs-pompiers-professionnels-affectes-a-remiremont","status":"publish","type":"post","link":"https:\/\/vosgesinfo.fr\/remiremontinfo\/2022\/11\/trois-nouveaux-sapeurs-pompiers-professionnels-affectes-a-remiremont\/","title":{"rendered":"Trois nouveaux sapeurs-pompiers professionnels affect\u00e9s \u00e0 Remiremont"},"content":{"rendered":"<p>&nbsp;<\/p>\n<h2 dir=\"auto\"><a href=\"\/2022\/11\/313311371_499965655496428_851379252170283983_n.jpg\"><img decoding=\"async\" class=\"alignnone size-large wp-image-357602\" src=\"\/2022\/11\/313311371_499965655496428_851379252170283983_n-768x1024.jpg\" alt=\"313311371_499965655496428_851379252170283983_n\" width=\"768\" height=\"1024\" \/><\/a><\/h2>\n<p><span style=\"font-size: 10pt;\"><em>Photo par les Sapeurs-Pompiers de Remiremont\u00a0<\/em><\/span><\/p>\n<h2 dir=\"auto\"><span style=\"font-size: 12pt;\"><strong>\u00c7a bouge \u00e0 la caserne des pompiers de Remiremont. En effet, trois\u00a0nouveaux sapeurs-pompier professionnels sont affect\u00e9s \u00e0 Remiremont depuis ce lundi, comme l&rsquo;ont annonc\u00e9 les Sapeurs-Pompiers de Remiremont. Il s\u2019agit de Thibaut, Charles et Camille. Ils rejoignent le centre de secours de la commune, qui a f\u00eat\u00e9 en septembre\u00a0son 3\u00e8me centenaire :\u00a0<\/strong><\/span><\/h2>\n<div dir=\"auto\">\n<p>La caserne des sapeurs-pompiers de Remiremont a c\u00e9l\u00e9br\u00e9 le 17 septembre dernier ses 300 ans. De nombreuses personnalit\u00e9s du d\u00e9partement et des romarimontains se sont rassembl\u00e9es pour f\u00eater ce moment historique dans l\u2019une des plus ancienne caserne de France. Yves S\u00e9guy, pr\u00e9fet des Vosges, accompagn\u00e9 de Fran\u00e7ois Vannson, pr\u00e9sident du Conseil d\u00e9partemental, du d\u00e9put\u00e9 Christophe Naegelen, de Dominique Peduzzi s\u2019est rendu \u00e0 la caserne des pompiers de Remiremont pour f\u00eater l\u2019\u00e9v\u00e8nement avec les hommes du feu de la ville et des casernes aux alentours. La caserne a vu le jour le 17 septembre 1722 suite \u00e0 un grave incendie rue de la Xav\u00e9e. Suite \u00e0 ces \u00e9v\u00e8nements, la chanoinesse Henriette de Montjoie a promulgu\u00e9 une ordonnance qui a cr\u00e9\u00e9 \u00e0 l\u2019\u00e9poque les gardes-pompes, anc\u00eatres des actuels sapeurs-pompiers. Depuis des si\u00e8cles, ils d\u00e9fendent au quotidien des valeurs de courage et d\u2019engagement aupr\u00e8s de la population.<\/p>\n<\/div>\n","protected":false},"excerpt":{"rendered":"<p>&nbsp; Photo par les Sapeurs-Pompiers de Remiremont\u00a0 \u00c7a bouge \u00e0 la caserne des pompiers de Remiremont. En effet, trois\u00a0nouveaux sapeurs-pompier [&hellip;]<\/p>\n","protected":false},"author":407,"featured_media":64330,"comment_status":"open","ping_status":"open","sticky":false,"template":"","format":"standard","meta":{"footnotes":""},"categories":[26,1556,35,95],"tags":[4630,44,1963],"class_list":["post-64329","post","type-post","status-publish","format-standard","has-post-thumbnail","hentry","category-a-la-une","category-remiremont-remiremont-son-canton-2","category-remiremont-son-canton","category-securite","tag-caserne","tag-remiremont","tag-sapeurs-pompiers"],"acf":[],"yoast_head":"<!-- This site is optimized with the Yoast SEO plugin v22.5 - https:\/\/yoast.com\/wordpress\/plugins\/seo\/ -->\n<title>Trois nouveaux sapeurs-pompiers professionnels affect\u00e9s \u00e0 Remiremont - Remiremont Info<\/title>\n<meta name=\"robots\" content=\"index, follow, max-snippet:-1, max-image-preview:large, max-video-preview:-1\" \/>\n<link rel=\"canonical\" href=\"https:\/\/vosgesinfo.fr\/remiremontinfo\/2022\/11\/trois-nouveaux-sapeurs-pompiers-professionnels-affectes-a-remiremont\/\" \/>\n<meta name=\"twitter:card\" content=\"summary_large_image\" \/>\n<meta name=\"twitter:title\" content=\"Trois nouveaux sapeurs-pompiers professionnels affect\u00e9s \u00e0 Remiremont - Remiremont Info\" \/>\n<meta name=\"twitter:description\" content=\"&nbsp; Photo par les Sapeurs-Pompiers de Remiremont\u00a0 \u00c7a bouge \u00e0 la caserne des pompiers de Remiremont. En effet, trois\u00a0nouveaux sapeurs-pompier [&hellip;]\" \/>\n<meta name=\"twitter:image\" content=\"https:\/\/vosgesinfo.fr\/app\/uploads\/sites\/5\/2024\/09\/202211313311371-499965655496428-851379252170283983-n1.jpg\" \/>\n<meta name=\"twitter:creator\" content=\"@VosgesInfo88\" \/>\n<meta name=\"twitter:site\" content=\"@VosgesInfo88\" \/>\n<meta name=\"twitter:label1\" content=\"\u00c9crit par\" \/>\n\t<meta name=\"twitter:data1\" content=\"C D\" \/>\n\t<meta name=\"twitter:label2\" content=\"Dur\u00e9e de lecture estim\u00e9e\" \/>\n\t<meta name=\"twitter:data2\" content=\"1 minute\" \/>\n<script type=\"application\/ld+json\" class=\"yoast-schema-graph\">{\"@context\":\"https:\/\/schema.org\",\"@graph\":[{\"@type\":\"Article\",\"@id\":\"https:\/\/vosgesinfo.fr\/remiremontinfo\/2022\/11\/trois-nouveaux-sapeurs-pompiers-professionnels-affectes-a-remiremont\/#article\",\"isPartOf\":{\"@id\":\"https:\/\/vosgesinfo.fr\/remiremontinfo\/2022\/11\/trois-nouveaux-sapeurs-pompiers-professionnels-affectes-a-remiremont\/\"},\"author\":{\"name\":\"C D\",\"@id\":\"https:\/\/vosgesinfo.fr\/remiremontinfo\/#\/schema\/person\/3bfd164d5218a185b1db68655a265316\"},\"headline\":\"Trois nouveaux sapeurs-pompiers professionnels affect\u00e9s \u00e0 Remiremont\",\"datePublished\":\"2022-11-09T10:00:12+00:00\",\"dateModified\":\"2022-11-09T10:00:12+00:00\",\"mainEntityOfPage\":{\"@id\":\"https:\/\/vosgesinfo.fr\/remiremontinfo\/2022\/11\/trois-nouveaux-sapeurs-pompiers-professionnels-affectes-a-remiremont\/\"},\"wordCount\":230,\"commentCount\":0,\"publisher\":{\"@id\":\"https:\/\/vosgesinfo.fr\/remiremontinfo\/#organization\"},\"image\":{\"@id\":\"https:\/\/vosgesinfo.fr\/remiremontinfo\/2022\/11\/trois-nouveaux-sapeurs-pompiers-professionnels-affectes-a-remiremont\/#primaryimage\"},\"thumbnailUrl\":\"https:\/\/vosgesinfo.fr\/app\/uploads\/sites\/5\/2024\/09\/202211313311371-499965655496428-851379252170283983-n1.jpg\",\"keywords\":[\"caserne\",\"remiremont\",\"sapeurs-pompiers\"],\"articleSection\":[\"A la Une\",\"Remiremont\",\"Remiremont &amp; son canton\",\"S\u00e9curit\u00e9\"],\"inLanguage\":\"fr-FR\",\"potentialAction\":[{\"@type\":\"CommentAction\",\"name\":\"Comment\",\"target\":[\"https:\/\/vosgesinfo.fr\/remiremontinfo\/2022\/11\/trois-nouveaux-sapeurs-pompiers-professionnels-affectes-a-remiremont\/#respond\"]}]},{\"@type\":\"WebPage\",\"@id\":\"https:\/\/vosgesinfo.fr\/remiremontinfo\/2022\/11\/trois-nouveaux-sapeurs-pompiers-professionnels-affectes-a-remiremont\/\",\"url\":\"https:\/\/vosgesinfo.fr\/remiremontinfo\/2022\/11\/trois-nouveaux-sapeurs-pompiers-professionnels-affectes-a-remiremont\/\",\"name\":\"Trois nouveaux sapeurs-pompiers professionnels affect\u00e9s \u00e0 Remiremont - Remiremont Info\",\"isPartOf\":{\"@id\":\"https:\/\/vosgesinfo.fr\/remiremontinfo\/#website\"},\"primaryImageOfPage\":{\"@id\":\"https:\/\/vosgesinfo.fr\/remiremontinfo\/2022\/11\/trois-nouveaux-sapeurs-pompiers-professionnels-affectes-a-remiremont\/#primaryimage\"},\"image\":{\"@id\":\"https:\/\/vosgesinfo.fr\/remiremontinfo\/2022\/11\/trois-nouveaux-sapeurs-pompiers-professionnels-affectes-a-remiremont\/#primaryimage\"},\"thumbnailUrl\":\"https:\/\/vosgesinfo.fr\/app\/uploads\/sites\/5\/2024\/09\/202211313311371-499965655496428-851379252170283983-n1.jpg\",\"datePublished\":\"2022-11-09T10:00:12+00:00\",\"dateModified\":\"2022-11-09T10:00:12+00:00\",\"breadcrumb\":{\"@id\":\"https:\/\/vosgesinfo.fr\/remiremontinfo\/2022\/11\/trois-nouveaux-sapeurs-pompiers-professionnels-affectes-a-remiremont\/#breadcrumb\"},\"inLanguage\":\"fr-FR\",\"potentialAction\":[{\"@type\":\"ReadAction\",\"target\":[\"https:\/\/vosgesinfo.fr\/remiremontinfo\/2022\/11\/trois-nouveaux-sapeurs-pompiers-professionnels-affectes-a-remiremont\/\"]}]},{\"@type\":\"ImageObject\",\"inLanguage\":\"fr-FR\",\"@id\":\"https:\/\/vosgesinfo.fr\/remiremontinfo\/2022\/11\/trois-nouveaux-sapeurs-pompiers-professionnels-affectes-a-remiremont\/#primaryimage\",\"url\":\"https:\/\/vosgesinfo.fr\/app\/uploads\/sites\/5\/2024\/09\/202211313311371-499965655496428-851379252170283983-n1.jpg\",\"contentUrl\":\"https:\/\/vosgesinfo.fr\/app\/uploads\/sites\/5\/2024\/09\/202211313311371-499965655496428-851379252170283983-n1.jpg\",\"width\":1484,\"height\":1103},{\"@type\":\"BreadcrumbList\",\"@id\":\"https:\/\/vosgesinfo.fr\/remiremontinfo\/2022\/11\/trois-nouveaux-sapeurs-pompiers-professionnels-affectes-a-remiremont\/#breadcrumb\",\"itemListElement\":[{\"@type\":\"ListItem\",\"position\":1,\"name\":\"Home\",\"item\":\"https:\/\/vosgesinfo.fr\/remiremontinfo\/\"},{\"@type\":\"ListItem\",\"position\":2,\"name\":\"Trois nouveaux sapeurs-pompiers professionnels affect\u00e9s \u00e0 Remiremont\"}]},{\"@type\":\"WebSite\",\"@id\":\"https:\/\/vosgesinfo.fr\/remiremontinfo\/#website\",\"url\":\"https:\/\/vosgesinfo.fr\/remiremontinfo\/\",\"name\":\"Remiremont Info\",\"description\":\"Toute l&#039;actualit\u00e9 de Remiremont\",\"publisher\":{\"@id\":\"https:\/\/vosgesinfo.fr\/remiremontinfo\/#organization\"},\"alternateName\":\"Toute l'actualit\u00e9 de Remiremont\",\"potentialAction\":[{\"@type\":\"SearchAction\",\"target\":{\"@type\":\"EntryPoint\",\"urlTemplate\":\"https:\/\/vosgesinfo.fr\/remiremontinfo\/?s={search_term_string}\"},\"query-input\":\"required name=search_term_string\"}],\"inLanguage\":\"fr-FR\"},{\"@type\":\"Organization\",\"@id\":\"https:\/\/vosgesinfo.fr\/remiremontinfo\/#organization\",\"name\":\"Remiremont Info\",\"url\":\"https:\/\/vosgesinfo.fr\/remiremontinfo\/\",\"logo\":{\"@type\":\"ImageObject\",\"inLanguage\":\"fr-FR\",\"@id\":\"https:\/\/vosgesinfo.fr\/remiremontinfo\/#\/schema\/logo\/image\/\",\"url\":\"https:\/\/vosgesinfo.fr\/app\/uploads\/sites\/5\/2023\/08\/favicon-remiremontinfo.png\",\"contentUrl\":\"https:\/\/vosgesinfo.fr\/app\/uploads\/sites\/5\/2023\/08\/favicon-remiremontinfo.png\",\"width\":512,\"height\":512,\"caption\":\"Remiremont Info\"},\"image\":{\"@id\":\"https:\/\/vosgesinfo.fr\/remiremontinfo\/#\/schema\/logo\/image\/\"},\"sameAs\":[\"https:\/\/www.facebook.com\/remiremontinfo\",\"https:\/\/x.com\/VosgesInfo88\",\"https:\/\/www.youtube.com\/@vosgesinfo\"]},{\"@type\":\"Person\",\"@id\":\"https:\/\/vosgesinfo.fr\/remiremontinfo\/#\/schema\/person\/3bfd164d5218a185b1db68655a265316\",\"name\":\"C D\",\"image\":{\"@type\":\"ImageObject\",\"inLanguage\":\"fr-FR\",\"@id\":\"https:\/\/vosgesinfo.fr\/remiremontinfo\/#\/schema\/person\/image\/\",\"url\":\"https:\/\/secure.gravatar.com\/avatar\/1f9a70007336511a47468b8f1c66f922b8b7cf617b02a31149ada43893a5d48f?s=96&d=mm&r=g\",\"contentUrl\":\"https:\/\/secure.gravatar.com\/avatar\/1f9a70007336511a47468b8f1c66f922b8b7cf617b02a31149ada43893a5d48f?s=96&d=mm&r=g\",\"caption\":\"C D\"},\"url\":\"https:\/\/vosgesinfo.fr\/remiremontinfo\/author\/cedric-drevet\/\"}]}<\/script>\n<!-- \/ Yoast SEO plugin. -->","yoast_head_json":{"title":"Trois nouveaux sapeurs-pompiers professionnels affect\u00e9s \u00e0 Remiremont - Remiremont Info","robots":{"index":"index","follow":"follow","max-snippet":"max-snippet:-1","max-image-preview":"max-image-preview:large","max-video-preview":"max-video-preview:-1"},"canonical":"https:\/\/vosgesinfo.fr\/remiremontinfo\/2022\/11\/trois-nouveaux-sapeurs-pompiers-professionnels-affectes-a-remiremont\/","twitter_card":"summary_large_image","twitter_title":"Trois nouveaux sapeurs-pompiers professionnels affect\u00e9s \u00e0 Remiremont - Remiremont Info","twitter_description":"&nbsp; Photo par les Sapeurs-Pompiers de Remiremont\u00a0 \u00c7a bouge \u00e0 la caserne des pompiers de Remiremont. En effet, trois\u00a0nouveaux sapeurs-pompier [&hellip;]","twitter_image":"https:\/\/vosgesinfo.fr\/app\/uploads\/sites\/5\/2024\/09\/202211313311371-499965655496428-851379252170283983-n1.jpg","twitter_creator":"@VosgesInfo88","twitter_site":"@VosgesInfo88","twitter_misc":{"\u00c9crit par":"C D","Dur\u00e9e de lecture estim\u00e9e":"1 minute"},"schema":{"@context":"https:\/\/schema.org","@graph":[{"@type":"Article","@id":"https:\/\/vosgesinfo.fr\/remiremontinfo\/2022\/11\/trois-nouveaux-sapeurs-pompiers-professionnels-affectes-a-remiremont\/#article","isPartOf":{"@id":"https:\/\/vosgesinfo.fr\/remiremontinfo\/2022\/11\/trois-nouveaux-sapeurs-pompiers-professionnels-affectes-a-remiremont\/"},"author":{"name":"C D","@id":"https:\/\/vosgesinfo.fr\/remiremontinfo\/#\/schema\/person\/3bfd164d5218a185b1db68655a265316"},"headline":"Trois nouveaux sapeurs-pompiers professionnels affect\u00e9s \u00e0 Remiremont","datePublished":"2022-11-09T10:00:12+00:00","dateModified":"2022-11-09T10:00:12+00:00","mainEntityOfPage":{"@id":"https:\/\/vosgesinfo.fr\/remiremontinfo\/2022\/11\/trois-nouveaux-sapeurs-pompiers-professionnels-affectes-a-remiremont\/"},"wordCount":230,"commentCount":0,"publisher":{"@id":"https:\/\/vosgesinfo.fr\/remiremontinfo\/#organization"},"image":{"@id":"https:\/\/vosgesinfo.fr\/remiremontinfo\/2022\/11\/trois-nouveaux-sapeurs-pompiers-professionnels-affectes-a-remiremont\/#primaryimage"},"thumbnailUrl":"https:\/\/vosgesinfo.fr\/app\/uploads\/sites\/5\/2024\/09\/202211313311371-499965655496428-851379252170283983-n1.jpg","keywords":["caserne","remiremont","sapeurs-pompiers"],"articleSection":["A la Une","Remiremont","Remiremont &amp; son canton","S\u00e9curit\u00e9"],"inLanguage":"fr-FR","potentialAction":[{"@type":"CommentAction","name":"Comment","target":["https:\/\/vosgesinfo.fr\/remiremontinfo\/2022\/11\/trois-nouveaux-sapeurs-pompiers-professionnels-affectes-a-remiremont\/#respond"]}]},{"@type":"WebPage","@id":"https:\/\/vosgesinfo.fr\/remiremontinfo\/2022\/11\/trois-nouveaux-sapeurs-pompiers-professionnels-affectes-a-remiremont\/","url":"https:\/\/vosgesinfo.fr\/remiremontinfo\/2022\/11\/trois-nouveaux-sapeurs-pompiers-professionnels-affectes-a-remiremont\/","name":"Trois nouveaux sapeurs-pompiers professionnels affect\u00e9s \u00e0 Remiremont - Remiremont Info","isPartOf":{"@id":"https:\/\/vosgesinfo.fr\/remiremontinfo\/#website"},"primaryImageOfPage":{"@id":"https:\/\/vosgesinfo.fr\/remiremontinfo\/2022\/11\/trois-nouveaux-sapeurs-pompiers-professionnels-affectes-a-remiremont\/#primaryimage"},"image":{"@id":"https:\/\/vosgesinfo.fr\/remiremontinfo\/2022\/11\/trois-nouveaux-sapeurs-pompiers-professionnels-affectes-a-remiremont\/#primaryimage"},"thumbnailUrl":"https:\/\/vosgesinfo.fr\/app\/uploads\/sites\/5\/2024\/09\/202211313311371-499965655496428-851379252170283983-n1.jpg","datePublished":"2022-11-09T10:00:12+00:00","dateModified":"2022-11-09T10:00:12+00:00","breadcrumb":{"@id":"https:\/\/vosgesinfo.fr\/remiremontinfo\/2022\/11\/trois-nouveaux-sapeurs-pompiers-professionnels-affectes-a-remiremont\/#breadcrumb"},"inLanguage":"fr-FR","potentialAction":[{"@type":"ReadAction","target":["https:\/\/vosgesinfo.fr\/remiremontinfo\/2022\/11\/trois-nouveaux-sapeurs-pompiers-professionnels-affectes-a-remiremont\/"]}]},{"@type":"ImageObject","inLanguage":"fr-FR","@id":"https:\/\/vosgesinfo.fr\/remiremontinfo\/2022\/11\/trois-nouveaux-sapeurs-pompiers-professionnels-affectes-a-remiremont\/#primaryimage","url":"https:\/\/vosgesinfo.fr\/app\/uploads\/sites\/5\/2024\/09\/202211313311371-499965655496428-851379252170283983-n1.jpg","contentUrl":"https:\/\/vosgesinfo.fr\/app\/uploads\/sites\/5\/2024\/09\/202211313311371-499965655496428-851379252170283983-n1.jpg","width":1484,"height":1103},{"@type":"BreadcrumbList","@id":"https:\/\/vosgesinfo.fr\/remiremontinfo\/2022\/11\/trois-nouveaux-sapeurs-pompiers-professionnels-affectes-a-remiremont\/#breadcrumb","itemListElement":[{"@type":"ListItem","position":1,"name":"Home","item":"https:\/\/vosgesinfo.fr\/remiremontinfo\/"},{"@type":"ListItem","position":2,"name":"Trois nouveaux sapeurs-pompiers professionnels affect\u00e9s \u00e0 Remiremont"}]},{"@type":"WebSite","@id":"https:\/\/vosgesinfo.fr\/remiremontinfo\/#website","url":"https:\/\/vosgesinfo.fr\/remiremontinfo\/","name":"Remiremont Info","description":"Toute l&#039;actualit\u00e9 de Remiremont","publisher":{"@id":"https:\/\/vosgesinfo.fr\/remiremontinfo\/#organization"},"alternateName":"Toute l'actualit\u00e9 de Remiremont","potentialAction":[{"@type":"SearchAction","target":{"@type":"EntryPoint","urlTemplate":"https:\/\/vosgesinfo.fr\/remiremontinfo\/?s={search_term_string}"},"query-input":"required name=search_term_string"}],"inLanguage":"fr-FR"},{"@type":"Organization","@id":"https:\/\/vosgesinfo.fr\/remiremontinfo\/#organization","name":"Remiremont Info","url":"https:\/\/vosgesinfo.fr\/remiremontinfo\/","logo":{"@type":"ImageObject","inLanguage":"fr-FR","@id":"https:\/\/vosgesinfo.fr\/remiremontinfo\/#\/schema\/logo\/image\/","url":"https:\/\/vosgesinfo.fr\/app\/uploads\/sites\/5\/2023\/08\/favicon-remiremontinfo.png","contentUrl":"https:\/\/vosgesinfo.fr\/app\/uploads\/sites\/5\/2023\/08\/favicon-remiremontinfo.png","width":512,"height":512,"caption":"Remiremont Info"},"image":{"@id":"https:\/\/vosgesinfo.fr\/remiremontinfo\/#\/schema\/logo\/image\/"},"sameAs":["https:\/\/www.facebook.com\/remiremontinfo","https:\/\/x.com\/VosgesInfo88","https:\/\/www.youtube.com\/@vosgesinfo"]},{"@type":"Person","@id":"https:\/\/vosgesinfo.fr\/remiremontinfo\/#\/schema\/person\/3bfd164d5218a185b1db68655a265316","name":"C D","image":{"@type":"ImageObject","inLanguage":"fr-FR","@id":"https:\/\/vosgesinfo.fr\/remiremontinfo\/#\/schema\/person\/image\/","url":"https:\/\/secure.gravatar.com\/avatar\/1f9a70007336511a47468b8f1c66f922b8b7cf617b02a31149ada43893a5d48f?s=96&d=mm&r=g","contentUrl":"https:\/\/secure.gravatar.com\/avatar\/1f9a70007336511a47468b8f1c66f922b8b7cf617b02a31149ada43893a5d48f?s=96&d=mm&r=g","caption":"C D"},"url":"https:\/\/vosgesinfo.fr\/remiremontinfo\/author\/cedric-drevet\/"}]}},"_links":{"self":[{"href":"https:\/\/vosgesinfo.fr\/remiremontinfo\/wp-json\/wp\/v2\/posts\/64329","targetHints":{"allow":["GET"]}}],"collection":[{"href":"https:\/\/vosgesinfo.fr\/remiremontinfo\/wp-json\/wp\/v2\/posts"}],"about":[{"href":"https:\/\/vosgesinfo.fr\/remiremontinfo\/wp-json\/wp\/v2\/types\/post"}],"author":[{"embeddable":true,"href":"https:\/\/vosgesinfo.fr\/remiremontinfo\/wp-json\/wp\/v2\/users\/407"}],"replies":[{"embeddable":true,"href":"https:\/\/vosgesinfo.fr\/remiremontinfo\/wp-json\/wp\/v2\/comments?post=64329"}],"version-history":[{"count":0,"href":"https:\/\/vosgesinfo.fr\/remiremontinfo\/wp-json\/wp\/v2\/posts\/64329\/revisions"}],"wp:featuredmedia":[{"embeddable":true,"href":"https:\/\/vosgesinfo.fr\/remiremontinfo\/wp-json\/wp\/v2\/media\/64330"}],"wp:attachment":[{"href":"https:\/\/vosgesinfo.fr\/remiremontinfo\/wp-json\/wp\/v2\/media?parent=64329"}],"wp:term":[{"taxonomy":"category","embeddable":true,"href":"https:\/\/vosgesinfo.fr\/remiremontinfo\/wp-json\/wp\/v2\/categories?post=64329"},{"taxonomy":"post_tag","embeddable":true,"href":"https:\/\/vosgesinfo.fr\/remiremontinfo\/wp-json\/wp\/v2\/tags?post=64329"}],"curies":[{"name":"wp","href":"https:\/\/api.w.org\/{rel}","templated":true}]}}