{"id":64332,"date":"2022-11-09T11:01:21","date_gmt":"2022-11-09T10:01:21","guid":{"rendered":"https:\/\/vosgesinfo.fr\/remiremontinfo\/2022\/11\/creation-reprise-dentreprise-porteurs-didees-boostent-projet-a-epinal\/"},"modified":"2022-11-09T11:01:21","modified_gmt":"2022-11-09T10:01:21","slug":"creation-reprise-dentreprise-porteurs-didees-boostent-projet-a-epinal","status":"publish","type":"post","link":"https:\/\/vosgesinfo.fr\/remiremontinfo\/2022\/11\/creation-reprise-dentreprise-porteurs-didees-boostent-projet-a-epinal\/","title":{"rendered":"Cr\u00e9ation-reprise d\u2019entreprise : les porteurs d\u2019id\u00e9es boostent leur projet \u00e0 Epinal"},"content":{"rendered":"<h2>Le Salon de la cr\u00e9ation-reprise d\u2019entreprise se d\u00e9roulera ce mercredi 9 novembre, au Centre des Congr\u00e8s d\u2019Epinal, salle Tambour Major. L\u2019occasion pour tous ceux qui ont une id\u00e9e de cr\u00e9ation ou de reprise d\u2019entreprise, quel que soit son niveau d\u2019avancement, de booster leur projet en rencontrant sur place, tous les experts pouvant les aider. L\u2019objectif : r\u00e9aliser en quelques heures, l\u2019\u00e9quivalent de 15 jours de d\u00e9marches.<\/h2>\n<p><a href=\"https:\/\/epinalinfos.fr\/wp-content\/uploads\/2022\/11\/salon-creation-reprise-d-entreprises-epinal-vosges-5.jpg\" data-featherlight=\"image\"><img decoding=\"async\" class=\"alignleft size-medium wp-image-210772\" src=\"https:\/\/epinalinfos.fr\/wp-content\/uploads\/2022\/11\/salon-creation-reprise-d-entreprises-epinal-vosges-5-340x255.jpg\" alt=\"salon-creation-reprise-d-entreprises-epinal-vosges (5)\" width=\"340\" height=\"255\" \/><\/a>Chaque ann\u00e9e, la Chambre de Commerce et d\u2019Industrie (CCI) des Vosges, la Chambre de M\u00e9tiers et de l\u2019Artisanat (CMA) des Vosg<\/p>\n","protected":false},"excerpt":{"rendered":"<p>Le Salon de la cr\u00e9ation-reprise d\u2019entreprise se d\u00e9roulera ce mercredi 9 novembre, au Centre des Congr\u00e8s d\u2019Epinal, salle Tambour Major. [&hellip;]<\/p>\n","protected":false},"author":407,"featured_media":64333,"comment_status":"open","ping_status":"open","sticky":false,"template":"","format":"standard","meta":{"footnotes":""},"categories":[26,144,18],"tags":[5029,551,109,5030,32],"class_list":["post-64332","post","type-post","status-publish","format-standard","has-post-thumbnail","hentry","category-a-la-une","category-entreprise","category-vosges","tag-creation-reprise","tag-entreprise","tag-epinal","tag-salonr","tag-vosges"],"acf":[],"yoast_head":"<!-- This site is optimized with the Yoast SEO plugin v22.5 - https:\/\/yoast.com\/wordpress\/plugins\/seo\/ -->\n<title>Cr\u00e9ation-reprise d\u2019entreprise : les porteurs d\u2019id\u00e9es boostent leur projet \u00e0 Epinal - Remiremont Info<\/title>\n<meta name=\"robots\" content=\"index, follow, max-snippet:-1, max-image-preview:large, max-video-preview:-1\" \/>\n<link rel=\"canonical\" href=\"https:\/\/vosgesinfo.fr\/remiremontinfo\/2022\/11\/creation-reprise-dentreprise-porteurs-didees-boostent-projet-a-epinal\/\" \/>\n<meta name=\"twitter:card\" content=\"summary_large_image\" \/>\n<meta name=\"twitter:title\" content=\"Cr\u00e9ation-reprise d\u2019entreprise : les porteurs d\u2019id\u00e9es boostent leur projet \u00e0 Epinal - Remiremont Info\" \/>\n<meta name=\"twitter:description\" content=\"Le Salon de la cr\u00e9ation-reprise d\u2019entreprise se d\u00e9roulera ce mercredi 9 novembre, au Centre des Congr\u00e8s d\u2019Epinal, salle Tambour Major. [&hellip;]\" \/>\n<meta name=\"twitter:image\" content=\"https:\/\/vosgesinfo.fr\/app\/uploads\/sites\/5\/2024\/09\/202211salon-creation-reprise-d-entreprises-epinal-vosges-3.jpg\" \/>\n<meta name=\"twitter:creator\" content=\"@VosgesInfo88\" \/>\n<meta name=\"twitter:site\" content=\"@VosgesInfo88\" \/>\n<meta name=\"twitter:label1\" content=\"\u00c9crit par\" \/>\n\t<meta name=\"twitter:data1\" content=\"C D\" \/>\n\t<meta name=\"twitter:label2\" content=\"Dur\u00e9e de lecture estim\u00e9e\" \/>\n\t<meta name=\"twitter:data2\" content=\"1 minute\" \/>\n<script type=\"application\/ld+json\" class=\"yoast-schema-graph\">{\"@context\":\"https:\/\/schema.org\",\"@graph\":[{\"@type\":\"Article\",\"@id\":\"https:\/\/vosgesinfo.fr\/remiremontinfo\/2022\/11\/creation-reprise-dentreprise-porteurs-didees-boostent-projet-a-epinal\/#article\",\"isPartOf\":{\"@id\":\"https:\/\/vosgesinfo.fr\/remiremontinfo\/2022\/11\/creation-reprise-dentreprise-porteurs-didees-boostent-projet-a-epinal\/\"},\"author\":{\"name\":\"C D\",\"@id\":\"https:\/\/vosgesinfo.fr\/remiremontinfo\/#\/schema\/person\/3bfd164d5218a185b1db68655a265316\"},\"headline\":\"Cr\u00e9ation-reprise d\u2019entreprise : les porteurs d\u2019id\u00e9es boostent leur projet \u00e0 Epinal\",\"datePublished\":\"2022-11-09T10:01:21+00:00\",\"dateModified\":\"2022-11-09T10:01:21+00:00\",\"mainEntityOfPage\":{\"@id\":\"https:\/\/vosgesinfo.fr\/remiremontinfo\/2022\/11\/creation-reprise-dentreprise-porteurs-didees-boostent-projet-a-epinal\/\"},\"wordCount\":115,\"commentCount\":0,\"publisher\":{\"@id\":\"https:\/\/vosgesinfo.fr\/remiremontinfo\/#organization\"},\"image\":{\"@id\":\"https:\/\/vosgesinfo.fr\/remiremontinfo\/2022\/11\/creation-reprise-dentreprise-porteurs-didees-boostent-projet-a-epinal\/#primaryimage\"},\"thumbnailUrl\":\"https:\/\/vosgesinfo.fr\/app\/uploads\/sites\/5\/2024\/09\/202211salon-creation-reprise-d-entreprises-epinal-vosges-3.jpg\",\"keywords\":[\"cr\u00e9ation reprise\",\"entreprise\",\"\u00e9pinal\",\"salonr\",\"Vosges\"],\"articleSection\":[\"A la Une\",\"Entreprise\",\"Vosges\"],\"inLanguage\":\"fr-FR\",\"potentialAction\":[{\"@type\":\"CommentAction\",\"name\":\"Comment\",\"target\":[\"https:\/\/vosgesinfo.fr\/remiremontinfo\/2022\/11\/creation-reprise-dentreprise-porteurs-didees-boostent-projet-a-epinal\/#respond\"]}]},{\"@type\":\"WebPage\",\"@id\":\"https:\/\/vosgesinfo.fr\/remiremontinfo\/2022\/11\/creation-reprise-dentreprise-porteurs-didees-boostent-projet-a-epinal\/\",\"url\":\"https:\/\/vosgesinfo.fr\/remiremontinfo\/2022\/11\/creation-reprise-dentreprise-porteurs-didees-boostent-projet-a-epinal\/\",\"name\":\"Cr\u00e9ation-reprise d\u2019entreprise : les porteurs d\u2019id\u00e9es boostent leur projet \u00e0 Epinal - Remiremont Info\",\"isPartOf\":{\"@id\":\"https:\/\/vosgesinfo.fr\/remiremontinfo\/#website\"},\"primaryImageOfPage\":{\"@id\":\"https:\/\/vosgesinfo.fr\/remiremontinfo\/2022\/11\/creation-reprise-dentreprise-porteurs-didees-boostent-projet-a-epinal\/#primaryimage\"},\"image\":{\"@id\":\"https:\/\/vosgesinfo.fr\/remiremontinfo\/2022\/11\/creation-reprise-dentreprise-porteurs-didees-boostent-projet-a-epinal\/#primaryimage\"},\"thumbnailUrl\":\"https:\/\/vosgesinfo.fr\/app\/uploads\/sites\/5\/2024\/09\/202211salon-creation-reprise-d-entreprises-epinal-vosges-3.jpg\",\"datePublished\":\"2022-11-09T10:01:21+00:00\",\"dateModified\":\"2022-11-09T10:01:21+00:00\",\"breadcrumb\":{\"@id\":\"https:\/\/vosgesinfo.fr\/remiremontinfo\/2022\/11\/creation-reprise-dentreprise-porteurs-didees-boostent-projet-a-epinal\/#breadcrumb\"},\"inLanguage\":\"fr-FR\",\"potentialAction\":[{\"@type\":\"ReadAction\",\"target\":[\"https:\/\/vosgesinfo.fr\/remiremontinfo\/2022\/11\/creation-reprise-dentreprise-porteurs-didees-boostent-projet-a-epinal\/\"]}]},{\"@type\":\"ImageObject\",\"inLanguage\":\"fr-FR\",\"@id\":\"https:\/\/vosgesinfo.fr\/remiremontinfo\/2022\/11\/creation-reprise-dentreprise-porteurs-didees-boostent-projet-a-epinal\/#primaryimage\",\"url\":\"https:\/\/vosgesinfo.fr\/app\/uploads\/sites\/5\/2024\/09\/202211salon-creation-reprise-d-entreprises-epinal-vosges-3.jpg\",\"contentUrl\":\"https:\/\/vosgesinfo.fr\/app\/uploads\/sites\/5\/2024\/09\/202211salon-creation-reprise-d-entreprises-epinal-vosges-3.jpg\",\"width\":800,\"height\":600},{\"@type\":\"BreadcrumbList\",\"@id\":\"https:\/\/vosgesinfo.fr\/remiremontinfo\/2022\/11\/creation-reprise-dentreprise-porteurs-didees-boostent-projet-a-epinal\/#breadcrumb\",\"itemListElement\":[{\"@type\":\"ListItem\",\"position\":1,\"name\":\"Home\",\"item\":\"https:\/\/vosgesinfo.fr\/remiremontinfo\/\"},{\"@type\":\"ListItem\",\"position\":2,\"name\":\"Cr\u00e9ation-reprise d\u2019entreprise : les porteurs d\u2019id\u00e9es boostent leur projet \u00e0 Epinal\"}]},{\"@type\":\"WebSite\",\"@id\":\"https:\/\/vosgesinfo.fr\/remiremontinfo\/#website\",\"url\":\"https:\/\/vosgesinfo.fr\/remiremontinfo\/\",\"name\":\"Remiremont Info\",\"description\":\"Toute l&#039;actualit\u00e9 de Remiremont\",\"publisher\":{\"@id\":\"https:\/\/vosgesinfo.fr\/remiremontinfo\/#organization\"},\"alternateName\":\"Toute l'actualit\u00e9 de Remiremont\",\"potentialAction\":[{\"@type\":\"SearchAction\",\"target\":{\"@type\":\"EntryPoint\",\"urlTemplate\":\"https:\/\/vosgesinfo.fr\/remiremontinfo\/?s={search_term_string}\"},\"query-input\":\"required name=search_term_string\"}],\"inLanguage\":\"fr-FR\"},{\"@type\":\"Organization\",\"@id\":\"https:\/\/vosgesinfo.fr\/remiremontinfo\/#organization\",\"name\":\"Remiremont Info\",\"url\":\"https:\/\/vosgesinfo.fr\/remiremontinfo\/\",\"logo\":{\"@type\":\"ImageObject\",\"inLanguage\":\"fr-FR\",\"@id\":\"https:\/\/vosgesinfo.fr\/remiremontinfo\/#\/schema\/logo\/image\/\",\"url\":\"https:\/\/vosgesinfo.fr\/app\/uploads\/sites\/5\/2023\/08\/favicon-remiremontinfo.png\",\"contentUrl\":\"https:\/\/vosgesinfo.fr\/app\/uploads\/sites\/5\/2023\/08\/favicon-remiremontinfo.png\",\"width\":512,\"height\":512,\"caption\":\"Remiremont Info\"},\"image\":{\"@id\":\"https:\/\/vosgesinfo.fr\/remiremontinfo\/#\/schema\/logo\/image\/\"},\"sameAs\":[\"https:\/\/www.facebook.com\/remiremontinfo\",\"https:\/\/x.com\/VosgesInfo88\",\"https:\/\/www.youtube.com\/@vosgesinfo\"]},{\"@type\":\"Person\",\"@id\":\"https:\/\/vosgesinfo.fr\/remiremontinfo\/#\/schema\/person\/3bfd164d5218a185b1db68655a265316\",\"name\":\"C D\",\"image\":{\"@type\":\"ImageObject\",\"inLanguage\":\"fr-FR\",\"@id\":\"https:\/\/vosgesinfo.fr\/remiremontinfo\/#\/schema\/person\/image\/\",\"url\":\"https:\/\/secure.gravatar.com\/avatar\/1f9a70007336511a47468b8f1c66f922b8b7cf617b02a31149ada43893a5d48f?s=96&d=mm&r=g\",\"contentUrl\":\"https:\/\/secure.gravatar.com\/avatar\/1f9a70007336511a47468b8f1c66f922b8b7cf617b02a31149ada43893a5d48f?s=96&d=mm&r=g\",\"caption\":\"C D\"},\"url\":\"https:\/\/vosgesinfo.fr\/remiremontinfo\/author\/cedric-drevet\/\"}]}<\/script>\n<!-- \/ Yoast SEO plugin. -->","yoast_head_json":{"title":"Cr\u00e9ation-reprise d\u2019entreprise : les porteurs d\u2019id\u00e9es boostent leur projet \u00e0 Epinal - Remiremont Info","robots":{"index":"index","follow":"follow","max-snippet":"max-snippet:-1","max-image-preview":"max-image-preview:large","max-video-preview":"max-video-preview:-1"},"canonical":"https:\/\/vosgesinfo.fr\/remiremontinfo\/2022\/11\/creation-reprise-dentreprise-porteurs-didees-boostent-projet-a-epinal\/","twitter_card":"summary_large_image","twitter_title":"Cr\u00e9ation-reprise d\u2019entreprise : les porteurs d\u2019id\u00e9es boostent leur projet \u00e0 Epinal - Remiremont Info","twitter_description":"Le Salon de la cr\u00e9ation-reprise d\u2019entreprise se d\u00e9roulera ce mercredi 9 novembre, au Centre des Congr\u00e8s d\u2019Epinal, salle Tambour Major. [&hellip;]","twitter_image":"https:\/\/vosgesinfo.fr\/app\/uploads\/sites\/5\/2024\/09\/202211salon-creation-reprise-d-entreprises-epinal-vosges-3.jpg","twitter_creator":"@VosgesInfo88","twitter_site":"@VosgesInfo88","twitter_misc":{"\u00c9crit par":"C D","Dur\u00e9e de lecture estim\u00e9e":"1 minute"},"schema":{"@context":"https:\/\/schema.org","@graph":[{"@type":"Article","@id":"https:\/\/vosgesinfo.fr\/remiremontinfo\/2022\/11\/creation-reprise-dentreprise-porteurs-didees-boostent-projet-a-epinal\/#article","isPartOf":{"@id":"https:\/\/vosgesinfo.fr\/remiremontinfo\/2022\/11\/creation-reprise-dentreprise-porteurs-didees-boostent-projet-a-epinal\/"},"author":{"name":"C D","@id":"https:\/\/vosgesinfo.fr\/remiremontinfo\/#\/schema\/person\/3bfd164d5218a185b1db68655a265316"},"headline":"Cr\u00e9ation-reprise d\u2019entreprise : les porteurs d\u2019id\u00e9es boostent leur projet \u00e0 Epinal","datePublished":"2022-11-09T10:01:21+00:00","dateModified":"2022-11-09T10:01:21+00:00","mainEntityOfPage":{"@id":"https:\/\/vosgesinfo.fr\/remiremontinfo\/2022\/11\/creation-reprise-dentreprise-porteurs-didees-boostent-projet-a-epinal\/"},"wordCount":115,"commentCount":0,"publisher":{"@id":"https:\/\/vosgesinfo.fr\/remiremontinfo\/#organization"},"image":{"@id":"https:\/\/vosgesinfo.fr\/remiremontinfo\/2022\/11\/creation-reprise-dentreprise-porteurs-didees-boostent-projet-a-epinal\/#primaryimage"},"thumbnailUrl":"https:\/\/vosgesinfo.fr\/app\/uploads\/sites\/5\/2024\/09\/202211salon-creation-reprise-d-entreprises-epinal-vosges-3.jpg","keywords":["cr\u00e9ation reprise","entreprise","\u00e9pinal","salonr","Vosges"],"articleSection":["A la Une","Entreprise","Vosges"],"inLanguage":"fr-FR","potentialAction":[{"@type":"CommentAction","name":"Comment","target":["https:\/\/vosgesinfo.fr\/remiremontinfo\/2022\/11\/creation-reprise-dentreprise-porteurs-didees-boostent-projet-a-epinal\/#respond"]}]},{"@type":"WebPage","@id":"https:\/\/vosgesinfo.fr\/remiremontinfo\/2022\/11\/creation-reprise-dentreprise-porteurs-didees-boostent-projet-a-epinal\/","url":"https:\/\/vosgesinfo.fr\/remiremontinfo\/2022\/11\/creation-reprise-dentreprise-porteurs-didees-boostent-projet-a-epinal\/","name":"Cr\u00e9ation-reprise d\u2019entreprise : les porteurs d\u2019id\u00e9es boostent leur projet \u00e0 Epinal - Remiremont Info","isPartOf":{"@id":"https:\/\/vosgesinfo.fr\/remiremontinfo\/#website"},"primaryImageOfPage":{"@id":"https:\/\/vosgesinfo.fr\/remiremontinfo\/2022\/11\/creation-reprise-dentreprise-porteurs-didees-boostent-projet-a-epinal\/#primaryimage"},"image":{"@id":"https:\/\/vosgesinfo.fr\/remiremontinfo\/2022\/11\/creation-reprise-dentreprise-porteurs-didees-boostent-projet-a-epinal\/#primaryimage"},"thumbnailUrl":"https:\/\/vosgesinfo.fr\/app\/uploads\/sites\/5\/2024\/09\/202211salon-creation-reprise-d-entreprises-epinal-vosges-3.jpg","datePublished":"2022-11-09T10:01:21+00:00","dateModified":"2022-11-09T10:01:21+00:00","breadcrumb":{"@id":"https:\/\/vosgesinfo.fr\/remiremontinfo\/2022\/11\/creation-reprise-dentreprise-porteurs-didees-boostent-projet-a-epinal\/#breadcrumb"},"inLanguage":"fr-FR","potentialAction":[{"@type":"ReadAction","target":["https:\/\/vosgesinfo.fr\/remiremontinfo\/2022\/11\/creation-reprise-dentreprise-porteurs-didees-boostent-projet-a-epinal\/"]}]},{"@type":"ImageObject","inLanguage":"fr-FR","@id":"https:\/\/vosgesinfo.fr\/remiremontinfo\/2022\/11\/creation-reprise-dentreprise-porteurs-didees-boostent-projet-a-epinal\/#primaryimage","url":"https:\/\/vosgesinfo.fr\/app\/uploads\/sites\/5\/2024\/09\/202211salon-creation-reprise-d-entreprises-epinal-vosges-3.jpg","contentUrl":"https:\/\/vosgesinfo.fr\/app\/uploads\/sites\/5\/2024\/09\/202211salon-creation-reprise-d-entreprises-epinal-vosges-3.jpg","width":800,"height":600},{"@type":"BreadcrumbList","@id":"https:\/\/vosgesinfo.fr\/remiremontinfo\/2022\/11\/creation-reprise-dentreprise-porteurs-didees-boostent-projet-a-epinal\/#breadcrumb","itemListElement":[{"@type":"ListItem","position":1,"name":"Home","item":"https:\/\/vosgesinfo.fr\/remiremontinfo\/"},{"@type":"ListItem","position":2,"name":"Cr\u00e9ation-reprise d\u2019entreprise : les porteurs d\u2019id\u00e9es boostent leur projet \u00e0 Epinal"}]},{"@type":"WebSite","@id":"https:\/\/vosgesinfo.fr\/remiremontinfo\/#website","url":"https:\/\/vosgesinfo.fr\/remiremontinfo\/","name":"Remiremont Info","description":"Toute l&#039;actualit\u00e9 de Remiremont","publisher":{"@id":"https:\/\/vosgesinfo.fr\/remiremontinfo\/#organization"},"alternateName":"Toute l'actualit\u00e9 de Remiremont","potentialAction":[{"@type":"SearchAction","target":{"@type":"EntryPoint","urlTemplate":"https:\/\/vosgesinfo.fr\/remiremontinfo\/?s={search_term_string}"},"query-input":"required name=search_term_string"}],"inLanguage":"fr-FR"},{"@type":"Organization","@id":"https:\/\/vosgesinfo.fr\/remiremontinfo\/#organization","name":"Remiremont Info","url":"https:\/\/vosgesinfo.fr\/remiremontinfo\/","logo":{"@type":"ImageObject","inLanguage":"fr-FR","@id":"https:\/\/vosgesinfo.fr\/remiremontinfo\/#\/schema\/logo\/image\/","url":"https:\/\/vosgesinfo.fr\/app\/uploads\/sites\/5\/2023\/08\/favicon-remiremontinfo.png","contentUrl":"https:\/\/vosgesinfo.fr\/app\/uploads\/sites\/5\/2023\/08\/favicon-remiremontinfo.png","width":512,"height":512,"caption":"Remiremont Info"},"image":{"@id":"https:\/\/vosgesinfo.fr\/remiremontinfo\/#\/schema\/logo\/image\/"},"sameAs":["https:\/\/www.facebook.com\/remiremontinfo","https:\/\/x.com\/VosgesInfo88","https:\/\/www.youtube.com\/@vosgesinfo"]},{"@type":"Person","@id":"https:\/\/vosgesinfo.fr\/remiremontinfo\/#\/schema\/person\/3bfd164d5218a185b1db68655a265316","name":"C D","image":{"@type":"ImageObject","inLanguage":"fr-FR","@id":"https:\/\/vosgesinfo.fr\/remiremontinfo\/#\/schema\/person\/image\/","url":"https:\/\/secure.gravatar.com\/avatar\/1f9a70007336511a47468b8f1c66f922b8b7cf617b02a31149ada43893a5d48f?s=96&d=mm&r=g","contentUrl":"https:\/\/secure.gravatar.com\/avatar\/1f9a70007336511a47468b8f1c66f922b8b7cf617b02a31149ada43893a5d48f?s=96&d=mm&r=g","caption":"C D"},"url":"https:\/\/vosgesinfo.fr\/remiremontinfo\/author\/cedric-drevet\/"}]}},"_links":{"self":[{"href":"https:\/\/vosgesinfo.fr\/remiremontinfo\/wp-json\/wp\/v2\/posts\/64332","targetHints":{"allow":["GET"]}}],"collection":[{"href":"https:\/\/vosgesinfo.fr\/remiremontinfo\/wp-json\/wp\/v2\/posts"}],"about":[{"href":"https:\/\/vosgesinfo.fr\/remiremontinfo\/wp-json\/wp\/v2\/types\/post"}],"author":[{"embeddable":true,"href":"https:\/\/vosgesinfo.fr\/remiremontinfo\/wp-json\/wp\/v2\/users\/407"}],"replies":[{"embeddable":true,"href":"https:\/\/vosgesinfo.fr\/remiremontinfo\/wp-json\/wp\/v2\/comments?post=64332"}],"version-history":[{"count":0,"href":"https:\/\/vosgesinfo.fr\/remiremontinfo\/wp-json\/wp\/v2\/posts\/64332\/revisions"}],"wp:featuredmedia":[{"embeddable":true,"href":"https:\/\/vosgesinfo.fr\/remiremontinfo\/wp-json\/wp\/v2\/media\/64333"}],"wp:attachment":[{"href":"https:\/\/vosgesinfo.fr\/remiremontinfo\/wp-json\/wp\/v2\/media?parent=64332"}],"wp:term":[{"taxonomy":"category","embeddable":true,"href":"https:\/\/vosgesinfo.fr\/remiremontinfo\/wp-json\/wp\/v2\/categories?post=64332"},{"taxonomy":"post_tag","embeddable":true,"href":"https:\/\/vosgesinfo.fr\/remiremontinfo\/wp-json\/wp\/v2\/tags?post=64332"}],"curies":[{"name":"wp","href":"https:\/\/api.w.org\/{rel}","templated":true}]}}