{"id":64492,"date":"2022-11-14T17:50:33","date_gmt":"2022-11-14T16:50:33","guid":{"rendered":"https:\/\/vosgesinfo.fr\/remiremontinfo\/2022\/11\/grand-gala-de-catch-international-organise-a-remiremont\/"},"modified":"2022-11-14T17:50:33","modified_gmt":"2022-11-14T16:50:33","slug":"grand-gala-de-catch-international-organise-a-remiremont","status":"publish","type":"post","link":"https:\/\/vosgesinfo.fr\/remiremontinfo\/2022\/11\/grand-gala-de-catch-international-organise-a-remiremont\/","title":{"rendered":"Un grand gala de catch international organis\u00e9 \u00e0 Remiremont"},"content":{"rendered":"\n<p>Un tr\u00e8s beau plateau Catch est pr\u00e9vu pour cette 4\u00e8me \u00e9dition du Gala de Catch International de la commune de Remiremont qui aura lieu au gymnase B\u00e9champ ! En partenariat avec les associations : Danse Moderne Academy et le Partenariat des Acteurs Culturels Citoyens et Territoriaux. Apr\u00e8s presque 3 ans d\u2019absence impact\u00e9 par le COVID-19, nous revenons aupr\u00e8s de nos publics qui ont eu la patience infinie de nous attendre pendant tout ce temps\u2026 Ils sont nombreux \u00e0 nous avoir \u00e9crit, sollicit\u00e9 et tr\u00e9pign\u00e9 d\u2019impatience pour notre venue\u2026 Et nous voil\u00e0 enfin de retour ! C\u2019est ainsi qu\u2019\u00e0 partir de 18H00, ce samedi 26 novembre, un show haut en couleurs, en suspense et en intensit\u00e9 sportive, attend les spectateurs qui se rassemblent tr\u00e8s nombreux pour le retour de tous nos Galas de Catch propos\u00e9s en France. Venus des quatre coins du pays, ils admirent, applaudissent, huent, souffrent et vivent avec nos athl\u00e8tes leurs douleurs comme leurs moments de gloire ! Lorsque leur favori souffre, c\u2019est tout le public qui souffre\u2026 mais lorsqu\u2019il r\u00e9ussit \u00e0 renverser la tendance, c\u2019est tout le public qui se l\u00e8ve pour lui donner la force d\u2019aller toujours plus haut et d\u2019\u00eatre toujours plus fort ! Les stars du Catch vont s\u2019y confronter comme David Michel, le loup solitaire favori des foules actuel Champion International, Scott Rider, l\u2019\u00e9trangleur franco-\u00e9cossais, Bella Ath\u00e9na la d\u00e9esse des rings\u2026 des r\u00e9f\u00e9rences en France ! Face \u00e0 eux, ils auront fort \u00e0 faire, puisque des g\u00e9ants du Catch de la sc\u00e8ne internationale viennent pour les d\u00e9fier : Inca WARRIOR (PEROU), Ozzy Spencer (HONGRIE) ou Ken Pyro (SLOVAQUIE)\u2026 des champions dans leur pays. Un v\u00e9ritable sport m\u00e9langeant vitesse, force, agilit\u00e9 et virtuosit\u00e9. Nos catcheurs vous invitent \u00e0 rentrer dans des univers surprenants et inattendus qui peuvent aller de l\u2019univers des dieux grecs \u00e0 l\u2019Ecosse en passant par des univers sombres, mystiques et surprenants\u2026 De nombreuses places ont d\u00e9j\u00e0 \u00e9t\u00e9 r\u00e9serv\u00e9es par les fervents admirateurs et amateurs de la discipline qui sont rod\u00e9s et r\u00e9gl\u00e9s comme du papier \u00e0 musique ! Nous conseillons vivement aux spectateurs de r\u00e9server rapidement leurs places car la billetterie part \u00e0 une vitesse folle. Il est possible de r\u00e9server sur internet aupr\u00e8s de Francebillet, Ticketmaster ou directement sur le site de la LNC : www.liguenationaledecatch-lnc.com. Tarifs : Libre Assis : \u2022 Adultes : 13\u20ac \u2022 Enfants (-15 ans) : 8\u20ac<\/p>\n<p>Gradins Libre Assis : \u2022 Adultes : 11\u20ac \u2022 Enfants (-15 ans) : 7\u20ac Les enfants du public auront \u00e9galement leur moment avec un quizz o\u00f9 tous auront la possibilit\u00e9 de gagner diff\u00e9rents lots de la boutique officielle de la LNC. Des entractes seront propos\u00e9s tout au long de la soir\u00e9e afin de permettre au public de se rafra\u00eechir et de se restaurer \u00e0 la buvette\/restauration mise en place. Au cours de ces entractes, diff\u00e9rents catcheurs\/ses seront pr\u00e9sents en d\u00e9dicaces. Ainsi, la boutique officielle de la LNC sera ouverte au public et propose cette ann\u00e9e toute une vari\u00e9t\u00e9 de gamme de produits LNC<\/p>\n","protected":false},"excerpt":{"rendered":"<p>Un tr\u00e8s beau plateau Catch est pr\u00e9vu pour cette 4\u00e8me \u00e9dition du Gala de Catch International de la commune de [&hellip;]<\/p>\n","protected":false},"author":39,"featured_media":64493,"comment_status":"open","ping_status":"open","sticky":false,"template":"","format":"standard","meta":{"footnotes":""},"categories":[26,18],"tags":[],"class_list":["post-64492","post","type-post","status-publish","format-standard","has-post-thumbnail","hentry","category-a-la-une","category-vosges"],"acf":[],"yoast_head":"<!-- This site is optimized with the Yoast SEO plugin v22.5 - https:\/\/yoast.com\/wordpress\/plugins\/seo\/ -->\n<title>Un grand gala de catch international organis\u00e9 \u00e0 Remiremont - Remiremont Info<\/title>\n<meta name=\"robots\" content=\"index, follow, max-snippet:-1, max-image-preview:large, max-video-preview:-1\" \/>\n<link rel=\"canonical\" href=\"https:\/\/vosgesinfo.fr\/remiremontinfo\/2022\/11\/grand-gala-de-catch-international-organise-a-remiremont\/\" \/>\n<meta name=\"twitter:card\" content=\"summary_large_image\" \/>\n<meta name=\"twitter:title\" content=\"Un grand gala de catch international organis\u00e9 \u00e0 Remiremont - Remiremont Info\" \/>\n<meta name=\"twitter:description\" content=\"Un tr\u00e8s beau plateau Catch est pr\u00e9vu pour cette 4\u00e8me \u00e9dition du Gala de Catch International de la commune de [&hellip;]\" \/>\n<meta name=\"twitter:image\" content=\"https:\/\/vosgesinfo.fr\/app\/uploads\/sites\/5\/2024\/09\/20221113.jpg\" \/>\n<meta name=\"twitter:creator\" content=\"@VosgesInfo88\" \/>\n<meta name=\"twitter:site\" content=\"@VosgesInfo88\" \/>\n<meta name=\"twitter:label1\" content=\"\u00c9crit par\" \/>\n\t<meta name=\"twitter:data1\" content=\"Phj\" \/>\n\t<meta name=\"twitter:label2\" content=\"Dur\u00e9e de lecture estim\u00e9e\" \/>\n\t<meta name=\"twitter:data2\" content=\"3 minutes\" \/>\n<script type=\"application\/ld+json\" class=\"yoast-schema-graph\">{\"@context\":\"https:\/\/schema.org\",\"@graph\":[{\"@type\":\"Article\",\"@id\":\"https:\/\/vosgesinfo.fr\/remiremontinfo\/2022\/11\/grand-gala-de-catch-international-organise-a-remiremont\/#article\",\"isPartOf\":{\"@id\":\"https:\/\/vosgesinfo.fr\/remiremontinfo\/2022\/11\/grand-gala-de-catch-international-organise-a-remiremont\/\"},\"author\":{\"name\":\"Phj\",\"@id\":\"https:\/\/vosgesinfo.fr\/remiremontinfo\/#\/schema\/person\/4f57dc393faf2ac8b9f1cab30ad79250\"},\"headline\":\"Un grand gala de catch international organis\u00e9 \u00e0 Remiremont\",\"datePublished\":\"2022-11-14T16:50:33+00:00\",\"dateModified\":\"2022-11-14T16:50:33+00:00\",\"mainEntityOfPage\":{\"@id\":\"https:\/\/vosgesinfo.fr\/remiremontinfo\/2022\/11\/grand-gala-de-catch-international-organise-a-remiremont\/\"},\"wordCount\":532,\"commentCount\":0,\"publisher\":{\"@id\":\"https:\/\/vosgesinfo.fr\/remiremontinfo\/#organization\"},\"image\":{\"@id\":\"https:\/\/vosgesinfo.fr\/remiremontinfo\/2022\/11\/grand-gala-de-catch-international-organise-a-remiremont\/#primaryimage\"},\"thumbnailUrl\":\"https:\/\/vosgesinfo.fr\/app\/uploads\/sites\/5\/2024\/09\/20221113.jpg\",\"articleSection\":[\"A la Une\",\"Vosges\"],\"inLanguage\":\"fr-FR\",\"potentialAction\":[{\"@type\":\"CommentAction\",\"name\":\"Comment\",\"target\":[\"https:\/\/vosgesinfo.fr\/remiremontinfo\/2022\/11\/grand-gala-de-catch-international-organise-a-remiremont\/#respond\"]}]},{\"@type\":\"WebPage\",\"@id\":\"https:\/\/vosgesinfo.fr\/remiremontinfo\/2022\/11\/grand-gala-de-catch-international-organise-a-remiremont\/\",\"url\":\"https:\/\/vosgesinfo.fr\/remiremontinfo\/2022\/11\/grand-gala-de-catch-international-organise-a-remiremont\/\",\"name\":\"Un grand gala de catch international organis\u00e9 \u00e0 Remiremont - Remiremont Info\",\"isPartOf\":{\"@id\":\"https:\/\/vosgesinfo.fr\/remiremontinfo\/#website\"},\"primaryImageOfPage\":{\"@id\":\"https:\/\/vosgesinfo.fr\/remiremontinfo\/2022\/11\/grand-gala-de-catch-international-organise-a-remiremont\/#primaryimage\"},\"image\":{\"@id\":\"https:\/\/vosgesinfo.fr\/remiremontinfo\/2022\/11\/grand-gala-de-catch-international-organise-a-remiremont\/#primaryimage\"},\"thumbnailUrl\":\"https:\/\/vosgesinfo.fr\/app\/uploads\/sites\/5\/2024\/09\/20221113.jpg\",\"datePublished\":\"2022-11-14T16:50:33+00:00\",\"dateModified\":\"2022-11-14T16:50:33+00:00\",\"breadcrumb\":{\"@id\":\"https:\/\/vosgesinfo.fr\/remiremontinfo\/2022\/11\/grand-gala-de-catch-international-organise-a-remiremont\/#breadcrumb\"},\"inLanguage\":\"fr-FR\",\"potentialAction\":[{\"@type\":\"ReadAction\",\"target\":[\"https:\/\/vosgesinfo.fr\/remiremontinfo\/2022\/11\/grand-gala-de-catch-international-organise-a-remiremont\/\"]}]},{\"@type\":\"ImageObject\",\"inLanguage\":\"fr-FR\",\"@id\":\"https:\/\/vosgesinfo.fr\/remiremontinfo\/2022\/11\/grand-gala-de-catch-international-organise-a-remiremont\/#primaryimage\",\"url\":\"https:\/\/vosgesinfo.fr\/app\/uploads\/sites\/5\/2024\/09\/20221113.jpg\",\"contentUrl\":\"https:\/\/vosgesinfo.fr\/app\/uploads\/sites\/5\/2024\/09\/20221113.jpg\",\"width\":960,\"height\":652},{\"@type\":\"BreadcrumbList\",\"@id\":\"https:\/\/vosgesinfo.fr\/remiremontinfo\/2022\/11\/grand-gala-de-catch-international-organise-a-remiremont\/#breadcrumb\",\"itemListElement\":[{\"@type\":\"ListItem\",\"position\":1,\"name\":\"Home\",\"item\":\"https:\/\/vosgesinfo.fr\/remiremontinfo\/\"},{\"@type\":\"ListItem\",\"position\":2,\"name\":\"Un grand gala de catch international organis\u00e9 \u00e0 Remiremont\"}]},{\"@type\":\"WebSite\",\"@id\":\"https:\/\/vosgesinfo.fr\/remiremontinfo\/#website\",\"url\":\"https:\/\/vosgesinfo.fr\/remiremontinfo\/\",\"name\":\"Remiremont Info\",\"description\":\"Toute l&#039;actualit\u00e9 de Remiremont\",\"publisher\":{\"@id\":\"https:\/\/vosgesinfo.fr\/remiremontinfo\/#organization\"},\"alternateName\":\"Toute l'actualit\u00e9 de Remiremont\",\"potentialAction\":[{\"@type\":\"SearchAction\",\"target\":{\"@type\":\"EntryPoint\",\"urlTemplate\":\"https:\/\/vosgesinfo.fr\/remiremontinfo\/?s={search_term_string}\"},\"query-input\":\"required name=search_term_string\"}],\"inLanguage\":\"fr-FR\"},{\"@type\":\"Organization\",\"@id\":\"https:\/\/vosgesinfo.fr\/remiremontinfo\/#organization\",\"name\":\"Remiremont Info\",\"url\":\"https:\/\/vosgesinfo.fr\/remiremontinfo\/\",\"logo\":{\"@type\":\"ImageObject\",\"inLanguage\":\"fr-FR\",\"@id\":\"https:\/\/vosgesinfo.fr\/remiremontinfo\/#\/schema\/logo\/image\/\",\"url\":\"https:\/\/vosgesinfo.fr\/app\/uploads\/sites\/5\/2023\/08\/favicon-remiremontinfo.png\",\"contentUrl\":\"https:\/\/vosgesinfo.fr\/app\/uploads\/sites\/5\/2023\/08\/favicon-remiremontinfo.png\",\"width\":512,\"height\":512,\"caption\":\"Remiremont Info\"},\"image\":{\"@id\":\"https:\/\/vosgesinfo.fr\/remiremontinfo\/#\/schema\/logo\/image\/\"},\"sameAs\":[\"https:\/\/www.facebook.com\/remiremontinfo\",\"https:\/\/x.com\/VosgesInfo88\",\"https:\/\/www.youtube.com\/@vosgesinfo\"]},{\"@type\":\"Person\",\"@id\":\"https:\/\/vosgesinfo.fr\/remiremontinfo\/#\/schema\/person\/4f57dc393faf2ac8b9f1cab30ad79250\",\"name\":\"Phj\",\"image\":{\"@type\":\"ImageObject\",\"inLanguage\":\"fr-FR\",\"@id\":\"https:\/\/vosgesinfo.fr\/remiremontinfo\/#\/schema\/person\/image\/\",\"url\":\"https:\/\/secure.gravatar.com\/avatar\/ada60265080fb9a89c9809bf0abb1f448a128cb85db1c08905baa5038fbe3cfe?s=96&d=mm&r=g\",\"contentUrl\":\"https:\/\/secure.gravatar.com\/avatar\/ada60265080fb9a89c9809bf0abb1f448a128cb85db1c08905baa5038fbe3cfe?s=96&d=mm&r=g\",\"caption\":\"Phj\"},\"url\":\"https:\/\/vosgesinfo.fr\/remiremontinfo\/author\/phj\/\"}]}<\/script>\n<!-- \/ Yoast SEO plugin. -->","yoast_head_json":{"title":"Un grand gala de catch international organis\u00e9 \u00e0 Remiremont - Remiremont Info","robots":{"index":"index","follow":"follow","max-snippet":"max-snippet:-1","max-image-preview":"max-image-preview:large","max-video-preview":"max-video-preview:-1"},"canonical":"https:\/\/vosgesinfo.fr\/remiremontinfo\/2022\/11\/grand-gala-de-catch-international-organise-a-remiremont\/","twitter_card":"summary_large_image","twitter_title":"Un grand gala de catch international organis\u00e9 \u00e0 Remiremont - Remiremont Info","twitter_description":"Un tr\u00e8s beau plateau Catch est pr\u00e9vu pour cette 4\u00e8me \u00e9dition du Gala de Catch International de la commune de [&hellip;]","twitter_image":"https:\/\/vosgesinfo.fr\/app\/uploads\/sites\/5\/2024\/09\/20221113.jpg","twitter_creator":"@VosgesInfo88","twitter_site":"@VosgesInfo88","twitter_misc":{"\u00c9crit par":"Phj","Dur\u00e9e de lecture estim\u00e9e":"3 minutes"},"schema":{"@context":"https:\/\/schema.org","@graph":[{"@type":"Article","@id":"https:\/\/vosgesinfo.fr\/remiremontinfo\/2022\/11\/grand-gala-de-catch-international-organise-a-remiremont\/#article","isPartOf":{"@id":"https:\/\/vosgesinfo.fr\/remiremontinfo\/2022\/11\/grand-gala-de-catch-international-organise-a-remiremont\/"},"author":{"name":"Phj","@id":"https:\/\/vosgesinfo.fr\/remiremontinfo\/#\/schema\/person\/4f57dc393faf2ac8b9f1cab30ad79250"},"headline":"Un grand gala de catch international organis\u00e9 \u00e0 Remiremont","datePublished":"2022-11-14T16:50:33+00:00","dateModified":"2022-11-14T16:50:33+00:00","mainEntityOfPage":{"@id":"https:\/\/vosgesinfo.fr\/remiremontinfo\/2022\/11\/grand-gala-de-catch-international-organise-a-remiremont\/"},"wordCount":532,"commentCount":0,"publisher":{"@id":"https:\/\/vosgesinfo.fr\/remiremontinfo\/#organization"},"image":{"@id":"https:\/\/vosgesinfo.fr\/remiremontinfo\/2022\/11\/grand-gala-de-catch-international-organise-a-remiremont\/#primaryimage"},"thumbnailUrl":"https:\/\/vosgesinfo.fr\/app\/uploads\/sites\/5\/2024\/09\/20221113.jpg","articleSection":["A la Une","Vosges"],"inLanguage":"fr-FR","potentialAction":[{"@type":"CommentAction","name":"Comment","target":["https:\/\/vosgesinfo.fr\/remiremontinfo\/2022\/11\/grand-gala-de-catch-international-organise-a-remiremont\/#respond"]}]},{"@type":"WebPage","@id":"https:\/\/vosgesinfo.fr\/remiremontinfo\/2022\/11\/grand-gala-de-catch-international-organise-a-remiremont\/","url":"https:\/\/vosgesinfo.fr\/remiremontinfo\/2022\/11\/grand-gala-de-catch-international-organise-a-remiremont\/","name":"Un grand gala de catch international organis\u00e9 \u00e0 Remiremont - Remiremont Info","isPartOf":{"@id":"https:\/\/vosgesinfo.fr\/remiremontinfo\/#website"},"primaryImageOfPage":{"@id":"https:\/\/vosgesinfo.fr\/remiremontinfo\/2022\/11\/grand-gala-de-catch-international-organise-a-remiremont\/#primaryimage"},"image":{"@id":"https:\/\/vosgesinfo.fr\/remiremontinfo\/2022\/11\/grand-gala-de-catch-international-organise-a-remiremont\/#primaryimage"},"thumbnailUrl":"https:\/\/vosgesinfo.fr\/app\/uploads\/sites\/5\/2024\/09\/20221113.jpg","datePublished":"2022-11-14T16:50:33+00:00","dateModified":"2022-11-14T16:50:33+00:00","breadcrumb":{"@id":"https:\/\/vosgesinfo.fr\/remiremontinfo\/2022\/11\/grand-gala-de-catch-international-organise-a-remiremont\/#breadcrumb"},"inLanguage":"fr-FR","potentialAction":[{"@type":"ReadAction","target":["https:\/\/vosgesinfo.fr\/remiremontinfo\/2022\/11\/grand-gala-de-catch-international-organise-a-remiremont\/"]}]},{"@type":"ImageObject","inLanguage":"fr-FR","@id":"https:\/\/vosgesinfo.fr\/remiremontinfo\/2022\/11\/grand-gala-de-catch-international-organise-a-remiremont\/#primaryimage","url":"https:\/\/vosgesinfo.fr\/app\/uploads\/sites\/5\/2024\/09\/20221113.jpg","contentUrl":"https:\/\/vosgesinfo.fr\/app\/uploads\/sites\/5\/2024\/09\/20221113.jpg","width":960,"height":652},{"@type":"BreadcrumbList","@id":"https:\/\/vosgesinfo.fr\/remiremontinfo\/2022\/11\/grand-gala-de-catch-international-organise-a-remiremont\/#breadcrumb","itemListElement":[{"@type":"ListItem","position":1,"name":"Home","item":"https:\/\/vosgesinfo.fr\/remiremontinfo\/"},{"@type":"ListItem","position":2,"name":"Un grand gala de catch international organis\u00e9 \u00e0 Remiremont"}]},{"@type":"WebSite","@id":"https:\/\/vosgesinfo.fr\/remiremontinfo\/#website","url":"https:\/\/vosgesinfo.fr\/remiremontinfo\/","name":"Remiremont Info","description":"Toute l&#039;actualit\u00e9 de Remiremont","publisher":{"@id":"https:\/\/vosgesinfo.fr\/remiremontinfo\/#organization"},"alternateName":"Toute l'actualit\u00e9 de Remiremont","potentialAction":[{"@type":"SearchAction","target":{"@type":"EntryPoint","urlTemplate":"https:\/\/vosgesinfo.fr\/remiremontinfo\/?s={search_term_string}"},"query-input":"required name=search_term_string"}],"inLanguage":"fr-FR"},{"@type":"Organization","@id":"https:\/\/vosgesinfo.fr\/remiremontinfo\/#organization","name":"Remiremont Info","url":"https:\/\/vosgesinfo.fr\/remiremontinfo\/","logo":{"@type":"ImageObject","inLanguage":"fr-FR","@id":"https:\/\/vosgesinfo.fr\/remiremontinfo\/#\/schema\/logo\/image\/","url":"https:\/\/vosgesinfo.fr\/app\/uploads\/sites\/5\/2023\/08\/favicon-remiremontinfo.png","contentUrl":"https:\/\/vosgesinfo.fr\/app\/uploads\/sites\/5\/2023\/08\/favicon-remiremontinfo.png","width":512,"height":512,"caption":"Remiremont Info"},"image":{"@id":"https:\/\/vosgesinfo.fr\/remiremontinfo\/#\/schema\/logo\/image\/"},"sameAs":["https:\/\/www.facebook.com\/remiremontinfo","https:\/\/x.com\/VosgesInfo88","https:\/\/www.youtube.com\/@vosgesinfo"]},{"@type":"Person","@id":"https:\/\/vosgesinfo.fr\/remiremontinfo\/#\/schema\/person\/4f57dc393faf2ac8b9f1cab30ad79250","name":"Phj","image":{"@type":"ImageObject","inLanguage":"fr-FR","@id":"https:\/\/vosgesinfo.fr\/remiremontinfo\/#\/schema\/person\/image\/","url":"https:\/\/secure.gravatar.com\/avatar\/ada60265080fb9a89c9809bf0abb1f448a128cb85db1c08905baa5038fbe3cfe?s=96&d=mm&r=g","contentUrl":"https:\/\/secure.gravatar.com\/avatar\/ada60265080fb9a89c9809bf0abb1f448a128cb85db1c08905baa5038fbe3cfe?s=96&d=mm&r=g","caption":"Phj"},"url":"https:\/\/vosgesinfo.fr\/remiremontinfo\/author\/phj\/"}]}},"_links":{"self":[{"href":"https:\/\/vosgesinfo.fr\/remiremontinfo\/wp-json\/wp\/v2\/posts\/64492","targetHints":{"allow":["GET"]}}],"collection":[{"href":"https:\/\/vosgesinfo.fr\/remiremontinfo\/wp-json\/wp\/v2\/posts"}],"about":[{"href":"https:\/\/vosgesinfo.fr\/remiremontinfo\/wp-json\/wp\/v2\/types\/post"}],"author":[{"embeddable":true,"href":"https:\/\/vosgesinfo.fr\/remiremontinfo\/wp-json\/wp\/v2\/users\/39"}],"replies":[{"embeddable":true,"href":"https:\/\/vosgesinfo.fr\/remiremontinfo\/wp-json\/wp\/v2\/comments?post=64492"}],"version-history":[{"count":0,"href":"https:\/\/vosgesinfo.fr\/remiremontinfo\/wp-json\/wp\/v2\/posts\/64492\/revisions"}],"wp:featuredmedia":[{"embeddable":true,"href":"https:\/\/vosgesinfo.fr\/remiremontinfo\/wp-json\/wp\/v2\/media\/64493"}],"wp:attachment":[{"href":"https:\/\/vosgesinfo.fr\/remiremontinfo\/wp-json\/wp\/v2\/media?parent=64492"}],"wp:term":[{"taxonomy":"category","embeddable":true,"href":"https:\/\/vosgesinfo.fr\/remiremontinfo\/wp-json\/wp\/v2\/categories?post=64492"},{"taxonomy":"post_tag","embeddable":true,"href":"https:\/\/vosgesinfo.fr\/remiremontinfo\/wp-json\/wp\/v2\/tags?post=64492"}],"curies":[{"name":"wp","href":"https:\/\/api.w.org\/{rel}","templated":true}]}}