{"id":64582,"date":"2022-11-18T14:00:10","date_gmt":"2022-11-18T13:00:10","guid":{"rendered":"https:\/\/vosgesinfo.fr\/remiremontinfo\/2022\/11\/val-dajol-mairie-adapte-eclairage-public-illuminations-de-noel-a-crise-energetique\/"},"modified":"2022-11-18T14:00:10","modified_gmt":"2022-11-18T13:00:10","slug":"val-dajol-mairie-adapte-eclairage-public-illuminations-de-noel-a-crise-energetique","status":"publish","type":"post","link":"https:\/\/vosgesinfo.fr\/remiremontinfo\/2022\/11\/val-dajol-mairie-adapte-eclairage-public-illuminations-de-noel-a-crise-energetique\/","title":{"rendered":"Le Val d&rsquo;Ajol : la Mairie adapte \u00e9clairage public et illuminations de No\u00ebl \u00e0 la crise \u00e9nerg\u00e9tique"},"content":{"rendered":"<p><a href=\"\/2022\/11\/val-dajol-maps-google-mairie.png\"><img decoding=\"async\" class=\"alignnone size-full wp-image-358097\" src=\"\/2022\/11\/val-dajol-maps-google-mairie.png\" alt=\"val d'ajol maps google mairie\" width=\"681\" height=\"491\" \/><\/a><\/p>\n<p><span style=\"font-size: 10pt;\"><em>Photo Google Maps\u00a0<\/em><\/span><\/p>\n<div class=\"x11i5rnm xat24cr x1mh8g0r x1vvkbs xdj266r x126k92a\">\n<div dir=\"auto\"><\/div>\n<h2 dir=\"auto\"><span style=\"font-size: 12pt;\"><strong>Dans le contexte particulier marqu\u00e9 par la crise \u00e9nerg\u00e9tique et l&rsquo;importante augmentation des prix, les Mairies vosgiennes s&rsquo;adaptent et trouvent des solutions pour faire des \u00e9conomies d&rsquo;\u00e9nergie et donc\u00a0limiter le montant des factures. L&rsquo;\u00e9clairage public et les illuminations de No\u00ebl sont en question, alors que l&rsquo;on approche de la fin de l&rsquo;ann\u00e9e. Au Val d&rsquo;Ajol, la Mairie a pr\u00e9sent\u00e9 les choix qui ont \u00e9t\u00e9 effectu\u00e9s.<\/strong><\/span><\/h2>\n<\/div>\n<div class=\"x11i5rnm xat24cr x1mh8g0r x1vvkbs xtlvy1s x126k92a\">\n<div dir=\"auto\">\u00ab\u00a0Les illuminations de No\u00ebl seront allum\u00e9es pour une plus courte p\u00e9riode\u00a0\u00bb, affirme la Mairie. Du 2 d\u00e9cembre 2022 au 02 janvier 2023. \u00ab\u00a0Le centre sera conserv\u00e9 pour le troisi\u00e8me dimanche de janvier (V\u0153ux du Maire). Le plafond lumineux de la place de l&rsquo;\u00e9glise et les ampoules de la place de l&rsquo;h\u00f4tel de ville seront conserv\u00e9s pour les trois jours de foire aux andouilles\u00a0\u00bb. Par ailleurs, \u00ab\u00a0l&rsquo;amplitude horaire des \u00e9clairages publics et illuminations sera r\u00e9duite\u00a0\u00bb. De 6h30 \u00e0 8h et 17h \u00e0 21h30 puis un cand\u00e9labre sur deux jusqu&rsquo;\u00e0 22h30, au centre. \u00ab\u00a0Attention ! Suivant le quartier, en fonction de la luminosit\u00e9, les horaires d\u2019extinction le matin et d\u2019allumage le soir sont susceptibles de varier. Merci pour votre compr\u00e9hension et vos efforts \u00e0 tous !\u00a0\u00bb<\/div>\n<\/div>\n","protected":false},"excerpt":{"rendered":"<p>Photo Google Maps\u00a0 Dans le contexte particulier marqu\u00e9 par la crise \u00e9nerg\u00e9tique et l&rsquo;importante augmentation des prix, les Mairies vosgiennes [&hellip;]<\/p>\n","protected":false},"author":407,"featured_media":64583,"comment_status":"open","ping_status":"open","sticky":false,"template":"","format":"standard","meta":{"footnotes":""},"categories":[26,618,121,82],"tags":[5060,2805,620,123,32],"class_list":["post-64582","post","type-post","status-publish","format-standard","has-post-thumbnail","hentry","category-a-la-une","category-energie","category-le-val-dajol-le-val-dajol-son-canton","category-le-val-dajol-son-canton","tag-economies","tag-electricite","tag-energie","tag-val-dajol","tag-vosges"],"acf":[],"yoast_head":"<!-- This site is optimized with the Yoast SEO plugin v22.5 - https:\/\/yoast.com\/wordpress\/plugins\/seo\/ -->\n<title>Le Val d&#039;Ajol : la Mairie adapte \u00e9clairage public et illuminations de No\u00ebl \u00e0 la crise \u00e9nerg\u00e9tique - Remiremont Info<\/title>\n<meta name=\"robots\" content=\"index, follow, max-snippet:-1, max-image-preview:large, max-video-preview:-1\" \/>\n<link rel=\"canonical\" href=\"https:\/\/vosgesinfo.fr\/remiremontinfo\/2022\/11\/val-dajol-mairie-adapte-eclairage-public-illuminations-de-noel-a-crise-energetique\/\" \/>\n<meta name=\"twitter:card\" content=\"summary_large_image\" \/>\n<meta name=\"twitter:title\" content=\"Le Val d&#039;Ajol : la Mairie adapte \u00e9clairage public et illuminations de No\u00ebl \u00e0 la crise \u00e9nerg\u00e9tique - Remiremont Info\" \/>\n<meta name=\"twitter:description\" content=\"Photo Google Maps\u00a0 Dans le contexte particulier marqu\u00e9 par la crise \u00e9nerg\u00e9tique et l&rsquo;importante augmentation des prix, les Mairies vosgiennes [&hellip;]\" \/>\n<meta name=\"twitter:image\" content=\"https:\/\/vosgesinfo.fr\/app\/uploads\/sites\/5\/2024\/09\/202211val-dajol-maps-google-mairie.png\" \/>\n<meta name=\"twitter:creator\" content=\"@VosgesInfo88\" \/>\n<meta name=\"twitter:site\" content=\"@VosgesInfo88\" \/>\n<meta name=\"twitter:label1\" content=\"\u00c9crit par\" \/>\n\t<meta name=\"twitter:data1\" content=\"C D\" \/>\n\t<meta name=\"twitter:label2\" content=\"Dur\u00e9e de lecture estim\u00e9e\" \/>\n\t<meta name=\"twitter:data2\" content=\"1 minute\" \/>\n<script type=\"application\/ld+json\" class=\"yoast-schema-graph\">{\"@context\":\"https:\/\/schema.org\",\"@graph\":[{\"@type\":\"Article\",\"@id\":\"https:\/\/vosgesinfo.fr\/remiremontinfo\/2022\/11\/val-dajol-mairie-adapte-eclairage-public-illuminations-de-noel-a-crise-energetique\/#article\",\"isPartOf\":{\"@id\":\"https:\/\/vosgesinfo.fr\/remiremontinfo\/2022\/11\/val-dajol-mairie-adapte-eclairage-public-illuminations-de-noel-a-crise-energetique\/\"},\"author\":{\"name\":\"C D\",\"@id\":\"https:\/\/vosgesinfo.fr\/remiremontinfo\/#\/schema\/person\/3bfd164d5218a185b1db68655a265316\"},\"headline\":\"Le Val d&rsquo;Ajol : la Mairie adapte \u00e9clairage public et illuminations de No\u00ebl \u00e0 la crise \u00e9nerg\u00e9tique\",\"datePublished\":\"2022-11-18T13:00:10+00:00\",\"dateModified\":\"2022-11-18T13:00:10+00:00\",\"mainEntityOfPage\":{\"@id\":\"https:\/\/vosgesinfo.fr\/remiremontinfo\/2022\/11\/val-dajol-mairie-adapte-eclairage-public-illuminations-de-noel-a-crise-energetique\/\"},\"wordCount\":230,\"commentCount\":0,\"publisher\":{\"@id\":\"https:\/\/vosgesinfo.fr\/remiremontinfo\/#organization\"},\"image\":{\"@id\":\"https:\/\/vosgesinfo.fr\/remiremontinfo\/2022\/11\/val-dajol-mairie-adapte-eclairage-public-illuminations-de-noel-a-crise-energetique\/#primaryimage\"},\"thumbnailUrl\":\"https:\/\/vosgesinfo.fr\/app\/uploads\/sites\/5\/2024\/09\/202211val-dajol-maps-google-mairie.png\",\"keywords\":[\"economies\",\"electricit\u00e9\",\"Energie\",\"val d'ajol\",\"Vosges\"],\"articleSection\":[\"A la Une\",\"Energie\",\"Le Val d'Ajol\",\"Le Val-d'Ajol &amp; son canton\"],\"inLanguage\":\"fr-FR\",\"potentialAction\":[{\"@type\":\"CommentAction\",\"name\":\"Comment\",\"target\":[\"https:\/\/vosgesinfo.fr\/remiremontinfo\/2022\/11\/val-dajol-mairie-adapte-eclairage-public-illuminations-de-noel-a-crise-energetique\/#respond\"]}]},{\"@type\":\"WebPage\",\"@id\":\"https:\/\/vosgesinfo.fr\/remiremontinfo\/2022\/11\/val-dajol-mairie-adapte-eclairage-public-illuminations-de-noel-a-crise-energetique\/\",\"url\":\"https:\/\/vosgesinfo.fr\/remiremontinfo\/2022\/11\/val-dajol-mairie-adapte-eclairage-public-illuminations-de-noel-a-crise-energetique\/\",\"name\":\"Le Val d'Ajol : la Mairie adapte \u00e9clairage public et illuminations de No\u00ebl \u00e0 la crise \u00e9nerg\u00e9tique - Remiremont Info\",\"isPartOf\":{\"@id\":\"https:\/\/vosgesinfo.fr\/remiremontinfo\/#website\"},\"primaryImageOfPage\":{\"@id\":\"https:\/\/vosgesinfo.fr\/remiremontinfo\/2022\/11\/val-dajol-mairie-adapte-eclairage-public-illuminations-de-noel-a-crise-energetique\/#primaryimage\"},\"image\":{\"@id\":\"https:\/\/vosgesinfo.fr\/remiremontinfo\/2022\/11\/val-dajol-mairie-adapte-eclairage-public-illuminations-de-noel-a-crise-energetique\/#primaryimage\"},\"thumbnailUrl\":\"https:\/\/vosgesinfo.fr\/app\/uploads\/sites\/5\/2024\/09\/202211val-dajol-maps-google-mairie.png\",\"datePublished\":\"2022-11-18T13:00:10+00:00\",\"dateModified\":\"2022-11-18T13:00:10+00:00\",\"breadcrumb\":{\"@id\":\"https:\/\/vosgesinfo.fr\/remiremontinfo\/2022\/11\/val-dajol-mairie-adapte-eclairage-public-illuminations-de-noel-a-crise-energetique\/#breadcrumb\"},\"inLanguage\":\"fr-FR\",\"potentialAction\":[{\"@type\":\"ReadAction\",\"target\":[\"https:\/\/vosgesinfo.fr\/remiremontinfo\/2022\/11\/val-dajol-mairie-adapte-eclairage-public-illuminations-de-noel-a-crise-energetique\/\"]}]},{\"@type\":\"ImageObject\",\"inLanguage\":\"fr-FR\",\"@id\":\"https:\/\/vosgesinfo.fr\/remiremontinfo\/2022\/11\/val-dajol-mairie-adapte-eclairage-public-illuminations-de-noel-a-crise-energetique\/#primaryimage\",\"url\":\"https:\/\/vosgesinfo.fr\/app\/uploads\/sites\/5\/2024\/09\/202211val-dajol-maps-google-mairie.png\",\"contentUrl\":\"https:\/\/vosgesinfo.fr\/app\/uploads\/sites\/5\/2024\/09\/202211val-dajol-maps-google-mairie.png\",\"width\":681,\"height\":491},{\"@type\":\"BreadcrumbList\",\"@id\":\"https:\/\/vosgesinfo.fr\/remiremontinfo\/2022\/11\/val-dajol-mairie-adapte-eclairage-public-illuminations-de-noel-a-crise-energetique\/#breadcrumb\",\"itemListElement\":[{\"@type\":\"ListItem\",\"position\":1,\"name\":\"Home\",\"item\":\"https:\/\/vosgesinfo.fr\/remiremontinfo\/\"},{\"@type\":\"ListItem\",\"position\":2,\"name\":\"Le Val d&rsquo;Ajol : la Mairie adapte \u00e9clairage public et illuminations de No\u00ebl \u00e0 la crise \u00e9nerg\u00e9tique\"}]},{\"@type\":\"WebSite\",\"@id\":\"https:\/\/vosgesinfo.fr\/remiremontinfo\/#website\",\"url\":\"https:\/\/vosgesinfo.fr\/remiremontinfo\/\",\"name\":\"Remiremont Info\",\"description\":\"Toute l&#039;actualit\u00e9 de Remiremont\",\"publisher\":{\"@id\":\"https:\/\/vosgesinfo.fr\/remiremontinfo\/#organization\"},\"alternateName\":\"Toute l'actualit\u00e9 de Remiremont\",\"potentialAction\":[{\"@type\":\"SearchAction\",\"target\":{\"@type\":\"EntryPoint\",\"urlTemplate\":\"https:\/\/vosgesinfo.fr\/remiremontinfo\/?s={search_term_string}\"},\"query-input\":\"required name=search_term_string\"}],\"inLanguage\":\"fr-FR\"},{\"@type\":\"Organization\",\"@id\":\"https:\/\/vosgesinfo.fr\/remiremontinfo\/#organization\",\"name\":\"Remiremont Info\",\"url\":\"https:\/\/vosgesinfo.fr\/remiremontinfo\/\",\"logo\":{\"@type\":\"ImageObject\",\"inLanguage\":\"fr-FR\",\"@id\":\"https:\/\/vosgesinfo.fr\/remiremontinfo\/#\/schema\/logo\/image\/\",\"url\":\"https:\/\/vosgesinfo.fr\/app\/uploads\/sites\/5\/2023\/08\/favicon-remiremontinfo.png\",\"contentUrl\":\"https:\/\/vosgesinfo.fr\/app\/uploads\/sites\/5\/2023\/08\/favicon-remiremontinfo.png\",\"width\":512,\"height\":512,\"caption\":\"Remiremont Info\"},\"image\":{\"@id\":\"https:\/\/vosgesinfo.fr\/remiremontinfo\/#\/schema\/logo\/image\/\"},\"sameAs\":[\"https:\/\/www.facebook.com\/remiremontinfo\",\"https:\/\/x.com\/VosgesInfo88\",\"https:\/\/www.youtube.com\/@vosgesinfo\"]},{\"@type\":\"Person\",\"@id\":\"https:\/\/vosgesinfo.fr\/remiremontinfo\/#\/schema\/person\/3bfd164d5218a185b1db68655a265316\",\"name\":\"C D\",\"image\":{\"@type\":\"ImageObject\",\"inLanguage\":\"fr-FR\",\"@id\":\"https:\/\/vosgesinfo.fr\/remiremontinfo\/#\/schema\/person\/image\/\",\"url\":\"https:\/\/secure.gravatar.com\/avatar\/1f9a70007336511a47468b8f1c66f922b8b7cf617b02a31149ada43893a5d48f?s=96&d=mm&r=g\",\"contentUrl\":\"https:\/\/secure.gravatar.com\/avatar\/1f9a70007336511a47468b8f1c66f922b8b7cf617b02a31149ada43893a5d48f?s=96&d=mm&r=g\",\"caption\":\"C D\"},\"url\":\"https:\/\/vosgesinfo.fr\/remiremontinfo\/author\/cedric-drevet\/\"}]}<\/script>\n<!-- \/ Yoast SEO plugin. -->","yoast_head_json":{"title":"Le Val d'Ajol : la Mairie adapte \u00e9clairage public et illuminations de No\u00ebl \u00e0 la crise \u00e9nerg\u00e9tique - Remiremont Info","robots":{"index":"index","follow":"follow","max-snippet":"max-snippet:-1","max-image-preview":"max-image-preview:large","max-video-preview":"max-video-preview:-1"},"canonical":"https:\/\/vosgesinfo.fr\/remiremontinfo\/2022\/11\/val-dajol-mairie-adapte-eclairage-public-illuminations-de-noel-a-crise-energetique\/","twitter_card":"summary_large_image","twitter_title":"Le Val d'Ajol : la Mairie adapte \u00e9clairage public et illuminations de No\u00ebl \u00e0 la crise \u00e9nerg\u00e9tique - Remiremont Info","twitter_description":"Photo Google Maps\u00a0 Dans le contexte particulier marqu\u00e9 par la crise \u00e9nerg\u00e9tique et l&rsquo;importante augmentation des prix, les Mairies vosgiennes [&hellip;]","twitter_image":"https:\/\/vosgesinfo.fr\/app\/uploads\/sites\/5\/2024\/09\/202211val-dajol-maps-google-mairie.png","twitter_creator":"@VosgesInfo88","twitter_site":"@VosgesInfo88","twitter_misc":{"\u00c9crit par":"C D","Dur\u00e9e de lecture estim\u00e9e":"1 minute"},"schema":{"@context":"https:\/\/schema.org","@graph":[{"@type":"Article","@id":"https:\/\/vosgesinfo.fr\/remiremontinfo\/2022\/11\/val-dajol-mairie-adapte-eclairage-public-illuminations-de-noel-a-crise-energetique\/#article","isPartOf":{"@id":"https:\/\/vosgesinfo.fr\/remiremontinfo\/2022\/11\/val-dajol-mairie-adapte-eclairage-public-illuminations-de-noel-a-crise-energetique\/"},"author":{"name":"C D","@id":"https:\/\/vosgesinfo.fr\/remiremontinfo\/#\/schema\/person\/3bfd164d5218a185b1db68655a265316"},"headline":"Le Val d&rsquo;Ajol : la Mairie adapte \u00e9clairage public et illuminations de No\u00ebl \u00e0 la crise \u00e9nerg\u00e9tique","datePublished":"2022-11-18T13:00:10+00:00","dateModified":"2022-11-18T13:00:10+00:00","mainEntityOfPage":{"@id":"https:\/\/vosgesinfo.fr\/remiremontinfo\/2022\/11\/val-dajol-mairie-adapte-eclairage-public-illuminations-de-noel-a-crise-energetique\/"},"wordCount":230,"commentCount":0,"publisher":{"@id":"https:\/\/vosgesinfo.fr\/remiremontinfo\/#organization"},"image":{"@id":"https:\/\/vosgesinfo.fr\/remiremontinfo\/2022\/11\/val-dajol-mairie-adapte-eclairage-public-illuminations-de-noel-a-crise-energetique\/#primaryimage"},"thumbnailUrl":"https:\/\/vosgesinfo.fr\/app\/uploads\/sites\/5\/2024\/09\/202211val-dajol-maps-google-mairie.png","keywords":["economies","electricit\u00e9","Energie","val d'ajol","Vosges"],"articleSection":["A la Une","Energie","Le Val d'Ajol","Le Val-d'Ajol &amp; son canton"],"inLanguage":"fr-FR","potentialAction":[{"@type":"CommentAction","name":"Comment","target":["https:\/\/vosgesinfo.fr\/remiremontinfo\/2022\/11\/val-dajol-mairie-adapte-eclairage-public-illuminations-de-noel-a-crise-energetique\/#respond"]}]},{"@type":"WebPage","@id":"https:\/\/vosgesinfo.fr\/remiremontinfo\/2022\/11\/val-dajol-mairie-adapte-eclairage-public-illuminations-de-noel-a-crise-energetique\/","url":"https:\/\/vosgesinfo.fr\/remiremontinfo\/2022\/11\/val-dajol-mairie-adapte-eclairage-public-illuminations-de-noel-a-crise-energetique\/","name":"Le Val d'Ajol : la Mairie adapte \u00e9clairage public et illuminations de No\u00ebl \u00e0 la crise \u00e9nerg\u00e9tique - Remiremont Info","isPartOf":{"@id":"https:\/\/vosgesinfo.fr\/remiremontinfo\/#website"},"primaryImageOfPage":{"@id":"https:\/\/vosgesinfo.fr\/remiremontinfo\/2022\/11\/val-dajol-mairie-adapte-eclairage-public-illuminations-de-noel-a-crise-energetique\/#primaryimage"},"image":{"@id":"https:\/\/vosgesinfo.fr\/remiremontinfo\/2022\/11\/val-dajol-mairie-adapte-eclairage-public-illuminations-de-noel-a-crise-energetique\/#primaryimage"},"thumbnailUrl":"https:\/\/vosgesinfo.fr\/app\/uploads\/sites\/5\/2024\/09\/202211val-dajol-maps-google-mairie.png","datePublished":"2022-11-18T13:00:10+00:00","dateModified":"2022-11-18T13:00:10+00:00","breadcrumb":{"@id":"https:\/\/vosgesinfo.fr\/remiremontinfo\/2022\/11\/val-dajol-mairie-adapte-eclairage-public-illuminations-de-noel-a-crise-energetique\/#breadcrumb"},"inLanguage":"fr-FR","potentialAction":[{"@type":"ReadAction","target":["https:\/\/vosgesinfo.fr\/remiremontinfo\/2022\/11\/val-dajol-mairie-adapte-eclairage-public-illuminations-de-noel-a-crise-energetique\/"]}]},{"@type":"ImageObject","inLanguage":"fr-FR","@id":"https:\/\/vosgesinfo.fr\/remiremontinfo\/2022\/11\/val-dajol-mairie-adapte-eclairage-public-illuminations-de-noel-a-crise-energetique\/#primaryimage","url":"https:\/\/vosgesinfo.fr\/app\/uploads\/sites\/5\/2024\/09\/202211val-dajol-maps-google-mairie.png","contentUrl":"https:\/\/vosgesinfo.fr\/app\/uploads\/sites\/5\/2024\/09\/202211val-dajol-maps-google-mairie.png","width":681,"height":491},{"@type":"BreadcrumbList","@id":"https:\/\/vosgesinfo.fr\/remiremontinfo\/2022\/11\/val-dajol-mairie-adapte-eclairage-public-illuminations-de-noel-a-crise-energetique\/#breadcrumb","itemListElement":[{"@type":"ListItem","position":1,"name":"Home","item":"https:\/\/vosgesinfo.fr\/remiremontinfo\/"},{"@type":"ListItem","position":2,"name":"Le Val d&rsquo;Ajol : la Mairie adapte \u00e9clairage public et illuminations de No\u00ebl \u00e0 la crise \u00e9nerg\u00e9tique"}]},{"@type":"WebSite","@id":"https:\/\/vosgesinfo.fr\/remiremontinfo\/#website","url":"https:\/\/vosgesinfo.fr\/remiremontinfo\/","name":"Remiremont Info","description":"Toute l&#039;actualit\u00e9 de Remiremont","publisher":{"@id":"https:\/\/vosgesinfo.fr\/remiremontinfo\/#organization"},"alternateName":"Toute l'actualit\u00e9 de Remiremont","potentialAction":[{"@type":"SearchAction","target":{"@type":"EntryPoint","urlTemplate":"https:\/\/vosgesinfo.fr\/remiremontinfo\/?s={search_term_string}"},"query-input":"required name=search_term_string"}],"inLanguage":"fr-FR"},{"@type":"Organization","@id":"https:\/\/vosgesinfo.fr\/remiremontinfo\/#organization","name":"Remiremont Info","url":"https:\/\/vosgesinfo.fr\/remiremontinfo\/","logo":{"@type":"ImageObject","inLanguage":"fr-FR","@id":"https:\/\/vosgesinfo.fr\/remiremontinfo\/#\/schema\/logo\/image\/","url":"https:\/\/vosgesinfo.fr\/app\/uploads\/sites\/5\/2023\/08\/favicon-remiremontinfo.png","contentUrl":"https:\/\/vosgesinfo.fr\/app\/uploads\/sites\/5\/2023\/08\/favicon-remiremontinfo.png","width":512,"height":512,"caption":"Remiremont Info"},"image":{"@id":"https:\/\/vosgesinfo.fr\/remiremontinfo\/#\/schema\/logo\/image\/"},"sameAs":["https:\/\/www.facebook.com\/remiremontinfo","https:\/\/x.com\/VosgesInfo88","https:\/\/www.youtube.com\/@vosgesinfo"]},{"@type":"Person","@id":"https:\/\/vosgesinfo.fr\/remiremontinfo\/#\/schema\/person\/3bfd164d5218a185b1db68655a265316","name":"C D","image":{"@type":"ImageObject","inLanguage":"fr-FR","@id":"https:\/\/vosgesinfo.fr\/remiremontinfo\/#\/schema\/person\/image\/","url":"https:\/\/secure.gravatar.com\/avatar\/1f9a70007336511a47468b8f1c66f922b8b7cf617b02a31149ada43893a5d48f?s=96&d=mm&r=g","contentUrl":"https:\/\/secure.gravatar.com\/avatar\/1f9a70007336511a47468b8f1c66f922b8b7cf617b02a31149ada43893a5d48f?s=96&d=mm&r=g","caption":"C D"},"url":"https:\/\/vosgesinfo.fr\/remiremontinfo\/author\/cedric-drevet\/"}]}},"_links":{"self":[{"href":"https:\/\/vosgesinfo.fr\/remiremontinfo\/wp-json\/wp\/v2\/posts\/64582","targetHints":{"allow":["GET"]}}],"collection":[{"href":"https:\/\/vosgesinfo.fr\/remiremontinfo\/wp-json\/wp\/v2\/posts"}],"about":[{"href":"https:\/\/vosgesinfo.fr\/remiremontinfo\/wp-json\/wp\/v2\/types\/post"}],"author":[{"embeddable":true,"href":"https:\/\/vosgesinfo.fr\/remiremontinfo\/wp-json\/wp\/v2\/users\/407"}],"replies":[{"embeddable":true,"href":"https:\/\/vosgesinfo.fr\/remiremontinfo\/wp-json\/wp\/v2\/comments?post=64582"}],"version-history":[{"count":0,"href":"https:\/\/vosgesinfo.fr\/remiremontinfo\/wp-json\/wp\/v2\/posts\/64582\/revisions"}],"wp:featuredmedia":[{"embeddable":true,"href":"https:\/\/vosgesinfo.fr\/remiremontinfo\/wp-json\/wp\/v2\/media\/64583"}],"wp:attachment":[{"href":"https:\/\/vosgesinfo.fr\/remiremontinfo\/wp-json\/wp\/v2\/media?parent=64582"}],"wp:term":[{"taxonomy":"category","embeddable":true,"href":"https:\/\/vosgesinfo.fr\/remiremontinfo\/wp-json\/wp\/v2\/categories?post=64582"},{"taxonomy":"post_tag","embeddable":true,"href":"https:\/\/vosgesinfo.fr\/remiremontinfo\/wp-json\/wp\/v2\/tags?post=64582"}],"curies":[{"name":"wp","href":"https:\/\/api.w.org\/{rel}","templated":true}]}}