{"id":64591,"date":"2022-11-18T14:56:58","date_gmt":"2022-11-18T13:56:58","guid":{"rendered":"https:\/\/vosgesinfo.fr\/remiremontinfo\/2022\/11\/vosges-pres-5000-installations-photovoltaiques-departement\/"},"modified":"2022-11-18T14:56:58","modified_gmt":"2022-11-18T13:56:58","slug":"vosges-pres-5000-installations-photovoltaiques-departement","status":"publish","type":"post","link":"https:\/\/vosgesinfo.fr\/remiremontinfo\/2022\/11\/vosges-pres-5000-installations-photovoltaiques-departement\/","title":{"rendered":"Vosges : pr\u00e8s 5000 installations photovolta\u00efques dans le d\u00e9partement"},"content":{"rendered":"<h2><strong>Selon l\u2019Open Data d\u2019Enedis, ce sont plus de 39 000 installations photovolta\u00efques qui\u00a0<span id=\"page37R_mcid52\" class=\"markedContent\"><span dir=\"ltr\">sont<\/span><\/span><span id=\"page37R_mcid53\" class=\"markedContent\">\u00a0<span dir=\"ltr\">raccord\u00e9es au r\u00e9seau\u00a0<\/span><\/span><span id=\"page37R_mcid54\" class=\"markedContent\"><span dir=\"ltr\">public<\/span><\/span><span id=\"page37R_mcid55\" class=\"markedContent\">\u00a0<span dir=\"ltr\">de distribution d\u2019\u00e9lectricit\u00e9<\/span><\/span><span id=\"page37R_mcid56\" class=\"markedContent\"><\/span><span id=\"page37R_mcid57\" class=\"markedContent\">\u00a0<span dir=\"ltr\">en r\u00e9gion<\/span><\/span><span id=\"page37R_mcid58\" class=\"markedContent\">\u00a0<span dir=\"ltr\">Grand Est<\/span><\/span><span id=\"page37R_mcid59\" class=\"markedContent\"><\/span><span id=\"page37R_mcid60\" class=\"markedContent\">\u00a0<span dir=\"ltr\">\u00e0 fin septembre<\/span><\/span><span id=\"page37R_mcid61\" class=\"markedContent\"><span dir=\"ltr\">\u00a02022. Soit une augmentation de<\/span><\/span><span id=\"page37R_mcid62\" class=\"markedContent\">\u00a0<span dir=\"ltr\">+12%<\/span><\/span><span id=\"page37R_mcid63\" class=\"markedContent\"><\/span><span id=\"page37R_mcid64\" class=\"markedContent\">\u00a0<span dir=\"ltr\">par rapport \u00e0 septembre 2021<\/span><\/span><span id=\"page37R_mcid65\" class=\"markedContent\"><span dir=\"ltr\">.<\/span><\/span><span id=\"page37R_mcid66\" class=\"markedContent\">\u00a0<span dir=\"ltr\">La\u00a0<\/span><\/span><span id=\"page37R_mcid67\" class=\"markedContent\"><span dir=\"ltr\">production solaire<\/span><\/span><span id=\"page37R_mcid68\" class=\"markedContent\">\u00a0<span dir=\"ltr\">s\u2019\u00e9l\u00e8ve d\u00e9sormais \u00e0<\/span><\/span><span id=\"page37R_mcid69\" class=\"markedContent\">\u00a0<span dir=\"ltr\">639<\/span><\/span><span id=\"page37R_mcid70\" class=\"markedContent\"><\/span><span id=\"page37R_mcid71\" class=\"markedContent\">\u00a0<span dir=\"ltr\">M<\/span><\/span><span id=\"page37R_mcid72\" class=\"markedContent\"><span dir=\"ltr\">W<\/span><\/span><span id=\"page37R_mcid73\" class=\"markedContent\"><\/span><span id=\"page37R_mcid74\" class=\"markedContent\">\u00a0<span dir=\"ltr\">contre<\/span><\/span><span id=\"page37R_mcid75\" class=\"markedContent\">\u00a0<span dir=\"ltr\">522 MW<\/span><\/span><span id=\"page37R_mcid76\" class=\"markedContent\"><\/span><span id=\"page37R_mcid77\" class=\"markedContent\">\u00a0<span dir=\"ltr\">l\u2019ann\u00e9e<\/span><\/span><span id=\"page37R_mcid78\" class=\"markedContent\"><span dir=\"ltr\">\u00a0derni\u00e8re<\/span><\/span><span id=\"page37R_mcid79\" class=\"markedContent\"><span dir=\"ltr\">.<\/span><\/span><span id=\"page37R_mcid80\" class=\"markedContent\"><\/span><span id=\"page37R_mcid81\" class=\"markedContent\"><\/span><span id=\"page37R_mcid82\" class=\"markedContent\"><br \/>\n<\/span><\/strong><\/h2>\n<p><span id=\"page37R_mcid82\" class=\"markedContent\"><span dir=\"ltr\">Toujours<\/span>\u00a0<span dir=\"ltr\">selon<\/span>\u00a0<span dir=\"ltr\">l\u2019<\/span><\/span><span id=\"page37R_mcid83\" class=\"markedContent\"><span dir=\"ltr\">Open<\/span>\u00a0<span dir=\"ltr\">Data<\/span>\u00a0<span dir=\"ltr\">d\u2019Enedis<\/span><\/span><span id=\"page37R_mcid84\" class=\"markedContent\"><span dir=\"ltr\">,<\/span>\u00a0<span dir=\"ltr\">l<\/span><\/span><span id=\"page37R_mcid85\" class=\"markedContent\"><span dir=\"ltr\">e<\/span>\u00a0<span dir=\"ltr\">nombre<\/span>\u00a0<span dir=\"ltr\">de<\/span>\u00a0<span dir=\"ltr\">clients\u00a0<\/span><\/span><span id=\"page37R_mcid86\" class=\"markedContent\"><span dir=\"ltr\">autoconsommateurs est aussi en hausse dans la r\u00e9gion.<\/span><\/span><span id=\"page37R_mcid87\" class=\"markedContent\">\u00a0On en comptait\u00a0<\/span><span id=\"page37R_mcid92\" class=\"markedContent\"><span dir=\"ltr\">plus de 12 300<\/span><\/span><span id=\"page37R_mcid93\" class=\"markedContent\"><\/span><span id=\"page37R_mcid94\" class=\"markedContent\">\u00a0fin septembre 2022,\u00a0<span dir=\"ltr\">contre<\/span><\/span><span id=\"page37R_mcid95\" class=\"markedContent\"><\/span><span id=\"page37R_mcid96\" class=\"markedContent\">\u00a0<span dir=\"ltr\">8 400<\/span><\/span><span id=\"page37R_mcid97\" class=\"markedContent\"><\/span><span id=\"page37R_mcid98\" class=\"markedContent\">\u00a0<span dir=\"ltr\">\u00e0 fin<\/span><\/span><span id=\"page37R_mcid99\" class=\"markedContent\">\u00a0<span dir=\"ltr\">septembre<\/span><\/span><span id=\"page37R_mcid100\" class=\"markedContent\"><\/span><span id=\"page37R_mcid101\" class=\"markedContent\">\u00a0<span dir=\"ltr\">2021<\/span><\/span><span id=\"page37R_mcid102\" class=\"markedContent\"><span dir=\"ltr\">.\u00a0<\/span><\/span><span id=\"page37R_mcid103\" class=\"markedContent\"><\/span><span id=\"page37R_mcid104\" class=\"markedContent\"><\/span><span id=\"page37R_mcid105\" class=\"markedContent\"><span dir=\"ltr\">Dans les Vosges<\/span><\/span><span id=\"page37R_mcid106\" class=\"markedContent\"><span dir=\"ltr\">, toujours \u00e0 fin septembre 2022<\/span><\/span><span id=\"page37R_mcid107\" class=\"markedContent\"><span dir=\"ltr\">,<\/span><\/span><span id=\"page37R_mcid108\" class=\"markedContent\"><\/span><span id=\"page37R_mcid109\" class=\"markedContent\">\u00a0<span dir=\"ltr\">on compte<\/span><\/span><span id=\"page37R_mcid110\" class=\"markedContent\"><\/span><span id=\"page37R_mcid111\" class=\"markedContent\">\u00a0<span dir=\"ltr\">4964<\/span><\/span><span id=\"page37R_mcid112\" class=\"markedContent\"><\/span><span id=\"page37R_mcid113\" class=\"markedContent\">\u00a0<span dir=\"ltr\">installations<\/span><\/span><span id=\"page37R_mcid114\" class=\"markedContent\"><span dir=\"ltr\">\u00a0photovolta\u00efques<\/span><\/span><span id=\"page37R_mcid115\" class=\"markedContent\">\u00a0<span dir=\"ltr\">raccord\u00e9es au r\u00e9seau<\/span><\/span><span id=\"page37R_mcid116\" class=\"markedContent\">\u00a0<span dir=\"ltr\">public<\/span><\/span><span id=\"page37R_mcid117\" class=\"markedContent\">\u00a0<span dir=\"ltr\">de distribution d\u2019\u00e9lectricit\u00e9<\/span><\/span><span id=\"page37R_mcid118\" class=\"markedContent\"><span dir=\"ltr\">,<\/span><\/span><span id=\"page37R_mcid119\" class=\"markedContent\"><span dir=\"ltr\">\u00a0contre<\/span><\/span><span id=\"page37R_mcid120\" class=\"markedContent\">\u00a0<span dir=\"ltr\">4490<\/span><\/span><span id=\"page37R_mcid121\" class=\"markedContent\"><\/span><span id=\"page37R_mcid122\" class=\"markedContent\">\u00a0<span dir=\"ltr\">un an plus t\u00f4t, et 1<\/span><\/span><span id=\"page37R_mcid123\" class=\"markedContent\"><\/span><span id=\"page37R_mcid124\" class=\"markedContent\">\u00a0<span dir=\"ltr\">534<\/span><\/span><span id=\"page37R_mcid125\" class=\"markedContent\"><\/span><span id=\"page37R_mcid126\" class=\"markedContent\">\u00a0<span dir=\"ltr\">clients<\/span><\/span><span id=\"page37R_mcid127\" class=\"markedContent\">\u00a0<span dir=\"ltr\">autoconsommateurs contre<\/span><\/span><span id=\"page37R_mcid128\" class=\"markedContent\"><span dir=\"ltr\">\u00a01<\/span><\/span><span id=\"page37R_mcid129\" class=\"markedContent\"><\/span><span id=\"page37R_mcid130\" class=\"markedContent\">\u00a0<span dir=\"ltr\">088<\/span><\/span><span id=\"page37R_mcid131\" class=\"markedContent\"><\/span><span id=\"page37R_mcid132\" class=\"markedContent\">\u00a0<span dir=\"ltr\">en septembre 2021<\/span><\/span><span id=\"page37R_mcid133\" class=\"markedContent\"><span dir=\"ltr\">.<\/span><\/span><\/p>\n","protected":false},"excerpt":{"rendered":"<p>Selon l\u2019Open Data d\u2019Enedis, ce sont plus de 39 000 installations photovolta\u00efques qui\u00a0sont\u00a0raccord\u00e9es au r\u00e9seau\u00a0public\u00a0de distribution d\u2019\u00e9lectricit\u00e9\u00a0en r\u00e9gion\u00a0Grand Est\u00a0\u00e0 fin [&hellip;]<\/p>\n","protected":false},"author":407,"featured_media":64592,"comment_status":"open","ping_status":"open","sticky":false,"template":"","format":"standard","meta":{"footnotes":""},"categories":[26,618,18],"tags":[620,5062,32],"class_list":["post-64591","post","type-post","status-publish","format-standard","has-post-thumbnail","hentry","category-a-la-une","category-energie","category-vosges","tag-energie","tag-solaire","tag-vosges"],"acf":[],"yoast_head":"<!-- This site is optimized with the Yoast SEO plugin v22.5 - https:\/\/yoast.com\/wordpress\/plugins\/seo\/ -->\n<title>Vosges : pr\u00e8s 5000 installations photovolta\u00efques dans le d\u00e9partement - Remiremont Info<\/title>\n<meta name=\"robots\" content=\"index, follow, max-snippet:-1, max-image-preview:large, max-video-preview:-1\" \/>\n<link rel=\"canonical\" href=\"https:\/\/vosgesinfo.fr\/remiremontinfo\/2022\/11\/vosges-pres-5000-installations-photovoltaiques-departement\/\" \/>\n<meta name=\"twitter:card\" content=\"summary_large_image\" \/>\n<meta name=\"twitter:title\" content=\"Vosges : pr\u00e8s 5000 installations photovolta\u00efques dans le d\u00e9partement - Remiremont Info\" \/>\n<meta name=\"twitter:description\" content=\"Selon l\u2019Open Data d\u2019Enedis, ce sont plus de 39 000 installations photovolta\u00efques qui\u00a0sont\u00a0raccord\u00e9es au r\u00e9seau\u00a0public\u00a0de distribution d\u2019\u00e9lectricit\u00e9\u00a0en r\u00e9gion\u00a0Grand Est\u00a0\u00e0 fin [&hellip;]\" \/>\n<meta name=\"twitter:image\" content=\"https:\/\/vosgesinfo.fr\/app\/uploads\/sites\/5\/2024\/09\/202002champ-photovoltaique-1024x582-2.jpg\" \/>\n<meta name=\"twitter:creator\" content=\"@VosgesInfo88\" \/>\n<meta name=\"twitter:site\" content=\"@VosgesInfo88\" \/>\n<meta name=\"twitter:label1\" content=\"\u00c9crit par\" \/>\n\t<meta name=\"twitter:data1\" content=\"C D\" \/>\n\t<meta name=\"twitter:label2\" content=\"Dur\u00e9e de lecture estim\u00e9e\" \/>\n\t<meta name=\"twitter:data2\" content=\"1 minute\" \/>\n<script type=\"application\/ld+json\" class=\"yoast-schema-graph\">{\"@context\":\"https:\/\/schema.org\",\"@graph\":[{\"@type\":\"Article\",\"@id\":\"https:\/\/vosgesinfo.fr\/remiremontinfo\/2022\/11\/vosges-pres-5000-installations-photovoltaiques-departement\/#article\",\"isPartOf\":{\"@id\":\"https:\/\/vosgesinfo.fr\/remiremontinfo\/2022\/11\/vosges-pres-5000-installations-photovoltaiques-departement\/\"},\"author\":{\"name\":\"C D\",\"@id\":\"https:\/\/vosgesinfo.fr\/remiremontinfo\/#\/schema\/person\/3bfd164d5218a185b1db68655a265316\"},\"headline\":\"Vosges : pr\u00e8s 5000 installations photovolta\u00efques dans le d\u00e9partement\",\"datePublished\":\"2022-11-18T13:56:58+00:00\",\"dateModified\":\"2022-11-18T13:56:58+00:00\",\"mainEntityOfPage\":{\"@id\":\"https:\/\/vosgesinfo.fr\/remiremontinfo\/2022\/11\/vosges-pres-5000-installations-photovoltaiques-departement\/\"},\"wordCount\":130,\"commentCount\":0,\"publisher\":{\"@id\":\"https:\/\/vosgesinfo.fr\/remiremontinfo\/#organization\"},\"image\":{\"@id\":\"https:\/\/vosgesinfo.fr\/remiremontinfo\/2022\/11\/vosges-pres-5000-installations-photovoltaiques-departement\/#primaryimage\"},\"thumbnailUrl\":\"https:\/\/vosgesinfo.fr\/app\/uploads\/sites\/5\/2024\/09\/202002champ-photovoltaique-1024x582-2.jpg\",\"keywords\":[\"Energie\",\"solaire\",\"Vosges\"],\"articleSection\":[\"A la Une\",\"Energie\",\"Vosges\"],\"inLanguage\":\"fr-FR\",\"potentialAction\":[{\"@type\":\"CommentAction\",\"name\":\"Comment\",\"target\":[\"https:\/\/vosgesinfo.fr\/remiremontinfo\/2022\/11\/vosges-pres-5000-installations-photovoltaiques-departement\/#respond\"]}]},{\"@type\":\"WebPage\",\"@id\":\"https:\/\/vosgesinfo.fr\/remiremontinfo\/2022\/11\/vosges-pres-5000-installations-photovoltaiques-departement\/\",\"url\":\"https:\/\/vosgesinfo.fr\/remiremontinfo\/2022\/11\/vosges-pres-5000-installations-photovoltaiques-departement\/\",\"name\":\"Vosges : pr\u00e8s 5000 installations photovolta\u00efques dans le d\u00e9partement - Remiremont Info\",\"isPartOf\":{\"@id\":\"https:\/\/vosgesinfo.fr\/remiremontinfo\/#website\"},\"primaryImageOfPage\":{\"@id\":\"https:\/\/vosgesinfo.fr\/remiremontinfo\/2022\/11\/vosges-pres-5000-installations-photovoltaiques-departement\/#primaryimage\"},\"image\":{\"@id\":\"https:\/\/vosgesinfo.fr\/remiremontinfo\/2022\/11\/vosges-pres-5000-installations-photovoltaiques-departement\/#primaryimage\"},\"thumbnailUrl\":\"https:\/\/vosgesinfo.fr\/app\/uploads\/sites\/5\/2024\/09\/202002champ-photovoltaique-1024x582-2.jpg\",\"datePublished\":\"2022-11-18T13:56:58+00:00\",\"dateModified\":\"2022-11-18T13:56:58+00:00\",\"breadcrumb\":{\"@id\":\"https:\/\/vosgesinfo.fr\/remiremontinfo\/2022\/11\/vosges-pres-5000-installations-photovoltaiques-departement\/#breadcrumb\"},\"inLanguage\":\"fr-FR\",\"potentialAction\":[{\"@type\":\"ReadAction\",\"target\":[\"https:\/\/vosgesinfo.fr\/remiremontinfo\/2022\/11\/vosges-pres-5000-installations-photovoltaiques-departement\/\"]}]},{\"@type\":\"ImageObject\",\"inLanguage\":\"fr-FR\",\"@id\":\"https:\/\/vosgesinfo.fr\/remiremontinfo\/2022\/11\/vosges-pres-5000-installations-photovoltaiques-departement\/#primaryimage\",\"url\":\"https:\/\/vosgesinfo.fr\/app\/uploads\/sites\/5\/2024\/09\/202002champ-photovoltaique-1024x582-2.jpg\",\"contentUrl\":\"https:\/\/vosgesinfo.fr\/app\/uploads\/sites\/5\/2024\/09\/202002champ-photovoltaique-1024x582-2.jpg\",\"width\":1024,\"height\":582},{\"@type\":\"BreadcrumbList\",\"@id\":\"https:\/\/vosgesinfo.fr\/remiremontinfo\/2022\/11\/vosges-pres-5000-installations-photovoltaiques-departement\/#breadcrumb\",\"itemListElement\":[{\"@type\":\"ListItem\",\"position\":1,\"name\":\"Home\",\"item\":\"https:\/\/vosgesinfo.fr\/remiremontinfo\/\"},{\"@type\":\"ListItem\",\"position\":2,\"name\":\"Vosges : pr\u00e8s 5000 installations photovolta\u00efques dans le d\u00e9partement\"}]},{\"@type\":\"WebSite\",\"@id\":\"https:\/\/vosgesinfo.fr\/remiremontinfo\/#website\",\"url\":\"https:\/\/vosgesinfo.fr\/remiremontinfo\/\",\"name\":\"Remiremont Info\",\"description\":\"Toute l&#039;actualit\u00e9 de Remiremont\",\"publisher\":{\"@id\":\"https:\/\/vosgesinfo.fr\/remiremontinfo\/#organization\"},\"alternateName\":\"Toute l'actualit\u00e9 de Remiremont\",\"potentialAction\":[{\"@type\":\"SearchAction\",\"target\":{\"@type\":\"EntryPoint\",\"urlTemplate\":\"https:\/\/vosgesinfo.fr\/remiremontinfo\/?s={search_term_string}\"},\"query-input\":\"required name=search_term_string\"}],\"inLanguage\":\"fr-FR\"},{\"@type\":\"Organization\",\"@id\":\"https:\/\/vosgesinfo.fr\/remiremontinfo\/#organization\",\"name\":\"Remiremont Info\",\"url\":\"https:\/\/vosgesinfo.fr\/remiremontinfo\/\",\"logo\":{\"@type\":\"ImageObject\",\"inLanguage\":\"fr-FR\",\"@id\":\"https:\/\/vosgesinfo.fr\/remiremontinfo\/#\/schema\/logo\/image\/\",\"url\":\"https:\/\/vosgesinfo.fr\/app\/uploads\/sites\/5\/2023\/08\/favicon-remiremontinfo.png\",\"contentUrl\":\"https:\/\/vosgesinfo.fr\/app\/uploads\/sites\/5\/2023\/08\/favicon-remiremontinfo.png\",\"width\":512,\"height\":512,\"caption\":\"Remiremont Info\"},\"image\":{\"@id\":\"https:\/\/vosgesinfo.fr\/remiremontinfo\/#\/schema\/logo\/image\/\"},\"sameAs\":[\"https:\/\/www.facebook.com\/remiremontinfo\",\"https:\/\/x.com\/VosgesInfo88\",\"https:\/\/www.youtube.com\/@vosgesinfo\"]},{\"@type\":\"Person\",\"@id\":\"https:\/\/vosgesinfo.fr\/remiremontinfo\/#\/schema\/person\/3bfd164d5218a185b1db68655a265316\",\"name\":\"C D\",\"image\":{\"@type\":\"ImageObject\",\"inLanguage\":\"fr-FR\",\"@id\":\"https:\/\/vosgesinfo.fr\/remiremontinfo\/#\/schema\/person\/image\/\",\"url\":\"https:\/\/secure.gravatar.com\/avatar\/1f9a70007336511a47468b8f1c66f922b8b7cf617b02a31149ada43893a5d48f?s=96&d=mm&r=g\",\"contentUrl\":\"https:\/\/secure.gravatar.com\/avatar\/1f9a70007336511a47468b8f1c66f922b8b7cf617b02a31149ada43893a5d48f?s=96&d=mm&r=g\",\"caption\":\"C D\"},\"url\":\"https:\/\/vosgesinfo.fr\/remiremontinfo\/author\/cedric-drevet\/\"}]}<\/script>\n<!-- \/ Yoast SEO plugin. -->","yoast_head_json":{"title":"Vosges : pr\u00e8s 5000 installations photovolta\u00efques dans le d\u00e9partement - Remiremont Info","robots":{"index":"index","follow":"follow","max-snippet":"max-snippet:-1","max-image-preview":"max-image-preview:large","max-video-preview":"max-video-preview:-1"},"canonical":"https:\/\/vosgesinfo.fr\/remiremontinfo\/2022\/11\/vosges-pres-5000-installations-photovoltaiques-departement\/","twitter_card":"summary_large_image","twitter_title":"Vosges : pr\u00e8s 5000 installations photovolta\u00efques dans le d\u00e9partement - Remiremont Info","twitter_description":"Selon l\u2019Open Data d\u2019Enedis, ce sont plus de 39 000 installations photovolta\u00efques qui\u00a0sont\u00a0raccord\u00e9es au r\u00e9seau\u00a0public\u00a0de distribution d\u2019\u00e9lectricit\u00e9\u00a0en r\u00e9gion\u00a0Grand Est\u00a0\u00e0 fin [&hellip;]","twitter_image":"https:\/\/vosgesinfo.fr\/app\/uploads\/sites\/5\/2024\/09\/202002champ-photovoltaique-1024x582-2.jpg","twitter_creator":"@VosgesInfo88","twitter_site":"@VosgesInfo88","twitter_misc":{"\u00c9crit par":"C D","Dur\u00e9e de lecture estim\u00e9e":"1 minute"},"schema":{"@context":"https:\/\/schema.org","@graph":[{"@type":"Article","@id":"https:\/\/vosgesinfo.fr\/remiremontinfo\/2022\/11\/vosges-pres-5000-installations-photovoltaiques-departement\/#article","isPartOf":{"@id":"https:\/\/vosgesinfo.fr\/remiremontinfo\/2022\/11\/vosges-pres-5000-installations-photovoltaiques-departement\/"},"author":{"name":"C D","@id":"https:\/\/vosgesinfo.fr\/remiremontinfo\/#\/schema\/person\/3bfd164d5218a185b1db68655a265316"},"headline":"Vosges : pr\u00e8s 5000 installations photovolta\u00efques dans le d\u00e9partement","datePublished":"2022-11-18T13:56:58+00:00","dateModified":"2022-11-18T13:56:58+00:00","mainEntityOfPage":{"@id":"https:\/\/vosgesinfo.fr\/remiremontinfo\/2022\/11\/vosges-pres-5000-installations-photovoltaiques-departement\/"},"wordCount":130,"commentCount":0,"publisher":{"@id":"https:\/\/vosgesinfo.fr\/remiremontinfo\/#organization"},"image":{"@id":"https:\/\/vosgesinfo.fr\/remiremontinfo\/2022\/11\/vosges-pres-5000-installations-photovoltaiques-departement\/#primaryimage"},"thumbnailUrl":"https:\/\/vosgesinfo.fr\/app\/uploads\/sites\/5\/2024\/09\/202002champ-photovoltaique-1024x582-2.jpg","keywords":["Energie","solaire","Vosges"],"articleSection":["A la Une","Energie","Vosges"],"inLanguage":"fr-FR","potentialAction":[{"@type":"CommentAction","name":"Comment","target":["https:\/\/vosgesinfo.fr\/remiremontinfo\/2022\/11\/vosges-pres-5000-installations-photovoltaiques-departement\/#respond"]}]},{"@type":"WebPage","@id":"https:\/\/vosgesinfo.fr\/remiremontinfo\/2022\/11\/vosges-pres-5000-installations-photovoltaiques-departement\/","url":"https:\/\/vosgesinfo.fr\/remiremontinfo\/2022\/11\/vosges-pres-5000-installations-photovoltaiques-departement\/","name":"Vosges : pr\u00e8s 5000 installations photovolta\u00efques dans le d\u00e9partement - Remiremont Info","isPartOf":{"@id":"https:\/\/vosgesinfo.fr\/remiremontinfo\/#website"},"primaryImageOfPage":{"@id":"https:\/\/vosgesinfo.fr\/remiremontinfo\/2022\/11\/vosges-pres-5000-installations-photovoltaiques-departement\/#primaryimage"},"image":{"@id":"https:\/\/vosgesinfo.fr\/remiremontinfo\/2022\/11\/vosges-pres-5000-installations-photovoltaiques-departement\/#primaryimage"},"thumbnailUrl":"https:\/\/vosgesinfo.fr\/app\/uploads\/sites\/5\/2024\/09\/202002champ-photovoltaique-1024x582-2.jpg","datePublished":"2022-11-18T13:56:58+00:00","dateModified":"2022-11-18T13:56:58+00:00","breadcrumb":{"@id":"https:\/\/vosgesinfo.fr\/remiremontinfo\/2022\/11\/vosges-pres-5000-installations-photovoltaiques-departement\/#breadcrumb"},"inLanguage":"fr-FR","potentialAction":[{"@type":"ReadAction","target":["https:\/\/vosgesinfo.fr\/remiremontinfo\/2022\/11\/vosges-pres-5000-installations-photovoltaiques-departement\/"]}]},{"@type":"ImageObject","inLanguage":"fr-FR","@id":"https:\/\/vosgesinfo.fr\/remiremontinfo\/2022\/11\/vosges-pres-5000-installations-photovoltaiques-departement\/#primaryimage","url":"https:\/\/vosgesinfo.fr\/app\/uploads\/sites\/5\/2024\/09\/202002champ-photovoltaique-1024x582-2.jpg","contentUrl":"https:\/\/vosgesinfo.fr\/app\/uploads\/sites\/5\/2024\/09\/202002champ-photovoltaique-1024x582-2.jpg","width":1024,"height":582},{"@type":"BreadcrumbList","@id":"https:\/\/vosgesinfo.fr\/remiremontinfo\/2022\/11\/vosges-pres-5000-installations-photovoltaiques-departement\/#breadcrumb","itemListElement":[{"@type":"ListItem","position":1,"name":"Home","item":"https:\/\/vosgesinfo.fr\/remiremontinfo\/"},{"@type":"ListItem","position":2,"name":"Vosges : pr\u00e8s 5000 installations photovolta\u00efques dans le d\u00e9partement"}]},{"@type":"WebSite","@id":"https:\/\/vosgesinfo.fr\/remiremontinfo\/#website","url":"https:\/\/vosgesinfo.fr\/remiremontinfo\/","name":"Remiremont Info","description":"Toute l&#039;actualit\u00e9 de Remiremont","publisher":{"@id":"https:\/\/vosgesinfo.fr\/remiremontinfo\/#organization"},"alternateName":"Toute l'actualit\u00e9 de Remiremont","potentialAction":[{"@type":"SearchAction","target":{"@type":"EntryPoint","urlTemplate":"https:\/\/vosgesinfo.fr\/remiremontinfo\/?s={search_term_string}"},"query-input":"required name=search_term_string"}],"inLanguage":"fr-FR"},{"@type":"Organization","@id":"https:\/\/vosgesinfo.fr\/remiremontinfo\/#organization","name":"Remiremont Info","url":"https:\/\/vosgesinfo.fr\/remiremontinfo\/","logo":{"@type":"ImageObject","inLanguage":"fr-FR","@id":"https:\/\/vosgesinfo.fr\/remiremontinfo\/#\/schema\/logo\/image\/","url":"https:\/\/vosgesinfo.fr\/app\/uploads\/sites\/5\/2023\/08\/favicon-remiremontinfo.png","contentUrl":"https:\/\/vosgesinfo.fr\/app\/uploads\/sites\/5\/2023\/08\/favicon-remiremontinfo.png","width":512,"height":512,"caption":"Remiremont Info"},"image":{"@id":"https:\/\/vosgesinfo.fr\/remiremontinfo\/#\/schema\/logo\/image\/"},"sameAs":["https:\/\/www.facebook.com\/remiremontinfo","https:\/\/x.com\/VosgesInfo88","https:\/\/www.youtube.com\/@vosgesinfo"]},{"@type":"Person","@id":"https:\/\/vosgesinfo.fr\/remiremontinfo\/#\/schema\/person\/3bfd164d5218a185b1db68655a265316","name":"C D","image":{"@type":"ImageObject","inLanguage":"fr-FR","@id":"https:\/\/vosgesinfo.fr\/remiremontinfo\/#\/schema\/person\/image\/","url":"https:\/\/secure.gravatar.com\/avatar\/1f9a70007336511a47468b8f1c66f922b8b7cf617b02a31149ada43893a5d48f?s=96&d=mm&r=g","contentUrl":"https:\/\/secure.gravatar.com\/avatar\/1f9a70007336511a47468b8f1c66f922b8b7cf617b02a31149ada43893a5d48f?s=96&d=mm&r=g","caption":"C D"},"url":"https:\/\/vosgesinfo.fr\/remiremontinfo\/author\/cedric-drevet\/"}]}},"_links":{"self":[{"href":"https:\/\/vosgesinfo.fr\/remiremontinfo\/wp-json\/wp\/v2\/posts\/64591","targetHints":{"allow":["GET"]}}],"collection":[{"href":"https:\/\/vosgesinfo.fr\/remiremontinfo\/wp-json\/wp\/v2\/posts"}],"about":[{"href":"https:\/\/vosgesinfo.fr\/remiremontinfo\/wp-json\/wp\/v2\/types\/post"}],"author":[{"embeddable":true,"href":"https:\/\/vosgesinfo.fr\/remiremontinfo\/wp-json\/wp\/v2\/users\/407"}],"replies":[{"embeddable":true,"href":"https:\/\/vosgesinfo.fr\/remiremontinfo\/wp-json\/wp\/v2\/comments?post=64591"}],"version-history":[{"count":0,"href":"https:\/\/vosgesinfo.fr\/remiremontinfo\/wp-json\/wp\/v2\/posts\/64591\/revisions"}],"wp:featuredmedia":[{"embeddable":true,"href":"https:\/\/vosgesinfo.fr\/remiremontinfo\/wp-json\/wp\/v2\/media\/64592"}],"wp:attachment":[{"href":"https:\/\/vosgesinfo.fr\/remiremontinfo\/wp-json\/wp\/v2\/media?parent=64591"}],"wp:term":[{"taxonomy":"category","embeddable":true,"href":"https:\/\/vosgesinfo.fr\/remiremontinfo\/wp-json\/wp\/v2\/categories?post=64591"},{"taxonomy":"post_tag","embeddable":true,"href":"https:\/\/vosgesinfo.fr\/remiremontinfo\/wp-json\/wp\/v2\/tags?post=64591"}],"curies":[{"name":"wp","href":"https:\/\/api.w.org\/{rel}","templated":true}]}}