{"id":64658,"date":"2022-11-21T08:20:23","date_gmt":"2022-11-21T07:20:23","guid":{"rendered":"https:\/\/vosgesinfo.fr\/remiremontinfo\/2022\/11\/participation-record-tournoi-de-judo-a-halle-sports-de-gerardmer\/"},"modified":"2022-11-21T08:20:23","modified_gmt":"2022-11-21T07:20:23","slug":"participation-record-tournoi-de-judo-a-halle-sports-de-gerardmer","status":"publish","type":"post","link":"https:\/\/vosgesinfo.fr\/remiremontinfo\/2022\/11\/participation-record-tournoi-de-judo-a-halle-sports-de-gerardmer\/","title":{"rendered":"Participation record pour le Tournoi de judo \u00e0 la Halle des Sports de G\u00e9rardmer"},"content":{"rendered":"<p>C\u2019est le premier \u00ab\u00a0petit\u00a0\u00bb tournoi de la saison et cela explique quelque peu l\u2019engouement des judokas \u00e0 son \u00e9gard. Peut-\u00eatre aussi parce que depuis 15 ann\u00e9es, le Judo Club de G\u00e9rardmer propose une organisation sans faille dans une belle ambiance. Deux journ\u00e9es de combats sur les tatamis de la Halle des Sports de G\u00e9rardmer, avec des centaines de jeunes, mais aussi des combattants de tr\u00e8s haut niveau.<\/p>\n<p><a href=\"https:\/\/gerardmerinfo.fr\/wp-content\/uploads\/2022\/11\/IMG_8520.jpg\" data-featherlight=\"image\"><img decoding=\"async\" class=\"size-medium wp-image-197633\" src=\"https:\/\/vosgesinfo.fr\/app\/uploads\/sites\/5\/2022\/11\/img-8520-382x255-1.jpg\" alt=\"Un bel engouement pour ce week-end de judo.\" width=\"382\" height=\"255\" \/><\/a><\/p>\n<h3>Un tournoi au format tr\u00e8s particulier.<\/h3>\n<p>Comme l\u2019explique Mikael BUSSIERE, responsable de l\u2019organisation : \u00ab\u00a0Nous ne voulons pas faire d\u00e9placer des sportifs pour un seul combat. Certains viennent de loin, et nous pr\u00e9f\u00e9rons leur proposer un format de poules\u00a0 et de tableau pour que chacune et chacun profite bien de sa journ\u00e9e.\u00a0\u00bb Des combattants qui, effectivement,\u00a0sont venus de tout l\u2019Est de la France pour ce rendez-vous et qui sont soumis, pour cette occasion, \u00e0 des cat\u00e9gories de poids in\u00e9dites. \u00ab\u00a0Pour rebattre un peu les cartes !\u00a0\u00bb.<\/p>\n<h3>Des centaines de jeunes et du tr\u00e8s haut niveau.<\/h3>\n<p>D\u00e8s la premi\u00e8re journ\u00e9e, plus de 500 participants, dont de tr\u00e8s nombreux jeunes (benjamins, minimes) se sont affront\u00e9s lors de combats intenses. En fin d\u2019apr\u00e8s-midi, ils ont laiss\u00e9 la place aux juniors et aux s\u00e9niors, dont certains issus de P\u00f4le France Judo, l\u2019\u00e9lite nationale.<\/p>\n<p>Aujourd\u2019hui dimanche, c\u2019est au tour des tout petits (poussins, mini-poussins et baby) de se lancer sous le regard bienveillant de leurs a\u00een\u00e9s.<\/p>\n<p><strong>Les r\u00e9sultats de la premi\u00e8re journ\u00e9e (class\u00e9s par club) :\u00a0<\/strong><a href=\"https:\/\/gerardmerinfo.fr\/wp-content\/uploads\/2022\/11\/Classement-judo-2022-11-19.pdf\">Classement judo 2022-11-19<\/a><\/p>\n","protected":false},"excerpt":{"rendered":"<p>C\u2019est le premier \u00ab\u00a0petit\u00a0\u00bb tournoi de la saison et cela explique quelque peu l\u2019engouement des judokas \u00e0 son \u00e9gard. Peut-\u00eatre [&hellip;]<\/p>\n","protected":false},"author":407,"featured_media":64659,"comment_status":"open","ping_status":"open","sticky":false,"template":"","format":"standard","meta":{"footnotes":""},"categories":[26,14,18],"tags":[301,61,32],"class_list":["post-64658","post","type-post","status-publish","format-standard","has-post-thumbnail","hentry","category-a-la-une","category-sport","category-vosges","tag-judo","tag-sport","tag-vosges"],"acf":[],"yoast_head":"<!-- This site is optimized with the Yoast SEO plugin v22.5 - https:\/\/yoast.com\/wordpress\/plugins\/seo\/ -->\n<title>Participation record pour le Tournoi de judo \u00e0 la Halle des Sports de G\u00e9rardmer - Remiremont Info<\/title>\n<meta name=\"robots\" content=\"index, follow, max-snippet:-1, max-image-preview:large, max-video-preview:-1\" \/>\n<link rel=\"canonical\" href=\"https:\/\/vosgesinfo.fr\/remiremontinfo\/2022\/11\/participation-record-tournoi-de-judo-a-halle-sports-de-gerardmer\/\" \/>\n<meta name=\"twitter:card\" content=\"summary_large_image\" \/>\n<meta name=\"twitter:title\" content=\"Participation record pour le Tournoi de judo \u00e0 la Halle des Sports de G\u00e9rardmer - Remiremont Info\" \/>\n<meta name=\"twitter:description\" content=\"C\u2019est le premier \u00ab\u00a0petit\u00a0\u00bb tournoi de la saison et cela explique quelque peu l\u2019engouement des judokas \u00e0 son \u00e9gard. Peut-\u00eatre [&hellip;]\" \/>\n<meta name=\"twitter:image\" content=\"https:\/\/vosgesinfo.fr\/app\/uploads\/sites\/5\/2024\/09\/202211img-8542.jpg\" \/>\n<meta name=\"twitter:creator\" content=\"@VosgesInfo88\" \/>\n<meta name=\"twitter:site\" content=\"@VosgesInfo88\" \/>\n<meta name=\"twitter:label1\" content=\"\u00c9crit par\" \/>\n\t<meta name=\"twitter:data1\" content=\"C D\" \/>\n\t<meta name=\"twitter:label2\" content=\"Dur\u00e9e de lecture estim\u00e9e\" \/>\n\t<meta name=\"twitter:data2\" content=\"1 minute\" \/>\n<script type=\"application\/ld+json\" class=\"yoast-schema-graph\">{\"@context\":\"https:\/\/schema.org\",\"@graph\":[{\"@type\":\"Article\",\"@id\":\"https:\/\/vosgesinfo.fr\/remiremontinfo\/2022\/11\/participation-record-tournoi-de-judo-a-halle-sports-de-gerardmer\/#article\",\"isPartOf\":{\"@id\":\"https:\/\/vosgesinfo.fr\/remiremontinfo\/2022\/11\/participation-record-tournoi-de-judo-a-halle-sports-de-gerardmer\/\"},\"author\":{\"name\":\"C D\",\"@id\":\"https:\/\/vosgesinfo.fr\/remiremontinfo\/#\/schema\/person\/3bfd164d5218a185b1db68655a265316\"},\"headline\":\"Participation record pour le Tournoi de judo \u00e0 la Halle des Sports de G\u00e9rardmer\",\"datePublished\":\"2022-11-21T07:20:23+00:00\",\"dateModified\":\"2022-11-21T07:20:23+00:00\",\"mainEntityOfPage\":{\"@id\":\"https:\/\/vosgesinfo.fr\/remiremontinfo\/2022\/11\/participation-record-tournoi-de-judo-a-halle-sports-de-gerardmer\/\"},\"wordCount\":287,\"commentCount\":0,\"publisher\":{\"@id\":\"https:\/\/vosgesinfo.fr\/remiremontinfo\/#organization\"},\"image\":{\"@id\":\"https:\/\/vosgesinfo.fr\/remiremontinfo\/2022\/11\/participation-record-tournoi-de-judo-a-halle-sports-de-gerardmer\/#primaryimage\"},\"thumbnailUrl\":\"https:\/\/vosgesinfo.fr\/app\/uploads\/sites\/5\/2024\/09\/202211img-8542.jpg\",\"keywords\":[\"judo\",\"sport\",\"Vosges\"],\"articleSection\":[\"A la Une\",\"Sport\",\"Vosges\"],\"inLanguage\":\"fr-FR\",\"potentialAction\":[{\"@type\":\"CommentAction\",\"name\":\"Comment\",\"target\":[\"https:\/\/vosgesinfo.fr\/remiremontinfo\/2022\/11\/participation-record-tournoi-de-judo-a-halle-sports-de-gerardmer\/#respond\"]}]},{\"@type\":\"WebPage\",\"@id\":\"https:\/\/vosgesinfo.fr\/remiremontinfo\/2022\/11\/participation-record-tournoi-de-judo-a-halle-sports-de-gerardmer\/\",\"url\":\"https:\/\/vosgesinfo.fr\/remiremontinfo\/2022\/11\/participation-record-tournoi-de-judo-a-halle-sports-de-gerardmer\/\",\"name\":\"Participation record pour le Tournoi de judo \u00e0 la Halle des Sports de G\u00e9rardmer - Remiremont Info\",\"isPartOf\":{\"@id\":\"https:\/\/vosgesinfo.fr\/remiremontinfo\/#website\"},\"primaryImageOfPage\":{\"@id\":\"https:\/\/vosgesinfo.fr\/remiremontinfo\/2022\/11\/participation-record-tournoi-de-judo-a-halle-sports-de-gerardmer\/#primaryimage\"},\"image\":{\"@id\":\"https:\/\/vosgesinfo.fr\/remiremontinfo\/2022\/11\/participation-record-tournoi-de-judo-a-halle-sports-de-gerardmer\/#primaryimage\"},\"thumbnailUrl\":\"https:\/\/vosgesinfo.fr\/app\/uploads\/sites\/5\/2024\/09\/202211img-8542.jpg\",\"datePublished\":\"2022-11-21T07:20:23+00:00\",\"dateModified\":\"2022-11-21T07:20:23+00:00\",\"breadcrumb\":{\"@id\":\"https:\/\/vosgesinfo.fr\/remiremontinfo\/2022\/11\/participation-record-tournoi-de-judo-a-halle-sports-de-gerardmer\/#breadcrumb\"},\"inLanguage\":\"fr-FR\",\"potentialAction\":[{\"@type\":\"ReadAction\",\"target\":[\"https:\/\/vosgesinfo.fr\/remiremontinfo\/2022\/11\/participation-record-tournoi-de-judo-a-halle-sports-de-gerardmer\/\"]}]},{\"@type\":\"ImageObject\",\"inLanguage\":\"fr-FR\",\"@id\":\"https:\/\/vosgesinfo.fr\/remiremontinfo\/2022\/11\/participation-record-tournoi-de-judo-a-halle-sports-de-gerardmer\/#primaryimage\",\"url\":\"https:\/\/vosgesinfo.fr\/app\/uploads\/sites\/5\/2024\/09\/202211img-8542.jpg\",\"contentUrl\":\"https:\/\/vosgesinfo.fr\/app\/uploads\/sites\/5\/2024\/09\/202211img-8542.jpg\",\"width\":1600,\"height\":1067},{\"@type\":\"BreadcrumbList\",\"@id\":\"https:\/\/vosgesinfo.fr\/remiremontinfo\/2022\/11\/participation-record-tournoi-de-judo-a-halle-sports-de-gerardmer\/#breadcrumb\",\"itemListElement\":[{\"@type\":\"ListItem\",\"position\":1,\"name\":\"Home\",\"item\":\"https:\/\/vosgesinfo.fr\/remiremontinfo\/\"},{\"@type\":\"ListItem\",\"position\":2,\"name\":\"Participation record pour le Tournoi de judo \u00e0 la Halle des Sports de G\u00e9rardmer\"}]},{\"@type\":\"WebSite\",\"@id\":\"https:\/\/vosgesinfo.fr\/remiremontinfo\/#website\",\"url\":\"https:\/\/vosgesinfo.fr\/remiremontinfo\/\",\"name\":\"Remiremont Info\",\"description\":\"Toute l&#039;actualit\u00e9 de Remiremont\",\"publisher\":{\"@id\":\"https:\/\/vosgesinfo.fr\/remiremontinfo\/#organization\"},\"alternateName\":\"Toute l'actualit\u00e9 de Remiremont\",\"potentialAction\":[{\"@type\":\"SearchAction\",\"target\":{\"@type\":\"EntryPoint\",\"urlTemplate\":\"https:\/\/vosgesinfo.fr\/remiremontinfo\/?s={search_term_string}\"},\"query-input\":\"required name=search_term_string\"}],\"inLanguage\":\"fr-FR\"},{\"@type\":\"Organization\",\"@id\":\"https:\/\/vosgesinfo.fr\/remiremontinfo\/#organization\",\"name\":\"Remiremont Info\",\"url\":\"https:\/\/vosgesinfo.fr\/remiremontinfo\/\",\"logo\":{\"@type\":\"ImageObject\",\"inLanguage\":\"fr-FR\",\"@id\":\"https:\/\/vosgesinfo.fr\/remiremontinfo\/#\/schema\/logo\/image\/\",\"url\":\"https:\/\/vosgesinfo.fr\/app\/uploads\/sites\/5\/2023\/08\/favicon-remiremontinfo.png\",\"contentUrl\":\"https:\/\/vosgesinfo.fr\/app\/uploads\/sites\/5\/2023\/08\/favicon-remiremontinfo.png\",\"width\":512,\"height\":512,\"caption\":\"Remiremont Info\"},\"image\":{\"@id\":\"https:\/\/vosgesinfo.fr\/remiremontinfo\/#\/schema\/logo\/image\/\"},\"sameAs\":[\"https:\/\/www.facebook.com\/remiremontinfo\",\"https:\/\/x.com\/VosgesInfo88\",\"https:\/\/www.youtube.com\/@vosgesinfo\"]},{\"@type\":\"Person\",\"@id\":\"https:\/\/vosgesinfo.fr\/remiremontinfo\/#\/schema\/person\/3bfd164d5218a185b1db68655a265316\",\"name\":\"C D\",\"image\":{\"@type\":\"ImageObject\",\"inLanguage\":\"fr-FR\",\"@id\":\"https:\/\/vosgesinfo.fr\/remiremontinfo\/#\/schema\/person\/image\/\",\"url\":\"https:\/\/secure.gravatar.com\/avatar\/1f9a70007336511a47468b8f1c66f922b8b7cf617b02a31149ada43893a5d48f?s=96&d=mm&r=g\",\"contentUrl\":\"https:\/\/secure.gravatar.com\/avatar\/1f9a70007336511a47468b8f1c66f922b8b7cf617b02a31149ada43893a5d48f?s=96&d=mm&r=g\",\"caption\":\"C D\"},\"url\":\"https:\/\/vosgesinfo.fr\/remiremontinfo\/author\/cedric-drevet\/\"}]}<\/script>\n<!-- \/ Yoast SEO plugin. -->","yoast_head_json":{"title":"Participation record pour le Tournoi de judo \u00e0 la Halle des Sports de G\u00e9rardmer - Remiremont Info","robots":{"index":"index","follow":"follow","max-snippet":"max-snippet:-1","max-image-preview":"max-image-preview:large","max-video-preview":"max-video-preview:-1"},"canonical":"https:\/\/vosgesinfo.fr\/remiremontinfo\/2022\/11\/participation-record-tournoi-de-judo-a-halle-sports-de-gerardmer\/","twitter_card":"summary_large_image","twitter_title":"Participation record pour le Tournoi de judo \u00e0 la Halle des Sports de G\u00e9rardmer - Remiremont Info","twitter_description":"C\u2019est le premier \u00ab\u00a0petit\u00a0\u00bb tournoi de la saison et cela explique quelque peu l\u2019engouement des judokas \u00e0 son \u00e9gard. Peut-\u00eatre [&hellip;]","twitter_image":"https:\/\/vosgesinfo.fr\/app\/uploads\/sites\/5\/2024\/09\/202211img-8542.jpg","twitter_creator":"@VosgesInfo88","twitter_site":"@VosgesInfo88","twitter_misc":{"\u00c9crit par":"C D","Dur\u00e9e de lecture estim\u00e9e":"1 minute"},"schema":{"@context":"https:\/\/schema.org","@graph":[{"@type":"Article","@id":"https:\/\/vosgesinfo.fr\/remiremontinfo\/2022\/11\/participation-record-tournoi-de-judo-a-halle-sports-de-gerardmer\/#article","isPartOf":{"@id":"https:\/\/vosgesinfo.fr\/remiremontinfo\/2022\/11\/participation-record-tournoi-de-judo-a-halle-sports-de-gerardmer\/"},"author":{"name":"C D","@id":"https:\/\/vosgesinfo.fr\/remiremontinfo\/#\/schema\/person\/3bfd164d5218a185b1db68655a265316"},"headline":"Participation record pour le Tournoi de judo \u00e0 la Halle des Sports de G\u00e9rardmer","datePublished":"2022-11-21T07:20:23+00:00","dateModified":"2022-11-21T07:20:23+00:00","mainEntityOfPage":{"@id":"https:\/\/vosgesinfo.fr\/remiremontinfo\/2022\/11\/participation-record-tournoi-de-judo-a-halle-sports-de-gerardmer\/"},"wordCount":287,"commentCount":0,"publisher":{"@id":"https:\/\/vosgesinfo.fr\/remiremontinfo\/#organization"},"image":{"@id":"https:\/\/vosgesinfo.fr\/remiremontinfo\/2022\/11\/participation-record-tournoi-de-judo-a-halle-sports-de-gerardmer\/#primaryimage"},"thumbnailUrl":"https:\/\/vosgesinfo.fr\/app\/uploads\/sites\/5\/2024\/09\/202211img-8542.jpg","keywords":["judo","sport","Vosges"],"articleSection":["A la Une","Sport","Vosges"],"inLanguage":"fr-FR","potentialAction":[{"@type":"CommentAction","name":"Comment","target":["https:\/\/vosgesinfo.fr\/remiremontinfo\/2022\/11\/participation-record-tournoi-de-judo-a-halle-sports-de-gerardmer\/#respond"]}]},{"@type":"WebPage","@id":"https:\/\/vosgesinfo.fr\/remiremontinfo\/2022\/11\/participation-record-tournoi-de-judo-a-halle-sports-de-gerardmer\/","url":"https:\/\/vosgesinfo.fr\/remiremontinfo\/2022\/11\/participation-record-tournoi-de-judo-a-halle-sports-de-gerardmer\/","name":"Participation record pour le Tournoi de judo \u00e0 la Halle des Sports de G\u00e9rardmer - Remiremont Info","isPartOf":{"@id":"https:\/\/vosgesinfo.fr\/remiremontinfo\/#website"},"primaryImageOfPage":{"@id":"https:\/\/vosgesinfo.fr\/remiremontinfo\/2022\/11\/participation-record-tournoi-de-judo-a-halle-sports-de-gerardmer\/#primaryimage"},"image":{"@id":"https:\/\/vosgesinfo.fr\/remiremontinfo\/2022\/11\/participation-record-tournoi-de-judo-a-halle-sports-de-gerardmer\/#primaryimage"},"thumbnailUrl":"https:\/\/vosgesinfo.fr\/app\/uploads\/sites\/5\/2024\/09\/202211img-8542.jpg","datePublished":"2022-11-21T07:20:23+00:00","dateModified":"2022-11-21T07:20:23+00:00","breadcrumb":{"@id":"https:\/\/vosgesinfo.fr\/remiremontinfo\/2022\/11\/participation-record-tournoi-de-judo-a-halle-sports-de-gerardmer\/#breadcrumb"},"inLanguage":"fr-FR","potentialAction":[{"@type":"ReadAction","target":["https:\/\/vosgesinfo.fr\/remiremontinfo\/2022\/11\/participation-record-tournoi-de-judo-a-halle-sports-de-gerardmer\/"]}]},{"@type":"ImageObject","inLanguage":"fr-FR","@id":"https:\/\/vosgesinfo.fr\/remiremontinfo\/2022\/11\/participation-record-tournoi-de-judo-a-halle-sports-de-gerardmer\/#primaryimage","url":"https:\/\/vosgesinfo.fr\/app\/uploads\/sites\/5\/2024\/09\/202211img-8542.jpg","contentUrl":"https:\/\/vosgesinfo.fr\/app\/uploads\/sites\/5\/2024\/09\/202211img-8542.jpg","width":1600,"height":1067},{"@type":"BreadcrumbList","@id":"https:\/\/vosgesinfo.fr\/remiremontinfo\/2022\/11\/participation-record-tournoi-de-judo-a-halle-sports-de-gerardmer\/#breadcrumb","itemListElement":[{"@type":"ListItem","position":1,"name":"Home","item":"https:\/\/vosgesinfo.fr\/remiremontinfo\/"},{"@type":"ListItem","position":2,"name":"Participation record pour le Tournoi de judo \u00e0 la Halle des Sports de G\u00e9rardmer"}]},{"@type":"WebSite","@id":"https:\/\/vosgesinfo.fr\/remiremontinfo\/#website","url":"https:\/\/vosgesinfo.fr\/remiremontinfo\/","name":"Remiremont Info","description":"Toute l&#039;actualit\u00e9 de Remiremont","publisher":{"@id":"https:\/\/vosgesinfo.fr\/remiremontinfo\/#organization"},"alternateName":"Toute l'actualit\u00e9 de Remiremont","potentialAction":[{"@type":"SearchAction","target":{"@type":"EntryPoint","urlTemplate":"https:\/\/vosgesinfo.fr\/remiremontinfo\/?s={search_term_string}"},"query-input":"required name=search_term_string"}],"inLanguage":"fr-FR"},{"@type":"Organization","@id":"https:\/\/vosgesinfo.fr\/remiremontinfo\/#organization","name":"Remiremont Info","url":"https:\/\/vosgesinfo.fr\/remiremontinfo\/","logo":{"@type":"ImageObject","inLanguage":"fr-FR","@id":"https:\/\/vosgesinfo.fr\/remiremontinfo\/#\/schema\/logo\/image\/","url":"https:\/\/vosgesinfo.fr\/app\/uploads\/sites\/5\/2023\/08\/favicon-remiremontinfo.png","contentUrl":"https:\/\/vosgesinfo.fr\/app\/uploads\/sites\/5\/2023\/08\/favicon-remiremontinfo.png","width":512,"height":512,"caption":"Remiremont Info"},"image":{"@id":"https:\/\/vosgesinfo.fr\/remiremontinfo\/#\/schema\/logo\/image\/"},"sameAs":["https:\/\/www.facebook.com\/remiremontinfo","https:\/\/x.com\/VosgesInfo88","https:\/\/www.youtube.com\/@vosgesinfo"]},{"@type":"Person","@id":"https:\/\/vosgesinfo.fr\/remiremontinfo\/#\/schema\/person\/3bfd164d5218a185b1db68655a265316","name":"C D","image":{"@type":"ImageObject","inLanguage":"fr-FR","@id":"https:\/\/vosgesinfo.fr\/remiremontinfo\/#\/schema\/person\/image\/","url":"https:\/\/secure.gravatar.com\/avatar\/1f9a70007336511a47468b8f1c66f922b8b7cf617b02a31149ada43893a5d48f?s=96&d=mm&r=g","contentUrl":"https:\/\/secure.gravatar.com\/avatar\/1f9a70007336511a47468b8f1c66f922b8b7cf617b02a31149ada43893a5d48f?s=96&d=mm&r=g","caption":"C D"},"url":"https:\/\/vosgesinfo.fr\/remiremontinfo\/author\/cedric-drevet\/"}]}},"_links":{"self":[{"href":"https:\/\/vosgesinfo.fr\/remiremontinfo\/wp-json\/wp\/v2\/posts\/64658","targetHints":{"allow":["GET"]}}],"collection":[{"href":"https:\/\/vosgesinfo.fr\/remiremontinfo\/wp-json\/wp\/v2\/posts"}],"about":[{"href":"https:\/\/vosgesinfo.fr\/remiremontinfo\/wp-json\/wp\/v2\/types\/post"}],"author":[{"embeddable":true,"href":"https:\/\/vosgesinfo.fr\/remiremontinfo\/wp-json\/wp\/v2\/users\/407"}],"replies":[{"embeddable":true,"href":"https:\/\/vosgesinfo.fr\/remiremontinfo\/wp-json\/wp\/v2\/comments?post=64658"}],"version-history":[{"count":0,"href":"https:\/\/vosgesinfo.fr\/remiremontinfo\/wp-json\/wp\/v2\/posts\/64658\/revisions"}],"wp:featuredmedia":[{"embeddable":true,"href":"https:\/\/vosgesinfo.fr\/remiremontinfo\/wp-json\/wp\/v2\/media\/64659"}],"wp:attachment":[{"href":"https:\/\/vosgesinfo.fr\/remiremontinfo\/wp-json\/wp\/v2\/media?parent=64658"}],"wp:term":[{"taxonomy":"category","embeddable":true,"href":"https:\/\/vosgesinfo.fr\/remiremontinfo\/wp-json\/wp\/v2\/categories?post=64658"},{"taxonomy":"post_tag","embeddable":true,"href":"https:\/\/vosgesinfo.fr\/remiremontinfo\/wp-json\/wp\/v2\/tags?post=64658"}],"curies":[{"name":"wp","href":"https:\/\/api.w.org\/{rel}","templated":true}]}}