{"id":64682,"date":"2022-11-22T09:55:36","date_gmt":"2022-11-22T08:55:36","guid":{"rendered":"https:\/\/vosgesinfo.fr\/remiremontinfo\/2022\/11\/remiremont-conseil-jeunes-lassemblee-sages-se-reunissent\/"},"modified":"2022-11-22T09:55:36","modified_gmt":"2022-11-22T08:55:36","slug":"remiremont-conseil-jeunes-lassemblee-sages-se-reunissent","status":"publish","type":"post","link":"https:\/\/vosgesinfo.fr\/remiremontinfo\/2022\/11\/remiremont-conseil-jeunes-lassemblee-sages-se-reunissent\/","title":{"rendered":"Remiremont : le Conseil des Jeunes et l&rsquo;Assembl\u00e9e des Sages se r\u00e9unissent"},"content":{"rendered":"<p><a href=\"\/2022\/11\/conseil-jeunes-assembl\u00e9e-sages-remiremont-8.jpg\"><img decoding=\"async\" class=\"alignnone size-large wp-image-358266\" src=\"\/2022\/11\/conseil-jeunes-assembl\u00e9e-sages-remiremont-8-1024x681.jpg\" alt=\"conseil jeunes assembl\u00e9e sages remiremont (8)\" width=\"960\" height=\"638\" \/><\/a><\/p>\n<h2><span style=\"font-size: 12pt;\"><strong><span class=\"il\">Les membres du Conseil<\/span>\u00a0Municipal des\u00a0<span class=\"il\">Jeunes<\/span>\u00a0et de l&rsquo;Assembl\u00e9e des Sages de Remiremont se sont r\u00e9unis ce lundi soir \u00e0 l&rsquo;H\u00f4tel de Ville, dans la salle du conseil, \u00e0 l&rsquo;occasion de leur s\u00e9ance pl\u00e9ni\u00e8re. L&rsquo;occasion de revenir sur des \u00e9v\u00e9nements marquants des ann\u00e9es pr\u00e9c\u00e9dentes.\u00a0<\/strong><\/span><\/h2>\n<p>Le maire Jean Beno\u00eet Tisserand \u00e9tait pr\u00e9sent, ainsi que plusieurs membres de Conseil Municipal. Au moyen diaporama, les participants ont \u00e9voqu\u00e9 notamment l&rsquo;installation du Conseil Municipal des Jeunes le 19 mai 2021, la visite des serres municipales par des membres du Conseil des Sages en juin de la m\u00eame ann\u00e9e. Petit retour aussi sur le voyage \u00e0 Paris de novembre 2021, au cours duquel les jeunes conseillers ont visit\u00e9 l&rsquo;Assembl\u00e9e Nationale. Autres actions \u00e9voqu\u00e9es : des arbres plant\u00e9s dans la for\u00eat de Remiremont et la participation \u00e0 la journ\u00e9e \u00ab\u00a0Tous au Parmont\u00a0\u00bb.<\/p>\n\n","protected":false},"excerpt":{"rendered":"<p>Les membres du Conseil\u00a0Municipal des\u00a0Jeunes\u00a0et de l&rsquo;Assembl\u00e9e des Sages de Remiremont se sont r\u00e9unis ce lundi soir \u00e0 l&rsquo;H\u00f4tel de [&hellip;]<\/p>\n","protected":false},"author":407,"featured_media":64683,"comment_status":"open","ping_status":"open","sticky":false,"template":"","format":"standard","meta":{"footnotes":""},"categories":[26,10,1556,35],"tags":[5074,2429,44],"class_list":["post-64682","post","type-post","status-publish","format-standard","has-post-thumbnail","hentry","category-a-la-une","category-politique","category-remiremont-remiremont-son-canton-2","category-remiremont-son-canton","tag-assemblee-des-sages","tag-conseil-des-jeunes","tag-remiremont"],"acf":[],"yoast_head":"<!-- This site is optimized with the Yoast SEO plugin v22.5 - https:\/\/yoast.com\/wordpress\/plugins\/seo\/ -->\n<title>Remiremont : le Conseil des Jeunes et l&#039;Assembl\u00e9e des Sages se r\u00e9unissent - Remiremont Info<\/title>\n<meta name=\"robots\" content=\"index, follow, max-snippet:-1, max-image-preview:large, max-video-preview:-1\" \/>\n<link rel=\"canonical\" href=\"https:\/\/vosgesinfo.fr\/remiremontinfo\/2022\/11\/remiremont-conseil-jeunes-lassemblee-sages-se-reunissent\/\" \/>\n<meta name=\"twitter:card\" content=\"summary_large_image\" \/>\n<meta name=\"twitter:title\" content=\"Remiremont : le Conseil des Jeunes et l&#039;Assembl\u00e9e des Sages se r\u00e9unissent - Remiremont Info\" \/>\n<meta name=\"twitter:description\" content=\"Les membres du Conseil\u00a0Municipal des\u00a0Jeunes\u00a0et de l&rsquo;Assembl\u00e9e des Sages de Remiremont se sont r\u00e9unis ce lundi soir \u00e0 l&rsquo;H\u00f4tel de [&hellip;]\" \/>\n<meta name=\"twitter:image\" content=\"https:\/\/vosgesinfo.fr\/app\/uploads\/sites\/5\/2024\/09\/202211conseil-jeunes-assemblee-sages-remiremont-8.jpg\" \/>\n<meta name=\"twitter:creator\" content=\"@VosgesInfo88\" \/>\n<meta name=\"twitter:site\" content=\"@VosgesInfo88\" \/>\n<meta name=\"twitter:label1\" content=\"\u00c9crit par\" \/>\n\t<meta name=\"twitter:data1\" content=\"C D\" \/>\n\t<meta name=\"twitter:label2\" content=\"Dur\u00e9e de lecture estim\u00e9e\" \/>\n\t<meta name=\"twitter:data2\" content=\"1 minute\" \/>\n<script type=\"application\/ld+json\" class=\"yoast-schema-graph\">{\"@context\":\"https:\/\/schema.org\",\"@graph\":[{\"@type\":\"Article\",\"@id\":\"https:\/\/vosgesinfo.fr\/remiremontinfo\/2022\/11\/remiremont-conseil-jeunes-lassemblee-sages-se-reunissent\/#article\",\"isPartOf\":{\"@id\":\"https:\/\/vosgesinfo.fr\/remiremontinfo\/2022\/11\/remiremont-conseil-jeunes-lassemblee-sages-se-reunissent\/\"},\"author\":{\"name\":\"C D\",\"@id\":\"https:\/\/vosgesinfo.fr\/remiremontinfo\/#\/schema\/person\/3bfd164d5218a185b1db68655a265316\"},\"headline\":\"Remiremont : le Conseil des Jeunes et l&rsquo;Assembl\u00e9e des Sages se r\u00e9unissent\",\"datePublished\":\"2022-11-22T08:55:36+00:00\",\"dateModified\":\"2022-11-22T08:55:36+00:00\",\"mainEntityOfPage\":{\"@id\":\"https:\/\/vosgesinfo.fr\/remiremontinfo\/2022\/11\/remiremont-conseil-jeunes-lassemblee-sages-se-reunissent\/\"},\"wordCount\":176,\"commentCount\":0,\"publisher\":{\"@id\":\"https:\/\/vosgesinfo.fr\/remiremontinfo\/#organization\"},\"image\":{\"@id\":\"https:\/\/vosgesinfo.fr\/remiremontinfo\/2022\/11\/remiremont-conseil-jeunes-lassemblee-sages-se-reunissent\/#primaryimage\"},\"thumbnailUrl\":\"https:\/\/vosgesinfo.fr\/app\/uploads\/sites\/5\/2024\/09\/202211conseil-jeunes-assemblee-sages-remiremont-8.jpg\",\"keywords\":[\"assembl\u00e9e des sages\",\"conseil des jeunes\",\"remiremont\"],\"articleSection\":[\"A la Une\",\"Politique\",\"Remiremont\",\"Remiremont &amp; son canton\"],\"inLanguage\":\"fr-FR\",\"potentialAction\":[{\"@type\":\"CommentAction\",\"name\":\"Comment\",\"target\":[\"https:\/\/vosgesinfo.fr\/remiremontinfo\/2022\/11\/remiremont-conseil-jeunes-lassemblee-sages-se-reunissent\/#respond\"]}]},{\"@type\":\"WebPage\",\"@id\":\"https:\/\/vosgesinfo.fr\/remiremontinfo\/2022\/11\/remiremont-conseil-jeunes-lassemblee-sages-se-reunissent\/\",\"url\":\"https:\/\/vosgesinfo.fr\/remiremontinfo\/2022\/11\/remiremont-conseil-jeunes-lassemblee-sages-se-reunissent\/\",\"name\":\"Remiremont : le Conseil des Jeunes et l'Assembl\u00e9e des Sages se r\u00e9unissent - Remiremont Info\",\"isPartOf\":{\"@id\":\"https:\/\/vosgesinfo.fr\/remiremontinfo\/#website\"},\"primaryImageOfPage\":{\"@id\":\"https:\/\/vosgesinfo.fr\/remiremontinfo\/2022\/11\/remiremont-conseil-jeunes-lassemblee-sages-se-reunissent\/#primaryimage\"},\"image\":{\"@id\":\"https:\/\/vosgesinfo.fr\/remiremontinfo\/2022\/11\/remiremont-conseil-jeunes-lassemblee-sages-se-reunissent\/#primaryimage\"},\"thumbnailUrl\":\"https:\/\/vosgesinfo.fr\/app\/uploads\/sites\/5\/2024\/09\/202211conseil-jeunes-assemblee-sages-remiremont-8.jpg\",\"datePublished\":\"2022-11-22T08:55:36+00:00\",\"dateModified\":\"2022-11-22T08:55:36+00:00\",\"breadcrumb\":{\"@id\":\"https:\/\/vosgesinfo.fr\/remiremontinfo\/2022\/11\/remiremont-conseil-jeunes-lassemblee-sages-se-reunissent\/#breadcrumb\"},\"inLanguage\":\"fr-FR\",\"potentialAction\":[{\"@type\":\"ReadAction\",\"target\":[\"https:\/\/vosgesinfo.fr\/remiremontinfo\/2022\/11\/remiremont-conseil-jeunes-lassemblee-sages-se-reunissent\/\"]}]},{\"@type\":\"ImageObject\",\"inLanguage\":\"fr-FR\",\"@id\":\"https:\/\/vosgesinfo.fr\/remiremontinfo\/2022\/11\/remiremont-conseil-jeunes-lassemblee-sages-se-reunissent\/#primaryimage\",\"url\":\"https:\/\/vosgesinfo.fr\/app\/uploads\/sites\/5\/2024\/09\/202211conseil-jeunes-assemblee-sages-remiremont-8.jpg\",\"contentUrl\":\"https:\/\/vosgesinfo.fr\/app\/uploads\/sites\/5\/2024\/09\/202211conseil-jeunes-assemblee-sages-remiremont-8.jpg\",\"width\":1600,\"height\":1064},{\"@type\":\"BreadcrumbList\",\"@id\":\"https:\/\/vosgesinfo.fr\/remiremontinfo\/2022\/11\/remiremont-conseil-jeunes-lassemblee-sages-se-reunissent\/#breadcrumb\",\"itemListElement\":[{\"@type\":\"ListItem\",\"position\":1,\"name\":\"Home\",\"item\":\"https:\/\/vosgesinfo.fr\/remiremontinfo\/\"},{\"@type\":\"ListItem\",\"position\":2,\"name\":\"Remiremont : le Conseil des Jeunes et l&rsquo;Assembl\u00e9e des Sages se r\u00e9unissent\"}]},{\"@type\":\"WebSite\",\"@id\":\"https:\/\/vosgesinfo.fr\/remiremontinfo\/#website\",\"url\":\"https:\/\/vosgesinfo.fr\/remiremontinfo\/\",\"name\":\"Remiremont Info\",\"description\":\"Toute l&#039;actualit\u00e9 de Remiremont\",\"publisher\":{\"@id\":\"https:\/\/vosgesinfo.fr\/remiremontinfo\/#organization\"},\"alternateName\":\"Toute l'actualit\u00e9 de Remiremont\",\"potentialAction\":[{\"@type\":\"SearchAction\",\"target\":{\"@type\":\"EntryPoint\",\"urlTemplate\":\"https:\/\/vosgesinfo.fr\/remiremontinfo\/?s={search_term_string}\"},\"query-input\":\"required name=search_term_string\"}],\"inLanguage\":\"fr-FR\"},{\"@type\":\"Organization\",\"@id\":\"https:\/\/vosgesinfo.fr\/remiremontinfo\/#organization\",\"name\":\"Remiremont Info\",\"url\":\"https:\/\/vosgesinfo.fr\/remiremontinfo\/\",\"logo\":{\"@type\":\"ImageObject\",\"inLanguage\":\"fr-FR\",\"@id\":\"https:\/\/vosgesinfo.fr\/remiremontinfo\/#\/schema\/logo\/image\/\",\"url\":\"https:\/\/vosgesinfo.fr\/app\/uploads\/sites\/5\/2023\/08\/favicon-remiremontinfo.png\",\"contentUrl\":\"https:\/\/vosgesinfo.fr\/app\/uploads\/sites\/5\/2023\/08\/favicon-remiremontinfo.png\",\"width\":512,\"height\":512,\"caption\":\"Remiremont Info\"},\"image\":{\"@id\":\"https:\/\/vosgesinfo.fr\/remiremontinfo\/#\/schema\/logo\/image\/\"},\"sameAs\":[\"https:\/\/www.facebook.com\/remiremontinfo\",\"https:\/\/x.com\/VosgesInfo88\",\"https:\/\/www.youtube.com\/@vosgesinfo\"]},{\"@type\":\"Person\",\"@id\":\"https:\/\/vosgesinfo.fr\/remiremontinfo\/#\/schema\/person\/3bfd164d5218a185b1db68655a265316\",\"name\":\"C D\",\"image\":{\"@type\":\"ImageObject\",\"inLanguage\":\"fr-FR\",\"@id\":\"https:\/\/vosgesinfo.fr\/remiremontinfo\/#\/schema\/person\/image\/\",\"url\":\"https:\/\/secure.gravatar.com\/avatar\/1f9a70007336511a47468b8f1c66f922b8b7cf617b02a31149ada43893a5d48f?s=96&d=mm&r=g\",\"contentUrl\":\"https:\/\/secure.gravatar.com\/avatar\/1f9a70007336511a47468b8f1c66f922b8b7cf617b02a31149ada43893a5d48f?s=96&d=mm&r=g\",\"caption\":\"C D\"},\"url\":\"https:\/\/vosgesinfo.fr\/remiremontinfo\/author\/cedric-drevet\/\"}]}<\/script>\n<!-- \/ Yoast SEO plugin. -->","yoast_head_json":{"title":"Remiremont : le Conseil des Jeunes et l'Assembl\u00e9e des Sages se r\u00e9unissent - Remiremont Info","robots":{"index":"index","follow":"follow","max-snippet":"max-snippet:-1","max-image-preview":"max-image-preview:large","max-video-preview":"max-video-preview:-1"},"canonical":"https:\/\/vosgesinfo.fr\/remiremontinfo\/2022\/11\/remiremont-conseil-jeunes-lassemblee-sages-se-reunissent\/","twitter_card":"summary_large_image","twitter_title":"Remiremont : le Conseil des Jeunes et l'Assembl\u00e9e des Sages se r\u00e9unissent - Remiremont Info","twitter_description":"Les membres du Conseil\u00a0Municipal des\u00a0Jeunes\u00a0et de l&rsquo;Assembl\u00e9e des Sages de Remiremont se sont r\u00e9unis ce lundi soir \u00e0 l&rsquo;H\u00f4tel de [&hellip;]","twitter_image":"https:\/\/vosgesinfo.fr\/app\/uploads\/sites\/5\/2024\/09\/202211conseil-jeunes-assemblee-sages-remiremont-8.jpg","twitter_creator":"@VosgesInfo88","twitter_site":"@VosgesInfo88","twitter_misc":{"\u00c9crit par":"C D","Dur\u00e9e de lecture estim\u00e9e":"1 minute"},"schema":{"@context":"https:\/\/schema.org","@graph":[{"@type":"Article","@id":"https:\/\/vosgesinfo.fr\/remiremontinfo\/2022\/11\/remiremont-conseil-jeunes-lassemblee-sages-se-reunissent\/#article","isPartOf":{"@id":"https:\/\/vosgesinfo.fr\/remiremontinfo\/2022\/11\/remiremont-conseil-jeunes-lassemblee-sages-se-reunissent\/"},"author":{"name":"C D","@id":"https:\/\/vosgesinfo.fr\/remiremontinfo\/#\/schema\/person\/3bfd164d5218a185b1db68655a265316"},"headline":"Remiremont : le Conseil des Jeunes et l&rsquo;Assembl\u00e9e des Sages se r\u00e9unissent","datePublished":"2022-11-22T08:55:36+00:00","dateModified":"2022-11-22T08:55:36+00:00","mainEntityOfPage":{"@id":"https:\/\/vosgesinfo.fr\/remiremontinfo\/2022\/11\/remiremont-conseil-jeunes-lassemblee-sages-se-reunissent\/"},"wordCount":176,"commentCount":0,"publisher":{"@id":"https:\/\/vosgesinfo.fr\/remiremontinfo\/#organization"},"image":{"@id":"https:\/\/vosgesinfo.fr\/remiremontinfo\/2022\/11\/remiremont-conseil-jeunes-lassemblee-sages-se-reunissent\/#primaryimage"},"thumbnailUrl":"https:\/\/vosgesinfo.fr\/app\/uploads\/sites\/5\/2024\/09\/202211conseil-jeunes-assemblee-sages-remiremont-8.jpg","keywords":["assembl\u00e9e des sages","conseil des jeunes","remiremont"],"articleSection":["A la Une","Politique","Remiremont","Remiremont &amp; son canton"],"inLanguage":"fr-FR","potentialAction":[{"@type":"CommentAction","name":"Comment","target":["https:\/\/vosgesinfo.fr\/remiremontinfo\/2022\/11\/remiremont-conseil-jeunes-lassemblee-sages-se-reunissent\/#respond"]}]},{"@type":"WebPage","@id":"https:\/\/vosgesinfo.fr\/remiremontinfo\/2022\/11\/remiremont-conseil-jeunes-lassemblee-sages-se-reunissent\/","url":"https:\/\/vosgesinfo.fr\/remiremontinfo\/2022\/11\/remiremont-conseil-jeunes-lassemblee-sages-se-reunissent\/","name":"Remiremont : le Conseil des Jeunes et l'Assembl\u00e9e des Sages se r\u00e9unissent - Remiremont Info","isPartOf":{"@id":"https:\/\/vosgesinfo.fr\/remiremontinfo\/#website"},"primaryImageOfPage":{"@id":"https:\/\/vosgesinfo.fr\/remiremontinfo\/2022\/11\/remiremont-conseil-jeunes-lassemblee-sages-se-reunissent\/#primaryimage"},"image":{"@id":"https:\/\/vosgesinfo.fr\/remiremontinfo\/2022\/11\/remiremont-conseil-jeunes-lassemblee-sages-se-reunissent\/#primaryimage"},"thumbnailUrl":"https:\/\/vosgesinfo.fr\/app\/uploads\/sites\/5\/2024\/09\/202211conseil-jeunes-assemblee-sages-remiremont-8.jpg","datePublished":"2022-11-22T08:55:36+00:00","dateModified":"2022-11-22T08:55:36+00:00","breadcrumb":{"@id":"https:\/\/vosgesinfo.fr\/remiremontinfo\/2022\/11\/remiremont-conseil-jeunes-lassemblee-sages-se-reunissent\/#breadcrumb"},"inLanguage":"fr-FR","potentialAction":[{"@type":"ReadAction","target":["https:\/\/vosgesinfo.fr\/remiremontinfo\/2022\/11\/remiremont-conseil-jeunes-lassemblee-sages-se-reunissent\/"]}]},{"@type":"ImageObject","inLanguage":"fr-FR","@id":"https:\/\/vosgesinfo.fr\/remiremontinfo\/2022\/11\/remiremont-conseil-jeunes-lassemblee-sages-se-reunissent\/#primaryimage","url":"https:\/\/vosgesinfo.fr\/app\/uploads\/sites\/5\/2024\/09\/202211conseil-jeunes-assemblee-sages-remiremont-8.jpg","contentUrl":"https:\/\/vosgesinfo.fr\/app\/uploads\/sites\/5\/2024\/09\/202211conseil-jeunes-assemblee-sages-remiremont-8.jpg","width":1600,"height":1064},{"@type":"BreadcrumbList","@id":"https:\/\/vosgesinfo.fr\/remiremontinfo\/2022\/11\/remiremont-conseil-jeunes-lassemblee-sages-se-reunissent\/#breadcrumb","itemListElement":[{"@type":"ListItem","position":1,"name":"Home","item":"https:\/\/vosgesinfo.fr\/remiremontinfo\/"},{"@type":"ListItem","position":2,"name":"Remiremont : le Conseil des Jeunes et l&rsquo;Assembl\u00e9e des Sages se r\u00e9unissent"}]},{"@type":"WebSite","@id":"https:\/\/vosgesinfo.fr\/remiremontinfo\/#website","url":"https:\/\/vosgesinfo.fr\/remiremontinfo\/","name":"Remiremont Info","description":"Toute l&#039;actualit\u00e9 de Remiremont","publisher":{"@id":"https:\/\/vosgesinfo.fr\/remiremontinfo\/#organization"},"alternateName":"Toute l'actualit\u00e9 de Remiremont","potentialAction":[{"@type":"SearchAction","target":{"@type":"EntryPoint","urlTemplate":"https:\/\/vosgesinfo.fr\/remiremontinfo\/?s={search_term_string}"},"query-input":"required name=search_term_string"}],"inLanguage":"fr-FR"},{"@type":"Organization","@id":"https:\/\/vosgesinfo.fr\/remiremontinfo\/#organization","name":"Remiremont Info","url":"https:\/\/vosgesinfo.fr\/remiremontinfo\/","logo":{"@type":"ImageObject","inLanguage":"fr-FR","@id":"https:\/\/vosgesinfo.fr\/remiremontinfo\/#\/schema\/logo\/image\/","url":"https:\/\/vosgesinfo.fr\/app\/uploads\/sites\/5\/2023\/08\/favicon-remiremontinfo.png","contentUrl":"https:\/\/vosgesinfo.fr\/app\/uploads\/sites\/5\/2023\/08\/favicon-remiremontinfo.png","width":512,"height":512,"caption":"Remiremont Info"},"image":{"@id":"https:\/\/vosgesinfo.fr\/remiremontinfo\/#\/schema\/logo\/image\/"},"sameAs":["https:\/\/www.facebook.com\/remiremontinfo","https:\/\/x.com\/VosgesInfo88","https:\/\/www.youtube.com\/@vosgesinfo"]},{"@type":"Person","@id":"https:\/\/vosgesinfo.fr\/remiremontinfo\/#\/schema\/person\/3bfd164d5218a185b1db68655a265316","name":"C D","image":{"@type":"ImageObject","inLanguage":"fr-FR","@id":"https:\/\/vosgesinfo.fr\/remiremontinfo\/#\/schema\/person\/image\/","url":"https:\/\/secure.gravatar.com\/avatar\/1f9a70007336511a47468b8f1c66f922b8b7cf617b02a31149ada43893a5d48f?s=96&d=mm&r=g","contentUrl":"https:\/\/secure.gravatar.com\/avatar\/1f9a70007336511a47468b8f1c66f922b8b7cf617b02a31149ada43893a5d48f?s=96&d=mm&r=g","caption":"C D"},"url":"https:\/\/vosgesinfo.fr\/remiremontinfo\/author\/cedric-drevet\/"}]}},"_links":{"self":[{"href":"https:\/\/vosgesinfo.fr\/remiremontinfo\/wp-json\/wp\/v2\/posts\/64682","targetHints":{"allow":["GET"]}}],"collection":[{"href":"https:\/\/vosgesinfo.fr\/remiremontinfo\/wp-json\/wp\/v2\/posts"}],"about":[{"href":"https:\/\/vosgesinfo.fr\/remiremontinfo\/wp-json\/wp\/v2\/types\/post"}],"author":[{"embeddable":true,"href":"https:\/\/vosgesinfo.fr\/remiremontinfo\/wp-json\/wp\/v2\/users\/407"}],"replies":[{"embeddable":true,"href":"https:\/\/vosgesinfo.fr\/remiremontinfo\/wp-json\/wp\/v2\/comments?post=64682"}],"version-history":[{"count":0,"href":"https:\/\/vosgesinfo.fr\/remiremontinfo\/wp-json\/wp\/v2\/posts\/64682\/revisions"}],"wp:featuredmedia":[{"embeddable":true,"href":"https:\/\/vosgesinfo.fr\/remiremontinfo\/wp-json\/wp\/v2\/media\/64683"}],"wp:attachment":[{"href":"https:\/\/vosgesinfo.fr\/remiremontinfo\/wp-json\/wp\/v2\/media?parent=64682"}],"wp:term":[{"taxonomy":"category","embeddable":true,"href":"https:\/\/vosgesinfo.fr\/remiremontinfo\/wp-json\/wp\/v2\/categories?post=64682"},{"taxonomy":"post_tag","embeddable":true,"href":"https:\/\/vosgesinfo.fr\/remiremontinfo\/wp-json\/wp\/v2\/tags?post=64682"}],"curies":[{"name":"wp","href":"https:\/\/api.w.org\/{rel}","templated":true}]}}