{"id":64711,"date":"2022-11-22T12:04:06","date_gmt":"2022-11-22T11:04:06","guid":{"rendered":"https:\/\/vosgesinfo.fr\/remiremontinfo\/2022\/11\/nouvelle-mobilisation-magistrats-mardi-a-epinal\/"},"modified":"2022-11-22T12:04:06","modified_gmt":"2022-11-22T11:04:06","slug":"nouvelle-mobilisation-magistrats-mardi-a-epinal","status":"publish","type":"post","link":"https:\/\/vosgesinfo.fr\/remiremontinfo\/2022\/11\/nouvelle-mobilisation-magistrats-mardi-a-epinal\/","title":{"rendered":"Nouvelle mobilisation des magistrats ce mardi \u00e0 Epinal"},"content":{"rendered":"<h2 class=\"article__chapo\">Les magistrats, greffiers, fonctionnaires du minist\u00e8re de la justice \u00a0et professionnels de justice \u00e9taient rassembl\u00e9s ce mardi 22 novembre \u00a0\u00e0 12h15 sur les marches du palais de justice d\u2019Epinal. Il y a un an, les magistrats publiaient une tribune d\u00e9non\u00e7ant une souffrance \u00ab\u00a0\u00e9thique\u00a0\u00bb face \u00e0 \u00ab\u00a0une justice qui n\u2019\u00e9coute pas et qui chronom\u00e8tre tout\u00a0\u00bb. Depuis, \u00ab\u00a0rien n\u2019a chang\u00e9\u00a0\u00bb d\u00e9noncent les magistrats \u00e0 Epinal.<\/h2>\n<p class=\"x_MsoNormal\"><a href=\"https:\/\/epinalinfos.fr\/wp-content\/uploads\/2022\/11\/manifestation-avocats-epinal-1.jpg\" data-featherlight=\"image\"><img decoding=\"async\" class=\"alignleft size-medium wp-image-211300\" src=\"https:\/\/epinalinfos.fr\/wp-content\/uploads\/2022\/11\/manifestation-avocats-epinal-1-340x255.jpg\" alt=\"manifestation-avocats-epinal (1)\" width=\"340\" height=\"255\" \/><\/a>L\u2019Union syndicale de la magistrature (USM) et le Syndicat de la magistrature (SM) organisent ce mardi 22 novembre une journ\u00e9e de gr\u00e8ve. Un an apr\u00e8s une tribune d\u00e9non\u00e7ant leurs conditions de travail, les magistrats, fonctionnaires du minist\u00e8re de la justice et professionnels de justice \u00e9taient rassembl\u00e9s sur les marches du tribunal d\u2019Epinal \u00e0 12h15. Cette mobilisation est intersyndicale et interprofessionnelle, les fonctionnaires de greffe et avocats sont associ\u00e9s \u00e0 cet \u00e9v\u00e9nement<\/p>\n<h3 class=\"x_MsoNormal\"><em>\u00ab\u00a0une justice au rabais\u00a0\u00bb<\/em><\/h3>\n","protected":false},"excerpt":{"rendered":"<p>Les magistrats, greffiers, fonctionnaires du minist\u00e8re de la justice \u00a0et professionnels de justice \u00e9taient rassembl\u00e9s ce mardi 22 novembre \u00a0\u00e0 [&hellip;]<\/p>\n","protected":false},"author":407,"featured_media":64712,"comment_status":"open","ping_status":"open","sticky":false,"template":"","format":"standard","meta":{"footnotes":""},"categories":[26,13,18],"tags":[167,66,32],"class_list":["post-64711","post","type-post","status-publish","format-standard","has-post-thumbnail","hentry","category-a-la-une","category-societe","category-vosges","tag-justice","tag-societe","tag-vosges"],"acf":[],"yoast_head":"<!-- This site is optimized with the Yoast SEO plugin v22.5 - https:\/\/yoast.com\/wordpress\/plugins\/seo\/ -->\n<title>Nouvelle mobilisation des magistrats ce mardi \u00e0 Epinal - Remiremont Info<\/title>\n<meta name=\"robots\" content=\"index, follow, max-snippet:-1, max-image-preview:large, max-video-preview:-1\" \/>\n<link rel=\"canonical\" href=\"https:\/\/vosgesinfo.fr\/remiremontinfo\/2022\/11\/nouvelle-mobilisation-magistrats-mardi-a-epinal\/\" \/>\n<meta name=\"twitter:card\" content=\"summary_large_image\" \/>\n<meta name=\"twitter:title\" content=\"Nouvelle mobilisation des magistrats ce mardi \u00e0 Epinal - Remiremont Info\" \/>\n<meta name=\"twitter:description\" content=\"Les magistrats, greffiers, fonctionnaires du minist\u00e8re de la justice \u00a0et professionnels de justice \u00e9taient rassembl\u00e9s ce mardi 22 novembre \u00a0\u00e0 [&hellip;]\" \/>\n<meta name=\"twitter:image\" content=\"https:\/\/vosgesinfo.fr\/app\/uploads\/sites\/5\/2024\/09\/202211manifestation-avocats-epinal-6.jpg\" \/>\n<meta name=\"twitter:creator\" content=\"@VosgesInfo88\" \/>\n<meta name=\"twitter:site\" content=\"@VosgesInfo88\" \/>\n<meta name=\"twitter:label1\" content=\"\u00c9crit par\" \/>\n\t<meta name=\"twitter:data1\" content=\"C D\" \/>\n\t<meta name=\"twitter:label2\" content=\"Dur\u00e9e de lecture estim\u00e9e\" \/>\n\t<meta name=\"twitter:data2\" content=\"1 minute\" \/>\n<script type=\"application\/ld+json\" class=\"yoast-schema-graph\">{\"@context\":\"https:\/\/schema.org\",\"@graph\":[{\"@type\":\"Article\",\"@id\":\"https:\/\/vosgesinfo.fr\/remiremontinfo\/2022\/11\/nouvelle-mobilisation-magistrats-mardi-a-epinal\/#article\",\"isPartOf\":{\"@id\":\"https:\/\/vosgesinfo.fr\/remiremontinfo\/2022\/11\/nouvelle-mobilisation-magistrats-mardi-a-epinal\/\"},\"author\":{\"name\":\"C D\",\"@id\":\"https:\/\/vosgesinfo.fr\/remiremontinfo\/#\/schema\/person\/3bfd164d5218a185b1db68655a265316\"},\"headline\":\"Nouvelle mobilisation des magistrats ce mardi \u00e0 Epinal\",\"datePublished\":\"2022-11-22T11:04:06+00:00\",\"dateModified\":\"2022-11-22T11:04:06+00:00\",\"mainEntityOfPage\":{\"@id\":\"https:\/\/vosgesinfo.fr\/remiremontinfo\/2022\/11\/nouvelle-mobilisation-magistrats-mardi-a-epinal\/\"},\"wordCount\":158,\"commentCount\":0,\"publisher\":{\"@id\":\"https:\/\/vosgesinfo.fr\/remiremontinfo\/#organization\"},\"image\":{\"@id\":\"https:\/\/vosgesinfo.fr\/remiremontinfo\/2022\/11\/nouvelle-mobilisation-magistrats-mardi-a-epinal\/#primaryimage\"},\"thumbnailUrl\":\"https:\/\/vosgesinfo.fr\/app\/uploads\/sites\/5\/2024\/09\/202211manifestation-avocats-epinal-6.jpg\",\"keywords\":[\"justice\",\"Soci\u00e9t\u00e9\",\"Vosges\"],\"articleSection\":[\"A la Une\",\"Soci\u00e9t\u00e9\",\"Vosges\"],\"inLanguage\":\"fr-FR\",\"potentialAction\":[{\"@type\":\"CommentAction\",\"name\":\"Comment\",\"target\":[\"https:\/\/vosgesinfo.fr\/remiremontinfo\/2022\/11\/nouvelle-mobilisation-magistrats-mardi-a-epinal\/#respond\"]}]},{\"@type\":\"WebPage\",\"@id\":\"https:\/\/vosgesinfo.fr\/remiremontinfo\/2022\/11\/nouvelle-mobilisation-magistrats-mardi-a-epinal\/\",\"url\":\"https:\/\/vosgesinfo.fr\/remiremontinfo\/2022\/11\/nouvelle-mobilisation-magistrats-mardi-a-epinal\/\",\"name\":\"Nouvelle mobilisation des magistrats ce mardi \u00e0 Epinal - Remiremont Info\",\"isPartOf\":{\"@id\":\"https:\/\/vosgesinfo.fr\/remiremontinfo\/#website\"},\"primaryImageOfPage\":{\"@id\":\"https:\/\/vosgesinfo.fr\/remiremontinfo\/2022\/11\/nouvelle-mobilisation-magistrats-mardi-a-epinal\/#primaryimage\"},\"image\":{\"@id\":\"https:\/\/vosgesinfo.fr\/remiremontinfo\/2022\/11\/nouvelle-mobilisation-magistrats-mardi-a-epinal\/#primaryimage\"},\"thumbnailUrl\":\"https:\/\/vosgesinfo.fr\/app\/uploads\/sites\/5\/2024\/09\/202211manifestation-avocats-epinal-6.jpg\",\"datePublished\":\"2022-11-22T11:04:06+00:00\",\"dateModified\":\"2022-11-22T11:04:06+00:00\",\"breadcrumb\":{\"@id\":\"https:\/\/vosgesinfo.fr\/remiremontinfo\/2022\/11\/nouvelle-mobilisation-magistrats-mardi-a-epinal\/#breadcrumb\"},\"inLanguage\":\"fr-FR\",\"potentialAction\":[{\"@type\":\"ReadAction\",\"target\":[\"https:\/\/vosgesinfo.fr\/remiremontinfo\/2022\/11\/nouvelle-mobilisation-magistrats-mardi-a-epinal\/\"]}]},{\"@type\":\"ImageObject\",\"inLanguage\":\"fr-FR\",\"@id\":\"https:\/\/vosgesinfo.fr\/remiremontinfo\/2022\/11\/nouvelle-mobilisation-magistrats-mardi-a-epinal\/#primaryimage\",\"url\":\"https:\/\/vosgesinfo.fr\/app\/uploads\/sites\/5\/2024\/09\/202211manifestation-avocats-epinal-6.jpg\",\"contentUrl\":\"https:\/\/vosgesinfo.fr\/app\/uploads\/sites\/5\/2024\/09\/202211manifestation-avocats-epinal-6.jpg\",\"width\":800,\"height\":600},{\"@type\":\"BreadcrumbList\",\"@id\":\"https:\/\/vosgesinfo.fr\/remiremontinfo\/2022\/11\/nouvelle-mobilisation-magistrats-mardi-a-epinal\/#breadcrumb\",\"itemListElement\":[{\"@type\":\"ListItem\",\"position\":1,\"name\":\"Home\",\"item\":\"https:\/\/vosgesinfo.fr\/remiremontinfo\/\"},{\"@type\":\"ListItem\",\"position\":2,\"name\":\"Nouvelle mobilisation des magistrats ce mardi \u00e0 Epinal\"}]},{\"@type\":\"WebSite\",\"@id\":\"https:\/\/vosgesinfo.fr\/remiremontinfo\/#website\",\"url\":\"https:\/\/vosgesinfo.fr\/remiremontinfo\/\",\"name\":\"Remiremont Info\",\"description\":\"Toute l&#039;actualit\u00e9 de Remiremont\",\"publisher\":{\"@id\":\"https:\/\/vosgesinfo.fr\/remiremontinfo\/#organization\"},\"alternateName\":\"Toute l'actualit\u00e9 de Remiremont\",\"potentialAction\":[{\"@type\":\"SearchAction\",\"target\":{\"@type\":\"EntryPoint\",\"urlTemplate\":\"https:\/\/vosgesinfo.fr\/remiremontinfo\/?s={search_term_string}\"},\"query-input\":\"required name=search_term_string\"}],\"inLanguage\":\"fr-FR\"},{\"@type\":\"Organization\",\"@id\":\"https:\/\/vosgesinfo.fr\/remiremontinfo\/#organization\",\"name\":\"Remiremont Info\",\"url\":\"https:\/\/vosgesinfo.fr\/remiremontinfo\/\",\"logo\":{\"@type\":\"ImageObject\",\"inLanguage\":\"fr-FR\",\"@id\":\"https:\/\/vosgesinfo.fr\/remiremontinfo\/#\/schema\/logo\/image\/\",\"url\":\"https:\/\/vosgesinfo.fr\/app\/uploads\/sites\/5\/2023\/08\/favicon-remiremontinfo.png\",\"contentUrl\":\"https:\/\/vosgesinfo.fr\/app\/uploads\/sites\/5\/2023\/08\/favicon-remiremontinfo.png\",\"width\":512,\"height\":512,\"caption\":\"Remiremont Info\"},\"image\":{\"@id\":\"https:\/\/vosgesinfo.fr\/remiremontinfo\/#\/schema\/logo\/image\/\"},\"sameAs\":[\"https:\/\/www.facebook.com\/remiremontinfo\",\"https:\/\/x.com\/VosgesInfo88\",\"https:\/\/www.youtube.com\/@vosgesinfo\"]},{\"@type\":\"Person\",\"@id\":\"https:\/\/vosgesinfo.fr\/remiremontinfo\/#\/schema\/person\/3bfd164d5218a185b1db68655a265316\",\"name\":\"C D\",\"image\":{\"@type\":\"ImageObject\",\"inLanguage\":\"fr-FR\",\"@id\":\"https:\/\/vosgesinfo.fr\/remiremontinfo\/#\/schema\/person\/image\/\",\"url\":\"https:\/\/secure.gravatar.com\/avatar\/1f9a70007336511a47468b8f1c66f922b8b7cf617b02a31149ada43893a5d48f?s=96&d=mm&r=g\",\"contentUrl\":\"https:\/\/secure.gravatar.com\/avatar\/1f9a70007336511a47468b8f1c66f922b8b7cf617b02a31149ada43893a5d48f?s=96&d=mm&r=g\",\"caption\":\"C D\"},\"url\":\"https:\/\/vosgesinfo.fr\/remiremontinfo\/author\/cedric-drevet\/\"}]}<\/script>\n<!-- \/ Yoast SEO plugin. -->","yoast_head_json":{"title":"Nouvelle mobilisation des magistrats ce mardi \u00e0 Epinal - Remiremont Info","robots":{"index":"index","follow":"follow","max-snippet":"max-snippet:-1","max-image-preview":"max-image-preview:large","max-video-preview":"max-video-preview:-1"},"canonical":"https:\/\/vosgesinfo.fr\/remiremontinfo\/2022\/11\/nouvelle-mobilisation-magistrats-mardi-a-epinal\/","twitter_card":"summary_large_image","twitter_title":"Nouvelle mobilisation des magistrats ce mardi \u00e0 Epinal - Remiremont Info","twitter_description":"Les magistrats, greffiers, fonctionnaires du minist\u00e8re de la justice \u00a0et professionnels de justice \u00e9taient rassembl\u00e9s ce mardi 22 novembre \u00a0\u00e0 [&hellip;]","twitter_image":"https:\/\/vosgesinfo.fr\/app\/uploads\/sites\/5\/2024\/09\/202211manifestation-avocats-epinal-6.jpg","twitter_creator":"@VosgesInfo88","twitter_site":"@VosgesInfo88","twitter_misc":{"\u00c9crit par":"C D","Dur\u00e9e de lecture estim\u00e9e":"1 minute"},"schema":{"@context":"https:\/\/schema.org","@graph":[{"@type":"Article","@id":"https:\/\/vosgesinfo.fr\/remiremontinfo\/2022\/11\/nouvelle-mobilisation-magistrats-mardi-a-epinal\/#article","isPartOf":{"@id":"https:\/\/vosgesinfo.fr\/remiremontinfo\/2022\/11\/nouvelle-mobilisation-magistrats-mardi-a-epinal\/"},"author":{"name":"C D","@id":"https:\/\/vosgesinfo.fr\/remiremontinfo\/#\/schema\/person\/3bfd164d5218a185b1db68655a265316"},"headline":"Nouvelle mobilisation des magistrats ce mardi \u00e0 Epinal","datePublished":"2022-11-22T11:04:06+00:00","dateModified":"2022-11-22T11:04:06+00:00","mainEntityOfPage":{"@id":"https:\/\/vosgesinfo.fr\/remiremontinfo\/2022\/11\/nouvelle-mobilisation-magistrats-mardi-a-epinal\/"},"wordCount":158,"commentCount":0,"publisher":{"@id":"https:\/\/vosgesinfo.fr\/remiremontinfo\/#organization"},"image":{"@id":"https:\/\/vosgesinfo.fr\/remiremontinfo\/2022\/11\/nouvelle-mobilisation-magistrats-mardi-a-epinal\/#primaryimage"},"thumbnailUrl":"https:\/\/vosgesinfo.fr\/app\/uploads\/sites\/5\/2024\/09\/202211manifestation-avocats-epinal-6.jpg","keywords":["justice","Soci\u00e9t\u00e9","Vosges"],"articleSection":["A la Une","Soci\u00e9t\u00e9","Vosges"],"inLanguage":"fr-FR","potentialAction":[{"@type":"CommentAction","name":"Comment","target":["https:\/\/vosgesinfo.fr\/remiremontinfo\/2022\/11\/nouvelle-mobilisation-magistrats-mardi-a-epinal\/#respond"]}]},{"@type":"WebPage","@id":"https:\/\/vosgesinfo.fr\/remiremontinfo\/2022\/11\/nouvelle-mobilisation-magistrats-mardi-a-epinal\/","url":"https:\/\/vosgesinfo.fr\/remiremontinfo\/2022\/11\/nouvelle-mobilisation-magistrats-mardi-a-epinal\/","name":"Nouvelle mobilisation des magistrats ce mardi \u00e0 Epinal - Remiremont Info","isPartOf":{"@id":"https:\/\/vosgesinfo.fr\/remiremontinfo\/#website"},"primaryImageOfPage":{"@id":"https:\/\/vosgesinfo.fr\/remiremontinfo\/2022\/11\/nouvelle-mobilisation-magistrats-mardi-a-epinal\/#primaryimage"},"image":{"@id":"https:\/\/vosgesinfo.fr\/remiremontinfo\/2022\/11\/nouvelle-mobilisation-magistrats-mardi-a-epinal\/#primaryimage"},"thumbnailUrl":"https:\/\/vosgesinfo.fr\/app\/uploads\/sites\/5\/2024\/09\/202211manifestation-avocats-epinal-6.jpg","datePublished":"2022-11-22T11:04:06+00:00","dateModified":"2022-11-22T11:04:06+00:00","breadcrumb":{"@id":"https:\/\/vosgesinfo.fr\/remiremontinfo\/2022\/11\/nouvelle-mobilisation-magistrats-mardi-a-epinal\/#breadcrumb"},"inLanguage":"fr-FR","potentialAction":[{"@type":"ReadAction","target":["https:\/\/vosgesinfo.fr\/remiremontinfo\/2022\/11\/nouvelle-mobilisation-magistrats-mardi-a-epinal\/"]}]},{"@type":"ImageObject","inLanguage":"fr-FR","@id":"https:\/\/vosgesinfo.fr\/remiremontinfo\/2022\/11\/nouvelle-mobilisation-magistrats-mardi-a-epinal\/#primaryimage","url":"https:\/\/vosgesinfo.fr\/app\/uploads\/sites\/5\/2024\/09\/202211manifestation-avocats-epinal-6.jpg","contentUrl":"https:\/\/vosgesinfo.fr\/app\/uploads\/sites\/5\/2024\/09\/202211manifestation-avocats-epinal-6.jpg","width":800,"height":600},{"@type":"BreadcrumbList","@id":"https:\/\/vosgesinfo.fr\/remiremontinfo\/2022\/11\/nouvelle-mobilisation-magistrats-mardi-a-epinal\/#breadcrumb","itemListElement":[{"@type":"ListItem","position":1,"name":"Home","item":"https:\/\/vosgesinfo.fr\/remiremontinfo\/"},{"@type":"ListItem","position":2,"name":"Nouvelle mobilisation des magistrats ce mardi \u00e0 Epinal"}]},{"@type":"WebSite","@id":"https:\/\/vosgesinfo.fr\/remiremontinfo\/#website","url":"https:\/\/vosgesinfo.fr\/remiremontinfo\/","name":"Remiremont Info","description":"Toute l&#039;actualit\u00e9 de Remiremont","publisher":{"@id":"https:\/\/vosgesinfo.fr\/remiremontinfo\/#organization"},"alternateName":"Toute l'actualit\u00e9 de Remiremont","potentialAction":[{"@type":"SearchAction","target":{"@type":"EntryPoint","urlTemplate":"https:\/\/vosgesinfo.fr\/remiremontinfo\/?s={search_term_string}"},"query-input":"required name=search_term_string"}],"inLanguage":"fr-FR"},{"@type":"Organization","@id":"https:\/\/vosgesinfo.fr\/remiremontinfo\/#organization","name":"Remiremont Info","url":"https:\/\/vosgesinfo.fr\/remiremontinfo\/","logo":{"@type":"ImageObject","inLanguage":"fr-FR","@id":"https:\/\/vosgesinfo.fr\/remiremontinfo\/#\/schema\/logo\/image\/","url":"https:\/\/vosgesinfo.fr\/app\/uploads\/sites\/5\/2023\/08\/favicon-remiremontinfo.png","contentUrl":"https:\/\/vosgesinfo.fr\/app\/uploads\/sites\/5\/2023\/08\/favicon-remiremontinfo.png","width":512,"height":512,"caption":"Remiremont Info"},"image":{"@id":"https:\/\/vosgesinfo.fr\/remiremontinfo\/#\/schema\/logo\/image\/"},"sameAs":["https:\/\/www.facebook.com\/remiremontinfo","https:\/\/x.com\/VosgesInfo88","https:\/\/www.youtube.com\/@vosgesinfo"]},{"@type":"Person","@id":"https:\/\/vosgesinfo.fr\/remiremontinfo\/#\/schema\/person\/3bfd164d5218a185b1db68655a265316","name":"C D","image":{"@type":"ImageObject","inLanguage":"fr-FR","@id":"https:\/\/vosgesinfo.fr\/remiremontinfo\/#\/schema\/person\/image\/","url":"https:\/\/secure.gravatar.com\/avatar\/1f9a70007336511a47468b8f1c66f922b8b7cf617b02a31149ada43893a5d48f?s=96&d=mm&r=g","contentUrl":"https:\/\/secure.gravatar.com\/avatar\/1f9a70007336511a47468b8f1c66f922b8b7cf617b02a31149ada43893a5d48f?s=96&d=mm&r=g","caption":"C D"},"url":"https:\/\/vosgesinfo.fr\/remiremontinfo\/author\/cedric-drevet\/"}]}},"_links":{"self":[{"href":"https:\/\/vosgesinfo.fr\/remiremontinfo\/wp-json\/wp\/v2\/posts\/64711","targetHints":{"allow":["GET"]}}],"collection":[{"href":"https:\/\/vosgesinfo.fr\/remiremontinfo\/wp-json\/wp\/v2\/posts"}],"about":[{"href":"https:\/\/vosgesinfo.fr\/remiremontinfo\/wp-json\/wp\/v2\/types\/post"}],"author":[{"embeddable":true,"href":"https:\/\/vosgesinfo.fr\/remiremontinfo\/wp-json\/wp\/v2\/users\/407"}],"replies":[{"embeddable":true,"href":"https:\/\/vosgesinfo.fr\/remiremontinfo\/wp-json\/wp\/v2\/comments?post=64711"}],"version-history":[{"count":0,"href":"https:\/\/vosgesinfo.fr\/remiremontinfo\/wp-json\/wp\/v2\/posts\/64711\/revisions"}],"wp:featuredmedia":[{"embeddable":true,"href":"https:\/\/vosgesinfo.fr\/remiremontinfo\/wp-json\/wp\/v2\/media\/64712"}],"wp:attachment":[{"href":"https:\/\/vosgesinfo.fr\/remiremontinfo\/wp-json\/wp\/v2\/media?parent=64711"}],"wp:term":[{"taxonomy":"category","embeddable":true,"href":"https:\/\/vosgesinfo.fr\/remiremontinfo\/wp-json\/wp\/v2\/categories?post=64711"},{"taxonomy":"post_tag","embeddable":true,"href":"https:\/\/vosgesinfo.fr\/remiremontinfo\/wp-json\/wp\/v2\/tags?post=64711"}],"curies":[{"name":"wp","href":"https:\/\/api.w.org\/{rel}","templated":true}]}}