{"id":64727,"date":"2022-11-23T07:56:37","date_gmt":"2022-11-23T06:56:37","guid":{"rendered":"https:\/\/vosgesinfo.fr\/remiremontinfo\/2022\/11\/bronchiolite-covid-grippe-epidemies-saisonnieres-hivernales-de-retour-grand\/"},"modified":"2022-11-23T07:56:37","modified_gmt":"2022-11-23T06:56:37","slug":"bronchiolite-covid-grippe-epidemies-saisonnieres-hivernales-de-retour-grand","status":"publish","type":"post","link":"https:\/\/vosgesinfo.fr\/remiremontinfo\/2022\/11\/bronchiolite-covid-grippe-epidemies-saisonnieres-hivernales-de-retour-grand\/","title":{"rendered":"Bronchiolite, Covid, grippe\u2026 les \u00e9pid\u00e9mies saisonni\u00e8res hivernales sont de retour dans le Grand Est"},"content":{"rendered":"<h2><strong>Bronchiolite, covid et grippe, les \u00e9pid\u00e9mies saisonni\u00e8res hivernales sont de retour en Grand Est. L\u2019ARS Grand Est rappelle l\u2019importance de se prot\u00e9ger en respectant les gestes barri\u00e8res.<\/strong><\/h2>\n<h3><strong>Situation \u00e9pid\u00e9mique en Grand Est<\/strong><\/h3>\n<p>Les \u00e9pid\u00e9mies saisonni\u00e8res hivernales sont de retour comme chaque ann\u00e9e avec un impact important sur notre syst\u00e8me de sant\u00e9. Selon Sant\u00e9 publique France, la r\u00e9gion Grand Est fait face, comme toutes les autres r\u00e9gions m\u00e9tropolitaines, \u00e0 une \u00e9pid\u00e9mie de bronchiolite pr\u00e9coce et intense.<\/p>\n<p>En semaine 45 (7-13 novembre), la bronchiolite repr\u00e9sente 23% de l\u2019activit\u00e9 p\u00e9diatrique (enfants \u00e2g\u00e9s de moins 2 ans) des structures d\u2019urgences des \u00e9tablissements de sant\u00e9 et 13% des associations SOS M\u00e9decins.<\/p>\n<p>Si la bronchiolite est une maladie fr\u00e9quente chez les jeunes enfants et qui gu\u00e9rit spontan\u00e9ment dans la majorit\u00e9 des cas, elle peut parfois n\u00e9cessiter une hospitalisation. En semaine 45, 173 cas ont d\u00fb \u00eatre hospitalis\u00e9s.<\/p>\n<p>Ces niveaux sont comparables, voire d\u00e9passent d\u00e9sormais, ceux observ\u00e9<\/p>\n","protected":false},"excerpt":{"rendered":"<p>Bronchiolite, covid et grippe, les \u00e9pid\u00e9mies saisonni\u00e8res hivernales sont de retour en Grand Est. L\u2019ARS Grand Est rappelle l\u2019importance de [&hellip;]<\/p>\n","protected":false},"author":407,"featured_media":3597,"comment_status":"open","ping_status":"open","sticky":false,"template":"","format":"standard","meta":{"footnotes":""},"categories":[26,12],"tags":[281,2780,2275],"class_list":["post-64727","post","type-post","status-publish","format-standard","has-post-thumbnail","hentry","category-a-la-une","category-sante","tag-grand-est","tag-grippe","tag-hiver"],"acf":[],"yoast_head":"<!-- This site is optimized with the Yoast SEO plugin v22.5 - https:\/\/yoast.com\/wordpress\/plugins\/seo\/ -->\n<title>Bronchiolite, Covid, grippe\u2026 les \u00e9pid\u00e9mies saisonni\u00e8res hivernales sont de retour dans le Grand Est - Remiremont Info<\/title>\n<meta name=\"robots\" content=\"index, follow, max-snippet:-1, max-image-preview:large, max-video-preview:-1\" \/>\n<link rel=\"canonical\" href=\"https:\/\/vosgesinfo.fr\/remiremontinfo\/2022\/11\/bronchiolite-covid-grippe-epidemies-saisonnieres-hivernales-de-retour-grand\/\" \/>\n<meta name=\"twitter:card\" content=\"summary_large_image\" \/>\n<meta name=\"twitter:title\" content=\"Bronchiolite, Covid, grippe\u2026 les \u00e9pid\u00e9mies saisonni\u00e8res hivernales sont de retour dans le Grand Est - Remiremont Info\" \/>\n<meta name=\"twitter:description\" content=\"Bronchiolite, covid et grippe, les \u00e9pid\u00e9mies saisonni\u00e8res hivernales sont de retour en Grand Est. L\u2019ARS Grand Est rappelle l\u2019importance de [&hellip;]\" \/>\n<meta name=\"twitter:image\" content=\"https:\/\/vosgesinfo.fr\/app\/uploads\/sites\/5\/2024\/01\/grippe.jpg\" \/>\n<meta name=\"twitter:creator\" content=\"@VosgesInfo88\" \/>\n<meta name=\"twitter:site\" content=\"@VosgesInfo88\" \/>\n<meta name=\"twitter:label1\" content=\"\u00c9crit par\" \/>\n\t<meta name=\"twitter:data1\" content=\"C D\" \/>\n\t<meta name=\"twitter:label2\" content=\"Dur\u00e9e de lecture estim\u00e9e\" \/>\n\t<meta name=\"twitter:data2\" content=\"1 minute\" \/>\n<script type=\"application\/ld+json\" class=\"yoast-schema-graph\">{\"@context\":\"https:\/\/schema.org\",\"@graph\":[{\"@type\":\"Article\",\"@id\":\"https:\/\/vosgesinfo.fr\/remiremontinfo\/2022\/11\/bronchiolite-covid-grippe-epidemies-saisonnieres-hivernales-de-retour-grand\/#article\",\"isPartOf\":{\"@id\":\"https:\/\/vosgesinfo.fr\/remiremontinfo\/2022\/11\/bronchiolite-covid-grippe-epidemies-saisonnieres-hivernales-de-retour-grand\/\"},\"author\":{\"name\":\"C D\",\"@id\":\"https:\/\/vosgesinfo.fr\/remiremontinfo\/#\/schema\/person\/3bfd164d5218a185b1db68655a265316\"},\"headline\":\"Bronchiolite, Covid, grippe\u2026 les \u00e9pid\u00e9mies saisonni\u00e8res hivernales sont de retour dans le Grand Est\",\"datePublished\":\"2022-11-23T06:56:37+00:00\",\"dateModified\":\"2022-11-23T06:56:37+00:00\",\"mainEntityOfPage\":{\"@id\":\"https:\/\/vosgesinfo.fr\/remiremontinfo\/2022\/11\/bronchiolite-covid-grippe-epidemies-saisonnieres-hivernales-de-retour-grand\/\"},\"wordCount\":188,\"commentCount\":0,\"publisher\":{\"@id\":\"https:\/\/vosgesinfo.fr\/remiremontinfo\/#organization\"},\"image\":{\"@id\":\"https:\/\/vosgesinfo.fr\/remiremontinfo\/2022\/11\/bronchiolite-covid-grippe-epidemies-saisonnieres-hivernales-de-retour-grand\/#primaryimage\"},\"thumbnailUrl\":\"https:\/\/vosgesinfo.fr\/app\/uploads\/sites\/5\/2024\/01\/grippe.jpg\",\"keywords\":[\"Grand Est\",\"grippe\",\"hiver\"],\"articleSection\":[\"A la Une\",\"Sant\u00e9\"],\"inLanguage\":\"fr-FR\",\"potentialAction\":[{\"@type\":\"CommentAction\",\"name\":\"Comment\",\"target\":[\"https:\/\/vosgesinfo.fr\/remiremontinfo\/2022\/11\/bronchiolite-covid-grippe-epidemies-saisonnieres-hivernales-de-retour-grand\/#respond\"]}]},{\"@type\":\"WebPage\",\"@id\":\"https:\/\/vosgesinfo.fr\/remiremontinfo\/2022\/11\/bronchiolite-covid-grippe-epidemies-saisonnieres-hivernales-de-retour-grand\/\",\"url\":\"https:\/\/vosgesinfo.fr\/remiremontinfo\/2022\/11\/bronchiolite-covid-grippe-epidemies-saisonnieres-hivernales-de-retour-grand\/\",\"name\":\"Bronchiolite, Covid, grippe\u2026 les \u00e9pid\u00e9mies saisonni\u00e8res hivernales sont de retour dans le Grand Est - Remiremont Info\",\"isPartOf\":{\"@id\":\"https:\/\/vosgesinfo.fr\/remiremontinfo\/#website\"},\"primaryImageOfPage\":{\"@id\":\"https:\/\/vosgesinfo.fr\/remiremontinfo\/2022\/11\/bronchiolite-covid-grippe-epidemies-saisonnieres-hivernales-de-retour-grand\/#primaryimage\"},\"image\":{\"@id\":\"https:\/\/vosgesinfo.fr\/remiremontinfo\/2022\/11\/bronchiolite-covid-grippe-epidemies-saisonnieres-hivernales-de-retour-grand\/#primaryimage\"},\"thumbnailUrl\":\"https:\/\/vosgesinfo.fr\/app\/uploads\/sites\/5\/2024\/01\/grippe.jpg\",\"datePublished\":\"2022-11-23T06:56:37+00:00\",\"dateModified\":\"2022-11-23T06:56:37+00:00\",\"breadcrumb\":{\"@id\":\"https:\/\/vosgesinfo.fr\/remiremontinfo\/2022\/11\/bronchiolite-covid-grippe-epidemies-saisonnieres-hivernales-de-retour-grand\/#breadcrumb\"},\"inLanguage\":\"fr-FR\",\"potentialAction\":[{\"@type\":\"ReadAction\",\"target\":[\"https:\/\/vosgesinfo.fr\/remiremontinfo\/2022\/11\/bronchiolite-covid-grippe-epidemies-saisonnieres-hivernales-de-retour-grand\/\"]}]},{\"@type\":\"ImageObject\",\"inLanguage\":\"fr-FR\",\"@id\":\"https:\/\/vosgesinfo.fr\/remiremontinfo\/2022\/11\/bronchiolite-covid-grippe-epidemies-saisonnieres-hivernales-de-retour-grand\/#primaryimage\",\"url\":\"https:\/\/vosgesinfo.fr\/app\/uploads\/sites\/5\/2024\/01\/grippe.jpg\",\"contentUrl\":\"https:\/\/vosgesinfo.fr\/app\/uploads\/sites\/5\/2024\/01\/grippe.jpg\",\"width\":800,\"height\":289},{\"@type\":\"BreadcrumbList\",\"@id\":\"https:\/\/vosgesinfo.fr\/remiremontinfo\/2022\/11\/bronchiolite-covid-grippe-epidemies-saisonnieres-hivernales-de-retour-grand\/#breadcrumb\",\"itemListElement\":[{\"@type\":\"ListItem\",\"position\":1,\"name\":\"Home\",\"item\":\"https:\/\/vosgesinfo.fr\/remiremontinfo\/\"},{\"@type\":\"ListItem\",\"position\":2,\"name\":\"Bronchiolite, Covid, grippe\u2026 les \u00e9pid\u00e9mies saisonni\u00e8res hivernales sont de retour dans le Grand Est\"}]},{\"@type\":\"WebSite\",\"@id\":\"https:\/\/vosgesinfo.fr\/remiremontinfo\/#website\",\"url\":\"https:\/\/vosgesinfo.fr\/remiremontinfo\/\",\"name\":\"Remiremont Info\",\"description\":\"Toute l&#039;actualit\u00e9 de Remiremont\",\"publisher\":{\"@id\":\"https:\/\/vosgesinfo.fr\/remiremontinfo\/#organization\"},\"alternateName\":\"Toute l'actualit\u00e9 de Remiremont\",\"potentialAction\":[{\"@type\":\"SearchAction\",\"target\":{\"@type\":\"EntryPoint\",\"urlTemplate\":\"https:\/\/vosgesinfo.fr\/remiremontinfo\/?s={search_term_string}\"},\"query-input\":\"required name=search_term_string\"}],\"inLanguage\":\"fr-FR\"},{\"@type\":\"Organization\",\"@id\":\"https:\/\/vosgesinfo.fr\/remiremontinfo\/#organization\",\"name\":\"Remiremont Info\",\"url\":\"https:\/\/vosgesinfo.fr\/remiremontinfo\/\",\"logo\":{\"@type\":\"ImageObject\",\"inLanguage\":\"fr-FR\",\"@id\":\"https:\/\/vosgesinfo.fr\/remiremontinfo\/#\/schema\/logo\/image\/\",\"url\":\"https:\/\/vosgesinfo.fr\/app\/uploads\/sites\/5\/2023\/08\/favicon-remiremontinfo.png\",\"contentUrl\":\"https:\/\/vosgesinfo.fr\/app\/uploads\/sites\/5\/2023\/08\/favicon-remiremontinfo.png\",\"width\":512,\"height\":512,\"caption\":\"Remiremont Info\"},\"image\":{\"@id\":\"https:\/\/vosgesinfo.fr\/remiremontinfo\/#\/schema\/logo\/image\/\"},\"sameAs\":[\"https:\/\/www.facebook.com\/remiremontinfo\",\"https:\/\/x.com\/VosgesInfo88\",\"https:\/\/www.youtube.com\/@vosgesinfo\"]},{\"@type\":\"Person\",\"@id\":\"https:\/\/vosgesinfo.fr\/remiremontinfo\/#\/schema\/person\/3bfd164d5218a185b1db68655a265316\",\"name\":\"C D\",\"image\":{\"@type\":\"ImageObject\",\"inLanguage\":\"fr-FR\",\"@id\":\"https:\/\/vosgesinfo.fr\/remiremontinfo\/#\/schema\/person\/image\/\",\"url\":\"https:\/\/secure.gravatar.com\/avatar\/1f9a70007336511a47468b8f1c66f922b8b7cf617b02a31149ada43893a5d48f?s=96&d=mm&r=g\",\"contentUrl\":\"https:\/\/secure.gravatar.com\/avatar\/1f9a70007336511a47468b8f1c66f922b8b7cf617b02a31149ada43893a5d48f?s=96&d=mm&r=g\",\"caption\":\"C D\"},\"url\":\"https:\/\/vosgesinfo.fr\/remiremontinfo\/author\/cedric-drevet\/\"}]}<\/script>\n<!-- \/ Yoast SEO plugin. -->","yoast_head_json":{"title":"Bronchiolite, Covid, grippe\u2026 les \u00e9pid\u00e9mies saisonni\u00e8res hivernales sont de retour dans le Grand Est - Remiremont Info","robots":{"index":"index","follow":"follow","max-snippet":"max-snippet:-1","max-image-preview":"max-image-preview:large","max-video-preview":"max-video-preview:-1"},"canonical":"https:\/\/vosgesinfo.fr\/remiremontinfo\/2022\/11\/bronchiolite-covid-grippe-epidemies-saisonnieres-hivernales-de-retour-grand\/","twitter_card":"summary_large_image","twitter_title":"Bronchiolite, Covid, grippe\u2026 les \u00e9pid\u00e9mies saisonni\u00e8res hivernales sont de retour dans le Grand Est - Remiremont Info","twitter_description":"Bronchiolite, covid et grippe, les \u00e9pid\u00e9mies saisonni\u00e8res hivernales sont de retour en Grand Est. L\u2019ARS Grand Est rappelle l\u2019importance de [&hellip;]","twitter_image":"https:\/\/vosgesinfo.fr\/app\/uploads\/sites\/5\/2024\/01\/grippe.jpg","twitter_creator":"@VosgesInfo88","twitter_site":"@VosgesInfo88","twitter_misc":{"\u00c9crit par":"C D","Dur\u00e9e de lecture estim\u00e9e":"1 minute"},"schema":{"@context":"https:\/\/schema.org","@graph":[{"@type":"Article","@id":"https:\/\/vosgesinfo.fr\/remiremontinfo\/2022\/11\/bronchiolite-covid-grippe-epidemies-saisonnieres-hivernales-de-retour-grand\/#article","isPartOf":{"@id":"https:\/\/vosgesinfo.fr\/remiremontinfo\/2022\/11\/bronchiolite-covid-grippe-epidemies-saisonnieres-hivernales-de-retour-grand\/"},"author":{"name":"C D","@id":"https:\/\/vosgesinfo.fr\/remiremontinfo\/#\/schema\/person\/3bfd164d5218a185b1db68655a265316"},"headline":"Bronchiolite, Covid, grippe\u2026 les \u00e9pid\u00e9mies saisonni\u00e8res hivernales sont de retour dans le Grand Est","datePublished":"2022-11-23T06:56:37+00:00","dateModified":"2022-11-23T06:56:37+00:00","mainEntityOfPage":{"@id":"https:\/\/vosgesinfo.fr\/remiremontinfo\/2022\/11\/bronchiolite-covid-grippe-epidemies-saisonnieres-hivernales-de-retour-grand\/"},"wordCount":188,"commentCount":0,"publisher":{"@id":"https:\/\/vosgesinfo.fr\/remiremontinfo\/#organization"},"image":{"@id":"https:\/\/vosgesinfo.fr\/remiremontinfo\/2022\/11\/bronchiolite-covid-grippe-epidemies-saisonnieres-hivernales-de-retour-grand\/#primaryimage"},"thumbnailUrl":"https:\/\/vosgesinfo.fr\/app\/uploads\/sites\/5\/2024\/01\/grippe.jpg","keywords":["Grand Est","grippe","hiver"],"articleSection":["A la Une","Sant\u00e9"],"inLanguage":"fr-FR","potentialAction":[{"@type":"CommentAction","name":"Comment","target":["https:\/\/vosgesinfo.fr\/remiremontinfo\/2022\/11\/bronchiolite-covid-grippe-epidemies-saisonnieres-hivernales-de-retour-grand\/#respond"]}]},{"@type":"WebPage","@id":"https:\/\/vosgesinfo.fr\/remiremontinfo\/2022\/11\/bronchiolite-covid-grippe-epidemies-saisonnieres-hivernales-de-retour-grand\/","url":"https:\/\/vosgesinfo.fr\/remiremontinfo\/2022\/11\/bronchiolite-covid-grippe-epidemies-saisonnieres-hivernales-de-retour-grand\/","name":"Bronchiolite, Covid, grippe\u2026 les \u00e9pid\u00e9mies saisonni\u00e8res hivernales sont de retour dans le Grand Est - Remiremont Info","isPartOf":{"@id":"https:\/\/vosgesinfo.fr\/remiremontinfo\/#website"},"primaryImageOfPage":{"@id":"https:\/\/vosgesinfo.fr\/remiremontinfo\/2022\/11\/bronchiolite-covid-grippe-epidemies-saisonnieres-hivernales-de-retour-grand\/#primaryimage"},"image":{"@id":"https:\/\/vosgesinfo.fr\/remiremontinfo\/2022\/11\/bronchiolite-covid-grippe-epidemies-saisonnieres-hivernales-de-retour-grand\/#primaryimage"},"thumbnailUrl":"https:\/\/vosgesinfo.fr\/app\/uploads\/sites\/5\/2024\/01\/grippe.jpg","datePublished":"2022-11-23T06:56:37+00:00","dateModified":"2022-11-23T06:56:37+00:00","breadcrumb":{"@id":"https:\/\/vosgesinfo.fr\/remiremontinfo\/2022\/11\/bronchiolite-covid-grippe-epidemies-saisonnieres-hivernales-de-retour-grand\/#breadcrumb"},"inLanguage":"fr-FR","potentialAction":[{"@type":"ReadAction","target":["https:\/\/vosgesinfo.fr\/remiremontinfo\/2022\/11\/bronchiolite-covid-grippe-epidemies-saisonnieres-hivernales-de-retour-grand\/"]}]},{"@type":"ImageObject","inLanguage":"fr-FR","@id":"https:\/\/vosgesinfo.fr\/remiremontinfo\/2022\/11\/bronchiolite-covid-grippe-epidemies-saisonnieres-hivernales-de-retour-grand\/#primaryimage","url":"https:\/\/vosgesinfo.fr\/app\/uploads\/sites\/5\/2024\/01\/grippe.jpg","contentUrl":"https:\/\/vosgesinfo.fr\/app\/uploads\/sites\/5\/2024\/01\/grippe.jpg","width":800,"height":289},{"@type":"BreadcrumbList","@id":"https:\/\/vosgesinfo.fr\/remiremontinfo\/2022\/11\/bronchiolite-covid-grippe-epidemies-saisonnieres-hivernales-de-retour-grand\/#breadcrumb","itemListElement":[{"@type":"ListItem","position":1,"name":"Home","item":"https:\/\/vosgesinfo.fr\/remiremontinfo\/"},{"@type":"ListItem","position":2,"name":"Bronchiolite, Covid, grippe\u2026 les \u00e9pid\u00e9mies saisonni\u00e8res hivernales sont de retour dans le Grand Est"}]},{"@type":"WebSite","@id":"https:\/\/vosgesinfo.fr\/remiremontinfo\/#website","url":"https:\/\/vosgesinfo.fr\/remiremontinfo\/","name":"Remiremont Info","description":"Toute l&#039;actualit\u00e9 de Remiremont","publisher":{"@id":"https:\/\/vosgesinfo.fr\/remiremontinfo\/#organization"},"alternateName":"Toute l'actualit\u00e9 de Remiremont","potentialAction":[{"@type":"SearchAction","target":{"@type":"EntryPoint","urlTemplate":"https:\/\/vosgesinfo.fr\/remiremontinfo\/?s={search_term_string}"},"query-input":"required name=search_term_string"}],"inLanguage":"fr-FR"},{"@type":"Organization","@id":"https:\/\/vosgesinfo.fr\/remiremontinfo\/#organization","name":"Remiremont Info","url":"https:\/\/vosgesinfo.fr\/remiremontinfo\/","logo":{"@type":"ImageObject","inLanguage":"fr-FR","@id":"https:\/\/vosgesinfo.fr\/remiremontinfo\/#\/schema\/logo\/image\/","url":"https:\/\/vosgesinfo.fr\/app\/uploads\/sites\/5\/2023\/08\/favicon-remiremontinfo.png","contentUrl":"https:\/\/vosgesinfo.fr\/app\/uploads\/sites\/5\/2023\/08\/favicon-remiremontinfo.png","width":512,"height":512,"caption":"Remiremont Info"},"image":{"@id":"https:\/\/vosgesinfo.fr\/remiremontinfo\/#\/schema\/logo\/image\/"},"sameAs":["https:\/\/www.facebook.com\/remiremontinfo","https:\/\/x.com\/VosgesInfo88","https:\/\/www.youtube.com\/@vosgesinfo"]},{"@type":"Person","@id":"https:\/\/vosgesinfo.fr\/remiremontinfo\/#\/schema\/person\/3bfd164d5218a185b1db68655a265316","name":"C D","image":{"@type":"ImageObject","inLanguage":"fr-FR","@id":"https:\/\/vosgesinfo.fr\/remiremontinfo\/#\/schema\/person\/image\/","url":"https:\/\/secure.gravatar.com\/avatar\/1f9a70007336511a47468b8f1c66f922b8b7cf617b02a31149ada43893a5d48f?s=96&d=mm&r=g","contentUrl":"https:\/\/secure.gravatar.com\/avatar\/1f9a70007336511a47468b8f1c66f922b8b7cf617b02a31149ada43893a5d48f?s=96&d=mm&r=g","caption":"C D"},"url":"https:\/\/vosgesinfo.fr\/remiremontinfo\/author\/cedric-drevet\/"}]}},"_links":{"self":[{"href":"https:\/\/vosgesinfo.fr\/remiremontinfo\/wp-json\/wp\/v2\/posts\/64727","targetHints":{"allow":["GET"]}}],"collection":[{"href":"https:\/\/vosgesinfo.fr\/remiremontinfo\/wp-json\/wp\/v2\/posts"}],"about":[{"href":"https:\/\/vosgesinfo.fr\/remiremontinfo\/wp-json\/wp\/v2\/types\/post"}],"author":[{"embeddable":true,"href":"https:\/\/vosgesinfo.fr\/remiremontinfo\/wp-json\/wp\/v2\/users\/407"}],"replies":[{"embeddable":true,"href":"https:\/\/vosgesinfo.fr\/remiremontinfo\/wp-json\/wp\/v2\/comments?post=64727"}],"version-history":[{"count":0,"href":"https:\/\/vosgesinfo.fr\/remiremontinfo\/wp-json\/wp\/v2\/posts\/64727\/revisions"}],"wp:featuredmedia":[{"embeddable":true,"href":"https:\/\/vosgesinfo.fr\/remiremontinfo\/wp-json\/wp\/v2\/media\/3597"}],"wp:attachment":[{"href":"https:\/\/vosgesinfo.fr\/remiremontinfo\/wp-json\/wp\/v2\/media?parent=64727"}],"wp:term":[{"taxonomy":"category","embeddable":true,"href":"https:\/\/vosgesinfo.fr\/remiremontinfo\/wp-json\/wp\/v2\/categories?post=64727"},{"taxonomy":"post_tag","embeddable":true,"href":"https:\/\/vosgesinfo.fr\/remiremontinfo\/wp-json\/wp\/v2\/tags?post=64727"}],"curies":[{"name":"wp","href":"https:\/\/api.w.org\/{rel}","templated":true}]}}