{"id":64731,"date":"2022-11-23T08:48:13","date_gmt":"2022-11-23T07:48:13","guid":{"rendered":"https:\/\/vosgesinfo.fr\/remiremontinfo\/2022\/11\/val-dajol-nouvelle-epicerie-poulain-cours-dinstallation\/"},"modified":"2022-11-23T08:48:13","modified_gmt":"2022-11-23T07:48:13","slug":"val-dajol-nouvelle-epicerie-poulain-cours-dinstallation","status":"publish","type":"post","link":"https:\/\/vosgesinfo.fr\/remiremontinfo\/2022\/11\/val-dajol-nouvelle-epicerie-poulain-cours-dinstallation\/","title":{"rendered":"Le Val d&rsquo;Ajol : la nouvelle \u00e9picerie Poulain est en cours d&rsquo;installation"},"content":{"rendered":"<p><a href=\"\/2022\/11\/epicerie-poulain-val-dajol.jpg\"><img decoding=\"async\" class=\"alignnone size-large wp-image-358352\" src=\"\/2022\/11\/epicerie-poulain-val-dajol-1024x746.jpg\" alt=\"epicerie poulain val d'ajol\" width=\"960\" height=\"699\" \/><\/a><\/p>\n<p><span style=\"font-size: 10pt;\"><em>Photo par <a href=\"https:\/\/www.facebook.com\/epicerie.poulain\">Epicerie Poulain<\/a><\/em><\/span><\/p>\n<h2><span style=\"font-size: 12pt;\"><strong>Jeune vosgien de 32 ans, J\u00e9r\u00e9my Frenot a ouvert l&rsquo;\u00e9picerie Poulain au Val d\u2019Ajol en ao\u00fbt 2016. L\u2019\u00e9tablissement est actuellement en cours de d\u00e9m\u00e9nagement. Le commer\u00e7ant r\u00e9alise d\u2019importants travaux pour ouvrir prochainement son commerce dans un nouvel espace situ\u00e9 dans les locaux de l\u2019ancienne banque Cr\u00e9dit Mutuel.<\/strong><\/span><\/h2>\n<p>J\u00e9r\u00e9my Frenot a obtenu un bac technologique en management h\u00f4telier suivi d&rsquo;un BTS commerce option produits alimentaires.<em> \u00ab\u00a0Avant d&rsquo;\u00eatre commer\u00e7ant-chef d&rsquo;entreprise, j&rsquo;ai \u00e9t\u00e9 directeur adjoint de grande surface durant 5 ann\u00e9es o\u00f9 j&rsquo;ai \u00e9t\u00e9 d\u00e9go\u00fbt\u00e9 de la nourriture industrielle aseptis\u00e9e et de la productivit\u00e9 appliqu\u00e9e aux salari\u00e9s au m\u00e9pris de leur sant\u00e9\u00a0\u00bb<\/em>, affirme le commer\u00e7ant. <em>\u00ab\u00a0Aujourd&rsquo;hui, quel bonheur de vendre du bon, du bio et du local ; et d&rsquo;avoir une salari\u00e9e \u00e9panouie dans son travail !\u00a0\u00bb<\/em><\/p>\n<p><em>\u00ab\u00a0Multipliant les projets dans mon commerce pour dynamiser et grandir \u00e0 mon rythme, je restait locataire depuis mes d\u00e9buts\u00a0\u00bb<\/em>, explique le commer\u00e7ant. <em>\u00ab\u00a0Mais en avril 2022, j&rsquo;ai enfin eu l&rsquo;occasion de devenir propri\u00e9taire d&rsquo;un local\u00a0\u00bb<\/em>. De nouveaux d\u00e9fis se sont alors pr\u00e9sent\u00e9s. Entre l&rsquo;achat de l&rsquo;immeuble, les travaux et le d\u00e9m\u00e9nagement, J\u00e9r\u00e9my Frenot a d\u00fb aussi investir dans de nouveaux meubles et dans une belle devanture sur les deux faces du futur commerce. Des am\u00e9nagements r\u00e9alis\u00e9s notamment au moyen d\u2019un cagnotte en ligne\u00a0: <a href=\"https:\/\/fr.ulule.com\/demenagement-epicerie-poulain\/\">Soutenez le d\u00e9m\u00e9nagement de l&rsquo;Epicerie Poulain ! &#8211; Ulule<\/a><\/p>\n","protected":false},"excerpt":{"rendered":"<p>Photo par Epicerie Poulain Jeune vosgien de 32 ans, J\u00e9r\u00e9my Frenot a ouvert l&rsquo;\u00e9picerie Poulain au Val d\u2019Ajol en ao\u00fbt [&hellip;]<\/p>\n","protected":false},"author":407,"featured_media":64732,"comment_status":"open","ping_status":"open","sticky":false,"template":"","format":"standard","meta":{"footnotes":""},"categories":[26,120,121,82],"tags":[57,5083,5084,123,32],"class_list":["post-64731","post","type-post","status-publish","format-standard","has-post-thumbnail","hentry","category-a-la-une","category-commerce","category-le-val-dajol-le-val-dajol-son-canton","category-le-val-dajol-son-canton","tag-commerce","tag-epicerie-poulain","tag-jeremy-frenot","tag-val-dajol","tag-vosges"],"acf":[],"yoast_head":"<!-- This site is optimized with the Yoast SEO plugin v22.5 - https:\/\/yoast.com\/wordpress\/plugins\/seo\/ -->\n<title>Le Val d&#039;Ajol : la nouvelle \u00e9picerie Poulain est en cours d&#039;installation - Remiremont Info<\/title>\n<meta name=\"robots\" content=\"index, follow, max-snippet:-1, max-image-preview:large, max-video-preview:-1\" \/>\n<link rel=\"canonical\" href=\"https:\/\/vosgesinfo.fr\/remiremontinfo\/2022\/11\/val-dajol-nouvelle-epicerie-poulain-cours-dinstallation\/\" \/>\n<meta name=\"twitter:card\" content=\"summary_large_image\" \/>\n<meta name=\"twitter:title\" content=\"Le Val d&#039;Ajol : la nouvelle \u00e9picerie Poulain est en cours d&#039;installation - Remiremont Info\" \/>\n<meta name=\"twitter:description\" content=\"Photo par Epicerie Poulain Jeune vosgien de 32 ans, J\u00e9r\u00e9my Frenot a ouvert l&rsquo;\u00e9picerie Poulain au Val d\u2019Ajol en ao\u00fbt [&hellip;]\" \/>\n<meta name=\"twitter:image\" content=\"https:\/\/vosgesinfo.fr\/app\/uploads\/sites\/5\/2024\/09\/202211epicerie-poulain-val-dajol.jpg\" \/>\n<meta name=\"twitter:creator\" content=\"@VosgesInfo88\" \/>\n<meta name=\"twitter:site\" content=\"@VosgesInfo88\" \/>\n<meta name=\"twitter:label1\" content=\"\u00c9crit par\" \/>\n\t<meta name=\"twitter:data1\" content=\"C D\" \/>\n\t<meta name=\"twitter:label2\" content=\"Dur\u00e9e de lecture estim\u00e9e\" \/>\n\t<meta name=\"twitter:data2\" content=\"1 minute\" \/>\n<script type=\"application\/ld+json\" class=\"yoast-schema-graph\">{\"@context\":\"https:\/\/schema.org\",\"@graph\":[{\"@type\":\"Article\",\"@id\":\"https:\/\/vosgesinfo.fr\/remiremontinfo\/2022\/11\/val-dajol-nouvelle-epicerie-poulain-cours-dinstallation\/#article\",\"isPartOf\":{\"@id\":\"https:\/\/vosgesinfo.fr\/remiremontinfo\/2022\/11\/val-dajol-nouvelle-epicerie-poulain-cours-dinstallation\/\"},\"author\":{\"name\":\"C D\",\"@id\":\"https:\/\/vosgesinfo.fr\/remiremontinfo\/#\/schema\/person\/3bfd164d5218a185b1db68655a265316\"},\"headline\":\"Le Val d&rsquo;Ajol : la nouvelle \u00e9picerie Poulain est en cours d&rsquo;installation\",\"datePublished\":\"2022-11-23T07:48:13+00:00\",\"dateModified\":\"2022-11-23T07:48:13+00:00\",\"mainEntityOfPage\":{\"@id\":\"https:\/\/vosgesinfo.fr\/remiremontinfo\/2022\/11\/val-dajol-nouvelle-epicerie-poulain-cours-dinstallation\/\"},\"wordCount\":280,\"commentCount\":0,\"publisher\":{\"@id\":\"https:\/\/vosgesinfo.fr\/remiremontinfo\/#organization\"},\"image\":{\"@id\":\"https:\/\/vosgesinfo.fr\/remiremontinfo\/2022\/11\/val-dajol-nouvelle-epicerie-poulain-cours-dinstallation\/#primaryimage\"},\"thumbnailUrl\":\"https:\/\/vosgesinfo.fr\/app\/uploads\/sites\/5\/2024\/09\/202211epicerie-poulain-val-dajol.jpg\",\"keywords\":[\"commerce\",\"epicerie poulain\",\"j\u00e9r\u00e9my frenot\",\"val d'ajol\",\"Vosges\"],\"articleSection\":[\"A la Une\",\"Commerce\",\"Le Val d'Ajol\",\"Le Val-d'Ajol &amp; son canton\"],\"inLanguage\":\"fr-FR\",\"potentialAction\":[{\"@type\":\"CommentAction\",\"name\":\"Comment\",\"target\":[\"https:\/\/vosgesinfo.fr\/remiremontinfo\/2022\/11\/val-dajol-nouvelle-epicerie-poulain-cours-dinstallation\/#respond\"]}]},{\"@type\":\"WebPage\",\"@id\":\"https:\/\/vosgesinfo.fr\/remiremontinfo\/2022\/11\/val-dajol-nouvelle-epicerie-poulain-cours-dinstallation\/\",\"url\":\"https:\/\/vosgesinfo.fr\/remiremontinfo\/2022\/11\/val-dajol-nouvelle-epicerie-poulain-cours-dinstallation\/\",\"name\":\"Le Val d'Ajol : la nouvelle \u00e9picerie Poulain est en cours d'installation - Remiremont Info\",\"isPartOf\":{\"@id\":\"https:\/\/vosgesinfo.fr\/remiremontinfo\/#website\"},\"primaryImageOfPage\":{\"@id\":\"https:\/\/vosgesinfo.fr\/remiremontinfo\/2022\/11\/val-dajol-nouvelle-epicerie-poulain-cours-dinstallation\/#primaryimage\"},\"image\":{\"@id\":\"https:\/\/vosgesinfo.fr\/remiremontinfo\/2022\/11\/val-dajol-nouvelle-epicerie-poulain-cours-dinstallation\/#primaryimage\"},\"thumbnailUrl\":\"https:\/\/vosgesinfo.fr\/app\/uploads\/sites\/5\/2024\/09\/202211epicerie-poulain-val-dajol.jpg\",\"datePublished\":\"2022-11-23T07:48:13+00:00\",\"dateModified\":\"2022-11-23T07:48:13+00:00\",\"breadcrumb\":{\"@id\":\"https:\/\/vosgesinfo.fr\/remiremontinfo\/2022\/11\/val-dajol-nouvelle-epicerie-poulain-cours-dinstallation\/#breadcrumb\"},\"inLanguage\":\"fr-FR\",\"potentialAction\":[{\"@type\":\"ReadAction\",\"target\":[\"https:\/\/vosgesinfo.fr\/remiremontinfo\/2022\/11\/val-dajol-nouvelle-epicerie-poulain-cours-dinstallation\/\"]}]},{\"@type\":\"ImageObject\",\"inLanguage\":\"fr-FR\",\"@id\":\"https:\/\/vosgesinfo.fr\/remiremontinfo\/2022\/11\/val-dajol-nouvelle-epicerie-poulain-cours-dinstallation\/#primaryimage\",\"url\":\"https:\/\/vosgesinfo.fr\/app\/uploads\/sites\/5\/2024\/09\/202211epicerie-poulain-val-dajol.jpg\",\"contentUrl\":\"https:\/\/vosgesinfo.fr\/app\/uploads\/sites\/5\/2024\/09\/202211epicerie-poulain-val-dajol.jpg\",\"width\":1600,\"height\":1166},{\"@type\":\"BreadcrumbList\",\"@id\":\"https:\/\/vosgesinfo.fr\/remiremontinfo\/2022\/11\/val-dajol-nouvelle-epicerie-poulain-cours-dinstallation\/#breadcrumb\",\"itemListElement\":[{\"@type\":\"ListItem\",\"position\":1,\"name\":\"Home\",\"item\":\"https:\/\/vosgesinfo.fr\/remiremontinfo\/\"},{\"@type\":\"ListItem\",\"position\":2,\"name\":\"Le Val d&rsquo;Ajol : la nouvelle \u00e9picerie Poulain est en cours d&rsquo;installation\"}]},{\"@type\":\"WebSite\",\"@id\":\"https:\/\/vosgesinfo.fr\/remiremontinfo\/#website\",\"url\":\"https:\/\/vosgesinfo.fr\/remiremontinfo\/\",\"name\":\"Remiremont Info\",\"description\":\"Toute l&#039;actualit\u00e9 de Remiremont\",\"publisher\":{\"@id\":\"https:\/\/vosgesinfo.fr\/remiremontinfo\/#organization\"},\"alternateName\":\"Toute l'actualit\u00e9 de Remiremont\",\"potentialAction\":[{\"@type\":\"SearchAction\",\"target\":{\"@type\":\"EntryPoint\",\"urlTemplate\":\"https:\/\/vosgesinfo.fr\/remiremontinfo\/?s={search_term_string}\"},\"query-input\":\"required name=search_term_string\"}],\"inLanguage\":\"fr-FR\"},{\"@type\":\"Organization\",\"@id\":\"https:\/\/vosgesinfo.fr\/remiremontinfo\/#organization\",\"name\":\"Remiremont Info\",\"url\":\"https:\/\/vosgesinfo.fr\/remiremontinfo\/\",\"logo\":{\"@type\":\"ImageObject\",\"inLanguage\":\"fr-FR\",\"@id\":\"https:\/\/vosgesinfo.fr\/remiremontinfo\/#\/schema\/logo\/image\/\",\"url\":\"https:\/\/vosgesinfo.fr\/app\/uploads\/sites\/5\/2023\/08\/favicon-remiremontinfo.png\",\"contentUrl\":\"https:\/\/vosgesinfo.fr\/app\/uploads\/sites\/5\/2023\/08\/favicon-remiremontinfo.png\",\"width\":512,\"height\":512,\"caption\":\"Remiremont Info\"},\"image\":{\"@id\":\"https:\/\/vosgesinfo.fr\/remiremontinfo\/#\/schema\/logo\/image\/\"},\"sameAs\":[\"https:\/\/www.facebook.com\/remiremontinfo\",\"https:\/\/x.com\/VosgesInfo88\",\"https:\/\/www.youtube.com\/@vosgesinfo\"]},{\"@type\":\"Person\",\"@id\":\"https:\/\/vosgesinfo.fr\/remiremontinfo\/#\/schema\/person\/3bfd164d5218a185b1db68655a265316\",\"name\":\"C D\",\"image\":{\"@type\":\"ImageObject\",\"inLanguage\":\"fr-FR\",\"@id\":\"https:\/\/vosgesinfo.fr\/remiremontinfo\/#\/schema\/person\/image\/\",\"url\":\"https:\/\/secure.gravatar.com\/avatar\/1f9a70007336511a47468b8f1c66f922b8b7cf617b02a31149ada43893a5d48f?s=96&d=mm&r=g\",\"contentUrl\":\"https:\/\/secure.gravatar.com\/avatar\/1f9a70007336511a47468b8f1c66f922b8b7cf617b02a31149ada43893a5d48f?s=96&d=mm&r=g\",\"caption\":\"C D\"},\"url\":\"https:\/\/vosgesinfo.fr\/remiremontinfo\/author\/cedric-drevet\/\"}]}<\/script>\n<!-- \/ Yoast SEO plugin. -->","yoast_head_json":{"title":"Le Val d'Ajol : la nouvelle \u00e9picerie Poulain est en cours d'installation - Remiremont Info","robots":{"index":"index","follow":"follow","max-snippet":"max-snippet:-1","max-image-preview":"max-image-preview:large","max-video-preview":"max-video-preview:-1"},"canonical":"https:\/\/vosgesinfo.fr\/remiremontinfo\/2022\/11\/val-dajol-nouvelle-epicerie-poulain-cours-dinstallation\/","twitter_card":"summary_large_image","twitter_title":"Le Val d'Ajol : la nouvelle \u00e9picerie Poulain est en cours d'installation - Remiremont Info","twitter_description":"Photo par Epicerie Poulain Jeune vosgien de 32 ans, J\u00e9r\u00e9my Frenot a ouvert l&rsquo;\u00e9picerie Poulain au Val d\u2019Ajol en ao\u00fbt [&hellip;]","twitter_image":"https:\/\/vosgesinfo.fr\/app\/uploads\/sites\/5\/2024\/09\/202211epicerie-poulain-val-dajol.jpg","twitter_creator":"@VosgesInfo88","twitter_site":"@VosgesInfo88","twitter_misc":{"\u00c9crit par":"C D","Dur\u00e9e de lecture estim\u00e9e":"1 minute"},"schema":{"@context":"https:\/\/schema.org","@graph":[{"@type":"Article","@id":"https:\/\/vosgesinfo.fr\/remiremontinfo\/2022\/11\/val-dajol-nouvelle-epicerie-poulain-cours-dinstallation\/#article","isPartOf":{"@id":"https:\/\/vosgesinfo.fr\/remiremontinfo\/2022\/11\/val-dajol-nouvelle-epicerie-poulain-cours-dinstallation\/"},"author":{"name":"C D","@id":"https:\/\/vosgesinfo.fr\/remiremontinfo\/#\/schema\/person\/3bfd164d5218a185b1db68655a265316"},"headline":"Le Val d&rsquo;Ajol : la nouvelle \u00e9picerie Poulain est en cours d&rsquo;installation","datePublished":"2022-11-23T07:48:13+00:00","dateModified":"2022-11-23T07:48:13+00:00","mainEntityOfPage":{"@id":"https:\/\/vosgesinfo.fr\/remiremontinfo\/2022\/11\/val-dajol-nouvelle-epicerie-poulain-cours-dinstallation\/"},"wordCount":280,"commentCount":0,"publisher":{"@id":"https:\/\/vosgesinfo.fr\/remiremontinfo\/#organization"},"image":{"@id":"https:\/\/vosgesinfo.fr\/remiremontinfo\/2022\/11\/val-dajol-nouvelle-epicerie-poulain-cours-dinstallation\/#primaryimage"},"thumbnailUrl":"https:\/\/vosgesinfo.fr\/app\/uploads\/sites\/5\/2024\/09\/202211epicerie-poulain-val-dajol.jpg","keywords":["commerce","epicerie poulain","j\u00e9r\u00e9my frenot","val d'ajol","Vosges"],"articleSection":["A la Une","Commerce","Le Val d'Ajol","Le Val-d'Ajol &amp; son canton"],"inLanguage":"fr-FR","potentialAction":[{"@type":"CommentAction","name":"Comment","target":["https:\/\/vosgesinfo.fr\/remiremontinfo\/2022\/11\/val-dajol-nouvelle-epicerie-poulain-cours-dinstallation\/#respond"]}]},{"@type":"WebPage","@id":"https:\/\/vosgesinfo.fr\/remiremontinfo\/2022\/11\/val-dajol-nouvelle-epicerie-poulain-cours-dinstallation\/","url":"https:\/\/vosgesinfo.fr\/remiremontinfo\/2022\/11\/val-dajol-nouvelle-epicerie-poulain-cours-dinstallation\/","name":"Le Val d'Ajol : la nouvelle \u00e9picerie Poulain est en cours d'installation - Remiremont Info","isPartOf":{"@id":"https:\/\/vosgesinfo.fr\/remiremontinfo\/#website"},"primaryImageOfPage":{"@id":"https:\/\/vosgesinfo.fr\/remiremontinfo\/2022\/11\/val-dajol-nouvelle-epicerie-poulain-cours-dinstallation\/#primaryimage"},"image":{"@id":"https:\/\/vosgesinfo.fr\/remiremontinfo\/2022\/11\/val-dajol-nouvelle-epicerie-poulain-cours-dinstallation\/#primaryimage"},"thumbnailUrl":"https:\/\/vosgesinfo.fr\/app\/uploads\/sites\/5\/2024\/09\/202211epicerie-poulain-val-dajol.jpg","datePublished":"2022-11-23T07:48:13+00:00","dateModified":"2022-11-23T07:48:13+00:00","breadcrumb":{"@id":"https:\/\/vosgesinfo.fr\/remiremontinfo\/2022\/11\/val-dajol-nouvelle-epicerie-poulain-cours-dinstallation\/#breadcrumb"},"inLanguage":"fr-FR","potentialAction":[{"@type":"ReadAction","target":["https:\/\/vosgesinfo.fr\/remiremontinfo\/2022\/11\/val-dajol-nouvelle-epicerie-poulain-cours-dinstallation\/"]}]},{"@type":"ImageObject","inLanguage":"fr-FR","@id":"https:\/\/vosgesinfo.fr\/remiremontinfo\/2022\/11\/val-dajol-nouvelle-epicerie-poulain-cours-dinstallation\/#primaryimage","url":"https:\/\/vosgesinfo.fr\/app\/uploads\/sites\/5\/2024\/09\/202211epicerie-poulain-val-dajol.jpg","contentUrl":"https:\/\/vosgesinfo.fr\/app\/uploads\/sites\/5\/2024\/09\/202211epicerie-poulain-val-dajol.jpg","width":1600,"height":1166},{"@type":"BreadcrumbList","@id":"https:\/\/vosgesinfo.fr\/remiremontinfo\/2022\/11\/val-dajol-nouvelle-epicerie-poulain-cours-dinstallation\/#breadcrumb","itemListElement":[{"@type":"ListItem","position":1,"name":"Home","item":"https:\/\/vosgesinfo.fr\/remiremontinfo\/"},{"@type":"ListItem","position":2,"name":"Le Val d&rsquo;Ajol : la nouvelle \u00e9picerie Poulain est en cours d&rsquo;installation"}]},{"@type":"WebSite","@id":"https:\/\/vosgesinfo.fr\/remiremontinfo\/#website","url":"https:\/\/vosgesinfo.fr\/remiremontinfo\/","name":"Remiremont Info","description":"Toute l&#039;actualit\u00e9 de Remiremont","publisher":{"@id":"https:\/\/vosgesinfo.fr\/remiremontinfo\/#organization"},"alternateName":"Toute l'actualit\u00e9 de Remiremont","potentialAction":[{"@type":"SearchAction","target":{"@type":"EntryPoint","urlTemplate":"https:\/\/vosgesinfo.fr\/remiremontinfo\/?s={search_term_string}"},"query-input":"required name=search_term_string"}],"inLanguage":"fr-FR"},{"@type":"Organization","@id":"https:\/\/vosgesinfo.fr\/remiremontinfo\/#organization","name":"Remiremont Info","url":"https:\/\/vosgesinfo.fr\/remiremontinfo\/","logo":{"@type":"ImageObject","inLanguage":"fr-FR","@id":"https:\/\/vosgesinfo.fr\/remiremontinfo\/#\/schema\/logo\/image\/","url":"https:\/\/vosgesinfo.fr\/app\/uploads\/sites\/5\/2023\/08\/favicon-remiremontinfo.png","contentUrl":"https:\/\/vosgesinfo.fr\/app\/uploads\/sites\/5\/2023\/08\/favicon-remiremontinfo.png","width":512,"height":512,"caption":"Remiremont Info"},"image":{"@id":"https:\/\/vosgesinfo.fr\/remiremontinfo\/#\/schema\/logo\/image\/"},"sameAs":["https:\/\/www.facebook.com\/remiremontinfo","https:\/\/x.com\/VosgesInfo88","https:\/\/www.youtube.com\/@vosgesinfo"]},{"@type":"Person","@id":"https:\/\/vosgesinfo.fr\/remiremontinfo\/#\/schema\/person\/3bfd164d5218a185b1db68655a265316","name":"C D","image":{"@type":"ImageObject","inLanguage":"fr-FR","@id":"https:\/\/vosgesinfo.fr\/remiremontinfo\/#\/schema\/person\/image\/","url":"https:\/\/secure.gravatar.com\/avatar\/1f9a70007336511a47468b8f1c66f922b8b7cf617b02a31149ada43893a5d48f?s=96&d=mm&r=g","contentUrl":"https:\/\/secure.gravatar.com\/avatar\/1f9a70007336511a47468b8f1c66f922b8b7cf617b02a31149ada43893a5d48f?s=96&d=mm&r=g","caption":"C D"},"url":"https:\/\/vosgesinfo.fr\/remiremontinfo\/author\/cedric-drevet\/"}]}},"_links":{"self":[{"href":"https:\/\/vosgesinfo.fr\/remiremontinfo\/wp-json\/wp\/v2\/posts\/64731","targetHints":{"allow":["GET"]}}],"collection":[{"href":"https:\/\/vosgesinfo.fr\/remiremontinfo\/wp-json\/wp\/v2\/posts"}],"about":[{"href":"https:\/\/vosgesinfo.fr\/remiremontinfo\/wp-json\/wp\/v2\/types\/post"}],"author":[{"embeddable":true,"href":"https:\/\/vosgesinfo.fr\/remiremontinfo\/wp-json\/wp\/v2\/users\/407"}],"replies":[{"embeddable":true,"href":"https:\/\/vosgesinfo.fr\/remiremontinfo\/wp-json\/wp\/v2\/comments?post=64731"}],"version-history":[{"count":0,"href":"https:\/\/vosgesinfo.fr\/remiremontinfo\/wp-json\/wp\/v2\/posts\/64731\/revisions"}],"wp:featuredmedia":[{"embeddable":true,"href":"https:\/\/vosgesinfo.fr\/remiremontinfo\/wp-json\/wp\/v2\/media\/64732"}],"wp:attachment":[{"href":"https:\/\/vosgesinfo.fr\/remiremontinfo\/wp-json\/wp\/v2\/media?parent=64731"}],"wp:term":[{"taxonomy":"category","embeddable":true,"href":"https:\/\/vosgesinfo.fr\/remiremontinfo\/wp-json\/wp\/v2\/categories?post=64731"},{"taxonomy":"post_tag","embeddable":true,"href":"https:\/\/vosgesinfo.fr\/remiremontinfo\/wp-json\/wp\/v2\/tags?post=64731"}],"curies":[{"name":"wp","href":"https:\/\/api.w.org\/{rel}","templated":true}]}}