{"id":64735,"date":"2022-11-23T09:04:18","date_gmt":"2022-11-23T08:04:18","guid":{"rendered":"https:\/\/vosgesinfo.fr\/remiremontinfo\/2022\/11\/plombieres-j-3-louverture-de-ledition-2022-marche-de-noel\/"},"modified":"2022-11-23T09:04:18","modified_gmt":"2022-11-23T08:04:18","slug":"plombieres-j-3-louverture-de-ledition-2022-marche-de-noel","status":"publish","type":"post","link":"https:\/\/vosgesinfo.fr\/remiremontinfo\/2022\/11\/plombieres-j-3-louverture-de-ledition-2022-marche-de-noel\/","title":{"rendered":"Plombi\u00e8res : J-3 avant l&rsquo;ouverture de l&rsquo;\u00e9dition 2022 du march\u00e9 de No\u00ebl"},"content":{"rendered":"<p><a href=\"\/2022\/11\/Capture-d\u2019\u00e9cran-2022-11-23-100333.png\"><img decoding=\"async\" class=\"alignnone size-large wp-image-358367\" src=\"\/2022\/11\/Capture-d\u2019\u00e9cran-2022-11-23-100333-1024x674.png\" alt=\"Capture d\u2019\u00e9cran 2022-11-23 100333\" width=\"960\" height=\"632\" \/><\/a><\/p>\n<p><span style=\"font-size: 10pt;\"><em>Photos par\u00a0<a href=\"https:\/\/www.facebook.com\/RemiremontPlombieresTourisme\">Remiremont Plombi\u00e8res-les-Bains Tourisme<\/a><\/em><\/span><\/p>\n<h2><span style=\"font-size: 12pt;\"><strong>En 2022, le march\u00e9 de No\u00ebl de Plombi\u00e8res-les-bains revient pour une 26\u00e8me \u00e9dition. Retrouvez l\u2019intimit\u00e9 de No\u00ebl dans cette ville par\u00e9e de lumi\u00e8res, o\u00f9 traditions et coutumes se m\u00ealent dans un d\u00e9cor qui \u00e9voque les soir\u00e9es d\u2019autrefois.\u00a0<\/strong><\/span><\/h2>\n<p>Pendant les 4 week-ends qui pr\u00e9c\u00e8dent No\u00ebl, les chalets d\u2019artisans et de commer\u00e7ants ainsi que les boutiques \u00e9ph\u00e9m\u00e8res seront install\u00e9s au centre-ville de Plombi\u00e8res. Ici, l\u2019esprit de No\u00ebl prend tout son sens. Toute l\u2019ann\u00e9e, les habitants et b\u00e9n\u00e9voles de l\u2019association pr\u00e9parent les d\u00e9cors pour sublimer l\u2019\u00e9l\u00e9gante Plombi\u00e8res-les-Bains. En fl\u00e2nant dans les rues par\u00e9es de lumi\u00e8res, vous trouverez des d\u00e9corations de No\u00ebl, des bijoux, des objets en bois, des g\u00e2teaux et friandises, du pain d\u2019\u00e9pice, du miel\u2026 Et bien s\u00fbr, vous n\u2019\u00e9chapperez pas \u00e0 tout ce qui fait un march\u00e9 de No\u00ebl vosgien : les marrons chauds, les tartines au lard et au munster, le jus de pommes, les soupes, les chourros et le vin chaud. Vous prendrez alors le temps de savourer, en toute simplicit\u00e9, la p\u00e9riode de l\u2019Avent, l\u2019occasion aussi de redevenir un enfant gr\u00e2ce aux sensations retrouv\u00e9es.<\/p>\n<p><span style=\"font-size: 10pt;\"><em>Source : Tourisme Remiremont Plombi\u00e8res-les-Bains\u00a0<\/em><\/span><\/p>\n<p>&nbsp;<\/p>\n","protected":false},"excerpt":{"rendered":"<p>Photos par\u00a0Remiremont Plombi\u00e8res-les-Bains Tourisme En 2022, le march\u00e9 de No\u00ebl de Plombi\u00e8res-les-bains revient pour une 26\u00e8me \u00e9dition. Retrouvez l\u2019intimit\u00e9 de [&hellip;]<\/p>\n","protected":false},"author":407,"featured_media":64736,"comment_status":"open","ping_status":"open","sticky":false,"template":"","format":"standard","meta":{"footnotes":""},"categories":[26,124,82,102],"tags":[366,345,5086,32],"class_list":["post-64735","post","type-post","status-publish","format-standard","has-post-thumbnail","hentry","category-a-la-une","category-fetes","category-le-val-dajol-son-canton","category-plombieres-les-bains","tag-fetes","tag-noel","tag-plombieres-marche-de-noel","tag-vosges"],"acf":[],"yoast_head":"<!-- This site is optimized with the Yoast SEO plugin v22.5 - https:\/\/yoast.com\/wordpress\/plugins\/seo\/ -->\n<title>Plombi\u00e8res : J-3 avant l&#039;ouverture de l&#039;\u00e9dition 2022 du march\u00e9 de No\u00ebl - Remiremont Info<\/title>\n<meta name=\"robots\" content=\"index, follow, max-snippet:-1, max-image-preview:large, max-video-preview:-1\" \/>\n<link rel=\"canonical\" href=\"https:\/\/vosgesinfo.fr\/remiremontinfo\/2022\/11\/plombieres-j-3-louverture-de-ledition-2022-marche-de-noel\/\" \/>\n<meta name=\"twitter:card\" content=\"summary_large_image\" \/>\n<meta name=\"twitter:title\" content=\"Plombi\u00e8res : J-3 avant l&#039;ouverture de l&#039;\u00e9dition 2022 du march\u00e9 de No\u00ebl - Remiremont Info\" \/>\n<meta name=\"twitter:description\" content=\"Photos par\u00a0Remiremont Plombi\u00e8res-les-Bains Tourisme En 2022, le march\u00e9 de No\u00ebl de Plombi\u00e8res-les-bains revient pour une 26\u00e8me \u00e9dition. Retrouvez l\u2019intimit\u00e9 de [&hellip;]\" \/>\n<meta name=\"twitter:image\" content=\"https:\/\/vosgesinfo.fr\/app\/uploads\/sites\/5\/2024\/09\/202211capture-decran-2022-11-23-100333.png\" \/>\n<meta name=\"twitter:creator\" content=\"@VosgesInfo88\" \/>\n<meta name=\"twitter:site\" content=\"@VosgesInfo88\" \/>\n<meta name=\"twitter:label1\" content=\"\u00c9crit par\" \/>\n\t<meta name=\"twitter:data1\" content=\"C D\" \/>\n\t<meta name=\"twitter:label2\" content=\"Dur\u00e9e de lecture estim\u00e9e\" \/>\n\t<meta name=\"twitter:data2\" content=\"1 minute\" \/>\n<script type=\"application\/ld+json\" class=\"yoast-schema-graph\">{\"@context\":\"https:\/\/schema.org\",\"@graph\":[{\"@type\":\"Article\",\"@id\":\"https:\/\/vosgesinfo.fr\/remiremontinfo\/2022\/11\/plombieres-j-3-louverture-de-ledition-2022-marche-de-noel\/#article\",\"isPartOf\":{\"@id\":\"https:\/\/vosgesinfo.fr\/remiremontinfo\/2022\/11\/plombieres-j-3-louverture-de-ledition-2022-marche-de-noel\/\"},\"author\":{\"name\":\"C D\",\"@id\":\"https:\/\/vosgesinfo.fr\/remiremontinfo\/#\/schema\/person\/3bfd164d5218a185b1db68655a265316\"},\"headline\":\"Plombi\u00e8res : J-3 avant l&rsquo;ouverture de l&rsquo;\u00e9dition 2022 du march\u00e9 de No\u00ebl\",\"datePublished\":\"2022-11-23T08:04:18+00:00\",\"dateModified\":\"2022-11-23T08:04:18+00:00\",\"mainEntityOfPage\":{\"@id\":\"https:\/\/vosgesinfo.fr\/remiremontinfo\/2022\/11\/plombieres-j-3-louverture-de-ledition-2022-marche-de-noel\/\"},\"wordCount\":244,\"commentCount\":0,\"publisher\":{\"@id\":\"https:\/\/vosgesinfo.fr\/remiremontinfo\/#organization\"},\"image\":{\"@id\":\"https:\/\/vosgesinfo.fr\/remiremontinfo\/2022\/11\/plombieres-j-3-louverture-de-ledition-2022-marche-de-noel\/#primaryimage\"},\"thumbnailUrl\":\"https:\/\/vosgesinfo.fr\/app\/uploads\/sites\/5\/2024\/09\/202211capture-decran-2022-11-23-100333.png\",\"keywords\":[\"fetes\",\"No\u00ebl\",\"plombi\u00e8res march\u00e9 de noel\",\"Vosges\"],\"articleSection\":[\"A la Une\",\"F\u00eates\",\"Le Val-d'Ajol &amp; son canton\",\"Plombi\u00e8res-l\u00e8s-Bains\"],\"inLanguage\":\"fr-FR\",\"potentialAction\":[{\"@type\":\"CommentAction\",\"name\":\"Comment\",\"target\":[\"https:\/\/vosgesinfo.fr\/remiremontinfo\/2022\/11\/plombieres-j-3-louverture-de-ledition-2022-marche-de-noel\/#respond\"]}]},{\"@type\":\"WebPage\",\"@id\":\"https:\/\/vosgesinfo.fr\/remiremontinfo\/2022\/11\/plombieres-j-3-louverture-de-ledition-2022-marche-de-noel\/\",\"url\":\"https:\/\/vosgesinfo.fr\/remiremontinfo\/2022\/11\/plombieres-j-3-louverture-de-ledition-2022-marche-de-noel\/\",\"name\":\"Plombi\u00e8res : J-3 avant l'ouverture de l'\u00e9dition 2022 du march\u00e9 de No\u00ebl - Remiremont Info\",\"isPartOf\":{\"@id\":\"https:\/\/vosgesinfo.fr\/remiremontinfo\/#website\"},\"primaryImageOfPage\":{\"@id\":\"https:\/\/vosgesinfo.fr\/remiremontinfo\/2022\/11\/plombieres-j-3-louverture-de-ledition-2022-marche-de-noel\/#primaryimage\"},\"image\":{\"@id\":\"https:\/\/vosgesinfo.fr\/remiremontinfo\/2022\/11\/plombieres-j-3-louverture-de-ledition-2022-marche-de-noel\/#primaryimage\"},\"thumbnailUrl\":\"https:\/\/vosgesinfo.fr\/app\/uploads\/sites\/5\/2024\/09\/202211capture-decran-2022-11-23-100333.png\",\"datePublished\":\"2022-11-23T08:04:18+00:00\",\"dateModified\":\"2022-11-23T08:04:18+00:00\",\"breadcrumb\":{\"@id\":\"https:\/\/vosgesinfo.fr\/remiremontinfo\/2022\/11\/plombieres-j-3-louverture-de-ledition-2022-marche-de-noel\/#breadcrumb\"},\"inLanguage\":\"fr-FR\",\"potentialAction\":[{\"@type\":\"ReadAction\",\"target\":[\"https:\/\/vosgesinfo.fr\/remiremontinfo\/2022\/11\/plombieres-j-3-louverture-de-ledition-2022-marche-de-noel\/\"]}]},{\"@type\":\"ImageObject\",\"inLanguage\":\"fr-FR\",\"@id\":\"https:\/\/vosgesinfo.fr\/remiremontinfo\/2022\/11\/plombieres-j-3-louverture-de-ledition-2022-marche-de-noel\/#primaryimage\",\"url\":\"https:\/\/vosgesinfo.fr\/app\/uploads\/sites\/5\/2024\/09\/202211capture-decran-2022-11-23-100333.png\",\"contentUrl\":\"https:\/\/vosgesinfo.fr\/app\/uploads\/sites\/5\/2024\/09\/202211capture-decran-2022-11-23-100333.png\",\"width\":1026,\"height\":675},{\"@type\":\"BreadcrumbList\",\"@id\":\"https:\/\/vosgesinfo.fr\/remiremontinfo\/2022\/11\/plombieres-j-3-louverture-de-ledition-2022-marche-de-noel\/#breadcrumb\",\"itemListElement\":[{\"@type\":\"ListItem\",\"position\":1,\"name\":\"Home\",\"item\":\"https:\/\/vosgesinfo.fr\/remiremontinfo\/\"},{\"@type\":\"ListItem\",\"position\":2,\"name\":\"Plombi\u00e8res : J-3 avant l&rsquo;ouverture de l&rsquo;\u00e9dition 2022 du march\u00e9 de No\u00ebl\"}]},{\"@type\":\"WebSite\",\"@id\":\"https:\/\/vosgesinfo.fr\/remiremontinfo\/#website\",\"url\":\"https:\/\/vosgesinfo.fr\/remiremontinfo\/\",\"name\":\"Remiremont Info\",\"description\":\"Toute l&#039;actualit\u00e9 de Remiremont\",\"publisher\":{\"@id\":\"https:\/\/vosgesinfo.fr\/remiremontinfo\/#organization\"},\"alternateName\":\"Toute l'actualit\u00e9 de Remiremont\",\"potentialAction\":[{\"@type\":\"SearchAction\",\"target\":{\"@type\":\"EntryPoint\",\"urlTemplate\":\"https:\/\/vosgesinfo.fr\/remiremontinfo\/?s={search_term_string}\"},\"query-input\":\"required name=search_term_string\"}],\"inLanguage\":\"fr-FR\"},{\"@type\":\"Organization\",\"@id\":\"https:\/\/vosgesinfo.fr\/remiremontinfo\/#organization\",\"name\":\"Remiremont Info\",\"url\":\"https:\/\/vosgesinfo.fr\/remiremontinfo\/\",\"logo\":{\"@type\":\"ImageObject\",\"inLanguage\":\"fr-FR\",\"@id\":\"https:\/\/vosgesinfo.fr\/remiremontinfo\/#\/schema\/logo\/image\/\",\"url\":\"https:\/\/vosgesinfo.fr\/app\/uploads\/sites\/5\/2023\/08\/favicon-remiremontinfo.png\",\"contentUrl\":\"https:\/\/vosgesinfo.fr\/app\/uploads\/sites\/5\/2023\/08\/favicon-remiremontinfo.png\",\"width\":512,\"height\":512,\"caption\":\"Remiremont Info\"},\"image\":{\"@id\":\"https:\/\/vosgesinfo.fr\/remiremontinfo\/#\/schema\/logo\/image\/\"},\"sameAs\":[\"https:\/\/www.facebook.com\/remiremontinfo\",\"https:\/\/x.com\/VosgesInfo88\",\"https:\/\/www.youtube.com\/@vosgesinfo\"]},{\"@type\":\"Person\",\"@id\":\"https:\/\/vosgesinfo.fr\/remiremontinfo\/#\/schema\/person\/3bfd164d5218a185b1db68655a265316\",\"name\":\"C D\",\"image\":{\"@type\":\"ImageObject\",\"inLanguage\":\"fr-FR\",\"@id\":\"https:\/\/vosgesinfo.fr\/remiremontinfo\/#\/schema\/person\/image\/\",\"url\":\"https:\/\/secure.gravatar.com\/avatar\/1f9a70007336511a47468b8f1c66f922b8b7cf617b02a31149ada43893a5d48f?s=96&d=mm&r=g\",\"contentUrl\":\"https:\/\/secure.gravatar.com\/avatar\/1f9a70007336511a47468b8f1c66f922b8b7cf617b02a31149ada43893a5d48f?s=96&d=mm&r=g\",\"caption\":\"C D\"},\"url\":\"https:\/\/vosgesinfo.fr\/remiremontinfo\/author\/cedric-drevet\/\"}]}<\/script>\n<!-- \/ Yoast SEO plugin. -->","yoast_head_json":{"title":"Plombi\u00e8res : J-3 avant l'ouverture de l'\u00e9dition 2022 du march\u00e9 de No\u00ebl - Remiremont Info","robots":{"index":"index","follow":"follow","max-snippet":"max-snippet:-1","max-image-preview":"max-image-preview:large","max-video-preview":"max-video-preview:-1"},"canonical":"https:\/\/vosgesinfo.fr\/remiremontinfo\/2022\/11\/plombieres-j-3-louverture-de-ledition-2022-marche-de-noel\/","twitter_card":"summary_large_image","twitter_title":"Plombi\u00e8res : J-3 avant l'ouverture de l'\u00e9dition 2022 du march\u00e9 de No\u00ebl - Remiremont Info","twitter_description":"Photos par\u00a0Remiremont Plombi\u00e8res-les-Bains Tourisme En 2022, le march\u00e9 de No\u00ebl de Plombi\u00e8res-les-bains revient pour une 26\u00e8me \u00e9dition. Retrouvez l\u2019intimit\u00e9 de [&hellip;]","twitter_image":"https:\/\/vosgesinfo.fr\/app\/uploads\/sites\/5\/2024\/09\/202211capture-decran-2022-11-23-100333.png","twitter_creator":"@VosgesInfo88","twitter_site":"@VosgesInfo88","twitter_misc":{"\u00c9crit par":"C D","Dur\u00e9e de lecture estim\u00e9e":"1 minute"},"schema":{"@context":"https:\/\/schema.org","@graph":[{"@type":"Article","@id":"https:\/\/vosgesinfo.fr\/remiremontinfo\/2022\/11\/plombieres-j-3-louverture-de-ledition-2022-marche-de-noel\/#article","isPartOf":{"@id":"https:\/\/vosgesinfo.fr\/remiremontinfo\/2022\/11\/plombieres-j-3-louverture-de-ledition-2022-marche-de-noel\/"},"author":{"name":"C D","@id":"https:\/\/vosgesinfo.fr\/remiremontinfo\/#\/schema\/person\/3bfd164d5218a185b1db68655a265316"},"headline":"Plombi\u00e8res : J-3 avant l&rsquo;ouverture de l&rsquo;\u00e9dition 2022 du march\u00e9 de No\u00ebl","datePublished":"2022-11-23T08:04:18+00:00","dateModified":"2022-11-23T08:04:18+00:00","mainEntityOfPage":{"@id":"https:\/\/vosgesinfo.fr\/remiremontinfo\/2022\/11\/plombieres-j-3-louverture-de-ledition-2022-marche-de-noel\/"},"wordCount":244,"commentCount":0,"publisher":{"@id":"https:\/\/vosgesinfo.fr\/remiremontinfo\/#organization"},"image":{"@id":"https:\/\/vosgesinfo.fr\/remiremontinfo\/2022\/11\/plombieres-j-3-louverture-de-ledition-2022-marche-de-noel\/#primaryimage"},"thumbnailUrl":"https:\/\/vosgesinfo.fr\/app\/uploads\/sites\/5\/2024\/09\/202211capture-decran-2022-11-23-100333.png","keywords":["fetes","No\u00ebl","plombi\u00e8res march\u00e9 de noel","Vosges"],"articleSection":["A la Une","F\u00eates","Le Val-d'Ajol &amp; son canton","Plombi\u00e8res-l\u00e8s-Bains"],"inLanguage":"fr-FR","potentialAction":[{"@type":"CommentAction","name":"Comment","target":["https:\/\/vosgesinfo.fr\/remiremontinfo\/2022\/11\/plombieres-j-3-louverture-de-ledition-2022-marche-de-noel\/#respond"]}]},{"@type":"WebPage","@id":"https:\/\/vosgesinfo.fr\/remiremontinfo\/2022\/11\/plombieres-j-3-louverture-de-ledition-2022-marche-de-noel\/","url":"https:\/\/vosgesinfo.fr\/remiremontinfo\/2022\/11\/plombieres-j-3-louverture-de-ledition-2022-marche-de-noel\/","name":"Plombi\u00e8res : J-3 avant l'ouverture de l'\u00e9dition 2022 du march\u00e9 de No\u00ebl - Remiremont Info","isPartOf":{"@id":"https:\/\/vosgesinfo.fr\/remiremontinfo\/#website"},"primaryImageOfPage":{"@id":"https:\/\/vosgesinfo.fr\/remiremontinfo\/2022\/11\/plombieres-j-3-louverture-de-ledition-2022-marche-de-noel\/#primaryimage"},"image":{"@id":"https:\/\/vosgesinfo.fr\/remiremontinfo\/2022\/11\/plombieres-j-3-louverture-de-ledition-2022-marche-de-noel\/#primaryimage"},"thumbnailUrl":"https:\/\/vosgesinfo.fr\/app\/uploads\/sites\/5\/2024\/09\/202211capture-decran-2022-11-23-100333.png","datePublished":"2022-11-23T08:04:18+00:00","dateModified":"2022-11-23T08:04:18+00:00","breadcrumb":{"@id":"https:\/\/vosgesinfo.fr\/remiremontinfo\/2022\/11\/plombieres-j-3-louverture-de-ledition-2022-marche-de-noel\/#breadcrumb"},"inLanguage":"fr-FR","potentialAction":[{"@type":"ReadAction","target":["https:\/\/vosgesinfo.fr\/remiremontinfo\/2022\/11\/plombieres-j-3-louverture-de-ledition-2022-marche-de-noel\/"]}]},{"@type":"ImageObject","inLanguage":"fr-FR","@id":"https:\/\/vosgesinfo.fr\/remiremontinfo\/2022\/11\/plombieres-j-3-louverture-de-ledition-2022-marche-de-noel\/#primaryimage","url":"https:\/\/vosgesinfo.fr\/app\/uploads\/sites\/5\/2024\/09\/202211capture-decran-2022-11-23-100333.png","contentUrl":"https:\/\/vosgesinfo.fr\/app\/uploads\/sites\/5\/2024\/09\/202211capture-decran-2022-11-23-100333.png","width":1026,"height":675},{"@type":"BreadcrumbList","@id":"https:\/\/vosgesinfo.fr\/remiremontinfo\/2022\/11\/plombieres-j-3-louverture-de-ledition-2022-marche-de-noel\/#breadcrumb","itemListElement":[{"@type":"ListItem","position":1,"name":"Home","item":"https:\/\/vosgesinfo.fr\/remiremontinfo\/"},{"@type":"ListItem","position":2,"name":"Plombi\u00e8res : J-3 avant l&rsquo;ouverture de l&rsquo;\u00e9dition 2022 du march\u00e9 de No\u00ebl"}]},{"@type":"WebSite","@id":"https:\/\/vosgesinfo.fr\/remiremontinfo\/#website","url":"https:\/\/vosgesinfo.fr\/remiremontinfo\/","name":"Remiremont Info","description":"Toute l&#039;actualit\u00e9 de Remiremont","publisher":{"@id":"https:\/\/vosgesinfo.fr\/remiremontinfo\/#organization"},"alternateName":"Toute l'actualit\u00e9 de Remiremont","potentialAction":[{"@type":"SearchAction","target":{"@type":"EntryPoint","urlTemplate":"https:\/\/vosgesinfo.fr\/remiremontinfo\/?s={search_term_string}"},"query-input":"required name=search_term_string"}],"inLanguage":"fr-FR"},{"@type":"Organization","@id":"https:\/\/vosgesinfo.fr\/remiremontinfo\/#organization","name":"Remiremont Info","url":"https:\/\/vosgesinfo.fr\/remiremontinfo\/","logo":{"@type":"ImageObject","inLanguage":"fr-FR","@id":"https:\/\/vosgesinfo.fr\/remiremontinfo\/#\/schema\/logo\/image\/","url":"https:\/\/vosgesinfo.fr\/app\/uploads\/sites\/5\/2023\/08\/favicon-remiremontinfo.png","contentUrl":"https:\/\/vosgesinfo.fr\/app\/uploads\/sites\/5\/2023\/08\/favicon-remiremontinfo.png","width":512,"height":512,"caption":"Remiremont Info"},"image":{"@id":"https:\/\/vosgesinfo.fr\/remiremontinfo\/#\/schema\/logo\/image\/"},"sameAs":["https:\/\/www.facebook.com\/remiremontinfo","https:\/\/x.com\/VosgesInfo88","https:\/\/www.youtube.com\/@vosgesinfo"]},{"@type":"Person","@id":"https:\/\/vosgesinfo.fr\/remiremontinfo\/#\/schema\/person\/3bfd164d5218a185b1db68655a265316","name":"C D","image":{"@type":"ImageObject","inLanguage":"fr-FR","@id":"https:\/\/vosgesinfo.fr\/remiremontinfo\/#\/schema\/person\/image\/","url":"https:\/\/secure.gravatar.com\/avatar\/1f9a70007336511a47468b8f1c66f922b8b7cf617b02a31149ada43893a5d48f?s=96&d=mm&r=g","contentUrl":"https:\/\/secure.gravatar.com\/avatar\/1f9a70007336511a47468b8f1c66f922b8b7cf617b02a31149ada43893a5d48f?s=96&d=mm&r=g","caption":"C D"},"url":"https:\/\/vosgesinfo.fr\/remiremontinfo\/author\/cedric-drevet\/"}]}},"_links":{"self":[{"href":"https:\/\/vosgesinfo.fr\/remiremontinfo\/wp-json\/wp\/v2\/posts\/64735","targetHints":{"allow":["GET"]}}],"collection":[{"href":"https:\/\/vosgesinfo.fr\/remiremontinfo\/wp-json\/wp\/v2\/posts"}],"about":[{"href":"https:\/\/vosgesinfo.fr\/remiremontinfo\/wp-json\/wp\/v2\/types\/post"}],"author":[{"embeddable":true,"href":"https:\/\/vosgesinfo.fr\/remiremontinfo\/wp-json\/wp\/v2\/users\/407"}],"replies":[{"embeddable":true,"href":"https:\/\/vosgesinfo.fr\/remiremontinfo\/wp-json\/wp\/v2\/comments?post=64735"}],"version-history":[{"count":0,"href":"https:\/\/vosgesinfo.fr\/remiremontinfo\/wp-json\/wp\/v2\/posts\/64735\/revisions"}],"wp:featuredmedia":[{"embeddable":true,"href":"https:\/\/vosgesinfo.fr\/remiremontinfo\/wp-json\/wp\/v2\/media\/64736"}],"wp:attachment":[{"href":"https:\/\/vosgesinfo.fr\/remiremontinfo\/wp-json\/wp\/v2\/media?parent=64735"}],"wp:term":[{"taxonomy":"category","embeddable":true,"href":"https:\/\/vosgesinfo.fr\/remiremontinfo\/wp-json\/wp\/v2\/categories?post=64735"},{"taxonomy":"post_tag","embeddable":true,"href":"https:\/\/vosgesinfo.fr\/remiremontinfo\/wp-json\/wp\/v2\/tags?post=64735"}],"curies":[{"name":"wp","href":"https:\/\/api.w.org\/{rel}","templated":true}]}}