{"id":64766,"date":"2022-11-23T16:56:31","date_gmt":"2022-11-23T15:56:31","guid":{"rendered":"https:\/\/vosgesinfo.fr\/remiremontinfo\/2022\/11\/lauberge-de-grouvelin-restera-fermee-cet-hiver\/"},"modified":"2022-11-23T16:56:31","modified_gmt":"2022-11-23T15:56:31","slug":"lauberge-de-grouvelin-restera-fermee-cet-hiver","status":"publish","type":"post","link":"https:\/\/vosgesinfo.fr\/remiremontinfo\/2022\/11\/lauberge-de-grouvelin-restera-fermee-cet-hiver\/","title":{"rendered":"L\u2019auberge de Grouvelin restera ferm\u00e9e cet hiver"},"content":{"rendered":"<h3>Ce lieu embl\u00e9matique de la station de G\u00e9rardmer qu\u2019est l\u2019auberge de Grouvelin restera donc ferm\u00e9e cet hiver malgr\u00e9 la r\u00e9cente reprise par un nouveau concessionnaire, la pr\u00e9c\u00e9dente convention d\u2019une dur\u00e9e de 7 ans \u00e9tant arriv\u00e9e \u00e0 son terme.<\/h3>\n<p>Comme le pr\u00e9cise un courrier officiel de la Ville de G\u00e9rardmer<\/p>\n","protected":false},"excerpt":{"rendered":"<p>Ce lieu embl\u00e9matique de la station de G\u00e9rardmer qu\u2019est l\u2019auberge de Grouvelin restera donc ferm\u00e9e cet hiver malgr\u00e9 la r\u00e9cente [&hellip;]<\/p>\n","protected":false},"author":407,"featured_media":64767,"comment_status":"open","ping_status":"open","sticky":false,"template":"","format":"standard","meta":{"footnotes":""},"categories":[26,15,18],"tags":[5088,455,32],"class_list":["post-64766","post","type-post","status-publish","format-standard","has-post-thumbnail","hentry","category-a-la-une","category-tourisme","category-vosges","tag-auberge-de-grouvelin","tag-fermeture","tag-vosges"],"acf":[],"yoast_head":"<!-- This site is optimized with the Yoast SEO plugin v22.5 - https:\/\/yoast.com\/wordpress\/plugins\/seo\/ -->\n<title>L\u2019auberge de Grouvelin restera ferm\u00e9e cet hiver - Remiremont Info<\/title>\n<meta name=\"robots\" content=\"index, follow, max-snippet:-1, max-image-preview:large, max-video-preview:-1\" \/>\n<link rel=\"canonical\" href=\"https:\/\/vosgesinfo.fr\/remiremontinfo\/2022\/11\/lauberge-de-grouvelin-restera-fermee-cet-hiver\/\" \/>\n<meta name=\"twitter:card\" content=\"summary_large_image\" \/>\n<meta name=\"twitter:title\" content=\"L\u2019auberge de Grouvelin restera ferm\u00e9e cet hiver - Remiremont Info\" \/>\n<meta name=\"twitter:description\" content=\"Ce lieu embl\u00e9matique de la station de G\u00e9rardmer qu\u2019est l\u2019auberge de Grouvelin restera donc ferm\u00e9e cet hiver malgr\u00e9 la r\u00e9cente [&hellip;]\" \/>\n<meta name=\"twitter:image\" content=\"https:\/\/vosgesinfo.fr\/app\/uploads\/sites\/5\/2024\/09\/202211grouvelin-auberge-station-ski-gerardmer-1024x768-1.jpg\" \/>\n<meta name=\"twitter:creator\" content=\"@VosgesInfo88\" \/>\n<meta name=\"twitter:site\" content=\"@VosgesInfo88\" \/>\n<meta name=\"twitter:label1\" content=\"\u00c9crit par\" \/>\n\t<meta name=\"twitter:data1\" content=\"C D\" \/>\n<script type=\"application\/ld+json\" class=\"yoast-schema-graph\">{\"@context\":\"https:\/\/schema.org\",\"@graph\":[{\"@type\":\"Article\",\"@id\":\"https:\/\/vosgesinfo.fr\/remiremontinfo\/2022\/11\/lauberge-de-grouvelin-restera-fermee-cet-hiver\/#article\",\"isPartOf\":{\"@id\":\"https:\/\/vosgesinfo.fr\/remiremontinfo\/2022\/11\/lauberge-de-grouvelin-restera-fermee-cet-hiver\/\"},\"author\":{\"name\":\"C D\",\"@id\":\"https:\/\/vosgesinfo.fr\/remiremontinfo\/#\/schema\/person\/3bfd164d5218a185b1db68655a265316\"},\"headline\":\"L\u2019auberge de Grouvelin restera ferm\u00e9e cet hiver\",\"datePublished\":\"2022-11-23T15:56:31+00:00\",\"dateModified\":\"2022-11-23T15:56:31+00:00\",\"mainEntityOfPage\":{\"@id\":\"https:\/\/vosgesinfo.fr\/remiremontinfo\/2022\/11\/lauberge-de-grouvelin-restera-fermee-cet-hiver\/\"},\"wordCount\":69,\"commentCount\":0,\"publisher\":{\"@id\":\"https:\/\/vosgesinfo.fr\/remiremontinfo\/#organization\"},\"image\":{\"@id\":\"https:\/\/vosgesinfo.fr\/remiremontinfo\/2022\/11\/lauberge-de-grouvelin-restera-fermee-cet-hiver\/#primaryimage\"},\"thumbnailUrl\":\"https:\/\/vosgesinfo.fr\/app\/uploads\/sites\/5\/2024\/09\/202211grouvelin-auberge-station-ski-gerardmer-1024x768-1.jpg\",\"keywords\":[\"auberge de grouvelin\",\"fermeture\",\"Vosges\"],\"articleSection\":[\"A la Une\",\"Tourisme\",\"Vosges\"],\"inLanguage\":\"fr-FR\",\"potentialAction\":[{\"@type\":\"CommentAction\",\"name\":\"Comment\",\"target\":[\"https:\/\/vosgesinfo.fr\/remiremontinfo\/2022\/11\/lauberge-de-grouvelin-restera-fermee-cet-hiver\/#respond\"]}]},{\"@type\":\"WebPage\",\"@id\":\"https:\/\/vosgesinfo.fr\/remiremontinfo\/2022\/11\/lauberge-de-grouvelin-restera-fermee-cet-hiver\/\",\"url\":\"https:\/\/vosgesinfo.fr\/remiremontinfo\/2022\/11\/lauberge-de-grouvelin-restera-fermee-cet-hiver\/\",\"name\":\"L\u2019auberge de Grouvelin restera ferm\u00e9e cet hiver - Remiremont Info\",\"isPartOf\":{\"@id\":\"https:\/\/vosgesinfo.fr\/remiremontinfo\/#website\"},\"primaryImageOfPage\":{\"@id\":\"https:\/\/vosgesinfo.fr\/remiremontinfo\/2022\/11\/lauberge-de-grouvelin-restera-fermee-cet-hiver\/#primaryimage\"},\"image\":{\"@id\":\"https:\/\/vosgesinfo.fr\/remiremontinfo\/2022\/11\/lauberge-de-grouvelin-restera-fermee-cet-hiver\/#primaryimage\"},\"thumbnailUrl\":\"https:\/\/vosgesinfo.fr\/app\/uploads\/sites\/5\/2024\/09\/202211grouvelin-auberge-station-ski-gerardmer-1024x768-1.jpg\",\"datePublished\":\"2022-11-23T15:56:31+00:00\",\"dateModified\":\"2022-11-23T15:56:31+00:00\",\"breadcrumb\":{\"@id\":\"https:\/\/vosgesinfo.fr\/remiremontinfo\/2022\/11\/lauberge-de-grouvelin-restera-fermee-cet-hiver\/#breadcrumb\"},\"inLanguage\":\"fr-FR\",\"potentialAction\":[{\"@type\":\"ReadAction\",\"target\":[\"https:\/\/vosgesinfo.fr\/remiremontinfo\/2022\/11\/lauberge-de-grouvelin-restera-fermee-cet-hiver\/\"]}]},{\"@type\":\"ImageObject\",\"inLanguage\":\"fr-FR\",\"@id\":\"https:\/\/vosgesinfo.fr\/remiremontinfo\/2022\/11\/lauberge-de-grouvelin-restera-fermee-cet-hiver\/#primaryimage\",\"url\":\"https:\/\/vosgesinfo.fr\/app\/uploads\/sites\/5\/2024\/09\/202211grouvelin-auberge-station-ski-gerardmer-1024x768-1.jpg\",\"contentUrl\":\"https:\/\/vosgesinfo.fr\/app\/uploads\/sites\/5\/2024\/09\/202211grouvelin-auberge-station-ski-gerardmer-1024x768-1.jpg\",\"width\":1024,\"height\":768,\"caption\":\"Photographie d'illustration.\"},{\"@type\":\"BreadcrumbList\",\"@id\":\"https:\/\/vosgesinfo.fr\/remiremontinfo\/2022\/11\/lauberge-de-grouvelin-restera-fermee-cet-hiver\/#breadcrumb\",\"itemListElement\":[{\"@type\":\"ListItem\",\"position\":1,\"name\":\"Home\",\"item\":\"https:\/\/vosgesinfo.fr\/remiremontinfo\/\"},{\"@type\":\"ListItem\",\"position\":2,\"name\":\"L\u2019auberge de Grouvelin restera ferm\u00e9e cet hiver\"}]},{\"@type\":\"WebSite\",\"@id\":\"https:\/\/vosgesinfo.fr\/remiremontinfo\/#website\",\"url\":\"https:\/\/vosgesinfo.fr\/remiremontinfo\/\",\"name\":\"Remiremont Info\",\"description\":\"Toute l&#039;actualit\u00e9 de Remiremont\",\"publisher\":{\"@id\":\"https:\/\/vosgesinfo.fr\/remiremontinfo\/#organization\"},\"alternateName\":\"Toute l'actualit\u00e9 de Remiremont\",\"potentialAction\":[{\"@type\":\"SearchAction\",\"target\":{\"@type\":\"EntryPoint\",\"urlTemplate\":\"https:\/\/vosgesinfo.fr\/remiremontinfo\/?s={search_term_string}\"},\"query-input\":\"required name=search_term_string\"}],\"inLanguage\":\"fr-FR\"},{\"@type\":\"Organization\",\"@id\":\"https:\/\/vosgesinfo.fr\/remiremontinfo\/#organization\",\"name\":\"Remiremont Info\",\"url\":\"https:\/\/vosgesinfo.fr\/remiremontinfo\/\",\"logo\":{\"@type\":\"ImageObject\",\"inLanguage\":\"fr-FR\",\"@id\":\"https:\/\/vosgesinfo.fr\/remiremontinfo\/#\/schema\/logo\/image\/\",\"url\":\"https:\/\/vosgesinfo.fr\/app\/uploads\/sites\/5\/2023\/08\/favicon-remiremontinfo.png\",\"contentUrl\":\"https:\/\/vosgesinfo.fr\/app\/uploads\/sites\/5\/2023\/08\/favicon-remiremontinfo.png\",\"width\":512,\"height\":512,\"caption\":\"Remiremont Info\"},\"image\":{\"@id\":\"https:\/\/vosgesinfo.fr\/remiremontinfo\/#\/schema\/logo\/image\/\"},\"sameAs\":[\"https:\/\/www.facebook.com\/remiremontinfo\",\"https:\/\/x.com\/VosgesInfo88\",\"https:\/\/www.youtube.com\/@vosgesinfo\"]},{\"@type\":\"Person\",\"@id\":\"https:\/\/vosgesinfo.fr\/remiremontinfo\/#\/schema\/person\/3bfd164d5218a185b1db68655a265316\",\"name\":\"C D\",\"image\":{\"@type\":\"ImageObject\",\"inLanguage\":\"fr-FR\",\"@id\":\"https:\/\/vosgesinfo.fr\/remiremontinfo\/#\/schema\/person\/image\/\",\"url\":\"https:\/\/secure.gravatar.com\/avatar\/1f9a70007336511a47468b8f1c66f922b8b7cf617b02a31149ada43893a5d48f?s=96&d=mm&r=g\",\"contentUrl\":\"https:\/\/secure.gravatar.com\/avatar\/1f9a70007336511a47468b8f1c66f922b8b7cf617b02a31149ada43893a5d48f?s=96&d=mm&r=g\",\"caption\":\"C D\"},\"url\":\"https:\/\/vosgesinfo.fr\/remiremontinfo\/author\/cedric-drevet\/\"}]}<\/script>\n<!-- \/ Yoast SEO plugin. -->","yoast_head_json":{"title":"L\u2019auberge de Grouvelin restera ferm\u00e9e cet hiver - Remiremont Info","robots":{"index":"index","follow":"follow","max-snippet":"max-snippet:-1","max-image-preview":"max-image-preview:large","max-video-preview":"max-video-preview:-1"},"canonical":"https:\/\/vosgesinfo.fr\/remiremontinfo\/2022\/11\/lauberge-de-grouvelin-restera-fermee-cet-hiver\/","twitter_card":"summary_large_image","twitter_title":"L\u2019auberge de Grouvelin restera ferm\u00e9e cet hiver - Remiremont Info","twitter_description":"Ce lieu embl\u00e9matique de la station de G\u00e9rardmer qu\u2019est l\u2019auberge de Grouvelin restera donc ferm\u00e9e cet hiver malgr\u00e9 la r\u00e9cente [&hellip;]","twitter_image":"https:\/\/vosgesinfo.fr\/app\/uploads\/sites\/5\/2024\/09\/202211grouvelin-auberge-station-ski-gerardmer-1024x768-1.jpg","twitter_creator":"@VosgesInfo88","twitter_site":"@VosgesInfo88","twitter_misc":{"\u00c9crit par":"C D"},"schema":{"@context":"https:\/\/schema.org","@graph":[{"@type":"Article","@id":"https:\/\/vosgesinfo.fr\/remiremontinfo\/2022\/11\/lauberge-de-grouvelin-restera-fermee-cet-hiver\/#article","isPartOf":{"@id":"https:\/\/vosgesinfo.fr\/remiremontinfo\/2022\/11\/lauberge-de-grouvelin-restera-fermee-cet-hiver\/"},"author":{"name":"C D","@id":"https:\/\/vosgesinfo.fr\/remiremontinfo\/#\/schema\/person\/3bfd164d5218a185b1db68655a265316"},"headline":"L\u2019auberge de Grouvelin restera ferm\u00e9e cet hiver","datePublished":"2022-11-23T15:56:31+00:00","dateModified":"2022-11-23T15:56:31+00:00","mainEntityOfPage":{"@id":"https:\/\/vosgesinfo.fr\/remiremontinfo\/2022\/11\/lauberge-de-grouvelin-restera-fermee-cet-hiver\/"},"wordCount":69,"commentCount":0,"publisher":{"@id":"https:\/\/vosgesinfo.fr\/remiremontinfo\/#organization"},"image":{"@id":"https:\/\/vosgesinfo.fr\/remiremontinfo\/2022\/11\/lauberge-de-grouvelin-restera-fermee-cet-hiver\/#primaryimage"},"thumbnailUrl":"https:\/\/vosgesinfo.fr\/app\/uploads\/sites\/5\/2024\/09\/202211grouvelin-auberge-station-ski-gerardmer-1024x768-1.jpg","keywords":["auberge de grouvelin","fermeture","Vosges"],"articleSection":["A la Une","Tourisme","Vosges"],"inLanguage":"fr-FR","potentialAction":[{"@type":"CommentAction","name":"Comment","target":["https:\/\/vosgesinfo.fr\/remiremontinfo\/2022\/11\/lauberge-de-grouvelin-restera-fermee-cet-hiver\/#respond"]}]},{"@type":"WebPage","@id":"https:\/\/vosgesinfo.fr\/remiremontinfo\/2022\/11\/lauberge-de-grouvelin-restera-fermee-cet-hiver\/","url":"https:\/\/vosgesinfo.fr\/remiremontinfo\/2022\/11\/lauberge-de-grouvelin-restera-fermee-cet-hiver\/","name":"L\u2019auberge de Grouvelin restera ferm\u00e9e cet hiver - Remiremont Info","isPartOf":{"@id":"https:\/\/vosgesinfo.fr\/remiremontinfo\/#website"},"primaryImageOfPage":{"@id":"https:\/\/vosgesinfo.fr\/remiremontinfo\/2022\/11\/lauberge-de-grouvelin-restera-fermee-cet-hiver\/#primaryimage"},"image":{"@id":"https:\/\/vosgesinfo.fr\/remiremontinfo\/2022\/11\/lauberge-de-grouvelin-restera-fermee-cet-hiver\/#primaryimage"},"thumbnailUrl":"https:\/\/vosgesinfo.fr\/app\/uploads\/sites\/5\/2024\/09\/202211grouvelin-auberge-station-ski-gerardmer-1024x768-1.jpg","datePublished":"2022-11-23T15:56:31+00:00","dateModified":"2022-11-23T15:56:31+00:00","breadcrumb":{"@id":"https:\/\/vosgesinfo.fr\/remiremontinfo\/2022\/11\/lauberge-de-grouvelin-restera-fermee-cet-hiver\/#breadcrumb"},"inLanguage":"fr-FR","potentialAction":[{"@type":"ReadAction","target":["https:\/\/vosgesinfo.fr\/remiremontinfo\/2022\/11\/lauberge-de-grouvelin-restera-fermee-cet-hiver\/"]}]},{"@type":"ImageObject","inLanguage":"fr-FR","@id":"https:\/\/vosgesinfo.fr\/remiremontinfo\/2022\/11\/lauberge-de-grouvelin-restera-fermee-cet-hiver\/#primaryimage","url":"https:\/\/vosgesinfo.fr\/app\/uploads\/sites\/5\/2024\/09\/202211grouvelin-auberge-station-ski-gerardmer-1024x768-1.jpg","contentUrl":"https:\/\/vosgesinfo.fr\/app\/uploads\/sites\/5\/2024\/09\/202211grouvelin-auberge-station-ski-gerardmer-1024x768-1.jpg","width":1024,"height":768,"caption":"Photographie d'illustration."},{"@type":"BreadcrumbList","@id":"https:\/\/vosgesinfo.fr\/remiremontinfo\/2022\/11\/lauberge-de-grouvelin-restera-fermee-cet-hiver\/#breadcrumb","itemListElement":[{"@type":"ListItem","position":1,"name":"Home","item":"https:\/\/vosgesinfo.fr\/remiremontinfo\/"},{"@type":"ListItem","position":2,"name":"L\u2019auberge de Grouvelin restera ferm\u00e9e cet hiver"}]},{"@type":"WebSite","@id":"https:\/\/vosgesinfo.fr\/remiremontinfo\/#website","url":"https:\/\/vosgesinfo.fr\/remiremontinfo\/","name":"Remiremont Info","description":"Toute l&#039;actualit\u00e9 de Remiremont","publisher":{"@id":"https:\/\/vosgesinfo.fr\/remiremontinfo\/#organization"},"alternateName":"Toute l'actualit\u00e9 de Remiremont","potentialAction":[{"@type":"SearchAction","target":{"@type":"EntryPoint","urlTemplate":"https:\/\/vosgesinfo.fr\/remiremontinfo\/?s={search_term_string}"},"query-input":"required name=search_term_string"}],"inLanguage":"fr-FR"},{"@type":"Organization","@id":"https:\/\/vosgesinfo.fr\/remiremontinfo\/#organization","name":"Remiremont Info","url":"https:\/\/vosgesinfo.fr\/remiremontinfo\/","logo":{"@type":"ImageObject","inLanguage":"fr-FR","@id":"https:\/\/vosgesinfo.fr\/remiremontinfo\/#\/schema\/logo\/image\/","url":"https:\/\/vosgesinfo.fr\/app\/uploads\/sites\/5\/2023\/08\/favicon-remiremontinfo.png","contentUrl":"https:\/\/vosgesinfo.fr\/app\/uploads\/sites\/5\/2023\/08\/favicon-remiremontinfo.png","width":512,"height":512,"caption":"Remiremont Info"},"image":{"@id":"https:\/\/vosgesinfo.fr\/remiremontinfo\/#\/schema\/logo\/image\/"},"sameAs":["https:\/\/www.facebook.com\/remiremontinfo","https:\/\/x.com\/VosgesInfo88","https:\/\/www.youtube.com\/@vosgesinfo"]},{"@type":"Person","@id":"https:\/\/vosgesinfo.fr\/remiremontinfo\/#\/schema\/person\/3bfd164d5218a185b1db68655a265316","name":"C D","image":{"@type":"ImageObject","inLanguage":"fr-FR","@id":"https:\/\/vosgesinfo.fr\/remiremontinfo\/#\/schema\/person\/image\/","url":"https:\/\/secure.gravatar.com\/avatar\/1f9a70007336511a47468b8f1c66f922b8b7cf617b02a31149ada43893a5d48f?s=96&d=mm&r=g","contentUrl":"https:\/\/secure.gravatar.com\/avatar\/1f9a70007336511a47468b8f1c66f922b8b7cf617b02a31149ada43893a5d48f?s=96&d=mm&r=g","caption":"C D"},"url":"https:\/\/vosgesinfo.fr\/remiremontinfo\/author\/cedric-drevet\/"}]}},"_links":{"self":[{"href":"https:\/\/vosgesinfo.fr\/remiremontinfo\/wp-json\/wp\/v2\/posts\/64766","targetHints":{"allow":["GET"]}}],"collection":[{"href":"https:\/\/vosgesinfo.fr\/remiremontinfo\/wp-json\/wp\/v2\/posts"}],"about":[{"href":"https:\/\/vosgesinfo.fr\/remiremontinfo\/wp-json\/wp\/v2\/types\/post"}],"author":[{"embeddable":true,"href":"https:\/\/vosgesinfo.fr\/remiremontinfo\/wp-json\/wp\/v2\/users\/407"}],"replies":[{"embeddable":true,"href":"https:\/\/vosgesinfo.fr\/remiremontinfo\/wp-json\/wp\/v2\/comments?post=64766"}],"version-history":[{"count":0,"href":"https:\/\/vosgesinfo.fr\/remiremontinfo\/wp-json\/wp\/v2\/posts\/64766\/revisions"}],"wp:featuredmedia":[{"embeddable":true,"href":"https:\/\/vosgesinfo.fr\/remiremontinfo\/wp-json\/wp\/v2\/media\/64767"}],"wp:attachment":[{"href":"https:\/\/vosgesinfo.fr\/remiremontinfo\/wp-json\/wp\/v2\/media?parent=64766"}],"wp:term":[{"taxonomy":"category","embeddable":true,"href":"https:\/\/vosgesinfo.fr\/remiremontinfo\/wp-json\/wp\/v2\/categories?post=64766"},{"taxonomy":"post_tag","embeddable":true,"href":"https:\/\/vosgesinfo.fr\/remiremontinfo\/wp-json\/wp\/v2\/tags?post=64766"}],"curies":[{"name":"wp","href":"https:\/\/api.w.org\/{rel}","templated":true}]}}